{"id":158,"date":"2009-05-06T04:04:36","date_gmt":"2009-05-06T04:04:36","guid":{"rendered":"http:\/\/blogs.thesocialmedia.com\/leblogmoto\/2009\/05\/06\/fatales-beautes-europe-top-3\/"},"modified":"2012-07-11T17:24:15","modified_gmt":"2012-07-11T17:24:15","slug":"fatales-beautes-europe-top-3","status":"publish","type":"post","link":"https:\/\/blogs.thesocialmedia.com\/leblogmoto\/2009\/05\/06\/fatales-beautes-europe-top-3\/","title":{"rendered":"Fatales beaut\u00e9s, Europe &#8211; Top 3"},"content":{"rendered":"<p><a href=\"http:\/\/blogs.thesocialmedia.com\/leblogmoto\/files\/2012\/07\/6a00d83451b18369e201157070eb76970b-popup.png\"><img decoding=\"async\" alt=\"Euro\" class=\"at-xid-6a00d83451b18369e201157070eb76970b \" src=\"http:\/\/blogs.thesocialmedia.com\/leblogmoto\/files\/2012\/07\/6a00d83451b18369e201157070eb76970b-500wi.jpg\" style=\"width: 470px\" \/><\/a> <\/p>\n<p>Historiquement parlant, lorsqu\u2019il est question de beaut\u00e9, l\u2019Italie rafle la couronne. La renaissance italienne y est pour beaucoup, et des villes uniques comme Venise et Florence ne font que renforcer cette impression.<br \/>Mais il y a une vraie beaut\u00e9, une beaut\u00e9 italienne qui fait l\u2019unanimit\u00e9, et ce n\u2019est pas qu\u2019une impression, c\u2019est la Ducati D16RR, ou plus po\u00e9tiquement dit, la Desmosedici RR.<\/p>\n<p><a href=\"http:\/\/blogs.thesocialmedia.com\/leblogmoto\/files\/2012\/07\/6a00d83451b18369e201157070ec98970b-popup.png\"><img decoding=\"async\" alt=\"Euro-1\" class=\"at-xid-6a00d83451b18369e201157070ec98970b \" src=\"http:\/\/blogs.thesocialmedia.com\/leblogmoto\/files\/2012\/07\/6a00d83451b18369e201157070ec98970b-500wi.jpg\" style=\"width: 470px\" \/><\/a> <\/p>\n<p>On l\u2019a dit et redit, ce n\u2019est pas une moto, mais une \u0153uvre d\u2019art, le chef d\u2019\u0153uvre bougrement achev\u00e9 de Ducati. C\u2019est la moto la plus nue qui soit, nue comme une V\u00e9nus de <a href=\"http:\/\/fr.wikipedia.org\/wiki\/Philippi_Botticcelli\">Botticelli<\/a>, dans la mesure o\u00f9 ce que l\u2019on nomme des \u00abnaked\u00bb, est en fait des \u00e9corch\u00e9s, exhibant muscles et squelettes. La <a href=\"http:\/\/www.ducati.com\/en\/bikes\/my2009\/ProductPage.jhtml?family=DesmosediciRR&amp;model=D16RR-08\">Desmosedici<\/a> a une peau qui invite \u00e0 la caresse, o\u00f9 l\u2019imperfection n\u2019est pas de son vocabulaire. Parfaite, elle ne parle pas, elle chante avec sa voix de Termignoni, envo\u00fbtante comme un parterre de sir\u00e8nes auquel m\u00eame le plus but\u00e9 des Ulysse ne saurait r\u00e9sister.<br \/>Il y a de la redondance \u00e0 la nommer plus belle moto du 21e si\u00e8cle, puisque depuis lors, tous l\u2019ont dit, mais il n\u2019est jamais trop tard pour dire je t\u2019aime.<\/p>\n<p><a href=\"http:\/\/clabedan.typepad.com\/.a\/6a00d83451b18369e201157070ed09970b-popup\"><img decoding=\"async\" alt=\"Euro-2\" class=\"at-xid-6a00d83451b18369e201157070ed09970b \" src=\"http:\/\/blogs.thesocialmedia.com\/leblogmoto\/files\/2012\/07\/6a00d83451b18369e201157070ed09970b-500wi.jpg\" style=\"width: 470px\" \/><\/a> <\/p>\n<p>Pas b\u00eate cette id\u00e9e du Caf\u00e9 Racer \u00e0 \u00e9chappement haut, fa\u00e7on Scrambler. C\u2019est ce qui s\u2019appelle le m\u00e9lange des genres, mais le m\u00e9tissage est excellent pour les g\u00e8nes, et ceux de cette <a href=\"http:\/\/www.voxan.com\/voxan\/gamme_charade.asp\">Voxan Charade<\/a> sont visiblement en sant\u00e9. Le style Caf\u00e9 Racer est le nouveau Chopper, la saveur du jour, l\u2019Europe prenant le pas sur l\u2019Am\u00e9rique, et ce Charade y m\u00e8ne la danse.<br \/>Voxan, ayant \u00e0 peine dix ans, peut bien s\u2019abreuver \u00e0 sa guise dans le r\u00e9servoir stylistique d\u2019hier et d\u2019avant-hier, il est libre d\u2019interpr\u00e9ter et de r\u00e9interpr\u00e9ter le langage choisi, de se l\u2019approprier, d\u2019en faire du Voxan. Libert\u00e9 que Ducati, avec son Sport 1000S par exemple, ne peut pas vraiment se permettre, donnant du coup une moto un peu brouillonne.<br \/>Voxan n\u2019a donc pas ce probl\u00e8me, il fait ce que doit, et le fait bien. Les mat\u00e9riaux, la finition et les diverses composantes sont de qualit\u00e9s, mais elles sont aussi au service d\u2019un tout homog\u00e8nes et fluide. Pas de faute de go\u00fbt, les lignes coulent de source bien que classiques, mais il est souvent plus difficile de r\u00e9ussir une ligne sobre que de la rater.<\/p>\n<p><a href=\"http:\/\/clabedan.typepad.com\/.a\/6a00d83451b18369e201156f7ae63c970c-popup\"><img decoding=\"async\" alt=\"Euro-3\" class=\"at-xid-6a00d83451b18369e201156f7ae63c970c \" src=\"http:\/\/blogs.thesocialmedia.com\/leblogmoto\/files\/2012\/07\/6a00d83451b18369e201156f7ae63c970c-500wi.jpg\" style=\"width: 470px\" \/><\/a> <\/p>\n<p>Parlant de classicisme, quoi de mieux qu\u2019une Vespa pour en porter le flambeau? Des images de cin\u00e9ma viennent imm\u00e9diatement en t\u00eate, c\u2019est la Dolce Vita, la fontaine de Trevi et Anita scandant Marceeelllo. Qui n\u2019a pas r\u00eav\u00e9 d\u2019entendre son nom ainsi prononc\u00e9 par une plantureuse na\u00efade pataugeant dans la plus romantique des fontaines aux petites heures du matin? On n\u2019ira pas jusqu\u2019\u00e0 affirmer que c\u2019est uniquement li\u00e9 \u00e0 l\u2019effet Vespa, mais pour pareil spectacle, qui oserait prendre cette chance?<br \/>Alors pour assurer, la <a href=\"http:\/\/www.fr.vespa.com\/fr_FR\/vespa\/gtv\/gtv250navy\/default.aspx\">Vespa GTV Navy 250<\/a>, est ce qu\u2019il vous faut. Elle est aussi disponible en 125 cm3, mais c\u2019est Anita Ekberg que vous avez en amazone derri\u00e8re, on ne chipotera donc pas sur la puissance. Vous&#160;ne voulez tout de m\u00eame pas lui faire gravir \u00e0 pied la petite colline menant \u00e0 l\u2019h\u00f4tel? Il y a de ces dames fragiles aux aurores, et qui s\u2019endorment avant m\u00eame d\u2019avoir enlev\u00e9 leurs escarpins de verre.<br \/>Mais \u00e0 bien y penser, ce ne serait pas si mal, car vous auriez alors la ville encore endormie pour vous seul et votre GTV Navy, arpentant les ruelles d\u00e9tremp\u00e9es par l\u2019ond\u00e9e matinale, l\u2019odeur des mimosas exacerbant vos sens, o\u00f9 vos allergies printani\u00e8res, c\u2019est selon.<\/p>\n<p><object height=\"364\" width=\"445\"><param name=\"movie\" value=\"http:\/\/www.youtube.com\/v\/_99e25pmd5c&amp;hl=fr&amp;fs=1&amp;rel=0&amp;border=1&amp;ap=%2526fmt%3D18\" \/><param name=\"allowFullScreen\" value=\"true\" \/><param name=\"allowscriptaccess\" value=\"always\" \/><embed height=\"364\" src=\"http:\/\/www.youtube.com\/v\/_99e25pmd5c&amp;hl=fr&amp;fs=1&amp;rel=0&amp;border=1&amp;ap=%2526fmt%3D18\" type=\"application\/x-shockwave-flash\" width=\"445\" \/><\/object><\/p>\n","protected":false},"excerpt":{"rendered":"<p>Historiquement parlant, lorsqu\u2019il est question de beaut\u00e9, l\u2019Italie rafle la couronne. La renaissance italienne y est pour beaucoup, et des villes uniques comme Venise et Florence ne font que renforcer cette impression.Mais il y a une vraie beaut\u00e9, une beaut\u00e9 italienne qui fait l\u2019unanimit\u00e9, et ce n\u2019est pas qu\u2019une impression, c\u2019est la Ducati D16RR, ou [&hellip;]<\/p>\n","protected":false},"author":325,"featured_media":13485,"comment_status":"open","ping_status":"open","sticky":false,"template":"","format":"standard","meta":{"footnotes":""},"categories":[41,20,12],"tags":[],"class_list":["post-158","post","type-post","status-publish","format-standard","has-post-thumbnail","hentry","category-ducati","category-vespa","category-videos"],"yoast_head":"<!-- This site is optimized with the Yoast SEO plugin v26.0 - https:\/\/yoast.com\/wordpress\/plugins\/seo\/ -->\n<title>Fatales beaut\u00e9s, Europe - Top 3 - leblogmoto.com<\/title>\n<meta name=\"robots\" content=\"index, follow, max-snippet:-1, max-image-preview:large, max-video-preview:-1\" \/>\n<link rel=\"canonical\" href=\"https:\/\/blogs.thesocialmedia.com\/leblogmoto\/2009\/05\/06\/fatales-beautes-europe-top-3\/\" \/>\n<meta name=\"twitter:card\" content=\"summary_large_image\" \/>\n<meta name=\"twitter:title\" content=\"Fatales beaut\u00e9s, Europe - Top 3 - leblogmoto.com\" \/>\n<meta name=\"twitter:description\" content=\"Historiquement parlant, lorsqu\u2019il est question de beaut\u00e9, l\u2019Italie rafle la couronne. La renaissance italienne y est pour beaucoup, et des villes uniques comme Venise et Florence ne font que renforcer cette impression.Mais il y a une vraie beaut\u00e9, une beaut\u00e9 italienne qui fait l\u2019unanimit\u00e9, et ce n\u2019est pas qu\u2019une impression, c\u2019est la Ducati D16RR, ou [&hellip;]\" \/>\n<meta name=\"twitter:image\" content=\"https:\/\/blogs.thesocialmedia.com\/leblogmoto\/files\/2012\/07\/6a00d83451b18369e201157070eb76970b-500wi.jpg\" \/>\n<meta name=\"twitter:label1\" content=\"\u00c9crit par\" \/>\n\t<meta name=\"twitter:data1\" content=\"jacques lesage\" \/>\n\t<meta name=\"twitter:label2\" content=\"Dur\u00e9e de lecture estim\u00e9e\" \/>\n\t<meta name=\"twitter:data2\" content=\"3 minutes\" \/>\n<script type=\"application\/ld+json\" class=\"yoast-schema-graph\">{\"@context\":\"https:\/\/schema.org\",\"@graph\":[{\"@type\":\"WebPage\",\"@id\":\"https:\/\/blogs.thesocialmedia.com\/leblogmoto\/2009\/05\/06\/fatales-beautes-europe-top-3\/\",\"url\":\"https:\/\/blogs.thesocialmedia.com\/leblogmoto\/2009\/05\/06\/fatales-beautes-europe-top-3\/\",\"name\":\"Fatales beaut\u00e9s, Europe - Top 3 - leblogmoto.com\",\"isPartOf\":{\"@id\":\"https:\/\/blogs.thesocialmedia.com\/leblogmoto\/#website\"},\"primaryImageOfPage\":{\"@id\":\"https:\/\/blogs.thesocialmedia.com\/leblogmoto\/2009\/05\/06\/fatales-beautes-europe-top-3\/#primaryimage\"},\"image\":{\"@id\":\"https:\/\/blogs.thesocialmedia.com\/leblogmoto\/2009\/05\/06\/fatales-beautes-europe-top-3\/#primaryimage\"},\"thumbnailUrl\":\"https:\/\/blogs.thesocialmedia.com\/leblogmoto\/files\/2012\/07\/6a00d83451b18369e201157070eb76970b-500wi.jpg\",\"datePublished\":\"2009-05-06T04:04:36+00:00\",\"dateModified\":\"2012-07-11T17:24:15+00:00\",\"author\":{\"@id\":\"https:\/\/blogs.thesocialmedia.com\/leblogmoto\/#\/schema\/person\/e82a0ca8a9a63d031586097a3ed58526\"},\"breadcrumb\":{\"@id\":\"https:\/\/blogs.thesocialmedia.com\/leblogmoto\/2009\/05\/06\/fatales-beautes-europe-top-3\/#breadcrumb\"},\"inLanguage\":\"fr-FR\",\"potentialAction\":[{\"@type\":\"ReadAction\",\"target\":[\"https:\/\/blogs.thesocialmedia.com\/leblogmoto\/2009\/05\/06\/fatales-beautes-europe-top-3\/\"]}]},{\"@type\":\"ImageObject\",\"inLanguage\":\"fr-FR\",\"@id\":\"https:\/\/blogs.thesocialmedia.com\/leblogmoto\/2009\/05\/06\/fatales-beautes-europe-top-3\/#primaryimage\",\"url\":\"https:\/\/blogs.thesocialmedia.com\/leblogmoto\/files\/2012\/07\/6a00d83451b18369e201157070eb76970b-500wi.jpg\",\"contentUrl\":\"https:\/\/blogs.thesocialmedia.com\/leblogmoto\/files\/2012\/07\/6a00d83451b18369e201157070eb76970b-500wi.jpg\",\"width\":\"500\",\"height\":\"143\"},{\"@type\":\"BreadcrumbList\",\"@id\":\"https:\/\/blogs.thesocialmedia.com\/leblogmoto\/2009\/05\/06\/fatales-beautes-europe-top-3\/#breadcrumb\",\"itemListElement\":[{\"@type\":\"ListItem\",\"position\":1,\"name\":\"Accueil\",\"item\":\"https:\/\/blogs.thesocialmedia.com\/leblogmoto\/\"},{\"@type\":\"ListItem\",\"position\":2,\"name\":\"Fatales beaut\u00e9s, Europe &#8211; Top 3\"}]},{\"@type\":\"WebSite\",\"@id\":\"https:\/\/blogs.thesocialmedia.com\/leblogmoto\/#website\",\"url\":\"https:\/\/blogs.thesocialmedia.com\/leblogmoto\/\",\"name\":\"leblogmoto\",\"description\":\"Toute l&#039;actualit\u00e9 des 2 roues\",\"potentialAction\":[{\"@type\":\"SearchAction\",\"target\":{\"@type\":\"EntryPoint\",\"urlTemplate\":\"https:\/\/blogs.thesocialmedia.com\/leblogmoto\/?s={search_term_string}\"},\"query-input\":{\"@type\":\"PropertyValueSpecification\",\"valueRequired\":true,\"valueName\":\"search_term_string\"}}],\"inLanguage\":\"fr-FR\"},{\"@type\":\"Person\",\"@id\":\"https:\/\/blogs.thesocialmedia.com\/leblogmoto\/#\/schema\/person\/e82a0ca8a9a63d031586097a3ed58526\",\"name\":\"jacques lesage\",\"image\":{\"@type\":\"ImageObject\",\"inLanguage\":\"fr-FR\",\"@id\":\"https:\/\/blogs.thesocialmedia.com\/leblogmoto\/#\/schema\/person\/image\/\",\"url\":\"https:\/\/secure.gravatar.com\/avatar\/?s=96&d=mm&r=g\",\"contentUrl\":\"https:\/\/secure.gravatar.com\/avatar\/?s=96&d=mm&r=g\",\"caption\":\"jacques lesage\"},\"url\":\"https:\/\/blogs.thesocialmedia.com\/leblogmoto\/author\/jacques-lesage\/\"}]}<\/script>\n<!-- \/ Yoast SEO plugin. -->","yoast_head_json":{"title":"Fatales beaut\u00e9s, Europe - Top 3 - leblogmoto.com","robots":{"index":"index","follow":"follow","max-snippet":"max-snippet:-1","max-image-preview":"max-image-preview:large","max-video-preview":"max-video-preview:-1"},"canonical":"https:\/\/blogs.thesocialmedia.com\/leblogmoto\/2009\/05\/06\/fatales-beautes-europe-top-3\/","twitter_card":"summary_large_image","twitter_title":"Fatales beaut\u00e9s, Europe - Top 3 - leblogmoto.com","twitter_description":"Historiquement parlant, lorsqu\u2019il est question de beaut\u00e9, l\u2019Italie rafle la couronne. La renaissance italienne y est pour beaucoup, et des villes uniques comme Venise et Florence ne font que renforcer cette impression.Mais il y a une vraie beaut\u00e9, une beaut\u00e9 italienne qui fait l\u2019unanimit\u00e9, et ce n\u2019est pas qu\u2019une impression, c\u2019est la Ducati D16RR, ou [&hellip;]","twitter_image":"https:\/\/blogs.thesocialmedia.com\/leblogmoto\/files\/2012\/07\/6a00d83451b18369e201157070eb76970b-500wi.jpg","twitter_misc":{"\u00c9crit par":"jacques lesage","Dur\u00e9e de lecture estim\u00e9e":"3 minutes"},"schema":{"@context":"https:\/\/schema.org","@graph":[{"@type":"WebPage","@id":"https:\/\/blogs.thesocialmedia.com\/leblogmoto\/2009\/05\/06\/fatales-beautes-europe-top-3\/","url":"https:\/\/blogs.thesocialmedia.com\/leblogmoto\/2009\/05\/06\/fatales-beautes-europe-top-3\/","name":"Fatales beaut\u00e9s, Europe - Top 3 - leblogmoto.com","isPartOf":{"@id":"https:\/\/blogs.thesocialmedia.com\/leblogmoto\/#website"},"primaryImageOfPage":{"@id":"https:\/\/blogs.thesocialmedia.com\/leblogmoto\/2009\/05\/06\/fatales-beautes-europe-top-3\/#primaryimage"},"image":{"@id":"https:\/\/blogs.thesocialmedia.com\/leblogmoto\/2009\/05\/06\/fatales-beautes-europe-top-3\/#primaryimage"},"thumbnailUrl":"https:\/\/blogs.thesocialmedia.com\/leblogmoto\/files\/2012\/07\/6a00d83451b18369e201157070eb76970b-500wi.jpg","datePublished":"2009-05-06T04:04:36+00:00","dateModified":"2012-07-11T17:24:15+00:00","author":{"@id":"https:\/\/blogs.thesocialmedia.com\/leblogmoto\/#\/schema\/person\/e82a0ca8a9a63d031586097a3ed58526"},"breadcrumb":{"@id":"https:\/\/blogs.thesocialmedia.com\/leblogmoto\/2009\/05\/06\/fatales-beautes-europe-top-3\/#breadcrumb"},"inLanguage":"fr-FR","potentialAction":[{"@type":"ReadAction","target":["https:\/\/blogs.thesocialmedia.com\/leblogmoto\/2009\/05\/06\/fatales-beautes-europe-top-3\/"]}]},{"@type":"ImageObject","inLanguage":"fr-FR","@id":"https:\/\/blogs.thesocialmedia.com\/leblogmoto\/2009\/05\/06\/fatales-beautes-europe-top-3\/#primaryimage","url":"https:\/\/blogs.thesocialmedia.com\/leblogmoto\/files\/2012\/07\/6a00d83451b18369e201157070eb76970b-500wi.jpg","contentUrl":"https:\/\/blogs.thesocialmedia.com\/leblogmoto\/files\/2012\/07\/6a00d83451b18369e201157070eb76970b-500wi.jpg","width":"500","height":"143"},{"@type":"BreadcrumbList","@id":"https:\/\/blogs.thesocialmedia.com\/leblogmoto\/2009\/05\/06\/fatales-beautes-europe-top-3\/#breadcrumb","itemListElement":[{"@type":"ListItem","position":1,"name":"Accueil","item":"https:\/\/blogs.thesocialmedia.com\/leblogmoto\/"},{"@type":"ListItem","position":2,"name":"Fatales beaut\u00e9s, Europe &#8211; Top 3"}]},{"@type":"WebSite","@id":"https:\/\/blogs.thesocialmedia.com\/leblogmoto\/#website","url":"https:\/\/blogs.thesocialmedia.com\/leblogmoto\/","name":"leblogmoto","description":"Toute l&#039;actualit\u00e9 des 2 roues","potentialAction":[{"@type":"SearchAction","target":{"@type":"EntryPoint","urlTemplate":"https:\/\/blogs.thesocialmedia.com\/leblogmoto\/?s={search_term_string}"},"query-input":{"@type":"PropertyValueSpecification","valueRequired":true,"valueName":"search_term_string"}}],"inLanguage":"fr-FR"},{"@type":"Person","@id":"https:\/\/blogs.thesocialmedia.com\/leblogmoto\/#\/schema\/person\/e82a0ca8a9a63d031586097a3ed58526","name":"jacques lesage","image":{"@type":"ImageObject","inLanguage":"fr-FR","@id":"https:\/\/blogs.thesocialmedia.com\/leblogmoto\/#\/schema\/person\/image\/","url":"https:\/\/secure.gravatar.com\/avatar\/?s=96&d=mm&r=g","contentUrl":"https:\/\/secure.gravatar.com\/avatar\/?s=96&d=mm&r=g","caption":"jacques lesage"},"url":"https:\/\/blogs.thesocialmedia.com\/leblogmoto\/author\/jacques-lesage\/"}]}},"_links":{"self":[{"href":"https:\/\/blogs.thesocialmedia.com\/leblogmoto\/wp-json\/wp\/v2\/posts\/158","targetHints":{"allow":["GET"]}}],"collection":[{"href":"https:\/\/blogs.thesocialmedia.com\/leblogmoto\/wp-json\/wp\/v2\/posts"}],"about":[{"href":"https:\/\/blogs.thesocialmedia.com\/leblogmoto\/wp-json\/wp\/v2\/types\/post"}],"author":[{"embeddable":true,"href":"https:\/\/blogs.thesocialmedia.com\/leblogmoto\/wp-json\/wp\/v2\/users\/325"}],"replies":[{"embeddable":true,"href":"https:\/\/blogs.thesocialmedia.com\/leblogmoto\/wp-json\/wp\/v2\/comments?post=158"}],"version-history":[{"count":2,"href":"https:\/\/blogs.thesocialmedia.com\/leblogmoto\/wp-json\/wp\/v2\/posts\/158\/revisions"}],"predecessor-version":[{"id":13491,"href":"https:\/\/blogs.thesocialmedia.com\/leblogmoto\/wp-json\/wp\/v2\/posts\/158\/revisions\/13491"}],"wp:featuredmedia":[{"embeddable":true,"href":"https:\/\/blogs.thesocialmedia.com\/leblogmoto\/wp-json\/wp\/v2\/media\/13485"}],"wp:attachment":[{"href":"https:\/\/blogs.thesocialmedia.com\/leblogmoto\/wp-json\/wp\/v2\/media?parent=158"}],"wp:term":[{"taxonomy":"category","embeddable":true,"href":"https:\/\/blogs.thesocialmedia.com\/leblogmoto\/wp-json\/wp\/v2\/categories?post=158"},{"taxonomy":"post_tag","embeddable":true,"href":"https:\/\/blogs.thesocialmedia.com\/leblogmoto\/wp-json\/wp\/v2\/tags?post=158"}],"curies":[{"name":"wp","href":"https:\/\/api.w.org\/{rel}","templated":true}]}}