{"id":1580,"date":"2007-02-03T18:22:32","date_gmt":"2007-02-03T18:22:32","guid":{"rendered":"http:\/\/blogs.thesocialmedia.com\/leblogmoto\/2007\/02\/03\/spyder-la-photo\/"},"modified":"2012-07-11T14:31:09","modified_gmt":"2012-07-11T14:31:09","slug":"spyder-la-photo","status":"publish","type":"post","link":"https:\/\/blogs.thesocialmedia.com\/leblogmoto\/2007\/02\/03\/spyder-la-photo\/","title":{"rendered":"Spyder: La photo !"},"content":{"rendered":"<p><a href=\"http:\/\/blogs.thesocialmedia.com\/leblogmoto\/files\/2012\/07\/04spyder_span.jpg\"><img loading=\"lazy\" decoding=\"async\" width=\"250\" height=\"116\"  alt=\"04spyder_span\" src=\"http:\/\/www.leblogmoto.com\/images\/04spyder_span.jpg\" style=\"margin: 0px 5px 5px 0px;float: left\" \/><\/a> Dans un <a href=\"http:\/\/www.leblogmoto.com\/2007\/02\/bombardier_lanc.html#more\">post pr\u00e9c\u00e9dent<\/a> nous faisions part de la prochaine pr\u00e9sentation aux USA d&rsquo;un trail \u00e0 3 roues (2 devant, une derri\u00e8re) produit par la firme canadienne <a href=\"http:\/\/www.brp.com\/fr-CA\/\">Bombardier<\/a>. Bien que la presse nord-am\u00e9ricaine en fasse part de mani\u00e8re abondante il demeurait impossible de trouver la moindre photo,<\/p>\n<p>d&rsquo;autant plus que <a href=\"http:\/\/www.brp.com\/fr-CA\/\">Bombardier Produits R\u00e9cr\u00e9atifs (BRP)<\/a> ne souhaite pas communiquer sur son produit avant sa pr\u00e9sentation officielle pr\u00e9vue vendredi \u00e0&nbsp; San Diego (Californie) Mais voil\u00e0 qu&rsquo;un lecteur (trice) ? &quot;Chacoura&quot; nous apprend que le tr\u00e9s s\u00e9rieux <a href=\"http:\/\/www.nytimes.com\/2007\/02\/04\/automobiles\/04SPYDER.html?_r=1&amp;oref=slogin\">New York Time<\/a> publie aujourd&rsquo;hui un article sur ce nouvel engin&#8230;avec une photo ! Sacr\u00e9s veinards ces \u00e9tasuniens ! Sacr\u00e9s veinards chers lecteurs, la voil\u00e0 cette photo, en prime vous en avez deux &#8230;<br \/>Merci \u00e0 Chacoura, merci au <a href=\"http:\/\/www.nytimes.com\/2007\/02\/04\/automobiles\/04SPYDER.html?_r=1&amp;oref=slogin\">NYT<\/a><\/p>\n","protected":false},"excerpt":{"rendered":"<p>Dans un post pr\u00e9c\u00e9dent nous faisions part de la prochaine pr\u00e9sentation aux USA d&rsquo;un trail \u00e0 3 roues (2 devant, une derri\u00e8re) produit par la firme canadienne Bombardier. Bien que la presse nord-am\u00e9ricaine en fasse part de mani\u00e8re abondante il demeurait impossible de trouver la moindre photo, d&rsquo;autant plus que Bombardier Produits R\u00e9cr\u00e9atifs (BRP) ne [&hellip;]<\/p>\n","protected":false},"author":333,"featured_media":0,"comment_status":"open","ping_status":"open","sticky":false,"template":"","format":"standard","meta":{"footnotes":""},"categories":[52],"tags":[],"class_list":["post-1580","post","type-post","status-publish","format-standard","hentry","category-trike"],"yoast_head":"<!-- This site is optimized with the Yoast SEO plugin v26.0 - https:\/\/yoast.com\/wordpress\/plugins\/seo\/ -->\n<title>Spyder: La photo ! - leblogmoto.com<\/title>\n<meta name=\"robots\" content=\"index, follow, max-snippet:-1, max-image-preview:large, max-video-preview:-1\" \/>\n<link rel=\"canonical\" href=\"https:\/\/blogs.thesocialmedia.com\/leblogmoto\/2007\/02\/03\/spyder-la-photo\/\" \/>\n<meta name=\"twitter:card\" content=\"summary_large_image\" \/>\n<meta name=\"twitter:title\" content=\"Spyder: La photo ! - leblogmoto.com\" \/>\n<meta name=\"twitter:description\" content=\"Dans un post pr\u00e9c\u00e9dent nous faisions part de la prochaine pr\u00e9sentation aux USA d&rsquo;un trail \u00e0 3 roues (2 devant, une derri\u00e8re) produit par la firme canadienne Bombardier. Bien que la presse nord-am\u00e9ricaine en fasse part de mani\u00e8re abondante il demeurait impossible de trouver la moindre photo, d&rsquo;autant plus que Bombardier Produits R\u00e9cr\u00e9atifs (BRP) ne [&hellip;]\" \/>\n<meta name=\"twitter:image\" content=\"http:\/\/www.leblogmoto.com\/images\/04spyder_span.jpg\" \/>\n<meta name=\"twitter:label1\" content=\"\u00c9crit par\" \/>\n\t<meta name=\"twitter:data1\" content=\"christian tirat\" \/>\n\t<meta name=\"twitter:label2\" content=\"Dur\u00e9e de lecture estim\u00e9e\" \/>\n\t<meta name=\"twitter:data2\" content=\"1 minute\" \/>\n<script type=\"application\/ld+json\" class=\"yoast-schema-graph\">{\"@context\":\"https:\/\/schema.org\",\"@graph\":[{\"@type\":\"WebPage\",\"@id\":\"https:\/\/blogs.thesocialmedia.com\/leblogmoto\/2007\/02\/03\/spyder-la-photo\/\",\"url\":\"https:\/\/blogs.thesocialmedia.com\/leblogmoto\/2007\/02\/03\/spyder-la-photo\/\",\"name\":\"Spyder: La photo ! - leblogmoto.com\",\"isPartOf\":{\"@id\":\"https:\/\/blogs.thesocialmedia.com\/leblogmoto\/#website\"},\"primaryImageOfPage\":{\"@id\":\"https:\/\/blogs.thesocialmedia.com\/leblogmoto\/2007\/02\/03\/spyder-la-photo\/#primaryimage\"},\"image\":{\"@id\":\"https:\/\/blogs.thesocialmedia.com\/leblogmoto\/2007\/02\/03\/spyder-la-photo\/#primaryimage\"},\"thumbnailUrl\":\"http:\/\/www.leblogmoto.com\/images\/04spyder_span.jpg\",\"datePublished\":\"2007-02-03T18:22:32+00:00\",\"dateModified\":\"2012-07-11T14:31:09+00:00\",\"author\":{\"@id\":\"https:\/\/blogs.thesocialmedia.com\/leblogmoto\/#\/schema\/person\/90b2f8fd0d5a2cede2580e95fc79c6c0\"},\"breadcrumb\":{\"@id\":\"https:\/\/blogs.thesocialmedia.com\/leblogmoto\/2007\/02\/03\/spyder-la-photo\/#breadcrumb\"},\"inLanguage\":\"fr-FR\",\"potentialAction\":[{\"@type\":\"ReadAction\",\"target\":[\"https:\/\/blogs.thesocialmedia.com\/leblogmoto\/2007\/02\/03\/spyder-la-photo\/\"]}]},{\"@type\":\"ImageObject\",\"inLanguage\":\"fr-FR\",\"@id\":\"https:\/\/blogs.thesocialmedia.com\/leblogmoto\/2007\/02\/03\/spyder-la-photo\/#primaryimage\",\"url\":\"http:\/\/www.leblogmoto.com\/images\/04spyder_span.jpg\",\"contentUrl\":\"http:\/\/www.leblogmoto.com\/images\/04spyder_span.jpg\"},{\"@type\":\"BreadcrumbList\",\"@id\":\"https:\/\/blogs.thesocialmedia.com\/leblogmoto\/2007\/02\/03\/spyder-la-photo\/#breadcrumb\",\"itemListElement\":[{\"@type\":\"ListItem\",\"position\":1,\"name\":\"Accueil\",\"item\":\"https:\/\/blogs.thesocialmedia.com\/leblogmoto\/\"},{\"@type\":\"ListItem\",\"position\":2,\"name\":\"Spyder: La photo !\"}]},{\"@type\":\"WebSite\",\"@id\":\"https:\/\/blogs.thesocialmedia.com\/leblogmoto\/#website\",\"url\":\"https:\/\/blogs.thesocialmedia.com\/leblogmoto\/\",\"name\":\"leblogmoto\",\"description\":\"Toute l&#039;actualit\u00e9 des 2 roues\",\"potentialAction\":[{\"@type\":\"SearchAction\",\"target\":{\"@type\":\"EntryPoint\",\"urlTemplate\":\"https:\/\/blogs.thesocialmedia.com\/leblogmoto\/?s={search_term_string}\"},\"query-input\":{\"@type\":\"PropertyValueSpecification\",\"valueRequired\":true,\"valueName\":\"search_term_string\"}}],\"inLanguage\":\"fr-FR\"},{\"@type\":\"Person\",\"@id\":\"https:\/\/blogs.thesocialmedia.com\/leblogmoto\/#\/schema\/person\/90b2f8fd0d5a2cede2580e95fc79c6c0\",\"name\":\"christian tirat\",\"image\":{\"@type\":\"ImageObject\",\"inLanguage\":\"fr-FR\",\"@id\":\"https:\/\/blogs.thesocialmedia.com\/leblogmoto\/#\/schema\/person\/image\/\",\"url\":\"https:\/\/secure.gravatar.com\/avatar\/?s=96&d=mm&r=g\",\"contentUrl\":\"https:\/\/secure.gravatar.com\/avatar\/?s=96&d=mm&r=g\",\"caption\":\"christian tirat\"},\"url\":\"https:\/\/blogs.thesocialmedia.com\/leblogmoto\/author\/christian-tirat\/\"}]}<\/script>\n<!-- \/ Yoast SEO plugin. -->","yoast_head_json":{"title":"Spyder: La photo ! - leblogmoto.com","robots":{"index":"index","follow":"follow","max-snippet":"max-snippet:-1","max-image-preview":"max-image-preview:large","max-video-preview":"max-video-preview:-1"},"canonical":"https:\/\/blogs.thesocialmedia.com\/leblogmoto\/2007\/02\/03\/spyder-la-photo\/","twitter_card":"summary_large_image","twitter_title":"Spyder: La photo ! - leblogmoto.com","twitter_description":"Dans un post pr\u00e9c\u00e9dent nous faisions part de la prochaine pr\u00e9sentation aux USA d&rsquo;un trail \u00e0 3 roues (2 devant, une derri\u00e8re) produit par la firme canadienne Bombardier. Bien que la presse nord-am\u00e9ricaine en fasse part de mani\u00e8re abondante il demeurait impossible de trouver la moindre photo, d&rsquo;autant plus que Bombardier Produits R\u00e9cr\u00e9atifs (BRP) ne [&hellip;]","twitter_image":"http:\/\/www.leblogmoto.com\/images\/04spyder_span.jpg","twitter_misc":{"\u00c9crit par":"christian tirat","Dur\u00e9e de lecture estim\u00e9e":"1 minute"},"schema":{"@context":"https:\/\/schema.org","@graph":[{"@type":"WebPage","@id":"https:\/\/blogs.thesocialmedia.com\/leblogmoto\/2007\/02\/03\/spyder-la-photo\/","url":"https:\/\/blogs.thesocialmedia.com\/leblogmoto\/2007\/02\/03\/spyder-la-photo\/","name":"Spyder: La photo ! - leblogmoto.com","isPartOf":{"@id":"https:\/\/blogs.thesocialmedia.com\/leblogmoto\/#website"},"primaryImageOfPage":{"@id":"https:\/\/blogs.thesocialmedia.com\/leblogmoto\/2007\/02\/03\/spyder-la-photo\/#primaryimage"},"image":{"@id":"https:\/\/blogs.thesocialmedia.com\/leblogmoto\/2007\/02\/03\/spyder-la-photo\/#primaryimage"},"thumbnailUrl":"http:\/\/www.leblogmoto.com\/images\/04spyder_span.jpg","datePublished":"2007-02-03T18:22:32+00:00","dateModified":"2012-07-11T14:31:09+00:00","author":{"@id":"https:\/\/blogs.thesocialmedia.com\/leblogmoto\/#\/schema\/person\/90b2f8fd0d5a2cede2580e95fc79c6c0"},"breadcrumb":{"@id":"https:\/\/blogs.thesocialmedia.com\/leblogmoto\/2007\/02\/03\/spyder-la-photo\/#breadcrumb"},"inLanguage":"fr-FR","potentialAction":[{"@type":"ReadAction","target":["https:\/\/blogs.thesocialmedia.com\/leblogmoto\/2007\/02\/03\/spyder-la-photo\/"]}]},{"@type":"ImageObject","inLanguage":"fr-FR","@id":"https:\/\/blogs.thesocialmedia.com\/leblogmoto\/2007\/02\/03\/spyder-la-photo\/#primaryimage","url":"http:\/\/www.leblogmoto.com\/images\/04spyder_span.jpg","contentUrl":"http:\/\/www.leblogmoto.com\/images\/04spyder_span.jpg"},{"@type":"BreadcrumbList","@id":"https:\/\/blogs.thesocialmedia.com\/leblogmoto\/2007\/02\/03\/spyder-la-photo\/#breadcrumb","itemListElement":[{"@type":"ListItem","position":1,"name":"Accueil","item":"https:\/\/blogs.thesocialmedia.com\/leblogmoto\/"},{"@type":"ListItem","position":2,"name":"Spyder: La photo !"}]},{"@type":"WebSite","@id":"https:\/\/blogs.thesocialmedia.com\/leblogmoto\/#website","url":"https:\/\/blogs.thesocialmedia.com\/leblogmoto\/","name":"leblogmoto","description":"Toute l&#039;actualit\u00e9 des 2 roues","potentialAction":[{"@type":"SearchAction","target":{"@type":"EntryPoint","urlTemplate":"https:\/\/blogs.thesocialmedia.com\/leblogmoto\/?s={search_term_string}"},"query-input":{"@type":"PropertyValueSpecification","valueRequired":true,"valueName":"search_term_string"}}],"inLanguage":"fr-FR"},{"@type":"Person","@id":"https:\/\/blogs.thesocialmedia.com\/leblogmoto\/#\/schema\/person\/90b2f8fd0d5a2cede2580e95fc79c6c0","name":"christian tirat","image":{"@type":"ImageObject","inLanguage":"fr-FR","@id":"https:\/\/blogs.thesocialmedia.com\/leblogmoto\/#\/schema\/person\/image\/","url":"https:\/\/secure.gravatar.com\/avatar\/?s=96&d=mm&r=g","contentUrl":"https:\/\/secure.gravatar.com\/avatar\/?s=96&d=mm&r=g","caption":"christian tirat"},"url":"https:\/\/blogs.thesocialmedia.com\/leblogmoto\/author\/christian-tirat\/"}]}},"_links":{"self":[{"href":"https:\/\/blogs.thesocialmedia.com\/leblogmoto\/wp-json\/wp\/v2\/posts\/1580","targetHints":{"allow":["GET"]}}],"collection":[{"href":"https:\/\/blogs.thesocialmedia.com\/leblogmoto\/wp-json\/wp\/v2\/posts"}],"about":[{"href":"https:\/\/blogs.thesocialmedia.com\/leblogmoto\/wp-json\/wp\/v2\/types\/post"}],"author":[{"embeddable":true,"href":"https:\/\/blogs.thesocialmedia.com\/leblogmoto\/wp-json\/wp\/v2\/users\/333"}],"replies":[{"embeddable":true,"href":"https:\/\/blogs.thesocialmedia.com\/leblogmoto\/wp-json\/wp\/v2\/comments?post=1580"}],"version-history":[{"count":2,"href":"https:\/\/blogs.thesocialmedia.com\/leblogmoto\/wp-json\/wp\/v2\/posts\/1580\/revisions"}],"predecessor-version":[{"id":7971,"href":"https:\/\/blogs.thesocialmedia.com\/leblogmoto\/wp-json\/wp\/v2\/posts\/1580\/revisions\/7971"}],"wp:attachment":[{"href":"https:\/\/blogs.thesocialmedia.com\/leblogmoto\/wp-json\/wp\/v2\/media?parent=1580"}],"wp:term":[{"taxonomy":"category","embeddable":true,"href":"https:\/\/blogs.thesocialmedia.com\/leblogmoto\/wp-json\/wp\/v2\/categories?post=1580"},{"taxonomy":"post_tag","embeddable":true,"href":"https:\/\/blogs.thesocialmedia.com\/leblogmoto\/wp-json\/wp\/v2\/tags?post=1580"}],"curies":[{"name":"wp","href":"https:\/\/api.w.org\/{rel}","templated":true}]}}