{"id":1581,"date":"2007-02-03T16:15:11","date_gmt":"2007-02-03T16:15:11","guid":{"rendered":"http:\/\/blogs.thesocialmedia.com\/leblogmoto\/2007\/02\/03\/insolite-vol-en\/"},"modified":"2012-07-11T14:31:07","modified_gmt":"2012-07-11T14:31:07","slug":"insolite-vol-en","status":"publish","type":"post","link":"https:\/\/blogs.thesocialmedia.com\/leblogmoto\/2007\/02\/03\/insolite-vol-en\/","title":{"rendered":"Insolite : vol en rase-mottes"},"content":{"rendered":"<p><a href=\"http:\/\/blogs.thesocialmedia.com\/leblogmoto\/files\/2012\/07\/sidewayskawi.jpg\"><img loading=\"lazy\" decoding=\"async\" width=\"250\" height=\"167\"  src=\"http:\/\/www.leblogmoto.com\/images\/sidewayskawi.jpg\" alt=\"Sidewayskawi\" style=\"margin: 0px 5px 5px 0px;float: left\" \/><\/a> En \u00ab chinant \u00bb des photos introuvables \u00e0 ce jour du trail \u00e0 trois roues annonc\u00e9 par <a href=\"http:\/\/www.leblogmoto.com\/2007\/02\/bombardier_lanc.html#more\">Bombardier<\/a>, nous sommes tomb\u00e9 sur cette photo tr\u00e8s \u00e9tonnante que nous ne pouvons pas r\u00e9sister \u00e0 vous livrer. L\u2019origine est inconnue de nous, le pilote aussi, idem pour le contexte. Cependant, on peut croire qu\u2019il s\u2019agit d\u2019une <a href=\"http:\/\/www.kawasaki.fr\/\">Kawa <\/a>mais ce qui nous intrigue le plus, c\u2019est comment le pilote s\u2019est r\u00e9ceptionn\u00e9. Belle figure en tout cas. Le lecteur qui pourra en dire plus gagnera une copie de bielle de <a href=\"http:\/\/www.simamoto.fr\/\">510 HVA<\/a> made in Romania, us\u00e9e mais unique &#8230;avis aux collectioneurs.<br \/>A vos claviers !<\/p>\n","protected":false},"excerpt":{"rendered":"<p>En \u00ab chinant \u00bb des photos introuvables \u00e0 ce jour du trail \u00e0 trois roues annonc\u00e9 par Bombardier, nous sommes tomb\u00e9 sur cette photo tr\u00e8s \u00e9tonnante que nous ne pouvons pas r\u00e9sister \u00e0 vous livrer. L\u2019origine est inconnue de nous, le pilote aussi, idem pour le contexte. Cependant, on peut croire qu\u2019il s\u2019agit d\u2019une Kawa [&hellip;]<\/p>\n","protected":false},"author":333,"featured_media":0,"comment_status":"open","ping_status":"open","sticky":false,"template":"","format":"standard","meta":{"footnotes":""},"categories":[66],"tags":[],"class_list":["post-1581","post","type-post","status-publish","format-standard","hentry","category-moto-cross"],"yoast_head":"<!-- This site is optimized with the Yoast SEO plugin v26.0 - https:\/\/yoast.com\/wordpress\/plugins\/seo\/ -->\n<title>Insolite : vol en rase-mottes - leblogmoto.com<\/title>\n<meta name=\"robots\" content=\"index, follow, max-snippet:-1, max-image-preview:large, max-video-preview:-1\" \/>\n<link rel=\"canonical\" href=\"https:\/\/blogs.thesocialmedia.com\/leblogmoto\/2007\/02\/03\/insolite-vol-en\/\" \/>\n<meta name=\"twitter:card\" content=\"summary_large_image\" \/>\n<meta name=\"twitter:title\" content=\"Insolite : vol en rase-mottes - leblogmoto.com\" \/>\n<meta name=\"twitter:description\" content=\"En \u00ab chinant \u00bb des photos introuvables \u00e0 ce jour du trail \u00e0 trois roues annonc\u00e9 par Bombardier, nous sommes tomb\u00e9 sur cette photo tr\u00e8s \u00e9tonnante que nous ne pouvons pas r\u00e9sister \u00e0 vous livrer. L\u2019origine est inconnue de nous, le pilote aussi, idem pour le contexte. Cependant, on peut croire qu\u2019il s\u2019agit d\u2019une Kawa [&hellip;]\" \/>\n<meta name=\"twitter:image\" content=\"http:\/\/www.leblogmoto.com\/images\/sidewayskawi.jpg\" \/>\n<meta name=\"twitter:label1\" content=\"\u00c9crit par\" \/>\n\t<meta name=\"twitter:data1\" content=\"christian tirat\" \/>\n\t<meta name=\"twitter:label2\" content=\"Dur\u00e9e de lecture estim\u00e9e\" \/>\n\t<meta name=\"twitter:data2\" content=\"1 minute\" \/>\n<script type=\"application\/ld+json\" class=\"yoast-schema-graph\">{\"@context\":\"https:\/\/schema.org\",\"@graph\":[{\"@type\":\"WebPage\",\"@id\":\"https:\/\/blogs.thesocialmedia.com\/leblogmoto\/2007\/02\/03\/insolite-vol-en\/\",\"url\":\"https:\/\/blogs.thesocialmedia.com\/leblogmoto\/2007\/02\/03\/insolite-vol-en\/\",\"name\":\"Insolite : vol en rase-mottes - leblogmoto.com\",\"isPartOf\":{\"@id\":\"https:\/\/blogs.thesocialmedia.com\/leblogmoto\/#website\"},\"primaryImageOfPage\":{\"@id\":\"https:\/\/blogs.thesocialmedia.com\/leblogmoto\/2007\/02\/03\/insolite-vol-en\/#primaryimage\"},\"image\":{\"@id\":\"https:\/\/blogs.thesocialmedia.com\/leblogmoto\/2007\/02\/03\/insolite-vol-en\/#primaryimage\"},\"thumbnailUrl\":\"http:\/\/www.leblogmoto.com\/images\/sidewayskawi.jpg\",\"datePublished\":\"2007-02-03T16:15:11+00:00\",\"dateModified\":\"2012-07-11T14:31:07+00:00\",\"author\":{\"@id\":\"https:\/\/blogs.thesocialmedia.com\/leblogmoto\/#\/schema\/person\/90b2f8fd0d5a2cede2580e95fc79c6c0\"},\"breadcrumb\":{\"@id\":\"https:\/\/blogs.thesocialmedia.com\/leblogmoto\/2007\/02\/03\/insolite-vol-en\/#breadcrumb\"},\"inLanguage\":\"fr-FR\",\"potentialAction\":[{\"@type\":\"ReadAction\",\"target\":[\"https:\/\/blogs.thesocialmedia.com\/leblogmoto\/2007\/02\/03\/insolite-vol-en\/\"]}]},{\"@type\":\"ImageObject\",\"inLanguage\":\"fr-FR\",\"@id\":\"https:\/\/blogs.thesocialmedia.com\/leblogmoto\/2007\/02\/03\/insolite-vol-en\/#primaryimage\",\"url\":\"http:\/\/www.leblogmoto.com\/images\/sidewayskawi.jpg\",\"contentUrl\":\"http:\/\/www.leblogmoto.com\/images\/sidewayskawi.jpg\"},{\"@type\":\"BreadcrumbList\",\"@id\":\"https:\/\/blogs.thesocialmedia.com\/leblogmoto\/2007\/02\/03\/insolite-vol-en\/#breadcrumb\",\"itemListElement\":[{\"@type\":\"ListItem\",\"position\":1,\"name\":\"Accueil\",\"item\":\"https:\/\/blogs.thesocialmedia.com\/leblogmoto\/\"},{\"@type\":\"ListItem\",\"position\":2,\"name\":\"Insolite : vol en rase-mottes\"}]},{\"@type\":\"WebSite\",\"@id\":\"https:\/\/blogs.thesocialmedia.com\/leblogmoto\/#website\",\"url\":\"https:\/\/blogs.thesocialmedia.com\/leblogmoto\/\",\"name\":\"leblogmoto\",\"description\":\"Toute l&#039;actualit\u00e9 des 2 roues\",\"potentialAction\":[{\"@type\":\"SearchAction\",\"target\":{\"@type\":\"EntryPoint\",\"urlTemplate\":\"https:\/\/blogs.thesocialmedia.com\/leblogmoto\/?s={search_term_string}\"},\"query-input\":{\"@type\":\"PropertyValueSpecification\",\"valueRequired\":true,\"valueName\":\"search_term_string\"}}],\"inLanguage\":\"fr-FR\"},{\"@type\":\"Person\",\"@id\":\"https:\/\/blogs.thesocialmedia.com\/leblogmoto\/#\/schema\/person\/90b2f8fd0d5a2cede2580e95fc79c6c0\",\"name\":\"christian tirat\",\"image\":{\"@type\":\"ImageObject\",\"inLanguage\":\"fr-FR\",\"@id\":\"https:\/\/blogs.thesocialmedia.com\/leblogmoto\/#\/schema\/person\/image\/\",\"url\":\"https:\/\/secure.gravatar.com\/avatar\/?s=96&d=mm&r=g\",\"contentUrl\":\"https:\/\/secure.gravatar.com\/avatar\/?s=96&d=mm&r=g\",\"caption\":\"christian tirat\"},\"url\":\"https:\/\/blogs.thesocialmedia.com\/leblogmoto\/author\/christian-tirat\/\"}]}<\/script>\n<!-- \/ Yoast SEO plugin. -->","yoast_head_json":{"title":"Insolite : vol en rase-mottes - leblogmoto.com","robots":{"index":"index","follow":"follow","max-snippet":"max-snippet:-1","max-image-preview":"max-image-preview:large","max-video-preview":"max-video-preview:-1"},"canonical":"https:\/\/blogs.thesocialmedia.com\/leblogmoto\/2007\/02\/03\/insolite-vol-en\/","twitter_card":"summary_large_image","twitter_title":"Insolite : vol en rase-mottes - leblogmoto.com","twitter_description":"En \u00ab chinant \u00bb des photos introuvables \u00e0 ce jour du trail \u00e0 trois roues annonc\u00e9 par Bombardier, nous sommes tomb\u00e9 sur cette photo tr\u00e8s \u00e9tonnante que nous ne pouvons pas r\u00e9sister \u00e0 vous livrer. L\u2019origine est inconnue de nous, le pilote aussi, idem pour le contexte. Cependant, on peut croire qu\u2019il s\u2019agit d\u2019une Kawa [&hellip;]","twitter_image":"http:\/\/www.leblogmoto.com\/images\/sidewayskawi.jpg","twitter_misc":{"\u00c9crit par":"christian tirat","Dur\u00e9e de lecture estim\u00e9e":"1 minute"},"schema":{"@context":"https:\/\/schema.org","@graph":[{"@type":"WebPage","@id":"https:\/\/blogs.thesocialmedia.com\/leblogmoto\/2007\/02\/03\/insolite-vol-en\/","url":"https:\/\/blogs.thesocialmedia.com\/leblogmoto\/2007\/02\/03\/insolite-vol-en\/","name":"Insolite : vol en rase-mottes - leblogmoto.com","isPartOf":{"@id":"https:\/\/blogs.thesocialmedia.com\/leblogmoto\/#website"},"primaryImageOfPage":{"@id":"https:\/\/blogs.thesocialmedia.com\/leblogmoto\/2007\/02\/03\/insolite-vol-en\/#primaryimage"},"image":{"@id":"https:\/\/blogs.thesocialmedia.com\/leblogmoto\/2007\/02\/03\/insolite-vol-en\/#primaryimage"},"thumbnailUrl":"http:\/\/www.leblogmoto.com\/images\/sidewayskawi.jpg","datePublished":"2007-02-03T16:15:11+00:00","dateModified":"2012-07-11T14:31:07+00:00","author":{"@id":"https:\/\/blogs.thesocialmedia.com\/leblogmoto\/#\/schema\/person\/90b2f8fd0d5a2cede2580e95fc79c6c0"},"breadcrumb":{"@id":"https:\/\/blogs.thesocialmedia.com\/leblogmoto\/2007\/02\/03\/insolite-vol-en\/#breadcrumb"},"inLanguage":"fr-FR","potentialAction":[{"@type":"ReadAction","target":["https:\/\/blogs.thesocialmedia.com\/leblogmoto\/2007\/02\/03\/insolite-vol-en\/"]}]},{"@type":"ImageObject","inLanguage":"fr-FR","@id":"https:\/\/blogs.thesocialmedia.com\/leblogmoto\/2007\/02\/03\/insolite-vol-en\/#primaryimage","url":"http:\/\/www.leblogmoto.com\/images\/sidewayskawi.jpg","contentUrl":"http:\/\/www.leblogmoto.com\/images\/sidewayskawi.jpg"},{"@type":"BreadcrumbList","@id":"https:\/\/blogs.thesocialmedia.com\/leblogmoto\/2007\/02\/03\/insolite-vol-en\/#breadcrumb","itemListElement":[{"@type":"ListItem","position":1,"name":"Accueil","item":"https:\/\/blogs.thesocialmedia.com\/leblogmoto\/"},{"@type":"ListItem","position":2,"name":"Insolite : vol en rase-mottes"}]},{"@type":"WebSite","@id":"https:\/\/blogs.thesocialmedia.com\/leblogmoto\/#website","url":"https:\/\/blogs.thesocialmedia.com\/leblogmoto\/","name":"leblogmoto","description":"Toute l&#039;actualit\u00e9 des 2 roues","potentialAction":[{"@type":"SearchAction","target":{"@type":"EntryPoint","urlTemplate":"https:\/\/blogs.thesocialmedia.com\/leblogmoto\/?s={search_term_string}"},"query-input":{"@type":"PropertyValueSpecification","valueRequired":true,"valueName":"search_term_string"}}],"inLanguage":"fr-FR"},{"@type":"Person","@id":"https:\/\/blogs.thesocialmedia.com\/leblogmoto\/#\/schema\/person\/90b2f8fd0d5a2cede2580e95fc79c6c0","name":"christian tirat","image":{"@type":"ImageObject","inLanguage":"fr-FR","@id":"https:\/\/blogs.thesocialmedia.com\/leblogmoto\/#\/schema\/person\/image\/","url":"https:\/\/secure.gravatar.com\/avatar\/?s=96&d=mm&r=g","contentUrl":"https:\/\/secure.gravatar.com\/avatar\/?s=96&d=mm&r=g","caption":"christian tirat"},"url":"https:\/\/blogs.thesocialmedia.com\/leblogmoto\/author\/christian-tirat\/"}]}},"_links":{"self":[{"href":"https:\/\/blogs.thesocialmedia.com\/leblogmoto\/wp-json\/wp\/v2\/posts\/1581","targetHints":{"allow":["GET"]}}],"collection":[{"href":"https:\/\/blogs.thesocialmedia.com\/leblogmoto\/wp-json\/wp\/v2\/posts"}],"about":[{"href":"https:\/\/blogs.thesocialmedia.com\/leblogmoto\/wp-json\/wp\/v2\/types\/post"}],"author":[{"embeddable":true,"href":"https:\/\/blogs.thesocialmedia.com\/leblogmoto\/wp-json\/wp\/v2\/users\/333"}],"replies":[{"embeddable":true,"href":"https:\/\/blogs.thesocialmedia.com\/leblogmoto\/wp-json\/wp\/v2\/comments?post=1581"}],"version-history":[{"count":2,"href":"https:\/\/blogs.thesocialmedia.com\/leblogmoto\/wp-json\/wp\/v2\/posts\/1581\/revisions"}],"predecessor-version":[{"id":7969,"href":"https:\/\/blogs.thesocialmedia.com\/leblogmoto\/wp-json\/wp\/v2\/posts\/1581\/revisions\/7969"}],"wp:attachment":[{"href":"https:\/\/blogs.thesocialmedia.com\/leblogmoto\/wp-json\/wp\/v2\/media?parent=1581"}],"wp:term":[{"taxonomy":"category","embeddable":true,"href":"https:\/\/blogs.thesocialmedia.com\/leblogmoto\/wp-json\/wp\/v2\/categories?post=1581"},{"taxonomy":"post_tag","embeddable":true,"href":"https:\/\/blogs.thesocialmedia.com\/leblogmoto\/wp-json\/wp\/v2\/tags?post=1581"}],"curies":[{"name":"wp","href":"https:\/\/api.w.org\/{rel}","templated":true}]}}