{"id":1582,"date":"2007-02-03T15:47:00","date_gmt":"2007-02-03T15:47:00","guid":{"rendered":"http:\/\/blogs.thesocialmedia.com\/leblogmoto\/2007\/02\/03\/trial-en-salle\/"},"modified":"2012-07-11T14:31:05","modified_gmt":"2012-07-11T14:31:05","slug":"trial-en-salle","status":"publish","type":"post","link":"https:\/\/blogs.thesocialmedia.com\/leblogmoto\/2007\/02\/03\/trial-en-salle\/","title":{"rendered":"Trial en salle : et de 30 pour Barcelone"},"content":{"rendered":"<p><a href=\"http:\/\/blogs.thesocialmedia.com\/leblogmoto\/files\/2012\/07\/zonesbarcel3_1.jpg\"><img loading=\"lazy\" decoding=\"async\" width=\"250\" height=\"188\"  alt=\"Zonesbarcel3_1\" src=\"http:\/\/www.leblogmoto.com\/images\/zonesbarcel3_1.jpg\" style=\"margin: 0px 5px 5px 0px;float: left\" \/><\/a> Pour leur 30\u00e8me indoor, les catalans de Barcelone se devaient de faire dans la d\u00e9mesure en organisant la troisi\u00e8me \u00e9tape du Mondial en Salle. Un spectacle tout nouveau quant \u00e0 son trac\u00e9, avec pas moins de 13 zones repr\u00e9sentant un subtil compromis entre l\u2019\u00e9cole espagnole et le must fran\u00e7ais du toulousain Bernard Estripeau. Du g\u00e2teau donc.<br \/>Nous vous d\u00e9voilons gr\u00e2ce \u00e0 la complicit\u00e9 de <a href=\"http:\/\/www.trial-club.com\/\">trial-club.com<\/a> ce que l\u2019\u00e9preuve de demain r\u00e9servera au public et aux pilotes, ou comment un indoor se construit et se d\u00e9core. A gauche les zones typiquement espagnoles, \u00e0 droite les zones &quot;estripesques&quot;.<\/p>\n<p><a href=\"http:\/\/clabedan.typepad.com\/.shared\/image.html?\/photos\/uncategorized\/zonesbarcel6_1.jpg\"><img loading=\"lazy\" decoding=\"async\" width=\"250\" height=\"208\"  alt=\"Zonesbarcel6_1\" src=\"http:\/\/www.leblogmoto.com\/images\/zonesbarcel6_1.jpg\" style=\"margin: 0px 5px 5px 0px;float: left\" \/><\/a> Autre info, le polonais <a href=\"http:\/\/www.tblazusiak.pl\/\">Tadeusz Blazusiak <\/a><a href=\"http:\/\/www.betamotor.com\/\">(Beta)<\/a> n&rsquo;\u00e9tant pas remis d\u2019une blessure aux ligaments du genoux sera remplac\u00e9 par <a href=\"http:\/\/www.shaunmorris.co.uk\/\">Shaun Morris<\/a> <a href=\"http:\/\/www.gasgasmotos.es\/esp\/frame.htm\">(GasGas)<\/a> ici en photo. 10\u00e8me pilote Mondial, champion du Monde junior 2003 et Champion d&rsquo;Europe 2005 , le jeune Anglais profite de l\u2019occasion pour disputer cette manche qui s\u2019annonce palpitante.<\/p>\n<p> Programme : demain 4 f\u00e9vrier \u00e0 15heure, au palais des sports \u00ab Palau Sant Jordi \u00bb de Barcelone. Il reste peut-\u00eatre quelques places disponibles !<br \/> Prix des places : 18\u20ac \u00e0 20\u20ac <\/p>\n<p><strong><a href=\"http:\/\/clabedan.typepad.com\/.shared\/image.html?\/photos\/uncategorized\/116_g.jpg\"><img loading=\"lazy\" decoding=\"async\" width=\"250\" height=\"158\"  src=\"http:\/\/www.leblogmoto.com\/images\/116_g.jpg\" alt=\"116_g\" style=\"margin: 0px 5px 5px 0px;float: left\" \/><\/a> Le classement apr\u00e8s 3 manches :<\/strong><br \/>01. <a href=\"http:\/\/www.adamraga.com\/\">Adam Raga <\/a>&nbsp; &nbsp;&nbsp; 24<br \/>02. <a href=\"http:\/\/www.tonibou.com\/\">Toni Bou <\/a>&nbsp; &nbsp; 23<br \/>03. <a href=\"http:\/\/www.albertcabestany.com\/\">A.Cabestany<\/a>&nbsp; &nbsp;&nbsp; 19<br \/>04. <a href=\"http:\/\/www.dougielampkin.co.uk\/\">D.Lampkin <\/a>&nbsp; &nbsp; 15<br \/>05. <a href=\"http:\/\/fujigas.net\/\">T.Fujinami <\/a>&nbsp; &nbsp; 14<br \/>06. <a href=\"http:\/\/www.gasgasmotos.com\/web\/eng\/competi\/trial\/equipo\/jeroni.htm\">Jeroni Fajardo <\/a>&nbsp; &nbsp; 13<br \/>07. <a href=\"http:\/\/www.tblazusiak.pl\/\">T.Blazusiak <\/a>&nbsp; &nbsp; 4<br \/>08. <a href=\"http:\/\/www.jeromebethune.com\/\">J.Bethune<\/a>&nbsp; &nbsp;&nbsp; 2<\/p>\n<p>Source &amp; photo : <a href=\"http:\/\/www.trial-club.com\/\">trial-club.com<\/a><\/p>\n","protected":false},"excerpt":{"rendered":"<p>Pour leur 30\u00e8me indoor, les catalans de Barcelone se devaient de faire dans la d\u00e9mesure en organisant la troisi\u00e8me \u00e9tape du Mondial en Salle. Un spectacle tout nouveau quant \u00e0 son trac\u00e9, avec pas moins de 13 zones repr\u00e9sentant un subtil compromis entre l\u2019\u00e9cole espagnole et le must fran\u00e7ais du toulousain Bernard Estripeau. Du g\u00e2teau [&hellip;]<\/p>\n","protected":false},"author":333,"featured_media":0,"comment_status":"open","ping_status":"open","sticky":false,"template":"","format":"standard","meta":{"footnotes":""},"categories":[32],"tags":[],"class_list":["post-1582","post","type-post","status-publish","format-standard","hentry","category-sport-moto"],"yoast_head":"<!-- This site is optimized with the Yoast SEO plugin v26.0 - https:\/\/yoast.com\/wordpress\/plugins\/seo\/ -->\n<title>Trial en salle : et de 30 pour Barcelone - leblogmoto.com<\/title>\n<meta name=\"robots\" content=\"index, follow, max-snippet:-1, max-image-preview:large, max-video-preview:-1\" \/>\n<link rel=\"canonical\" href=\"https:\/\/blogs.thesocialmedia.com\/leblogmoto\/2007\/02\/03\/trial-en-salle\/\" \/>\n<meta name=\"twitter:card\" content=\"summary_large_image\" \/>\n<meta name=\"twitter:title\" content=\"Trial en salle : et de 30 pour Barcelone - leblogmoto.com\" \/>\n<meta name=\"twitter:description\" content=\"Pour leur 30\u00e8me indoor, les catalans de Barcelone se devaient de faire dans la d\u00e9mesure en organisant la troisi\u00e8me \u00e9tape du Mondial en Salle. Un spectacle tout nouveau quant \u00e0 son trac\u00e9, avec pas moins de 13 zones repr\u00e9sentant un subtil compromis entre l\u2019\u00e9cole espagnole et le must fran\u00e7ais du toulousain Bernard Estripeau. Du g\u00e2teau [&hellip;]\" \/>\n<meta name=\"twitter:image\" content=\"http:\/\/www.leblogmoto.com\/images\/zonesbarcel3_1.jpg\" \/>\n<meta name=\"twitter:label1\" content=\"\u00c9crit par\" \/>\n\t<meta name=\"twitter:data1\" content=\"christian tirat\" \/>\n\t<meta name=\"twitter:label2\" content=\"Dur\u00e9e de lecture estim\u00e9e\" \/>\n\t<meta name=\"twitter:data2\" content=\"1 minute\" \/>\n<script type=\"application\/ld+json\" class=\"yoast-schema-graph\">{\"@context\":\"https:\/\/schema.org\",\"@graph\":[{\"@type\":\"WebPage\",\"@id\":\"https:\/\/blogs.thesocialmedia.com\/leblogmoto\/2007\/02\/03\/trial-en-salle\/\",\"url\":\"https:\/\/blogs.thesocialmedia.com\/leblogmoto\/2007\/02\/03\/trial-en-salle\/\",\"name\":\"Trial en salle : et de 30 pour Barcelone - leblogmoto.com\",\"isPartOf\":{\"@id\":\"https:\/\/blogs.thesocialmedia.com\/leblogmoto\/#website\"},\"primaryImageOfPage\":{\"@id\":\"https:\/\/blogs.thesocialmedia.com\/leblogmoto\/2007\/02\/03\/trial-en-salle\/#primaryimage\"},\"image\":{\"@id\":\"https:\/\/blogs.thesocialmedia.com\/leblogmoto\/2007\/02\/03\/trial-en-salle\/#primaryimage\"},\"thumbnailUrl\":\"http:\/\/www.leblogmoto.com\/images\/zonesbarcel3_1.jpg\",\"datePublished\":\"2007-02-03T15:47:00+00:00\",\"dateModified\":\"2012-07-11T14:31:05+00:00\",\"author\":{\"@id\":\"https:\/\/blogs.thesocialmedia.com\/leblogmoto\/#\/schema\/person\/90b2f8fd0d5a2cede2580e95fc79c6c0\"},\"breadcrumb\":{\"@id\":\"https:\/\/blogs.thesocialmedia.com\/leblogmoto\/2007\/02\/03\/trial-en-salle\/#breadcrumb\"},\"inLanguage\":\"fr-FR\",\"potentialAction\":[{\"@type\":\"ReadAction\",\"target\":[\"https:\/\/blogs.thesocialmedia.com\/leblogmoto\/2007\/02\/03\/trial-en-salle\/\"]}]},{\"@type\":\"ImageObject\",\"inLanguage\":\"fr-FR\",\"@id\":\"https:\/\/blogs.thesocialmedia.com\/leblogmoto\/2007\/02\/03\/trial-en-salle\/#primaryimage\",\"url\":\"http:\/\/www.leblogmoto.com\/images\/zonesbarcel3_1.jpg\",\"contentUrl\":\"http:\/\/www.leblogmoto.com\/images\/zonesbarcel3_1.jpg\"},{\"@type\":\"BreadcrumbList\",\"@id\":\"https:\/\/blogs.thesocialmedia.com\/leblogmoto\/2007\/02\/03\/trial-en-salle\/#breadcrumb\",\"itemListElement\":[{\"@type\":\"ListItem\",\"position\":1,\"name\":\"Accueil\",\"item\":\"https:\/\/blogs.thesocialmedia.com\/leblogmoto\/\"},{\"@type\":\"ListItem\",\"position\":2,\"name\":\"Trial en salle : et de 30 pour Barcelone\"}]},{\"@type\":\"WebSite\",\"@id\":\"https:\/\/blogs.thesocialmedia.com\/leblogmoto\/#website\",\"url\":\"https:\/\/blogs.thesocialmedia.com\/leblogmoto\/\",\"name\":\"leblogmoto\",\"description\":\"Toute l&#039;actualit\u00e9 des 2 roues\",\"potentialAction\":[{\"@type\":\"SearchAction\",\"target\":{\"@type\":\"EntryPoint\",\"urlTemplate\":\"https:\/\/blogs.thesocialmedia.com\/leblogmoto\/?s={search_term_string}\"},\"query-input\":{\"@type\":\"PropertyValueSpecification\",\"valueRequired\":true,\"valueName\":\"search_term_string\"}}],\"inLanguage\":\"fr-FR\"},{\"@type\":\"Person\",\"@id\":\"https:\/\/blogs.thesocialmedia.com\/leblogmoto\/#\/schema\/person\/90b2f8fd0d5a2cede2580e95fc79c6c0\",\"name\":\"christian tirat\",\"image\":{\"@type\":\"ImageObject\",\"inLanguage\":\"fr-FR\",\"@id\":\"https:\/\/blogs.thesocialmedia.com\/leblogmoto\/#\/schema\/person\/image\/\",\"url\":\"https:\/\/secure.gravatar.com\/avatar\/?s=96&d=mm&r=g\",\"contentUrl\":\"https:\/\/secure.gravatar.com\/avatar\/?s=96&d=mm&r=g\",\"caption\":\"christian tirat\"},\"url\":\"https:\/\/blogs.thesocialmedia.com\/leblogmoto\/author\/christian-tirat\/\"}]}<\/script>\n<!-- \/ Yoast SEO plugin. -->","yoast_head_json":{"title":"Trial en salle : et de 30 pour Barcelone - leblogmoto.com","robots":{"index":"index","follow":"follow","max-snippet":"max-snippet:-1","max-image-preview":"max-image-preview:large","max-video-preview":"max-video-preview:-1"},"canonical":"https:\/\/blogs.thesocialmedia.com\/leblogmoto\/2007\/02\/03\/trial-en-salle\/","twitter_card":"summary_large_image","twitter_title":"Trial en salle : et de 30 pour Barcelone - leblogmoto.com","twitter_description":"Pour leur 30\u00e8me indoor, les catalans de Barcelone se devaient de faire dans la d\u00e9mesure en organisant la troisi\u00e8me \u00e9tape du Mondial en Salle. Un spectacle tout nouveau quant \u00e0 son trac\u00e9, avec pas moins de 13 zones repr\u00e9sentant un subtil compromis entre l\u2019\u00e9cole espagnole et le must fran\u00e7ais du toulousain Bernard Estripeau. Du g\u00e2teau [&hellip;]","twitter_image":"http:\/\/www.leblogmoto.com\/images\/zonesbarcel3_1.jpg","twitter_misc":{"\u00c9crit par":"christian tirat","Dur\u00e9e de lecture estim\u00e9e":"1 minute"},"schema":{"@context":"https:\/\/schema.org","@graph":[{"@type":"WebPage","@id":"https:\/\/blogs.thesocialmedia.com\/leblogmoto\/2007\/02\/03\/trial-en-salle\/","url":"https:\/\/blogs.thesocialmedia.com\/leblogmoto\/2007\/02\/03\/trial-en-salle\/","name":"Trial en salle : et de 30 pour Barcelone - leblogmoto.com","isPartOf":{"@id":"https:\/\/blogs.thesocialmedia.com\/leblogmoto\/#website"},"primaryImageOfPage":{"@id":"https:\/\/blogs.thesocialmedia.com\/leblogmoto\/2007\/02\/03\/trial-en-salle\/#primaryimage"},"image":{"@id":"https:\/\/blogs.thesocialmedia.com\/leblogmoto\/2007\/02\/03\/trial-en-salle\/#primaryimage"},"thumbnailUrl":"http:\/\/www.leblogmoto.com\/images\/zonesbarcel3_1.jpg","datePublished":"2007-02-03T15:47:00+00:00","dateModified":"2012-07-11T14:31:05+00:00","author":{"@id":"https:\/\/blogs.thesocialmedia.com\/leblogmoto\/#\/schema\/person\/90b2f8fd0d5a2cede2580e95fc79c6c0"},"breadcrumb":{"@id":"https:\/\/blogs.thesocialmedia.com\/leblogmoto\/2007\/02\/03\/trial-en-salle\/#breadcrumb"},"inLanguage":"fr-FR","potentialAction":[{"@type":"ReadAction","target":["https:\/\/blogs.thesocialmedia.com\/leblogmoto\/2007\/02\/03\/trial-en-salle\/"]}]},{"@type":"ImageObject","inLanguage":"fr-FR","@id":"https:\/\/blogs.thesocialmedia.com\/leblogmoto\/2007\/02\/03\/trial-en-salle\/#primaryimage","url":"http:\/\/www.leblogmoto.com\/images\/zonesbarcel3_1.jpg","contentUrl":"http:\/\/www.leblogmoto.com\/images\/zonesbarcel3_1.jpg"},{"@type":"BreadcrumbList","@id":"https:\/\/blogs.thesocialmedia.com\/leblogmoto\/2007\/02\/03\/trial-en-salle\/#breadcrumb","itemListElement":[{"@type":"ListItem","position":1,"name":"Accueil","item":"https:\/\/blogs.thesocialmedia.com\/leblogmoto\/"},{"@type":"ListItem","position":2,"name":"Trial en salle : et de 30 pour Barcelone"}]},{"@type":"WebSite","@id":"https:\/\/blogs.thesocialmedia.com\/leblogmoto\/#website","url":"https:\/\/blogs.thesocialmedia.com\/leblogmoto\/","name":"leblogmoto","description":"Toute l&#039;actualit\u00e9 des 2 roues","potentialAction":[{"@type":"SearchAction","target":{"@type":"EntryPoint","urlTemplate":"https:\/\/blogs.thesocialmedia.com\/leblogmoto\/?s={search_term_string}"},"query-input":{"@type":"PropertyValueSpecification","valueRequired":true,"valueName":"search_term_string"}}],"inLanguage":"fr-FR"},{"@type":"Person","@id":"https:\/\/blogs.thesocialmedia.com\/leblogmoto\/#\/schema\/person\/90b2f8fd0d5a2cede2580e95fc79c6c0","name":"christian tirat","image":{"@type":"ImageObject","inLanguage":"fr-FR","@id":"https:\/\/blogs.thesocialmedia.com\/leblogmoto\/#\/schema\/person\/image\/","url":"https:\/\/secure.gravatar.com\/avatar\/?s=96&d=mm&r=g","contentUrl":"https:\/\/secure.gravatar.com\/avatar\/?s=96&d=mm&r=g","caption":"christian tirat"},"url":"https:\/\/blogs.thesocialmedia.com\/leblogmoto\/author\/christian-tirat\/"}]}},"_links":{"self":[{"href":"https:\/\/blogs.thesocialmedia.com\/leblogmoto\/wp-json\/wp\/v2\/posts\/1582","targetHints":{"allow":["GET"]}}],"collection":[{"href":"https:\/\/blogs.thesocialmedia.com\/leblogmoto\/wp-json\/wp\/v2\/posts"}],"about":[{"href":"https:\/\/blogs.thesocialmedia.com\/leblogmoto\/wp-json\/wp\/v2\/types\/post"}],"author":[{"embeddable":true,"href":"https:\/\/blogs.thesocialmedia.com\/leblogmoto\/wp-json\/wp\/v2\/users\/333"}],"replies":[{"embeddable":true,"href":"https:\/\/blogs.thesocialmedia.com\/leblogmoto\/wp-json\/wp\/v2\/comments?post=1582"}],"version-history":[{"count":2,"href":"https:\/\/blogs.thesocialmedia.com\/leblogmoto\/wp-json\/wp\/v2\/posts\/1582\/revisions"}],"predecessor-version":[{"id":7967,"href":"https:\/\/blogs.thesocialmedia.com\/leblogmoto\/wp-json\/wp\/v2\/posts\/1582\/revisions\/7967"}],"wp:attachment":[{"href":"https:\/\/blogs.thesocialmedia.com\/leblogmoto\/wp-json\/wp\/v2\/media?parent=1582"}],"wp:term":[{"taxonomy":"category","embeddable":true,"href":"https:\/\/blogs.thesocialmedia.com\/leblogmoto\/wp-json\/wp\/v2\/categories?post=1582"},{"taxonomy":"post_tag","embeddable":true,"href":"https:\/\/blogs.thesocialmedia.com\/leblogmoto\/wp-json\/wp\/v2\/tags?post=1582"}],"curies":[{"name":"wp","href":"https:\/\/api.w.org\/{rel}","templated":true}]}}