{"id":1583,"date":"2007-02-03T14:26:49","date_gmt":"2007-02-03T14:26:49","guid":{"rendered":"http:\/\/blogs.thesocialmedia.com\/leblogmoto\/2007\/02\/03\/bombardier-lanc\/"},"modified":"2012-07-11T14:31:03","modified_gmt":"2012-07-11T14:31:03","slug":"bombardier-lanc","status":"publish","type":"post","link":"https:\/\/blogs.thesocialmedia.com\/leblogmoto\/2007\/02\/03\/bombardier-lanc\/","title":{"rendered":"Bombardier lance un trail \u00e0 3 roues"},"content":{"rendered":"<p><a href=\"http:\/\/blogs.thesocialmedia.com\/leblogmoto\/files\/2012\/07\/bcadw001.jpg\"><img loading=\"lazy\" decoding=\"async\" width=\"250\" height=\"166\"  src=\"http:\/\/www.leblogmoto.com\/images\/bcadw001.jpg\" alt=\"Bcadw001\" style=\"margin: 0px 5px 5px 0px;float: left\" \/><\/a> La compagnie canadienne <a href=\"http:\/\/www.brp.com\/fr-CA\/\">Bombardier Produits R\u00e9cr\u00e9atifs (BRP) <\/a>qui a invent\u00e9 la motoneige s\u2019appr\u00eate a lancer un tout nouveau type de moto. Le Spyder, tel est son nom, sera le premier v\u00e9hicule de la firme \u00e0 pouvoir \u00eatre conduit sur la voie publique.<\/p>\n<p>Avec cette innovation <a href=\"http:\/\/www.brp.com\/fr-CA\/\">BRP<\/a> sort des sentiers battus pour lancer sur la route un trail ou all-terrain vehicle (ATV) \u00e0 trois roues, elle esp\u00e8re ainsi compenser la baisse de ses ventes de motoneige (- 6,5%) et de ski-doo (- 14%)<\/p>\n<p><a href=\"http:\/\/clabedan.typepad.com\/.shared\/image.html?\/photos\/uncategorized\/bcace006.jpg\"><img loading=\"lazy\" decoding=\"async\" width=\"250\" height=\"188\"  src=\"http:\/\/www.leblogmoto.com\/images\/bcace006.jpg\" alt=\"Bcace006\" style=\"margin: 0px 5px 5px 0px;float: left\" \/><\/a> Certains qualifient le Spyder de \u00abSki-Doo avec des roues\u00bb. Le v\u00e9hicule biplace compte deux roues \u00e0 l&rsquo;avant et une, plus grosse \u00e0 l&rsquo;arri\u00e8re. <br \/> Il s&rsquo;agirait d&rsquo;un croisement entre un v\u00e9hicule tout-terrain, une motoneige et une moto conventionnelle.<\/p>\n<p> Le Spyder sera anim\u00e9 d\u2019un moteur de gros calibre, un <a href=\"http:\/\/www.rotax.com\/fr\/\">V-twin Rotax <\/a>de 1000 cc. Mont\u00e9es sur des suspensions et des freins ind\u00e9pendants les deux roues avant b\u00e9n\u00e9ficient d\u2019un syst\u00e8me de stabilit\u00e9 \u00e9lectronique, de m\u00eame que pour la grosse roue arri\u00e8re\u2026Comme un petit air de d\u00e9j\u00e0 vu en Europe si l\u2019on se r\u00e9f\u00e8re au <a href=\"http:\/\/www.leblogmoto.com\/2006\/12\/piaggio_125_250.html#more\">Piaggio MP3<\/a>, et au Qu\u00e9bec avec la famille de v\u00e9hicules <a href=\"http:\/\/rodge.st.louis.ws\/trex_martin.html\">T-Rex<\/a>, produits \u00e0 Plessisville.<\/p>\n<p> C\u2019est au printemps 2004 que le pr\u00e9sident et chef de direction de <a href=\"http:\/\/www.brp.com\/fr-CA\/\">BRP<\/a>, Jos\u00e9 Boisjoli, avait annonc\u00e9 vouloir \u00e0 terme lancer un v\u00e9hicule \u00ab street legal \u00bb Le Spyder sera probablement commercialis\u00e9 sous la marque&nbsp; <a href=\"http:\/\/www.classiccanam.com\/\">Can-Am<\/a>, c\u00e9l\u00e8bre dans le milieux du motocross et de l\u2019enduro des ann\u00e9es 70, marque que <a href=\"http:\/\/www.brp.com\/fr-CA\/\">Bombardier<\/a> a ressuscit\u00e9 r\u00e9cemment en raison des difficult\u00e9s qu\u2019\u00e9prouvaient les clients am\u00e9ricains \u00e0 prononcer <a href=\"http:\/\/www.brp.com\/fr-CA\/\">Bombardier<\/a>. C\u2019est d\u2019ailleurs aux am\u00e9ricains que le Spyder sera d\u00e9voil\u00e9 en primeur&nbsp; \u00e0 la fin de la semaine du 9 f\u00e9vrier \u00e0 San Diego, en Californie. En attendant les photos de l\u2019engin, semble t\u2019il jalousement mises au secret par la firme, il faudra se contenter d\u2019une photo \u00ab vintage \u00bb la <a href=\"http:\/\/www.classiccanam.com\/\">250 Can-Am <\/a>de cross qui rappellera quelques souvenirs aux nostalgiques!<\/p>\n","protected":false},"excerpt":{"rendered":"<p>La compagnie canadienne Bombardier Produits R\u00e9cr\u00e9atifs (BRP) qui a invent\u00e9 la motoneige s\u2019appr\u00eate a lancer un tout nouveau type de moto. Le Spyder, tel est son nom, sera le premier v\u00e9hicule de la firme \u00e0 pouvoir \u00eatre conduit sur la voie publique. Avec cette innovation BRP sort des sentiers battus pour lancer sur la route [&hellip;]<\/p>\n","protected":false},"author":333,"featured_media":0,"comment_status":"open","ping_status":"open","sticky":false,"template":"","format":"standard","meta":{"footnotes":""},"categories":[49],"tags":[],"class_list":["post-1583","post","type-post","status-publish","format-standard","hentry","category-actualites-entreprise"],"yoast_head":"<!-- This site is optimized with the Yoast SEO plugin v26.0 - https:\/\/yoast.com\/wordpress\/plugins\/seo\/ -->\n<title>Bombardier lance un trail \u00e0 3 roues - leblogmoto.com<\/title>\n<meta name=\"robots\" content=\"index, follow, max-snippet:-1, max-image-preview:large, max-video-preview:-1\" \/>\n<link rel=\"canonical\" href=\"https:\/\/blogs.thesocialmedia.com\/leblogmoto\/2007\/02\/03\/bombardier-lanc\/\" \/>\n<meta name=\"twitter:card\" content=\"summary_large_image\" \/>\n<meta name=\"twitter:title\" content=\"Bombardier lance un trail \u00e0 3 roues - leblogmoto.com\" \/>\n<meta name=\"twitter:description\" content=\"La compagnie canadienne Bombardier Produits R\u00e9cr\u00e9atifs (BRP) qui a invent\u00e9 la motoneige s\u2019appr\u00eate a lancer un tout nouveau type de moto. Le Spyder, tel est son nom, sera le premier v\u00e9hicule de la firme \u00e0 pouvoir \u00eatre conduit sur la voie publique. Avec cette innovation BRP sort des sentiers battus pour lancer sur la route [&hellip;]\" \/>\n<meta name=\"twitter:image\" content=\"http:\/\/www.leblogmoto.com\/images\/bcadw001.jpg\" \/>\n<meta name=\"twitter:label1\" content=\"\u00c9crit par\" \/>\n\t<meta name=\"twitter:data1\" content=\"christian tirat\" \/>\n\t<meta name=\"twitter:label2\" content=\"Dur\u00e9e de lecture estim\u00e9e\" \/>\n\t<meta name=\"twitter:data2\" content=\"2 minutes\" \/>\n<script type=\"application\/ld+json\" class=\"yoast-schema-graph\">{\"@context\":\"https:\/\/schema.org\",\"@graph\":[{\"@type\":\"WebPage\",\"@id\":\"https:\/\/blogs.thesocialmedia.com\/leblogmoto\/2007\/02\/03\/bombardier-lanc\/\",\"url\":\"https:\/\/blogs.thesocialmedia.com\/leblogmoto\/2007\/02\/03\/bombardier-lanc\/\",\"name\":\"Bombardier lance un trail \u00e0 3 roues - leblogmoto.com\",\"isPartOf\":{\"@id\":\"https:\/\/blogs.thesocialmedia.com\/leblogmoto\/#website\"},\"primaryImageOfPage\":{\"@id\":\"https:\/\/blogs.thesocialmedia.com\/leblogmoto\/2007\/02\/03\/bombardier-lanc\/#primaryimage\"},\"image\":{\"@id\":\"https:\/\/blogs.thesocialmedia.com\/leblogmoto\/2007\/02\/03\/bombardier-lanc\/#primaryimage\"},\"thumbnailUrl\":\"http:\/\/www.leblogmoto.com\/images\/bcadw001.jpg\",\"datePublished\":\"2007-02-03T14:26:49+00:00\",\"dateModified\":\"2012-07-11T14:31:03+00:00\",\"author\":{\"@id\":\"https:\/\/blogs.thesocialmedia.com\/leblogmoto\/#\/schema\/person\/90b2f8fd0d5a2cede2580e95fc79c6c0\"},\"breadcrumb\":{\"@id\":\"https:\/\/blogs.thesocialmedia.com\/leblogmoto\/2007\/02\/03\/bombardier-lanc\/#breadcrumb\"},\"inLanguage\":\"fr-FR\",\"potentialAction\":[{\"@type\":\"ReadAction\",\"target\":[\"https:\/\/blogs.thesocialmedia.com\/leblogmoto\/2007\/02\/03\/bombardier-lanc\/\"]}]},{\"@type\":\"ImageObject\",\"inLanguage\":\"fr-FR\",\"@id\":\"https:\/\/blogs.thesocialmedia.com\/leblogmoto\/2007\/02\/03\/bombardier-lanc\/#primaryimage\",\"url\":\"http:\/\/www.leblogmoto.com\/images\/bcadw001.jpg\",\"contentUrl\":\"http:\/\/www.leblogmoto.com\/images\/bcadw001.jpg\"},{\"@type\":\"BreadcrumbList\",\"@id\":\"https:\/\/blogs.thesocialmedia.com\/leblogmoto\/2007\/02\/03\/bombardier-lanc\/#breadcrumb\",\"itemListElement\":[{\"@type\":\"ListItem\",\"position\":1,\"name\":\"Accueil\",\"item\":\"https:\/\/blogs.thesocialmedia.com\/leblogmoto\/\"},{\"@type\":\"ListItem\",\"position\":2,\"name\":\"Bombardier lance un trail \u00e0 3 roues\"}]},{\"@type\":\"WebSite\",\"@id\":\"https:\/\/blogs.thesocialmedia.com\/leblogmoto\/#website\",\"url\":\"https:\/\/blogs.thesocialmedia.com\/leblogmoto\/\",\"name\":\"leblogmoto\",\"description\":\"Toute l&#039;actualit\u00e9 des 2 roues\",\"potentialAction\":[{\"@type\":\"SearchAction\",\"target\":{\"@type\":\"EntryPoint\",\"urlTemplate\":\"https:\/\/blogs.thesocialmedia.com\/leblogmoto\/?s={search_term_string}\"},\"query-input\":{\"@type\":\"PropertyValueSpecification\",\"valueRequired\":true,\"valueName\":\"search_term_string\"}}],\"inLanguage\":\"fr-FR\"},{\"@type\":\"Person\",\"@id\":\"https:\/\/blogs.thesocialmedia.com\/leblogmoto\/#\/schema\/person\/90b2f8fd0d5a2cede2580e95fc79c6c0\",\"name\":\"christian tirat\",\"image\":{\"@type\":\"ImageObject\",\"inLanguage\":\"fr-FR\",\"@id\":\"https:\/\/blogs.thesocialmedia.com\/leblogmoto\/#\/schema\/person\/image\/\",\"url\":\"https:\/\/secure.gravatar.com\/avatar\/?s=96&d=mm&r=g\",\"contentUrl\":\"https:\/\/secure.gravatar.com\/avatar\/?s=96&d=mm&r=g\",\"caption\":\"christian tirat\"},\"url\":\"https:\/\/blogs.thesocialmedia.com\/leblogmoto\/author\/christian-tirat\/\"}]}<\/script>\n<!-- \/ Yoast SEO plugin. -->","yoast_head_json":{"title":"Bombardier lance un trail \u00e0 3 roues - leblogmoto.com","robots":{"index":"index","follow":"follow","max-snippet":"max-snippet:-1","max-image-preview":"max-image-preview:large","max-video-preview":"max-video-preview:-1"},"canonical":"https:\/\/blogs.thesocialmedia.com\/leblogmoto\/2007\/02\/03\/bombardier-lanc\/","twitter_card":"summary_large_image","twitter_title":"Bombardier lance un trail \u00e0 3 roues - leblogmoto.com","twitter_description":"La compagnie canadienne Bombardier Produits R\u00e9cr\u00e9atifs (BRP) qui a invent\u00e9 la motoneige s\u2019appr\u00eate a lancer un tout nouveau type de moto. Le Spyder, tel est son nom, sera le premier v\u00e9hicule de la firme \u00e0 pouvoir \u00eatre conduit sur la voie publique. Avec cette innovation BRP sort des sentiers battus pour lancer sur la route [&hellip;]","twitter_image":"http:\/\/www.leblogmoto.com\/images\/bcadw001.jpg","twitter_misc":{"\u00c9crit par":"christian tirat","Dur\u00e9e de lecture estim\u00e9e":"2 minutes"},"schema":{"@context":"https:\/\/schema.org","@graph":[{"@type":"WebPage","@id":"https:\/\/blogs.thesocialmedia.com\/leblogmoto\/2007\/02\/03\/bombardier-lanc\/","url":"https:\/\/blogs.thesocialmedia.com\/leblogmoto\/2007\/02\/03\/bombardier-lanc\/","name":"Bombardier lance un trail \u00e0 3 roues - leblogmoto.com","isPartOf":{"@id":"https:\/\/blogs.thesocialmedia.com\/leblogmoto\/#website"},"primaryImageOfPage":{"@id":"https:\/\/blogs.thesocialmedia.com\/leblogmoto\/2007\/02\/03\/bombardier-lanc\/#primaryimage"},"image":{"@id":"https:\/\/blogs.thesocialmedia.com\/leblogmoto\/2007\/02\/03\/bombardier-lanc\/#primaryimage"},"thumbnailUrl":"http:\/\/www.leblogmoto.com\/images\/bcadw001.jpg","datePublished":"2007-02-03T14:26:49+00:00","dateModified":"2012-07-11T14:31:03+00:00","author":{"@id":"https:\/\/blogs.thesocialmedia.com\/leblogmoto\/#\/schema\/person\/90b2f8fd0d5a2cede2580e95fc79c6c0"},"breadcrumb":{"@id":"https:\/\/blogs.thesocialmedia.com\/leblogmoto\/2007\/02\/03\/bombardier-lanc\/#breadcrumb"},"inLanguage":"fr-FR","potentialAction":[{"@type":"ReadAction","target":["https:\/\/blogs.thesocialmedia.com\/leblogmoto\/2007\/02\/03\/bombardier-lanc\/"]}]},{"@type":"ImageObject","inLanguage":"fr-FR","@id":"https:\/\/blogs.thesocialmedia.com\/leblogmoto\/2007\/02\/03\/bombardier-lanc\/#primaryimage","url":"http:\/\/www.leblogmoto.com\/images\/bcadw001.jpg","contentUrl":"http:\/\/www.leblogmoto.com\/images\/bcadw001.jpg"},{"@type":"BreadcrumbList","@id":"https:\/\/blogs.thesocialmedia.com\/leblogmoto\/2007\/02\/03\/bombardier-lanc\/#breadcrumb","itemListElement":[{"@type":"ListItem","position":1,"name":"Accueil","item":"https:\/\/blogs.thesocialmedia.com\/leblogmoto\/"},{"@type":"ListItem","position":2,"name":"Bombardier lance un trail \u00e0 3 roues"}]},{"@type":"WebSite","@id":"https:\/\/blogs.thesocialmedia.com\/leblogmoto\/#website","url":"https:\/\/blogs.thesocialmedia.com\/leblogmoto\/","name":"leblogmoto","description":"Toute l&#039;actualit\u00e9 des 2 roues","potentialAction":[{"@type":"SearchAction","target":{"@type":"EntryPoint","urlTemplate":"https:\/\/blogs.thesocialmedia.com\/leblogmoto\/?s={search_term_string}"},"query-input":{"@type":"PropertyValueSpecification","valueRequired":true,"valueName":"search_term_string"}}],"inLanguage":"fr-FR"},{"@type":"Person","@id":"https:\/\/blogs.thesocialmedia.com\/leblogmoto\/#\/schema\/person\/90b2f8fd0d5a2cede2580e95fc79c6c0","name":"christian tirat","image":{"@type":"ImageObject","inLanguage":"fr-FR","@id":"https:\/\/blogs.thesocialmedia.com\/leblogmoto\/#\/schema\/person\/image\/","url":"https:\/\/secure.gravatar.com\/avatar\/?s=96&d=mm&r=g","contentUrl":"https:\/\/secure.gravatar.com\/avatar\/?s=96&d=mm&r=g","caption":"christian tirat"},"url":"https:\/\/blogs.thesocialmedia.com\/leblogmoto\/author\/christian-tirat\/"}]}},"_links":{"self":[{"href":"https:\/\/blogs.thesocialmedia.com\/leblogmoto\/wp-json\/wp\/v2\/posts\/1583","targetHints":{"allow":["GET"]}}],"collection":[{"href":"https:\/\/blogs.thesocialmedia.com\/leblogmoto\/wp-json\/wp\/v2\/posts"}],"about":[{"href":"https:\/\/blogs.thesocialmedia.com\/leblogmoto\/wp-json\/wp\/v2\/types\/post"}],"author":[{"embeddable":true,"href":"https:\/\/blogs.thesocialmedia.com\/leblogmoto\/wp-json\/wp\/v2\/users\/333"}],"replies":[{"embeddable":true,"href":"https:\/\/blogs.thesocialmedia.com\/leblogmoto\/wp-json\/wp\/v2\/comments?post=1583"}],"version-history":[{"count":2,"href":"https:\/\/blogs.thesocialmedia.com\/leblogmoto\/wp-json\/wp\/v2\/posts\/1583\/revisions"}],"predecessor-version":[{"id":7965,"href":"https:\/\/blogs.thesocialmedia.com\/leblogmoto\/wp-json\/wp\/v2\/posts\/1583\/revisions\/7965"}],"wp:attachment":[{"href":"https:\/\/blogs.thesocialmedia.com\/leblogmoto\/wp-json\/wp\/v2\/media?parent=1583"}],"wp:term":[{"taxonomy":"category","embeddable":true,"href":"https:\/\/blogs.thesocialmedia.com\/leblogmoto\/wp-json\/wp\/v2\/categories?post=1583"},{"taxonomy":"post_tag","embeddable":true,"href":"https:\/\/blogs.thesocialmedia.com\/leblogmoto\/wp-json\/wp\/v2\/tags?post=1583"}],"curies":[{"name":"wp","href":"https:\/\/api.w.org\/{rel}","templated":true}]}}