{"id":1584,"date":"2007-02-03T11:24:19","date_gmt":"2007-02-03T11:24:19","guid":{"rendered":"http:\/\/blogs.thesocialmedia.com\/leblogmoto\/2007\/02\/03\/harley-grve-yor\/"},"modified":"2012-07-11T14:31:00","modified_gmt":"2012-07-11T14:31:00","slug":"harley-grve-yor","status":"publish","type":"post","link":"https:\/\/blogs.thesocialmedia.com\/leblogmoto\/2007\/02\/03\/harley-grve-yor\/","title":{"rendered":"Harley: Gr\u00e8ve \u00e0 York"},"content":{"rendered":"<p><a href=\"http:\/\/blogs.thesocialmedia.com\/leblogmoto\/files\/2012\/07\/harley11.jpg\"><img loading=\"lazy\" decoding=\"async\" width=\"250\" height=\"155\"  alt=\"Harley1\" src=\"http:\/\/blogs.thesocialmedia.com\/leblogmoto\/files\/2012\/07\/harley1.jpg\" style=\"margin: 0px 5px 5px 0px;float: left\" \/><\/a> Barri\u00e8res en ciment, entr\u00e9es et parkings bloqu\u00e9s, l\u2019usine <a href=\"http:\/\/www.harley-davidson.com\/wcm\/Content\/Pages\/home.jsp?locale=fr_FR\">Harley-Davidson<\/a> de York en Pensylvanie vit depuis vendredi son plus dur conflit social alors que le groupe affiche une sant\u00e9 florissante.<br \/>Avec 349.196 motos livr\u00e9es en 2006, un chiffre d&rsquo;affaires de 5,34 milliards en hausse de 8,6% et un b\u00e9n\u00e9fice net de 1,04 milliard de dollars, en hausse de 8,7% sur 2005, <a href=\"http:\/\/www.harley-davidson.com\/wcm\/Content\/Pages\/home.jsp?locale=fr_FR\">Harley<\/a> semblait in\u00e9branlable.<br \/>Anticipant les d\u00e9cisions syndicales, la direction avait arr\u00eat\u00e9 d\u00e8s jeudi les cha\u00eenes de production, notamment des mod\u00e8les Softails. <\/p>\n<p><a href=\"http:\/\/clabedan.typepad.com\/.shared\/image.html?\/photos\/uncategorized\/harley2.jpg\"><img loading=\"lazy\" decoding=\"async\" width=\"250\" height=\"188\"  alt=\"Harley2\" src=\"http:\/\/blogs.thesocialmedia.com\/leblogmoto\/files\/2012\/07\/harley2.jpg\" style=\"margin: 0px 5px 5px 0px;float: left\" \/><\/a><strong> M\u00e9moire courte<\/strong><\/p>\n<p> Les ouvriers de l\u2019entreprise n\u2019ont pas oubli\u00e9 qu\u2019ils ont sauv\u00e9 <a href=\"http:\/\/www.harley-davidson.com\/wcm\/Content\/Pages\/home.jsp?locale=fr_FR\">Harley-Davidson<\/a>, quand dans les ann\u00e9es 80 la marque \u00e9tait \u00e0 l\u2019agonie or, selon Tom Buffenbarger, le pr\u00e9sident du syndicat de branche (International Association of Machinists and Aerospace Workers &#8211; IAM) &quot;Harley a ensuite rencontr\u00e9 un succ\u00e8s international mais ils ont apparemment oubli\u00e9 comment ils en sont arriv\u00e9s l\u00e0&quot; et il poursuit &quot;<a href=\"http:\/\/www.harley-davidson.com\/wcm\/Content\/Pages\/home.jsp?locale=fr_FR\">Harley-Davidson<\/a> ne peut pas se conduire comme s&rsquo;il \u00e9tait au bord de la faillite&quot; <\/p>\n<p><strong> Les raisons de la col\u00e8re<\/strong><\/p>\n<p> La col\u00e8re syndicale se fonde sur une nouvelle convention collective propos\u00e9e par la direction que les ouvriers syndiqu\u00e9s refusent de signer. Le contrat proposait notamment une augmentation de salaire de 4% sur chacune des trois ann\u00e9es couvertes par la convention. Mais la moiti\u00e9 de cette hausse est li\u00e9e \u00e0 l&rsquo;acceptation par le syndicat d&rsquo;un nouveau syst\u00e8me de couverture-sant\u00e9 revenant moins cher au groupe et plus cher aux employ\u00e9s.<\/p>\n<p> &quot;Nous sommes d\u00e9\u00e7us par la d\u00e9cision du syndicat&quot;, a affirm\u00e9 Fred Gates, directeur de l&rsquo;usine de York. \u00ab Le contrat propos\u00e9 a \u00e9t\u00e9 fait pour aider \u00e0 contr\u00f4ler les futurs co\u00fbts qui pourraient \u00eatre nuisibles \u00e0 nos affaires sur le long terme. <a href=\"http:\/\/www.harley-davidson.com\/wcm\/Content\/Pages\/home.jsp?locale=fr_FR\">Harley-Davidson<\/a> est une compagnie forte aujourd&rsquo;hui, nous ne voulons pas nous retrouver dans dix ans dans la position que l&rsquo;industrie automobile de Detroit doit g\u00e9rer en ce moment \u00bb, a-t-il ajout\u00e9.<\/p>\n<p>A en croire Tom Boger le porte parole du mouvement \u00ab Il n&rsquo;y a aucun plan de n\u00e9gociation pr\u00e9vu, et la gr\u00e8ve est illimit\u00e9e \u00bb<\/p>\n<p> Rappelons que le si\u00e8ge de <a href=\"http:\/\/www.harley-davidson.com\/wcm\/Content\/Pages\/home.jsp?locale=fr_FR\">Harley-Davidson<\/a> se trouve \u00e0 Milwaukee (Wisconsin, nord) mais l&rsquo;usine de York, fond\u00e9e en 1973 est le principal site de production qui emploie environ la moiti\u00e9 des employ\u00e9s de la firme, soit quelque 3.200 personnes.<\/p>\n<p> Sources : AFP<\/p>\n","protected":false},"excerpt":{"rendered":"<p>Barri\u00e8res en ciment, entr\u00e9es et parkings bloqu\u00e9s, l\u2019usine Harley-Davidson de York en Pensylvanie vit depuis vendredi son plus dur conflit social alors que le groupe affiche une sant\u00e9 florissante.Avec 349.196 motos livr\u00e9es en 2006, un chiffre d&rsquo;affaires de 5,34 milliards en hausse de 8,6% et un b\u00e9n\u00e9fice net de 1,04 milliard de dollars, en hausse [&hellip;]<\/p>\n","protected":false},"author":333,"featured_media":3588,"comment_status":"open","ping_status":"open","sticky":false,"template":"","format":"standard","meta":{"footnotes":""},"categories":[29],"tags":[],"class_list":["post-1584","post","type-post","status-publish","format-standard","has-post-thumbnail","hentry","category-harley-davidson"],"yoast_head":"<!-- This site is optimized with the Yoast SEO plugin v26.0 - https:\/\/yoast.com\/wordpress\/plugins\/seo\/ -->\n<title>Harley: Gr\u00e8ve \u00e0 York - leblogmoto.com<\/title>\n<meta name=\"robots\" content=\"index, follow, max-snippet:-1, max-image-preview:large, max-video-preview:-1\" \/>\n<link rel=\"canonical\" href=\"https:\/\/blogs.thesocialmedia.com\/leblogmoto\/2007\/02\/03\/harley-grve-yor\/\" \/>\n<meta name=\"twitter:card\" content=\"summary_large_image\" \/>\n<meta name=\"twitter:title\" content=\"Harley: Gr\u00e8ve \u00e0 York - leblogmoto.com\" \/>\n<meta name=\"twitter:description\" content=\"Barri\u00e8res en ciment, entr\u00e9es et parkings bloqu\u00e9s, l\u2019usine Harley-Davidson de York en Pensylvanie vit depuis vendredi son plus dur conflit social alors que le groupe affiche une sant\u00e9 florissante.Avec 349.196 motos livr\u00e9es en 2006, un chiffre d&rsquo;affaires de 5,34 milliards en hausse de 8,6% et un b\u00e9n\u00e9fice net de 1,04 milliard de dollars, en hausse [&hellip;]\" \/>\n<meta name=\"twitter:image\" content=\"https:\/\/blogs.thesocialmedia.com\/leblogmoto\/files\/2012\/07\/harley1.jpg\" \/>\n<meta name=\"twitter:label1\" content=\"\u00c9crit par\" \/>\n\t<meta name=\"twitter:data1\" content=\"christian tirat\" \/>\n\t<meta name=\"twitter:label2\" content=\"Dur\u00e9e de lecture estim\u00e9e\" \/>\n\t<meta name=\"twitter:data2\" content=\"2 minutes\" \/>\n<script type=\"application\/ld+json\" class=\"yoast-schema-graph\">{\"@context\":\"https:\/\/schema.org\",\"@graph\":[{\"@type\":\"WebPage\",\"@id\":\"https:\/\/blogs.thesocialmedia.com\/leblogmoto\/2007\/02\/03\/harley-grve-yor\/\",\"url\":\"https:\/\/blogs.thesocialmedia.com\/leblogmoto\/2007\/02\/03\/harley-grve-yor\/\",\"name\":\"Harley: Gr\u00e8ve \u00e0 York - leblogmoto.com\",\"isPartOf\":{\"@id\":\"https:\/\/blogs.thesocialmedia.com\/leblogmoto\/#website\"},\"primaryImageOfPage\":{\"@id\":\"https:\/\/blogs.thesocialmedia.com\/leblogmoto\/2007\/02\/03\/harley-grve-yor\/#primaryimage\"},\"image\":{\"@id\":\"https:\/\/blogs.thesocialmedia.com\/leblogmoto\/2007\/02\/03\/harley-grve-yor\/#primaryimage\"},\"thumbnailUrl\":\"https:\/\/blogs.thesocialmedia.com\/leblogmoto\/files\/2012\/07\/harley1.jpg\",\"datePublished\":\"2007-02-03T11:24:19+00:00\",\"dateModified\":\"2012-07-11T14:31:00+00:00\",\"author\":{\"@id\":\"https:\/\/blogs.thesocialmedia.com\/leblogmoto\/#\/schema\/person\/90b2f8fd0d5a2cede2580e95fc79c6c0\"},\"breadcrumb\":{\"@id\":\"https:\/\/blogs.thesocialmedia.com\/leblogmoto\/2007\/02\/03\/harley-grve-yor\/#breadcrumb\"},\"inLanguage\":\"fr-FR\",\"potentialAction\":[{\"@type\":\"ReadAction\",\"target\":[\"https:\/\/blogs.thesocialmedia.com\/leblogmoto\/2007\/02\/03\/harley-grve-yor\/\"]}]},{\"@type\":\"ImageObject\",\"inLanguage\":\"fr-FR\",\"@id\":\"https:\/\/blogs.thesocialmedia.com\/leblogmoto\/2007\/02\/03\/harley-grve-yor\/#primaryimage\",\"url\":\"https:\/\/blogs.thesocialmedia.com\/leblogmoto\/files\/2012\/07\/harley1.jpg\",\"contentUrl\":\"https:\/\/blogs.thesocialmedia.com\/leblogmoto\/files\/2012\/07\/harley1.jpg\",\"width\":\"800\",\"height\":\"510\"},{\"@type\":\"BreadcrumbList\",\"@id\":\"https:\/\/blogs.thesocialmedia.com\/leblogmoto\/2007\/02\/03\/harley-grve-yor\/#breadcrumb\",\"itemListElement\":[{\"@type\":\"ListItem\",\"position\":1,\"name\":\"Accueil\",\"item\":\"https:\/\/blogs.thesocialmedia.com\/leblogmoto\/\"},{\"@type\":\"ListItem\",\"position\":2,\"name\":\"Harley: Gr\u00e8ve \u00e0 York\"}]},{\"@type\":\"WebSite\",\"@id\":\"https:\/\/blogs.thesocialmedia.com\/leblogmoto\/#website\",\"url\":\"https:\/\/blogs.thesocialmedia.com\/leblogmoto\/\",\"name\":\"leblogmoto\",\"description\":\"Toute l&#039;actualit\u00e9 des 2 roues\",\"potentialAction\":[{\"@type\":\"SearchAction\",\"target\":{\"@type\":\"EntryPoint\",\"urlTemplate\":\"https:\/\/blogs.thesocialmedia.com\/leblogmoto\/?s={search_term_string}\"},\"query-input\":{\"@type\":\"PropertyValueSpecification\",\"valueRequired\":true,\"valueName\":\"search_term_string\"}}],\"inLanguage\":\"fr-FR\"},{\"@type\":\"Person\",\"@id\":\"https:\/\/blogs.thesocialmedia.com\/leblogmoto\/#\/schema\/person\/90b2f8fd0d5a2cede2580e95fc79c6c0\",\"name\":\"christian tirat\",\"image\":{\"@type\":\"ImageObject\",\"inLanguage\":\"fr-FR\",\"@id\":\"https:\/\/blogs.thesocialmedia.com\/leblogmoto\/#\/schema\/person\/image\/\",\"url\":\"https:\/\/secure.gravatar.com\/avatar\/?s=96&d=mm&r=g\",\"contentUrl\":\"https:\/\/secure.gravatar.com\/avatar\/?s=96&d=mm&r=g\",\"caption\":\"christian tirat\"},\"url\":\"https:\/\/blogs.thesocialmedia.com\/leblogmoto\/author\/christian-tirat\/\"}]}<\/script>\n<!-- \/ Yoast SEO plugin. -->","yoast_head_json":{"title":"Harley: Gr\u00e8ve \u00e0 York - leblogmoto.com","robots":{"index":"index","follow":"follow","max-snippet":"max-snippet:-1","max-image-preview":"max-image-preview:large","max-video-preview":"max-video-preview:-1"},"canonical":"https:\/\/blogs.thesocialmedia.com\/leblogmoto\/2007\/02\/03\/harley-grve-yor\/","twitter_card":"summary_large_image","twitter_title":"Harley: Gr\u00e8ve \u00e0 York - leblogmoto.com","twitter_description":"Barri\u00e8res en ciment, entr\u00e9es et parkings bloqu\u00e9s, l\u2019usine Harley-Davidson de York en Pensylvanie vit depuis vendredi son plus dur conflit social alors que le groupe affiche une sant\u00e9 florissante.Avec 349.196 motos livr\u00e9es en 2006, un chiffre d&rsquo;affaires de 5,34 milliards en hausse de 8,6% et un b\u00e9n\u00e9fice net de 1,04 milliard de dollars, en hausse [&hellip;]","twitter_image":"https:\/\/blogs.thesocialmedia.com\/leblogmoto\/files\/2012\/07\/harley1.jpg","twitter_misc":{"\u00c9crit par":"christian tirat","Dur\u00e9e de lecture estim\u00e9e":"2 minutes"},"schema":{"@context":"https:\/\/schema.org","@graph":[{"@type":"WebPage","@id":"https:\/\/blogs.thesocialmedia.com\/leblogmoto\/2007\/02\/03\/harley-grve-yor\/","url":"https:\/\/blogs.thesocialmedia.com\/leblogmoto\/2007\/02\/03\/harley-grve-yor\/","name":"Harley: Gr\u00e8ve \u00e0 York - leblogmoto.com","isPartOf":{"@id":"https:\/\/blogs.thesocialmedia.com\/leblogmoto\/#website"},"primaryImageOfPage":{"@id":"https:\/\/blogs.thesocialmedia.com\/leblogmoto\/2007\/02\/03\/harley-grve-yor\/#primaryimage"},"image":{"@id":"https:\/\/blogs.thesocialmedia.com\/leblogmoto\/2007\/02\/03\/harley-grve-yor\/#primaryimage"},"thumbnailUrl":"https:\/\/blogs.thesocialmedia.com\/leblogmoto\/files\/2012\/07\/harley1.jpg","datePublished":"2007-02-03T11:24:19+00:00","dateModified":"2012-07-11T14:31:00+00:00","author":{"@id":"https:\/\/blogs.thesocialmedia.com\/leblogmoto\/#\/schema\/person\/90b2f8fd0d5a2cede2580e95fc79c6c0"},"breadcrumb":{"@id":"https:\/\/blogs.thesocialmedia.com\/leblogmoto\/2007\/02\/03\/harley-grve-yor\/#breadcrumb"},"inLanguage":"fr-FR","potentialAction":[{"@type":"ReadAction","target":["https:\/\/blogs.thesocialmedia.com\/leblogmoto\/2007\/02\/03\/harley-grve-yor\/"]}]},{"@type":"ImageObject","inLanguage":"fr-FR","@id":"https:\/\/blogs.thesocialmedia.com\/leblogmoto\/2007\/02\/03\/harley-grve-yor\/#primaryimage","url":"https:\/\/blogs.thesocialmedia.com\/leblogmoto\/files\/2012\/07\/harley1.jpg","contentUrl":"https:\/\/blogs.thesocialmedia.com\/leblogmoto\/files\/2012\/07\/harley1.jpg","width":"800","height":"510"},{"@type":"BreadcrumbList","@id":"https:\/\/blogs.thesocialmedia.com\/leblogmoto\/2007\/02\/03\/harley-grve-yor\/#breadcrumb","itemListElement":[{"@type":"ListItem","position":1,"name":"Accueil","item":"https:\/\/blogs.thesocialmedia.com\/leblogmoto\/"},{"@type":"ListItem","position":2,"name":"Harley: Gr\u00e8ve \u00e0 York"}]},{"@type":"WebSite","@id":"https:\/\/blogs.thesocialmedia.com\/leblogmoto\/#website","url":"https:\/\/blogs.thesocialmedia.com\/leblogmoto\/","name":"leblogmoto","description":"Toute l&#039;actualit\u00e9 des 2 roues","potentialAction":[{"@type":"SearchAction","target":{"@type":"EntryPoint","urlTemplate":"https:\/\/blogs.thesocialmedia.com\/leblogmoto\/?s={search_term_string}"},"query-input":{"@type":"PropertyValueSpecification","valueRequired":true,"valueName":"search_term_string"}}],"inLanguage":"fr-FR"},{"@type":"Person","@id":"https:\/\/blogs.thesocialmedia.com\/leblogmoto\/#\/schema\/person\/90b2f8fd0d5a2cede2580e95fc79c6c0","name":"christian tirat","image":{"@type":"ImageObject","inLanguage":"fr-FR","@id":"https:\/\/blogs.thesocialmedia.com\/leblogmoto\/#\/schema\/person\/image\/","url":"https:\/\/secure.gravatar.com\/avatar\/?s=96&d=mm&r=g","contentUrl":"https:\/\/secure.gravatar.com\/avatar\/?s=96&d=mm&r=g","caption":"christian tirat"},"url":"https:\/\/blogs.thesocialmedia.com\/leblogmoto\/author\/christian-tirat\/"}]}},"_links":{"self":[{"href":"https:\/\/blogs.thesocialmedia.com\/leblogmoto\/wp-json\/wp\/v2\/posts\/1584","targetHints":{"allow":["GET"]}}],"collection":[{"href":"https:\/\/blogs.thesocialmedia.com\/leblogmoto\/wp-json\/wp\/v2\/posts"}],"about":[{"href":"https:\/\/blogs.thesocialmedia.com\/leblogmoto\/wp-json\/wp\/v2\/types\/post"}],"author":[{"embeddable":true,"href":"https:\/\/blogs.thesocialmedia.com\/leblogmoto\/wp-json\/wp\/v2\/users\/333"}],"replies":[{"embeddable":true,"href":"https:\/\/blogs.thesocialmedia.com\/leblogmoto\/wp-json\/wp\/v2\/comments?post=1584"}],"version-history":[{"count":2,"href":"https:\/\/blogs.thesocialmedia.com\/leblogmoto\/wp-json\/wp\/v2\/posts\/1584\/revisions"}],"predecessor-version":[{"id":7963,"href":"https:\/\/blogs.thesocialmedia.com\/leblogmoto\/wp-json\/wp\/v2\/posts\/1584\/revisions\/7963"}],"wp:featuredmedia":[{"embeddable":true,"href":"https:\/\/blogs.thesocialmedia.com\/leblogmoto\/wp-json\/wp\/v2\/media\/3588"}],"wp:attachment":[{"href":"https:\/\/blogs.thesocialmedia.com\/leblogmoto\/wp-json\/wp\/v2\/media?parent=1584"}],"wp:term":[{"taxonomy":"category","embeddable":true,"href":"https:\/\/blogs.thesocialmedia.com\/leblogmoto\/wp-json\/wp\/v2\/categories?post=1584"},{"taxonomy":"post_tag","embeddable":true,"href":"https:\/\/blogs.thesocialmedia.com\/leblogmoto\/wp-json\/wp\/v2\/tags?post=1584"}],"curies":[{"name":"wp","href":"https:\/\/api.w.org\/{rel}","templated":true}]}}