{"id":1586,"date":"2007-01-28T23:24:09","date_gmt":"2007-01-28T23:24:09","guid":{"rendered":"http:\/\/blogs.thesocialmedia.com\/leblogmoto\/2007\/01\/28\/motogp-melandri-2\/"},"modified":"2012-07-11T14:30:56","modified_gmt":"2012-07-11T14:30:56","slug":"motogp-melandri-2","status":"publish","type":"post","link":"https:\/\/blogs.thesocialmedia.com\/leblogmoto\/2007\/01\/28\/motogp-melandri-2\/","title":{"rendered":"MotoGP : Melandri, l\u2019italien au pied chaud"},"content":{"rendered":"<p><a href=\"http:\/\/blogs.thesocialmedia.com\/leblogmoto\/files\/2012\/07\/index1.jpg\"><img loading=\"lazy\" decoding=\"async\" width=\"250\" height=\"377\"  src=\"http:\/\/www.leblogmoto.com\/images\/index1.jpg\" alt=\"Index1\" style=\"margin: 0px 5px 5px 0px;float: left\" \/><\/a> Class\u00e9 second en 2005 et quatri\u00e8me l&rsquo;ann\u00e9e derni\u00e8re en MotoGP, le pilote Italien <a href=\"http:\/\/marco.melandri.free.fr\/\">Marco Melandri<\/a> aimerait faire au moins aussi bien cette ann\u00e9e. C\u2019est en tout cas l\u2019impression qu\u2019il a donn\u00e9e ce week-end sur <a href=\"http:\/\/www.malaysiangp.com.my\/\">le circuit Malais de Sepang<\/a>.<\/p>\n<p>Leader de l&rsquo;\u00e9curie de <a href=\"http:\/\/www.gresiniracing.com\/Team\/gresini.asp?LN=IT&amp;IDFolder=233\">Fausto Gresini<\/a>, le jeune pilote italien ne cachait pas son plaisir de retrouver la selle de sa <a href=\"http:\/\/world.honda.com\/news\/2006\/2061031RC212V\/\">Honda RC212V<\/a> et d&rsquo;en continuer la mise au point. Un autre objectif essentiel consistait a tester le comportement de ses nouveaux pneus <a href=\"http:\/\/www.bridgestone.com\/\">Bridgestone<\/a>:<br \/>\u00ab Je suis satisfait du travail accompli. Nous avons atteint les objectifs que nous nous \u00e9tions fix\u00e9s. Aujourd&rsquo;hui, nous avons test\u00e9 divers types de pneus, avants et arri\u00e8res. Il \u00e9tait important de comprendre quelle direction prendre et je suis content de notre travail et de mes sensations. Le pneu avant me plait beaucoup et l&rsquo;arri\u00e8re marche assez bien aussi \u00bb, a t\u2019il comment\u00e9.<\/p>\n<p> Mais comme il y \u00e0 souvent un revers \u00e0 la m\u00e9daille, le jeune Italien a rencontr\u00e9 un chaud probl\u00e8me. Le moteur de sa moto fait chauffer son cale-pied droit et lui \u00ab cuit \u00bb le pied. Il a de ce fait \u00e9t\u00e9 contraint d\u2019arr\u00eater une simulation de course. <br \/>\u00ab j&rsquo;ai d\u00fb arr\u00eater au bout de douze tours parce que j&rsquo;avais trop chaud au pied droit. J&rsquo;ai beaucoup souffert de ce probl\u00e8me ces derniers jours et je vais travailler sur les bottes pour essayer de r\u00e9gler \u00e7a \u00bb, devait-il admettre.<\/p>\n<p> Le pilote italien se dit satisfait de cette premi\u00e8re s\u00e9ance malgr\u00e9 des chronos modestes en partie imputables \u00e0 son op\u00e9ration chirurgicale de l&rsquo;hiver. Melandri a abord\u00e9 les essais de Sepang \u00e0 70% de sa forme physique et en a souffert dans l&rsquo;\u00e9prouvante moiteur malaise, 30\u00b0 et 55% d\u2019humidit\u00e9. <\/p>\n<p>Suite des essais officiels la semaine prochaine sur le <a href=\"http:\/\/bikes.grandprix.com.au\/\">circuit australien de Phillip Island<\/a>.<\/p>\n","protected":false},"excerpt":{"rendered":"<p>Class\u00e9 second en 2005 et quatri\u00e8me l&rsquo;ann\u00e9e derni\u00e8re en MotoGP, le pilote Italien Marco Melandri aimerait faire au moins aussi bien cette ann\u00e9e. C\u2019est en tout cas l\u2019impression qu\u2019il a donn\u00e9e ce week-end sur le circuit Malais de Sepang. Leader de l&rsquo;\u00e9curie de Fausto Gresini, le jeune pilote italien ne cachait pas son plaisir de [&hellip;]<\/p>\n","protected":false},"author":333,"featured_media":0,"comment_status":"open","ping_status":"open","sticky":false,"template":"","format":"standard","meta":{"footnotes":""},"categories":[22],"tags":[],"class_list":["post-1586","post","type-post","status-publish","format-standard","hentry","category-motogp"],"yoast_head":"<!-- This site is optimized with the Yoast SEO plugin v26.0 - https:\/\/yoast.com\/wordpress\/plugins\/seo\/ -->\n<title>MotoGP : Melandri, l\u2019italien au pied chaud - leblogmoto.com<\/title>\n<meta name=\"robots\" content=\"index, follow, max-snippet:-1, max-image-preview:large, max-video-preview:-1\" \/>\n<link rel=\"canonical\" href=\"https:\/\/blogs.thesocialmedia.com\/leblogmoto\/2007\/01\/28\/motogp-melandri-2\/\" \/>\n<meta name=\"twitter:card\" content=\"summary_large_image\" \/>\n<meta name=\"twitter:title\" content=\"MotoGP : Melandri, l\u2019italien au pied chaud - leblogmoto.com\" \/>\n<meta name=\"twitter:description\" content=\"Class\u00e9 second en 2005 et quatri\u00e8me l&rsquo;ann\u00e9e derni\u00e8re en MotoGP, le pilote Italien Marco Melandri aimerait faire au moins aussi bien cette ann\u00e9e. C\u2019est en tout cas l\u2019impression qu\u2019il a donn\u00e9e ce week-end sur le circuit Malais de Sepang. Leader de l&rsquo;\u00e9curie de Fausto Gresini, le jeune pilote italien ne cachait pas son plaisir de [&hellip;]\" \/>\n<meta name=\"twitter:image\" content=\"http:\/\/www.leblogmoto.com\/images\/index1.jpg\" \/>\n<meta name=\"twitter:label1\" content=\"\u00c9crit par\" \/>\n\t<meta name=\"twitter:data1\" content=\"christian tirat\" \/>\n\t<meta name=\"twitter:label2\" content=\"Dur\u00e9e de lecture estim\u00e9e\" \/>\n\t<meta name=\"twitter:data2\" content=\"2 minutes\" \/>\n<script type=\"application\/ld+json\" class=\"yoast-schema-graph\">{\"@context\":\"https:\/\/schema.org\",\"@graph\":[{\"@type\":\"WebPage\",\"@id\":\"https:\/\/blogs.thesocialmedia.com\/leblogmoto\/2007\/01\/28\/motogp-melandri-2\/\",\"url\":\"https:\/\/blogs.thesocialmedia.com\/leblogmoto\/2007\/01\/28\/motogp-melandri-2\/\",\"name\":\"MotoGP : Melandri, l\u2019italien au pied chaud - leblogmoto.com\",\"isPartOf\":{\"@id\":\"https:\/\/blogs.thesocialmedia.com\/leblogmoto\/#website\"},\"primaryImageOfPage\":{\"@id\":\"https:\/\/blogs.thesocialmedia.com\/leblogmoto\/2007\/01\/28\/motogp-melandri-2\/#primaryimage\"},\"image\":{\"@id\":\"https:\/\/blogs.thesocialmedia.com\/leblogmoto\/2007\/01\/28\/motogp-melandri-2\/#primaryimage\"},\"thumbnailUrl\":\"http:\/\/www.leblogmoto.com\/images\/index1.jpg\",\"datePublished\":\"2007-01-28T23:24:09+00:00\",\"dateModified\":\"2012-07-11T14:30:56+00:00\",\"author\":{\"@id\":\"https:\/\/blogs.thesocialmedia.com\/leblogmoto\/#\/schema\/person\/90b2f8fd0d5a2cede2580e95fc79c6c0\"},\"breadcrumb\":{\"@id\":\"https:\/\/blogs.thesocialmedia.com\/leblogmoto\/2007\/01\/28\/motogp-melandri-2\/#breadcrumb\"},\"inLanguage\":\"fr-FR\",\"potentialAction\":[{\"@type\":\"ReadAction\",\"target\":[\"https:\/\/blogs.thesocialmedia.com\/leblogmoto\/2007\/01\/28\/motogp-melandri-2\/\"]}]},{\"@type\":\"ImageObject\",\"inLanguage\":\"fr-FR\",\"@id\":\"https:\/\/blogs.thesocialmedia.com\/leblogmoto\/2007\/01\/28\/motogp-melandri-2\/#primaryimage\",\"url\":\"http:\/\/www.leblogmoto.com\/images\/index1.jpg\",\"contentUrl\":\"http:\/\/www.leblogmoto.com\/images\/index1.jpg\"},{\"@type\":\"BreadcrumbList\",\"@id\":\"https:\/\/blogs.thesocialmedia.com\/leblogmoto\/2007\/01\/28\/motogp-melandri-2\/#breadcrumb\",\"itemListElement\":[{\"@type\":\"ListItem\",\"position\":1,\"name\":\"Accueil\",\"item\":\"https:\/\/blogs.thesocialmedia.com\/leblogmoto\/\"},{\"@type\":\"ListItem\",\"position\":2,\"name\":\"MotoGP : Melandri, l\u2019italien au pied chaud\"}]},{\"@type\":\"WebSite\",\"@id\":\"https:\/\/blogs.thesocialmedia.com\/leblogmoto\/#website\",\"url\":\"https:\/\/blogs.thesocialmedia.com\/leblogmoto\/\",\"name\":\"leblogmoto\",\"description\":\"Toute l&#039;actualit\u00e9 des 2 roues\",\"potentialAction\":[{\"@type\":\"SearchAction\",\"target\":{\"@type\":\"EntryPoint\",\"urlTemplate\":\"https:\/\/blogs.thesocialmedia.com\/leblogmoto\/?s={search_term_string}\"},\"query-input\":{\"@type\":\"PropertyValueSpecification\",\"valueRequired\":true,\"valueName\":\"search_term_string\"}}],\"inLanguage\":\"fr-FR\"},{\"@type\":\"Person\",\"@id\":\"https:\/\/blogs.thesocialmedia.com\/leblogmoto\/#\/schema\/person\/90b2f8fd0d5a2cede2580e95fc79c6c0\",\"name\":\"christian tirat\",\"image\":{\"@type\":\"ImageObject\",\"inLanguage\":\"fr-FR\",\"@id\":\"https:\/\/blogs.thesocialmedia.com\/leblogmoto\/#\/schema\/person\/image\/\",\"url\":\"https:\/\/secure.gravatar.com\/avatar\/?s=96&d=mm&r=g\",\"contentUrl\":\"https:\/\/secure.gravatar.com\/avatar\/?s=96&d=mm&r=g\",\"caption\":\"christian tirat\"},\"url\":\"https:\/\/blogs.thesocialmedia.com\/leblogmoto\/author\/christian-tirat\/\"}]}<\/script>\n<!-- \/ Yoast SEO plugin. -->","yoast_head_json":{"title":"MotoGP : Melandri, l\u2019italien au pied chaud - leblogmoto.com","robots":{"index":"index","follow":"follow","max-snippet":"max-snippet:-1","max-image-preview":"max-image-preview:large","max-video-preview":"max-video-preview:-1"},"canonical":"https:\/\/blogs.thesocialmedia.com\/leblogmoto\/2007\/01\/28\/motogp-melandri-2\/","twitter_card":"summary_large_image","twitter_title":"MotoGP : Melandri, l\u2019italien au pied chaud - leblogmoto.com","twitter_description":"Class\u00e9 second en 2005 et quatri\u00e8me l&rsquo;ann\u00e9e derni\u00e8re en MotoGP, le pilote Italien Marco Melandri aimerait faire au moins aussi bien cette ann\u00e9e. C\u2019est en tout cas l\u2019impression qu\u2019il a donn\u00e9e ce week-end sur le circuit Malais de Sepang. Leader de l&rsquo;\u00e9curie de Fausto Gresini, le jeune pilote italien ne cachait pas son plaisir de [&hellip;]","twitter_image":"http:\/\/www.leblogmoto.com\/images\/index1.jpg","twitter_misc":{"\u00c9crit par":"christian tirat","Dur\u00e9e de lecture estim\u00e9e":"2 minutes"},"schema":{"@context":"https:\/\/schema.org","@graph":[{"@type":"WebPage","@id":"https:\/\/blogs.thesocialmedia.com\/leblogmoto\/2007\/01\/28\/motogp-melandri-2\/","url":"https:\/\/blogs.thesocialmedia.com\/leblogmoto\/2007\/01\/28\/motogp-melandri-2\/","name":"MotoGP : Melandri, l\u2019italien au pied chaud - leblogmoto.com","isPartOf":{"@id":"https:\/\/blogs.thesocialmedia.com\/leblogmoto\/#website"},"primaryImageOfPage":{"@id":"https:\/\/blogs.thesocialmedia.com\/leblogmoto\/2007\/01\/28\/motogp-melandri-2\/#primaryimage"},"image":{"@id":"https:\/\/blogs.thesocialmedia.com\/leblogmoto\/2007\/01\/28\/motogp-melandri-2\/#primaryimage"},"thumbnailUrl":"http:\/\/www.leblogmoto.com\/images\/index1.jpg","datePublished":"2007-01-28T23:24:09+00:00","dateModified":"2012-07-11T14:30:56+00:00","author":{"@id":"https:\/\/blogs.thesocialmedia.com\/leblogmoto\/#\/schema\/person\/90b2f8fd0d5a2cede2580e95fc79c6c0"},"breadcrumb":{"@id":"https:\/\/blogs.thesocialmedia.com\/leblogmoto\/2007\/01\/28\/motogp-melandri-2\/#breadcrumb"},"inLanguage":"fr-FR","potentialAction":[{"@type":"ReadAction","target":["https:\/\/blogs.thesocialmedia.com\/leblogmoto\/2007\/01\/28\/motogp-melandri-2\/"]}]},{"@type":"ImageObject","inLanguage":"fr-FR","@id":"https:\/\/blogs.thesocialmedia.com\/leblogmoto\/2007\/01\/28\/motogp-melandri-2\/#primaryimage","url":"http:\/\/www.leblogmoto.com\/images\/index1.jpg","contentUrl":"http:\/\/www.leblogmoto.com\/images\/index1.jpg"},{"@type":"BreadcrumbList","@id":"https:\/\/blogs.thesocialmedia.com\/leblogmoto\/2007\/01\/28\/motogp-melandri-2\/#breadcrumb","itemListElement":[{"@type":"ListItem","position":1,"name":"Accueil","item":"https:\/\/blogs.thesocialmedia.com\/leblogmoto\/"},{"@type":"ListItem","position":2,"name":"MotoGP : Melandri, l\u2019italien au pied chaud"}]},{"@type":"WebSite","@id":"https:\/\/blogs.thesocialmedia.com\/leblogmoto\/#website","url":"https:\/\/blogs.thesocialmedia.com\/leblogmoto\/","name":"leblogmoto","description":"Toute l&#039;actualit\u00e9 des 2 roues","potentialAction":[{"@type":"SearchAction","target":{"@type":"EntryPoint","urlTemplate":"https:\/\/blogs.thesocialmedia.com\/leblogmoto\/?s={search_term_string}"},"query-input":{"@type":"PropertyValueSpecification","valueRequired":true,"valueName":"search_term_string"}}],"inLanguage":"fr-FR"},{"@type":"Person","@id":"https:\/\/blogs.thesocialmedia.com\/leblogmoto\/#\/schema\/person\/90b2f8fd0d5a2cede2580e95fc79c6c0","name":"christian tirat","image":{"@type":"ImageObject","inLanguage":"fr-FR","@id":"https:\/\/blogs.thesocialmedia.com\/leblogmoto\/#\/schema\/person\/image\/","url":"https:\/\/secure.gravatar.com\/avatar\/?s=96&d=mm&r=g","contentUrl":"https:\/\/secure.gravatar.com\/avatar\/?s=96&d=mm&r=g","caption":"christian tirat"},"url":"https:\/\/blogs.thesocialmedia.com\/leblogmoto\/author\/christian-tirat\/"}]}},"_links":{"self":[{"href":"https:\/\/blogs.thesocialmedia.com\/leblogmoto\/wp-json\/wp\/v2\/posts\/1586","targetHints":{"allow":["GET"]}}],"collection":[{"href":"https:\/\/blogs.thesocialmedia.com\/leblogmoto\/wp-json\/wp\/v2\/posts"}],"about":[{"href":"https:\/\/blogs.thesocialmedia.com\/leblogmoto\/wp-json\/wp\/v2\/types\/post"}],"author":[{"embeddable":true,"href":"https:\/\/blogs.thesocialmedia.com\/leblogmoto\/wp-json\/wp\/v2\/users\/333"}],"replies":[{"embeddable":true,"href":"https:\/\/blogs.thesocialmedia.com\/leblogmoto\/wp-json\/wp\/v2\/comments?post=1586"}],"version-history":[{"count":2,"href":"https:\/\/blogs.thesocialmedia.com\/leblogmoto\/wp-json\/wp\/v2\/posts\/1586\/revisions"}],"predecessor-version":[{"id":7959,"href":"https:\/\/blogs.thesocialmedia.com\/leblogmoto\/wp-json\/wp\/v2\/posts\/1586\/revisions\/7959"}],"wp:attachment":[{"href":"https:\/\/blogs.thesocialmedia.com\/leblogmoto\/wp-json\/wp\/v2\/media?parent=1586"}],"wp:term":[{"taxonomy":"category","embeddable":true,"href":"https:\/\/blogs.thesocialmedia.com\/leblogmoto\/wp-json\/wp\/v2\/categories?post=1586"},{"taxonomy":"post_tag","embeddable":true,"href":"https:\/\/blogs.thesocialmedia.com\/leblogmoto\/wp-json\/wp\/v2\/tags?post=1586"}],"curies":[{"name":"wp","href":"https:\/\/api.w.org\/{rel}","templated":true}]}}