{"id":1587,"date":"2007-01-28T21:47:59","date_gmt":"2007-01-28T21:47:59","guid":{"rendered":"http:\/\/blogs.thesocialmedia.com\/leblogmoto\/2007\/01\/28\/trial-en-salle-1-2\/"},"modified":"2012-07-11T14:30:54","modified_gmt":"2012-07-11T14:30:54","slug":"trial-en-salle-1-2","status":"publish","type":"post","link":"https:\/\/blogs.thesocialmedia.com\/leblogmoto\/2007\/01\/28\/trial-en-salle-1-2\/","title":{"rendered":"Trial en Salle : quatri\u00e8me Trial de Pau"},"content":{"rendered":"<p><a href=\"http:\/\/blogs.thesocialmedia.com\/leblogmoto\/files\/2012\/07\/indoorpau_1.jpg\"><img loading=\"lazy\" decoding=\"async\" width=\"250\" height=\"195\"  alt=\"Indoorpau_1\" src=\"http:\/\/www.leblogmoto.com\/images\/indoorpau_1.jpg\" style=\"margin: 0px 5px 5px 0px;float: left\" \/><\/a> Apr\u00e8s <a href=\"http:\/\/www.leblogmoto.com\/2007\/01\/xxme_trial_indo.html#more\">Toulouse<\/a>, Bercy et <a href=\"http:\/\/www.leblogmoto.com\/2007\/01\/mondial_de_tria.html#more\">Marseille<\/a>, l\u2019Indoor de Pau qui se d\u00e9roulera le 16 f\u00e9vrier pourrait bien devenir une nouvelle r\u00e9f\u00e9rence des Trials Indoor Fran\u00e7ais.<\/p>\n<p>L\u2019ASM Moto Verte de Pau organisatrice de la comp\u00e9tition renouvellera les zones de son \u00e9preuve avec plus de 300 tonnes de mat\u00e9riaux nouveaux, un show son et lumi\u00e8re, et un \u00e9cran g\u00e9ant qui permettra de suivre au plus pr\u00e9s les \u00e9volutions des pilotes.<\/p>\n<p><a href=\"http:\/\/clabedan.typepad.com\/.shared\/image.html?\/photos\/uncategorized\/20070118_150214_1.jpg\"><img loading=\"lazy\" decoding=\"async\" width=\"250\" height=\"162\"  src=\"http:\/\/www.leblogmoto.com\/images\/20070118_150214_1.jpg\" alt=\"20070118_150214_1\" style=\"margin: 0px 5px 5px 0px;float: left\" \/><\/a> Le parcours sera trac\u00e9 par un Bernard Estripeau d\u00e9cid\u00e9ment incontournable et hyper actif. Avec \u00e0 son compteur 210 Indoors mont\u00e9s en France et dans le Monde, le toulousain n\u2019h\u00e9site pas non plus a prendre le risque d\u2019exporter ce sport jusqu\u2019en Chine et m\u00eame dans des pays aussi \u00ab improbables \u00bb que la <a href=\"http:\/\/perso.orange.fr\/enduro.roumanie\/trialfr.htm\">Roumanie<\/a> ; je le sais, j\u2019y \u00e9tais et nous en reparlerons !<\/p>\n<p> Le plateau Palois r\u00e9unira quelques as de la discipline, a commencer par le doyen, le \u00ab King \u00bb <a href=\"http:\/\/www.dougielampkin.co.uk\/\">Doug Lampkin<\/a> <a href=\"http:\/\/www.montesa.fr\/\">(Montesa)<\/a>, <a href=\"http:\/\/www.albertcabestany.com\/\">Albert Cabestany<\/a> <a href=\"http:\/\/www.sherco-moto.com\/\">(Sherco)<\/a>, et surtout, \u00ab Le Prodige \u00bb <a href=\"http:\/\/www.tonibou.com\/\">Toni Bou<\/a> <a href=\"http:\/\/www.montesa.fr\/\">(Montesa) <\/a>De \u00ab top pilotes \u00bb tels que <a href=\"http:\/\/fujigas.net\/\">Fajardo<\/a> <a href=\"http:\/\/www.gasgasmotos.es\/esp\/frame.htm\">(Gas Gas)<\/a>, <a href=\"http:\/\/fujigas.net\/\">Fujinami<\/a> <a href=\"http:\/\/www.montesa.fr\/\">(Montesa)<\/a>, <a href=\"http:\/\/www.tech-trial.com\/htm\/bruandchristophe.htm\">Bruand<\/a> et B\u00e9thune <a href=\"http:\/\/www.gasgasmotos.es\/esp\/frame.htm\">(Gas Gas)<\/a> sont aussi annon\u00e7\u00e9s.<\/p>\n<p> Le programme<br \/> 19H30 Ouverture du Z\u00e9nith au public<br \/> 20H30 Pr\u00e9sentation des Pilotes et des Zones<br \/> 21H00 D\u00e9part du 1er tour<br \/> 22H00 Entracte<br \/> 22H 35 D\u00e9part 2\u00e8me tour<br \/> 23H30 Podium final<\/p>\n<p> Infos pratiques<br \/> Lieu : Z\u00e9nith de Pau<br \/> Acc\u00e8s par Autoroute sortie Pau<br \/> Date : Vendredi 16 F\u00e9vrier 2007<br \/> Horaires : Ouverture des portes \u00e0 19h<br \/> D\u00e9but des \u00e9preuves \u00e0 21h00<br \/> Billetterie :<br \/> Tarifs soir\u00e9e 28 \u20ac<br \/> Carr\u00e9 d\u2019or : 40\u20ac<br \/> R\u00e9servation : R\u00e9seau France billets (<a href=\"http:\/\/www.francebillet.com\/\">www.francebillet.com<\/a>) ou R\u00e9seau Ticketnet (<a href=\"http:\/\/www.ticketnet.fr\/shop\/intro.asp?idtier=78768\">WWW.ticketnet.fr<\/a>).<\/p>\n","protected":false},"excerpt":{"rendered":"<p>Apr\u00e8s Toulouse, Bercy et Marseille, l\u2019Indoor de Pau qui se d\u00e9roulera le 16 f\u00e9vrier pourrait bien devenir une nouvelle r\u00e9f\u00e9rence des Trials Indoor Fran\u00e7ais. L\u2019ASM Moto Verte de Pau organisatrice de la comp\u00e9tition renouvellera les zones de son \u00e9preuve avec plus de 300 tonnes de mat\u00e9riaux nouveaux, un show son et lumi\u00e8re, et un \u00e9cran [&hellip;]<\/p>\n","protected":false},"author":333,"featured_media":0,"comment_status":"open","ping_status":"open","sticky":false,"template":"","format":"standard","meta":{"footnotes":""},"categories":[32],"tags":[],"class_list":["post-1587","post","type-post","status-publish","format-standard","hentry","category-sport-moto"],"yoast_head":"<!-- This site is optimized with the Yoast SEO plugin v26.0 - https:\/\/yoast.com\/wordpress\/plugins\/seo\/ -->\n<title>Trial en Salle : quatri\u00e8me Trial de Pau - leblogmoto.com<\/title>\n<meta name=\"robots\" content=\"index, follow, max-snippet:-1, max-image-preview:large, max-video-preview:-1\" \/>\n<link rel=\"canonical\" href=\"https:\/\/blogs.thesocialmedia.com\/leblogmoto\/2007\/01\/28\/trial-en-salle-1-2\/\" \/>\n<meta name=\"twitter:card\" content=\"summary_large_image\" \/>\n<meta name=\"twitter:title\" content=\"Trial en Salle : quatri\u00e8me Trial de Pau - leblogmoto.com\" \/>\n<meta name=\"twitter:description\" content=\"Apr\u00e8s Toulouse, Bercy et Marseille, l\u2019Indoor de Pau qui se d\u00e9roulera le 16 f\u00e9vrier pourrait bien devenir une nouvelle r\u00e9f\u00e9rence des Trials Indoor Fran\u00e7ais. L\u2019ASM Moto Verte de Pau organisatrice de la comp\u00e9tition renouvellera les zones de son \u00e9preuve avec plus de 300 tonnes de mat\u00e9riaux nouveaux, un show son et lumi\u00e8re, et un \u00e9cran [&hellip;]\" \/>\n<meta name=\"twitter:image\" content=\"http:\/\/www.leblogmoto.com\/images\/indoorpau_1.jpg\" \/>\n<meta name=\"twitter:label1\" content=\"\u00c9crit par\" \/>\n\t<meta name=\"twitter:data1\" content=\"christian tirat\" \/>\n\t<meta name=\"twitter:label2\" content=\"Dur\u00e9e de lecture estim\u00e9e\" \/>\n\t<meta name=\"twitter:data2\" content=\"1 minute\" \/>\n<script type=\"application\/ld+json\" class=\"yoast-schema-graph\">{\"@context\":\"https:\/\/schema.org\",\"@graph\":[{\"@type\":\"WebPage\",\"@id\":\"https:\/\/blogs.thesocialmedia.com\/leblogmoto\/2007\/01\/28\/trial-en-salle-1-2\/\",\"url\":\"https:\/\/blogs.thesocialmedia.com\/leblogmoto\/2007\/01\/28\/trial-en-salle-1-2\/\",\"name\":\"Trial en Salle : quatri\u00e8me Trial de Pau - leblogmoto.com\",\"isPartOf\":{\"@id\":\"https:\/\/blogs.thesocialmedia.com\/leblogmoto\/#website\"},\"primaryImageOfPage\":{\"@id\":\"https:\/\/blogs.thesocialmedia.com\/leblogmoto\/2007\/01\/28\/trial-en-salle-1-2\/#primaryimage\"},\"image\":{\"@id\":\"https:\/\/blogs.thesocialmedia.com\/leblogmoto\/2007\/01\/28\/trial-en-salle-1-2\/#primaryimage\"},\"thumbnailUrl\":\"http:\/\/www.leblogmoto.com\/images\/indoorpau_1.jpg\",\"datePublished\":\"2007-01-28T21:47:59+00:00\",\"dateModified\":\"2012-07-11T14:30:54+00:00\",\"author\":{\"@id\":\"https:\/\/blogs.thesocialmedia.com\/leblogmoto\/#\/schema\/person\/90b2f8fd0d5a2cede2580e95fc79c6c0\"},\"breadcrumb\":{\"@id\":\"https:\/\/blogs.thesocialmedia.com\/leblogmoto\/2007\/01\/28\/trial-en-salle-1-2\/#breadcrumb\"},\"inLanguage\":\"fr-FR\",\"potentialAction\":[{\"@type\":\"ReadAction\",\"target\":[\"https:\/\/blogs.thesocialmedia.com\/leblogmoto\/2007\/01\/28\/trial-en-salle-1-2\/\"]}]},{\"@type\":\"ImageObject\",\"inLanguage\":\"fr-FR\",\"@id\":\"https:\/\/blogs.thesocialmedia.com\/leblogmoto\/2007\/01\/28\/trial-en-salle-1-2\/#primaryimage\",\"url\":\"http:\/\/www.leblogmoto.com\/images\/indoorpau_1.jpg\",\"contentUrl\":\"http:\/\/www.leblogmoto.com\/images\/indoorpau_1.jpg\"},{\"@type\":\"BreadcrumbList\",\"@id\":\"https:\/\/blogs.thesocialmedia.com\/leblogmoto\/2007\/01\/28\/trial-en-salle-1-2\/#breadcrumb\",\"itemListElement\":[{\"@type\":\"ListItem\",\"position\":1,\"name\":\"Accueil\",\"item\":\"https:\/\/blogs.thesocialmedia.com\/leblogmoto\/\"},{\"@type\":\"ListItem\",\"position\":2,\"name\":\"Trial en Salle : quatri\u00e8me Trial de Pau\"}]},{\"@type\":\"WebSite\",\"@id\":\"https:\/\/blogs.thesocialmedia.com\/leblogmoto\/#website\",\"url\":\"https:\/\/blogs.thesocialmedia.com\/leblogmoto\/\",\"name\":\"leblogmoto\",\"description\":\"Toute l&#039;actualit\u00e9 des 2 roues\",\"potentialAction\":[{\"@type\":\"SearchAction\",\"target\":{\"@type\":\"EntryPoint\",\"urlTemplate\":\"https:\/\/blogs.thesocialmedia.com\/leblogmoto\/?s={search_term_string}\"},\"query-input\":{\"@type\":\"PropertyValueSpecification\",\"valueRequired\":true,\"valueName\":\"search_term_string\"}}],\"inLanguage\":\"fr-FR\"},{\"@type\":\"Person\",\"@id\":\"https:\/\/blogs.thesocialmedia.com\/leblogmoto\/#\/schema\/person\/90b2f8fd0d5a2cede2580e95fc79c6c0\",\"name\":\"christian tirat\",\"image\":{\"@type\":\"ImageObject\",\"inLanguage\":\"fr-FR\",\"@id\":\"https:\/\/blogs.thesocialmedia.com\/leblogmoto\/#\/schema\/person\/image\/\",\"url\":\"https:\/\/secure.gravatar.com\/avatar\/?s=96&d=mm&r=g\",\"contentUrl\":\"https:\/\/secure.gravatar.com\/avatar\/?s=96&d=mm&r=g\",\"caption\":\"christian tirat\"},\"url\":\"https:\/\/blogs.thesocialmedia.com\/leblogmoto\/author\/christian-tirat\/\"}]}<\/script>\n<!-- \/ Yoast SEO plugin. -->","yoast_head_json":{"title":"Trial en Salle : quatri\u00e8me Trial de Pau - leblogmoto.com","robots":{"index":"index","follow":"follow","max-snippet":"max-snippet:-1","max-image-preview":"max-image-preview:large","max-video-preview":"max-video-preview:-1"},"canonical":"https:\/\/blogs.thesocialmedia.com\/leblogmoto\/2007\/01\/28\/trial-en-salle-1-2\/","twitter_card":"summary_large_image","twitter_title":"Trial en Salle : quatri\u00e8me Trial de Pau - leblogmoto.com","twitter_description":"Apr\u00e8s Toulouse, Bercy et Marseille, l\u2019Indoor de Pau qui se d\u00e9roulera le 16 f\u00e9vrier pourrait bien devenir une nouvelle r\u00e9f\u00e9rence des Trials Indoor Fran\u00e7ais. L\u2019ASM Moto Verte de Pau organisatrice de la comp\u00e9tition renouvellera les zones de son \u00e9preuve avec plus de 300 tonnes de mat\u00e9riaux nouveaux, un show son et lumi\u00e8re, et un \u00e9cran [&hellip;]","twitter_image":"http:\/\/www.leblogmoto.com\/images\/indoorpau_1.jpg","twitter_misc":{"\u00c9crit par":"christian tirat","Dur\u00e9e de lecture estim\u00e9e":"1 minute"},"schema":{"@context":"https:\/\/schema.org","@graph":[{"@type":"WebPage","@id":"https:\/\/blogs.thesocialmedia.com\/leblogmoto\/2007\/01\/28\/trial-en-salle-1-2\/","url":"https:\/\/blogs.thesocialmedia.com\/leblogmoto\/2007\/01\/28\/trial-en-salle-1-2\/","name":"Trial en Salle : quatri\u00e8me Trial de Pau - leblogmoto.com","isPartOf":{"@id":"https:\/\/blogs.thesocialmedia.com\/leblogmoto\/#website"},"primaryImageOfPage":{"@id":"https:\/\/blogs.thesocialmedia.com\/leblogmoto\/2007\/01\/28\/trial-en-salle-1-2\/#primaryimage"},"image":{"@id":"https:\/\/blogs.thesocialmedia.com\/leblogmoto\/2007\/01\/28\/trial-en-salle-1-2\/#primaryimage"},"thumbnailUrl":"http:\/\/www.leblogmoto.com\/images\/indoorpau_1.jpg","datePublished":"2007-01-28T21:47:59+00:00","dateModified":"2012-07-11T14:30:54+00:00","author":{"@id":"https:\/\/blogs.thesocialmedia.com\/leblogmoto\/#\/schema\/person\/90b2f8fd0d5a2cede2580e95fc79c6c0"},"breadcrumb":{"@id":"https:\/\/blogs.thesocialmedia.com\/leblogmoto\/2007\/01\/28\/trial-en-salle-1-2\/#breadcrumb"},"inLanguage":"fr-FR","potentialAction":[{"@type":"ReadAction","target":["https:\/\/blogs.thesocialmedia.com\/leblogmoto\/2007\/01\/28\/trial-en-salle-1-2\/"]}]},{"@type":"ImageObject","inLanguage":"fr-FR","@id":"https:\/\/blogs.thesocialmedia.com\/leblogmoto\/2007\/01\/28\/trial-en-salle-1-2\/#primaryimage","url":"http:\/\/www.leblogmoto.com\/images\/indoorpau_1.jpg","contentUrl":"http:\/\/www.leblogmoto.com\/images\/indoorpau_1.jpg"},{"@type":"BreadcrumbList","@id":"https:\/\/blogs.thesocialmedia.com\/leblogmoto\/2007\/01\/28\/trial-en-salle-1-2\/#breadcrumb","itemListElement":[{"@type":"ListItem","position":1,"name":"Accueil","item":"https:\/\/blogs.thesocialmedia.com\/leblogmoto\/"},{"@type":"ListItem","position":2,"name":"Trial en Salle : quatri\u00e8me Trial de Pau"}]},{"@type":"WebSite","@id":"https:\/\/blogs.thesocialmedia.com\/leblogmoto\/#website","url":"https:\/\/blogs.thesocialmedia.com\/leblogmoto\/","name":"leblogmoto","description":"Toute l&#039;actualit\u00e9 des 2 roues","potentialAction":[{"@type":"SearchAction","target":{"@type":"EntryPoint","urlTemplate":"https:\/\/blogs.thesocialmedia.com\/leblogmoto\/?s={search_term_string}"},"query-input":{"@type":"PropertyValueSpecification","valueRequired":true,"valueName":"search_term_string"}}],"inLanguage":"fr-FR"},{"@type":"Person","@id":"https:\/\/blogs.thesocialmedia.com\/leblogmoto\/#\/schema\/person\/90b2f8fd0d5a2cede2580e95fc79c6c0","name":"christian tirat","image":{"@type":"ImageObject","inLanguage":"fr-FR","@id":"https:\/\/blogs.thesocialmedia.com\/leblogmoto\/#\/schema\/person\/image\/","url":"https:\/\/secure.gravatar.com\/avatar\/?s=96&d=mm&r=g","contentUrl":"https:\/\/secure.gravatar.com\/avatar\/?s=96&d=mm&r=g","caption":"christian tirat"},"url":"https:\/\/blogs.thesocialmedia.com\/leblogmoto\/author\/christian-tirat\/"}]}},"_links":{"self":[{"href":"https:\/\/blogs.thesocialmedia.com\/leblogmoto\/wp-json\/wp\/v2\/posts\/1587","targetHints":{"allow":["GET"]}}],"collection":[{"href":"https:\/\/blogs.thesocialmedia.com\/leblogmoto\/wp-json\/wp\/v2\/posts"}],"about":[{"href":"https:\/\/blogs.thesocialmedia.com\/leblogmoto\/wp-json\/wp\/v2\/types\/post"}],"author":[{"embeddable":true,"href":"https:\/\/blogs.thesocialmedia.com\/leblogmoto\/wp-json\/wp\/v2\/users\/333"}],"replies":[{"embeddable":true,"href":"https:\/\/blogs.thesocialmedia.com\/leblogmoto\/wp-json\/wp\/v2\/comments?post=1587"}],"version-history":[{"count":2,"href":"https:\/\/blogs.thesocialmedia.com\/leblogmoto\/wp-json\/wp\/v2\/posts\/1587\/revisions"}],"predecessor-version":[{"id":7957,"href":"https:\/\/blogs.thesocialmedia.com\/leblogmoto\/wp-json\/wp\/v2\/posts\/1587\/revisions\/7957"}],"wp:attachment":[{"href":"https:\/\/blogs.thesocialmedia.com\/leblogmoto\/wp-json\/wp\/v2\/media?parent=1587"}],"wp:term":[{"taxonomy":"category","embeddable":true,"href":"https:\/\/blogs.thesocialmedia.com\/leblogmoto\/wp-json\/wp\/v2\/categories?post=1587"},{"taxonomy":"post_tag","embeddable":true,"href":"https:\/\/blogs.thesocialmedia.com\/leblogmoto\/wp-json\/wp\/v2\/tags?post=1587"}],"curies":[{"name":"wp","href":"https:\/\/api.w.org\/{rel}","templated":true}]}}