{"id":1591,"date":"2007-01-28T18:35:19","date_gmt":"2007-01-28T18:35:19","guid":{"rendered":"http:\/\/blogs.thesocialmedia.com\/leblogmoto\/2007\/01\/28\/mondial-de-tria\/"},"modified":"2012-07-11T14:30:46","modified_gmt":"2012-07-11T14:30:46","slug":"mondial-de-tria","status":"publish","type":"post","link":"https:\/\/blogs.thesocialmedia.com\/leblogmoto\/2007\/01\/28\/mondial-de-tria\/","title":{"rendered":"Mondial de trial en salle : Marseille relance le championnat"},"content":{"rendered":"<p><a href=\"http:\/\/blogs.thesocialmedia.com\/leblogmoto\/files\/2012\/07\/8a499efa80_2.jpg\"><img loading=\"lazy\" decoding=\"async\" width=\"250\" height=\"377\"  src=\"http:\/\/www.leblogmoto.com\/images\/8a499efa80_2.jpg\" alt=\"8a499efa80_2\" style=\"margin: 0px 5px 5px 0px;float: left\" \/><\/a> La troisi\u00e8me manche du championnat du monde de trial en salle qui s\u2019est d\u00e9roul\u00e9e \u00e0 Marseille vendredi soir a cr\u00e9\u00e9 la surprise. Le jeune prodige espagnol <a href=\"http:\/\/www.tonibou.com\/\">Toni Bou<\/a>, sur sa nouvelle Montesa 4 temps semblait inattaquable depuis sa victoire de Toulouse. Vainqueur de la premi\u00e8re \u00e9tape du Mondial \u00e0 Grenade, il arrachait avec une facilit\u00e9 d\u00e9concertante la victoire de celui de Saint Petersbourg. Il est vrai qu\u2019en Espagne comme en Russie les probl\u00e8mes m\u00e9canique dont avaient \u00e9t\u00e9 victimes <a href=\"http:\/\/www.albertcabestany.com\/\">Cabestany<\/a> <a href=\"http:\/\/www.sherco-moto.com\/\">(Sherco)<\/a> puis <a href=\"http:\/\/www.adamraga.com\/\">Raga<\/a> <a href=\"http:\/\/www.gasgasmotos.es\/esp\/frame.htm\">(Gas Gas)<\/a> avaient fait un peu de m\u00e9nage. Mais \u00e0 Marseille, ce sera au tour du leader de faire les frais d\u2019un disque de frein voil\u00e9 qui lui barrera la route de la finale. Dommage car il avait encha\u00een\u00e9 les sans fautes d\u00e8s les premi\u00e8res zones de la manche qualificative qu\u2019il terminera \u2026sur 2 \u00e9checs. <\/p>\n<p><a href=\"http:\/\/clabedan.typepad.com\/.shared\/image.html?\/photos\/uncategorized\/cabestany1_r1_c1_2.jpg\"><img loading=\"lazy\" decoding=\"async\" width=\"250\" height=\"374\"  alt=\"Cabestany1_r1_c1_2\" src=\"http:\/\/www.leblogmoto.com\/images\/cabestany1_r1_c1_2.jpg\" style=\"margin: 0px 5px 5px 0px;float: left\" \/><\/a> Le grand b\u00e9n\u00e9ficiaire de l\u2019op\u00e9ration, c\u2019est bien s\u00fbr <a href=\"http:\/\/www.adamraga.com\/\">Adam Raga<\/a> qui sortira du premier tour avec un seul petit pied suivi par <a href=\"http:\/\/www.albertcabestany.com\/\">Cabestany<\/a> (6) et par <a href=\"http:\/\/www.dougielampkin.co.uk\/\">Lampkin<\/a> <a href=\"http:\/\/www.montesa.fr\/\">(Montesa)<\/a> sauv\u00e9 par la zone de vitesse o\u00f9 il a domin\u00e9 <a href=\"http:\/\/fujigas.net\/\">Fujinami<\/a> <a href=\"http:\/\/www.montesa.fr\/\">(Montesa)<\/a> . Au second tour, <a href=\"http:\/\/www.adamraga.com\/\">Adam Raga<\/a> en proie au doute depuis le d\u00e9but de saison aligna les z\u00e9ros tout en assurant sur les passages les plus p\u00e9rilleux. Il finit l\u2019\u00e9preuve avec seulement 3 points. Cette victoire le remet en piste en t\u00eate du Mondial, un point devant<a href=\"http:\/\/www.tonibou.com\/\"> T. Bou<\/a>. <a href=\"http:\/\/www.albertcabestany.com\/\">Cabestany<\/a> tr\u00e8s concentr\u00e9 subit un malheureux \u00e9chec \u00e0 la zone 3 ainsi qu&rsquo;un petit pied. Il termine avec un total de 6 points . Quand \u00e0 <a href=\"http:\/\/www.dougielampkin.co.uk\/\">Doug Lampkin<\/a> qui fit trop d&rsquo;erreurs, il rendra son carton avec 18 points. Voil\u00e0 un championnat qu\u2019il s\u2019annonce riche en suspens avec encore 6 \u00e9preuves o\u00f9 tout peut arriver. La prochaine se d\u00e9roulera sur les terres de Raga \u00e0 Barcelone le 4 f\u00e9vrier. Ce trial souvent qualifi\u00e9 de monotone devrait trouver un nouveau souffle <a href=\"http:\/\/clabedan.typepad.com\/.shared\/image.html?\/photos\/uncategorized\/marseillepodium.jpg\"><img loading=\"lazy\" decoding=\"async\" width=\"250\" height=\"158\"  alt=\"Marseillepodium\" src=\"http:\/\/www.leblogmoto.com\/images\/marseillepodium.jpg\" style=\"margin: 0px 5px 5px 0px;float: left\" \/><\/a> s\u2019il se confirme que l\u2019\u00e9quipe de Bernard Estripeau est charg\u00e9e d\u2019en confectionner les zones. Les organisateurs de Barcelone auraient \u00e9t\u00e9 emball\u00e9s par le spectacle et la pr\u00e9sentation de l&rsquo;indoor de Toulouse. <br \/><strong>Final Marseille :<\/strong> <br \/>1 <a href=\"http:\/\/www.adamraga.com\/\">Raga<\/a> 3 <br \/>2 <a href=\"http:\/\/www.albertcabestany.com\/\">Cabestany<\/a> 6 <br \/>3 <a href=\"http:\/\/www.dougielampkin.co.uk\/\">Lampkin<\/a> 18<\/p>\n<p><strong>Classement provisoire au Mondial :<\/strong> <br \/> 1. A<a href=\"http:\/\/www.adamraga.com\/\">dam Raga<\/a> 24 pts <br \/>2. <a href=\"http:\/\/www.tonibou.com\/\">Toni Bou<\/a> 23 pts <br \/> 3. <a href=\"http:\/\/www.albertcabestany.com\/\">Albert Cabestany <\/a>19 pts <br \/> 4. <a href=\"http:\/\/www.dougielampkin.co.uk\/\">Dougie Lampkin<\/a> 15 pts <br \/>5. <a href=\"http:\/\/fujigas.net\/\">Takahisa Fujinami<\/a> 14 pts <br \/>6. <a href=\"http:\/\/www.gasgasmotos.com\/web\/eng\/competi\/trial\/equipo\/jeroni.htm\">Jeroni Fajardo<\/a> 13 pts <br \/>7. <a href=\"http:\/\/www.tblazusiak.pl\/\">Tadeusz Blazusiak<\/a> 4 pts <br \/>8. <a href=\"http:\/\/www.jeromebethune.com\/\">Jerome Bethune<\/a> 2 pts <br \/>9. <a href=\"http:\/\/www.trialonline.org\/CHARLY\/JEUNES%20FIM\/JEUNES%20FIM%20PILOTES%20PAGES\/GUBIAN_LORIS_2004.htm\">Loris Gubian<\/a> 1 pt<\/p>\n<p>Photos: <a href=\"http:\/\/www.trial-club.com\/\">trial-club.com<\/a> &amp; Josep Raga <\/p>\n","protected":false},"excerpt":{"rendered":"<p>La troisi\u00e8me manche du championnat du monde de trial en salle qui s\u2019est d\u00e9roul\u00e9e \u00e0 Marseille vendredi soir a cr\u00e9\u00e9 la surprise. Le jeune prodige espagnol Toni Bou, sur sa nouvelle Montesa 4 temps semblait inattaquable depuis sa victoire de Toulouse. Vainqueur de la premi\u00e8re \u00e9tape du Mondial \u00e0 Grenade, il arrachait avec une facilit\u00e9 [&hellip;]<\/p>\n","protected":false},"author":333,"featured_media":0,"comment_status":"open","ping_status":"open","sticky":false,"template":"","format":"standard","meta":{"footnotes":""},"categories":[32],"tags":[],"class_list":["post-1591","post","type-post","status-publish","format-standard","hentry","category-sport-moto"],"yoast_head":"<!-- This site is optimized with the Yoast SEO plugin v26.0 - https:\/\/yoast.com\/wordpress\/plugins\/seo\/ -->\n<title>Mondial de trial en salle : Marseille relance le championnat - leblogmoto.com<\/title>\n<meta name=\"robots\" content=\"index, follow, max-snippet:-1, max-image-preview:large, max-video-preview:-1\" \/>\n<link rel=\"canonical\" href=\"https:\/\/blogs.thesocialmedia.com\/leblogmoto\/2007\/01\/28\/mondial-de-tria\/\" \/>\n<meta name=\"twitter:card\" content=\"summary_large_image\" \/>\n<meta name=\"twitter:title\" content=\"Mondial de trial en salle : Marseille relance le championnat - leblogmoto.com\" \/>\n<meta name=\"twitter:description\" content=\"La troisi\u00e8me manche du championnat du monde de trial en salle qui s\u2019est d\u00e9roul\u00e9e \u00e0 Marseille vendredi soir a cr\u00e9\u00e9 la surprise. Le jeune prodige espagnol Toni Bou, sur sa nouvelle Montesa 4 temps semblait inattaquable depuis sa victoire de Toulouse. Vainqueur de la premi\u00e8re \u00e9tape du Mondial \u00e0 Grenade, il arrachait avec une facilit\u00e9 [&hellip;]\" \/>\n<meta name=\"twitter:image\" content=\"http:\/\/www.leblogmoto.com\/images\/8a499efa80_2.jpg\" \/>\n<meta name=\"twitter:label1\" content=\"\u00c9crit par\" \/>\n\t<meta name=\"twitter:data1\" content=\"christian tirat\" \/>\n\t<meta name=\"twitter:label2\" content=\"Dur\u00e9e de lecture estim\u00e9e\" \/>\n\t<meta name=\"twitter:data2\" content=\"2 minutes\" \/>\n<script type=\"application\/ld+json\" class=\"yoast-schema-graph\">{\"@context\":\"https:\/\/schema.org\",\"@graph\":[{\"@type\":\"WebPage\",\"@id\":\"https:\/\/blogs.thesocialmedia.com\/leblogmoto\/2007\/01\/28\/mondial-de-tria\/\",\"url\":\"https:\/\/blogs.thesocialmedia.com\/leblogmoto\/2007\/01\/28\/mondial-de-tria\/\",\"name\":\"Mondial de trial en salle : Marseille relance le championnat - leblogmoto.com\",\"isPartOf\":{\"@id\":\"https:\/\/blogs.thesocialmedia.com\/leblogmoto\/#website\"},\"primaryImageOfPage\":{\"@id\":\"https:\/\/blogs.thesocialmedia.com\/leblogmoto\/2007\/01\/28\/mondial-de-tria\/#primaryimage\"},\"image\":{\"@id\":\"https:\/\/blogs.thesocialmedia.com\/leblogmoto\/2007\/01\/28\/mondial-de-tria\/#primaryimage\"},\"thumbnailUrl\":\"http:\/\/www.leblogmoto.com\/images\/8a499efa80_2.jpg\",\"datePublished\":\"2007-01-28T18:35:19+00:00\",\"dateModified\":\"2012-07-11T14:30:46+00:00\",\"author\":{\"@id\":\"https:\/\/blogs.thesocialmedia.com\/leblogmoto\/#\/schema\/person\/90b2f8fd0d5a2cede2580e95fc79c6c0\"},\"breadcrumb\":{\"@id\":\"https:\/\/blogs.thesocialmedia.com\/leblogmoto\/2007\/01\/28\/mondial-de-tria\/#breadcrumb\"},\"inLanguage\":\"fr-FR\",\"potentialAction\":[{\"@type\":\"ReadAction\",\"target\":[\"https:\/\/blogs.thesocialmedia.com\/leblogmoto\/2007\/01\/28\/mondial-de-tria\/\"]}]},{\"@type\":\"ImageObject\",\"inLanguage\":\"fr-FR\",\"@id\":\"https:\/\/blogs.thesocialmedia.com\/leblogmoto\/2007\/01\/28\/mondial-de-tria\/#primaryimage\",\"url\":\"http:\/\/www.leblogmoto.com\/images\/8a499efa80_2.jpg\",\"contentUrl\":\"http:\/\/www.leblogmoto.com\/images\/8a499efa80_2.jpg\"},{\"@type\":\"BreadcrumbList\",\"@id\":\"https:\/\/blogs.thesocialmedia.com\/leblogmoto\/2007\/01\/28\/mondial-de-tria\/#breadcrumb\",\"itemListElement\":[{\"@type\":\"ListItem\",\"position\":1,\"name\":\"Accueil\",\"item\":\"https:\/\/blogs.thesocialmedia.com\/leblogmoto\/\"},{\"@type\":\"ListItem\",\"position\":2,\"name\":\"Mondial de trial en salle : Marseille relance le championnat\"}]},{\"@type\":\"WebSite\",\"@id\":\"https:\/\/blogs.thesocialmedia.com\/leblogmoto\/#website\",\"url\":\"https:\/\/blogs.thesocialmedia.com\/leblogmoto\/\",\"name\":\"leblogmoto\",\"description\":\"Toute l&#039;actualit\u00e9 des 2 roues\",\"potentialAction\":[{\"@type\":\"SearchAction\",\"target\":{\"@type\":\"EntryPoint\",\"urlTemplate\":\"https:\/\/blogs.thesocialmedia.com\/leblogmoto\/?s={search_term_string}\"},\"query-input\":{\"@type\":\"PropertyValueSpecification\",\"valueRequired\":true,\"valueName\":\"search_term_string\"}}],\"inLanguage\":\"fr-FR\"},{\"@type\":\"Person\",\"@id\":\"https:\/\/blogs.thesocialmedia.com\/leblogmoto\/#\/schema\/person\/90b2f8fd0d5a2cede2580e95fc79c6c0\",\"name\":\"christian tirat\",\"image\":{\"@type\":\"ImageObject\",\"inLanguage\":\"fr-FR\",\"@id\":\"https:\/\/blogs.thesocialmedia.com\/leblogmoto\/#\/schema\/person\/image\/\",\"url\":\"https:\/\/secure.gravatar.com\/avatar\/?s=96&d=mm&r=g\",\"contentUrl\":\"https:\/\/secure.gravatar.com\/avatar\/?s=96&d=mm&r=g\",\"caption\":\"christian tirat\"},\"url\":\"https:\/\/blogs.thesocialmedia.com\/leblogmoto\/author\/christian-tirat\/\"}]}<\/script>\n<!-- \/ Yoast SEO plugin. -->","yoast_head_json":{"title":"Mondial de trial en salle : Marseille relance le championnat - leblogmoto.com","robots":{"index":"index","follow":"follow","max-snippet":"max-snippet:-1","max-image-preview":"max-image-preview:large","max-video-preview":"max-video-preview:-1"},"canonical":"https:\/\/blogs.thesocialmedia.com\/leblogmoto\/2007\/01\/28\/mondial-de-tria\/","twitter_card":"summary_large_image","twitter_title":"Mondial de trial en salle : Marseille relance le championnat - leblogmoto.com","twitter_description":"La troisi\u00e8me manche du championnat du monde de trial en salle qui s\u2019est d\u00e9roul\u00e9e \u00e0 Marseille vendredi soir a cr\u00e9\u00e9 la surprise. Le jeune prodige espagnol Toni Bou, sur sa nouvelle Montesa 4 temps semblait inattaquable depuis sa victoire de Toulouse. Vainqueur de la premi\u00e8re \u00e9tape du Mondial \u00e0 Grenade, il arrachait avec une facilit\u00e9 [&hellip;]","twitter_image":"http:\/\/www.leblogmoto.com\/images\/8a499efa80_2.jpg","twitter_misc":{"\u00c9crit par":"christian tirat","Dur\u00e9e de lecture estim\u00e9e":"2 minutes"},"schema":{"@context":"https:\/\/schema.org","@graph":[{"@type":"WebPage","@id":"https:\/\/blogs.thesocialmedia.com\/leblogmoto\/2007\/01\/28\/mondial-de-tria\/","url":"https:\/\/blogs.thesocialmedia.com\/leblogmoto\/2007\/01\/28\/mondial-de-tria\/","name":"Mondial de trial en salle : Marseille relance le championnat - leblogmoto.com","isPartOf":{"@id":"https:\/\/blogs.thesocialmedia.com\/leblogmoto\/#website"},"primaryImageOfPage":{"@id":"https:\/\/blogs.thesocialmedia.com\/leblogmoto\/2007\/01\/28\/mondial-de-tria\/#primaryimage"},"image":{"@id":"https:\/\/blogs.thesocialmedia.com\/leblogmoto\/2007\/01\/28\/mondial-de-tria\/#primaryimage"},"thumbnailUrl":"http:\/\/www.leblogmoto.com\/images\/8a499efa80_2.jpg","datePublished":"2007-01-28T18:35:19+00:00","dateModified":"2012-07-11T14:30:46+00:00","author":{"@id":"https:\/\/blogs.thesocialmedia.com\/leblogmoto\/#\/schema\/person\/90b2f8fd0d5a2cede2580e95fc79c6c0"},"breadcrumb":{"@id":"https:\/\/blogs.thesocialmedia.com\/leblogmoto\/2007\/01\/28\/mondial-de-tria\/#breadcrumb"},"inLanguage":"fr-FR","potentialAction":[{"@type":"ReadAction","target":["https:\/\/blogs.thesocialmedia.com\/leblogmoto\/2007\/01\/28\/mondial-de-tria\/"]}]},{"@type":"ImageObject","inLanguage":"fr-FR","@id":"https:\/\/blogs.thesocialmedia.com\/leblogmoto\/2007\/01\/28\/mondial-de-tria\/#primaryimage","url":"http:\/\/www.leblogmoto.com\/images\/8a499efa80_2.jpg","contentUrl":"http:\/\/www.leblogmoto.com\/images\/8a499efa80_2.jpg"},{"@type":"BreadcrumbList","@id":"https:\/\/blogs.thesocialmedia.com\/leblogmoto\/2007\/01\/28\/mondial-de-tria\/#breadcrumb","itemListElement":[{"@type":"ListItem","position":1,"name":"Accueil","item":"https:\/\/blogs.thesocialmedia.com\/leblogmoto\/"},{"@type":"ListItem","position":2,"name":"Mondial de trial en salle : Marseille relance le championnat"}]},{"@type":"WebSite","@id":"https:\/\/blogs.thesocialmedia.com\/leblogmoto\/#website","url":"https:\/\/blogs.thesocialmedia.com\/leblogmoto\/","name":"leblogmoto","description":"Toute l&#039;actualit\u00e9 des 2 roues","potentialAction":[{"@type":"SearchAction","target":{"@type":"EntryPoint","urlTemplate":"https:\/\/blogs.thesocialmedia.com\/leblogmoto\/?s={search_term_string}"},"query-input":{"@type":"PropertyValueSpecification","valueRequired":true,"valueName":"search_term_string"}}],"inLanguage":"fr-FR"},{"@type":"Person","@id":"https:\/\/blogs.thesocialmedia.com\/leblogmoto\/#\/schema\/person\/90b2f8fd0d5a2cede2580e95fc79c6c0","name":"christian tirat","image":{"@type":"ImageObject","inLanguage":"fr-FR","@id":"https:\/\/blogs.thesocialmedia.com\/leblogmoto\/#\/schema\/person\/image\/","url":"https:\/\/secure.gravatar.com\/avatar\/?s=96&d=mm&r=g","contentUrl":"https:\/\/secure.gravatar.com\/avatar\/?s=96&d=mm&r=g","caption":"christian tirat"},"url":"https:\/\/blogs.thesocialmedia.com\/leblogmoto\/author\/christian-tirat\/"}]}},"_links":{"self":[{"href":"https:\/\/blogs.thesocialmedia.com\/leblogmoto\/wp-json\/wp\/v2\/posts\/1591","targetHints":{"allow":["GET"]}}],"collection":[{"href":"https:\/\/blogs.thesocialmedia.com\/leblogmoto\/wp-json\/wp\/v2\/posts"}],"about":[{"href":"https:\/\/blogs.thesocialmedia.com\/leblogmoto\/wp-json\/wp\/v2\/types\/post"}],"author":[{"embeddable":true,"href":"https:\/\/blogs.thesocialmedia.com\/leblogmoto\/wp-json\/wp\/v2\/users\/333"}],"replies":[{"embeddable":true,"href":"https:\/\/blogs.thesocialmedia.com\/leblogmoto\/wp-json\/wp\/v2\/comments?post=1591"}],"version-history":[{"count":2,"href":"https:\/\/blogs.thesocialmedia.com\/leblogmoto\/wp-json\/wp\/v2\/posts\/1591\/revisions"}],"predecessor-version":[{"id":7949,"href":"https:\/\/blogs.thesocialmedia.com\/leblogmoto\/wp-json\/wp\/v2\/posts\/1591\/revisions\/7949"}],"wp:attachment":[{"href":"https:\/\/blogs.thesocialmedia.com\/leblogmoto\/wp-json\/wp\/v2\/media?parent=1591"}],"wp:term":[{"taxonomy":"category","embeddable":true,"href":"https:\/\/blogs.thesocialmedia.com\/leblogmoto\/wp-json\/wp\/v2\/categories?post=1591"},{"taxonomy":"post_tag","embeddable":true,"href":"https:\/\/blogs.thesocialmedia.com\/leblogmoto\/wp-json\/wp\/v2\/tags?post=1591"}],"curies":[{"name":"wp","href":"https:\/\/api.w.org\/{rel}","templated":true}]}}