{"id":1593,"date":"2007-01-24T19:08:07","date_gmt":"2007-01-24T19:08:07","guid":{"rendered":"http:\/\/blogs.thesocialmedia.com\/leblogmoto\/2007\/01\/24\/kawasaki-650-av\/"},"modified":"2012-07-11T14:30:39","modified_gmt":"2012-07-11T14:30:39","slug":"kawasaki-650-av","status":"publish","type":"post","link":"https:\/\/blogs.thesocialmedia.com\/leblogmoto\/2007\/01\/24\/kawasaki-650-av\/","title":{"rendered":"Kawasaki 650 Aversys : Le trail passe presque partout"},"content":{"rendered":"<p><a href=\"http:\/\/blogs.thesocialmedia.com\/leblogmoto\/files\/2012\/07\/er6_versys_1.jpg\"><img loading=\"lazy\" decoding=\"async\" width=\"250\" height=\"188\"  alt=\"Er6_versys_1\" src=\"http:\/\/www.leblogmoto.com\/images\/er6_versys_1.jpg\" style=\"margin: 0px 5px 5px 0px;float: left\" \/><\/a> En reprenant \u00e0 son compte le concept de la <a href=\"http:\/\/www.ducati.com\/od\/ducatifrance\/fr\/bikes\/family.jhtml?family=605\">Ducati Multistrada<\/a>, la <a href=\"http:\/\/www.kawasaki.fr\/Versys\/\">Kawasaki 650 Versys<\/a> devrait faire partie cette ann\u00e9e des vedettes de la marque. Destin\u00e9e \u00e0 s\u00e9duire un large public, son nom vient de la contraction de Versatile System&#8230;<br \/>Trail routier taill\u00e9 \u00e0 la fois pour la route, la ville et les chemins faciles, il est teint\u00e9 en prime d\u2019une petite couleur supermotard. Assez haut, comme le sont souvent les trails, les \u00ab petits \u00bb peuvent cependant b\u00e9n\u00e9ficier d\u2019une version basse disponible sur commande. <\/p>\n<p><a href=\"http:\/\/clabedan.typepad.com\/.shared\/image.html?\/photos\/uncategorized\/11_4.jpg\"><img loading=\"lazy\" decoding=\"async\" width=\"250\" height=\"190\"  alt=\"11_4\" src=\"http:\/\/www.leblogmoto.com\/images\/11_4.jpg\" style=\"margin: 0px 5px 5px 0px;float: left\" \/><\/a>Le bouilleur mid-size vient compl\u00e9ter la gamme des petits twins 650 o\u00f9 l&rsquo;<a href=\"http:\/\/www.kawasaki.fr\/product.asp?Id=34049750008\">ER-6n<\/a> a d\u00e9j\u00e0 fait parler de lui. Ce bicylindre \u00e9conomique a \u00e9t\u00e9 retravaill\u00e9 par les ing\u00e9nieurs nippons avec quelques modifications de l&rsquo;arbre \u00e0 came dont le profil a \u00e9t\u00e9 adouci, de la carte d&rsquo;injection, et l\u2019arriv\u00e9e d\u2019un tube d&rsquo;\u00e9quilibrage joignant les tubulures d&rsquo;\u00e9chappement. Ceci afin d\u2019augmenter le couple et les sensations entre 4 et 8.000 tours, mais c\u2019est au d\u00e9triment de la puissance maxi qui perd quand m\u00eame 8 cv. Bien s\u00fbr moins brutal que sur l&rsquo;<a href=\"http:\/\/www.kawasaki.fr\/product.asp?Id=34049750008\">ER-6n<\/a>, il enroule bien \u00e0 bas r\u00e9gime et grimpe vivement dans les tours (zone rouge \u00e0 10 500 tr\/mn). <\/p>\n<p> Ce roadster a fi\u00e8re allure, de quoi faire son trou chez les amateurs de machines de caract\u00e8re \u00e0 la fois l\u00e9g\u00e8res, faciles a piloter&nbsp; et peu ch\u00e8res (5 999 \u20ac).. le trail a de quoi s\u00e9duire avec son museau original , son saute-vent r\u00e9glable, sa selle en 2 parties qui permettra aux petits passagers de mieux voir la route, son pot sous le moteur et son bras oscillant en alu bross\u00e9 type banane sur la droite et renforc\u00e9 \u00e0 gauche. Le tableau de bord, monobloc, est simple mais complet avec sa petite jauge \u00e0 essence. <br \/> En revanche, on peut d\u00e9plorer l\u2019absence de porte-bagage .<\/p>\n<p><a href=\"http:\/\/clabedan.typepad.com\/.shared\/image.html?\/photos\/uncategorized\/17.jpg\"><img loading=\"lazy\" decoding=\"async\" width=\"250\" height=\"188\"  alt=\"17\" src=\"http:\/\/www.leblogmoto.com\/images\/17.jpg\" style=\"margin: 0px 5px 5px 0px;float: left\" \/><\/a> N\u00e9e pour domestiquer la route, la <a href=\"http:\/\/www.kawasaki.fr\/Versys\/\">Versys<\/a> se pilote presque d\u2019une main tant le comportement routier est exemplaire, un r\u00e9gal sur les petites routes de montagne. L\u00e9g\u00e8re et maniable, elle est aussi agile en ville gr\u00e2ce notamment \u00e0 son faible rayon de braquage et elle grimpe ais\u00e9ment les petites marches (pour ne pas dire les trottoirs\u2026) <br \/> Un Joli coup pour <a href=\"http:\/\/www.kawasaki.fr\/\">Kawasaki<\/a> qui marque aussi des points avec les Ninja ZXR 600 et 1000.<\/p>\n<p> Mod\u00e8le : trail routier.<br \/> Moteur : bicylindre, 650 cc, liquide.<br \/> Puissance : 64 CV \u00e0 6 000 tr\/mn.<br \/> Bo\u00eete : six rapports.<br \/> R\u00e9servoir 19 l.<br \/> Poids : 181 kg \u00e0 sec.<br \/> Prix : 6 990 \u20ac prix de lancement jusqu&rsquo;au 31 mars. Puis, 7 099 \u20ac.<br \/> Coloris : orange, noir, argent.<\/p>\n","protected":false},"excerpt":{"rendered":"<p>En reprenant \u00e0 son compte le concept de la Ducati Multistrada, la Kawasaki 650 Versys devrait faire partie cette ann\u00e9e des vedettes de la marque. Destin\u00e9e \u00e0 s\u00e9duire un large public, son nom vient de la contraction de Versatile System&#8230;Trail routier taill\u00e9 \u00e0 la fois pour la route, la ville et les chemins faciles, il [&hellip;]<\/p>\n","protected":false},"author":333,"featured_media":0,"comment_status":"open","ping_status":"open","sticky":false,"template":"","format":"standard","meta":{"footnotes":""},"categories":[45],"tags":[],"class_list":["post-1593","post","type-post","status-publish","format-standard","hentry","category-kawasaki"],"yoast_head":"<!-- This site is optimized with the Yoast SEO plugin v26.0 - https:\/\/yoast.com\/wordpress\/plugins\/seo\/ -->\n<title>Kawasaki 650 Aversys : Le trail passe presque partout - leblogmoto.com<\/title>\n<meta name=\"robots\" content=\"index, follow, max-snippet:-1, max-image-preview:large, max-video-preview:-1\" \/>\n<link rel=\"canonical\" href=\"https:\/\/blogs.thesocialmedia.com\/leblogmoto\/2007\/01\/24\/kawasaki-650-av\/\" \/>\n<meta name=\"twitter:card\" content=\"summary_large_image\" \/>\n<meta name=\"twitter:title\" content=\"Kawasaki 650 Aversys : Le trail passe presque partout - leblogmoto.com\" \/>\n<meta name=\"twitter:description\" content=\"En reprenant \u00e0 son compte le concept de la Ducati Multistrada, la Kawasaki 650 Versys devrait faire partie cette ann\u00e9e des vedettes de la marque. Destin\u00e9e \u00e0 s\u00e9duire un large public, son nom vient de la contraction de Versatile System&#8230;Trail routier taill\u00e9 \u00e0 la fois pour la route, la ville et les chemins faciles, il [&hellip;]\" \/>\n<meta name=\"twitter:image\" content=\"http:\/\/www.leblogmoto.com\/images\/er6_versys_1.jpg\" \/>\n<meta name=\"twitter:label1\" content=\"\u00c9crit par\" \/>\n\t<meta name=\"twitter:data1\" content=\"christian tirat\" \/>\n\t<meta name=\"twitter:label2\" content=\"Dur\u00e9e de lecture estim\u00e9e\" \/>\n\t<meta name=\"twitter:data2\" content=\"2 minutes\" \/>\n<script type=\"application\/ld+json\" class=\"yoast-schema-graph\">{\"@context\":\"https:\/\/schema.org\",\"@graph\":[{\"@type\":\"WebPage\",\"@id\":\"https:\/\/blogs.thesocialmedia.com\/leblogmoto\/2007\/01\/24\/kawasaki-650-av\/\",\"url\":\"https:\/\/blogs.thesocialmedia.com\/leblogmoto\/2007\/01\/24\/kawasaki-650-av\/\",\"name\":\"Kawasaki 650 Aversys : Le trail passe presque partout - leblogmoto.com\",\"isPartOf\":{\"@id\":\"https:\/\/blogs.thesocialmedia.com\/leblogmoto\/#website\"},\"primaryImageOfPage\":{\"@id\":\"https:\/\/blogs.thesocialmedia.com\/leblogmoto\/2007\/01\/24\/kawasaki-650-av\/#primaryimage\"},\"image\":{\"@id\":\"https:\/\/blogs.thesocialmedia.com\/leblogmoto\/2007\/01\/24\/kawasaki-650-av\/#primaryimage\"},\"thumbnailUrl\":\"http:\/\/www.leblogmoto.com\/images\/er6_versys_1.jpg\",\"datePublished\":\"2007-01-24T19:08:07+00:00\",\"dateModified\":\"2012-07-11T14:30:39+00:00\",\"author\":{\"@id\":\"https:\/\/blogs.thesocialmedia.com\/leblogmoto\/#\/schema\/person\/90b2f8fd0d5a2cede2580e95fc79c6c0\"},\"breadcrumb\":{\"@id\":\"https:\/\/blogs.thesocialmedia.com\/leblogmoto\/2007\/01\/24\/kawasaki-650-av\/#breadcrumb\"},\"inLanguage\":\"fr-FR\",\"potentialAction\":[{\"@type\":\"ReadAction\",\"target\":[\"https:\/\/blogs.thesocialmedia.com\/leblogmoto\/2007\/01\/24\/kawasaki-650-av\/\"]}]},{\"@type\":\"ImageObject\",\"inLanguage\":\"fr-FR\",\"@id\":\"https:\/\/blogs.thesocialmedia.com\/leblogmoto\/2007\/01\/24\/kawasaki-650-av\/#primaryimage\",\"url\":\"http:\/\/www.leblogmoto.com\/images\/er6_versys_1.jpg\",\"contentUrl\":\"http:\/\/www.leblogmoto.com\/images\/er6_versys_1.jpg\"},{\"@type\":\"BreadcrumbList\",\"@id\":\"https:\/\/blogs.thesocialmedia.com\/leblogmoto\/2007\/01\/24\/kawasaki-650-av\/#breadcrumb\",\"itemListElement\":[{\"@type\":\"ListItem\",\"position\":1,\"name\":\"Accueil\",\"item\":\"https:\/\/blogs.thesocialmedia.com\/leblogmoto\/\"},{\"@type\":\"ListItem\",\"position\":2,\"name\":\"Kawasaki 650 Aversys : Le trail passe presque partout\"}]},{\"@type\":\"WebSite\",\"@id\":\"https:\/\/blogs.thesocialmedia.com\/leblogmoto\/#website\",\"url\":\"https:\/\/blogs.thesocialmedia.com\/leblogmoto\/\",\"name\":\"leblogmoto\",\"description\":\"Toute l&#039;actualit\u00e9 des 2 roues\",\"potentialAction\":[{\"@type\":\"SearchAction\",\"target\":{\"@type\":\"EntryPoint\",\"urlTemplate\":\"https:\/\/blogs.thesocialmedia.com\/leblogmoto\/?s={search_term_string}\"},\"query-input\":{\"@type\":\"PropertyValueSpecification\",\"valueRequired\":true,\"valueName\":\"search_term_string\"}}],\"inLanguage\":\"fr-FR\"},{\"@type\":\"Person\",\"@id\":\"https:\/\/blogs.thesocialmedia.com\/leblogmoto\/#\/schema\/person\/90b2f8fd0d5a2cede2580e95fc79c6c0\",\"name\":\"christian tirat\",\"image\":{\"@type\":\"ImageObject\",\"inLanguage\":\"fr-FR\",\"@id\":\"https:\/\/blogs.thesocialmedia.com\/leblogmoto\/#\/schema\/person\/image\/\",\"url\":\"https:\/\/secure.gravatar.com\/avatar\/?s=96&d=mm&r=g\",\"contentUrl\":\"https:\/\/secure.gravatar.com\/avatar\/?s=96&d=mm&r=g\",\"caption\":\"christian tirat\"},\"url\":\"https:\/\/blogs.thesocialmedia.com\/leblogmoto\/author\/christian-tirat\/\"}]}<\/script>\n<!-- \/ Yoast SEO plugin. -->","yoast_head_json":{"title":"Kawasaki 650 Aversys : Le trail passe presque partout - leblogmoto.com","robots":{"index":"index","follow":"follow","max-snippet":"max-snippet:-1","max-image-preview":"max-image-preview:large","max-video-preview":"max-video-preview:-1"},"canonical":"https:\/\/blogs.thesocialmedia.com\/leblogmoto\/2007\/01\/24\/kawasaki-650-av\/","twitter_card":"summary_large_image","twitter_title":"Kawasaki 650 Aversys : Le trail passe presque partout - leblogmoto.com","twitter_description":"En reprenant \u00e0 son compte le concept de la Ducati Multistrada, la Kawasaki 650 Versys devrait faire partie cette ann\u00e9e des vedettes de la marque. Destin\u00e9e \u00e0 s\u00e9duire un large public, son nom vient de la contraction de Versatile System&#8230;Trail routier taill\u00e9 \u00e0 la fois pour la route, la ville et les chemins faciles, il [&hellip;]","twitter_image":"http:\/\/www.leblogmoto.com\/images\/er6_versys_1.jpg","twitter_misc":{"\u00c9crit par":"christian tirat","Dur\u00e9e de lecture estim\u00e9e":"2 minutes"},"schema":{"@context":"https:\/\/schema.org","@graph":[{"@type":"WebPage","@id":"https:\/\/blogs.thesocialmedia.com\/leblogmoto\/2007\/01\/24\/kawasaki-650-av\/","url":"https:\/\/blogs.thesocialmedia.com\/leblogmoto\/2007\/01\/24\/kawasaki-650-av\/","name":"Kawasaki 650 Aversys : Le trail passe presque partout - leblogmoto.com","isPartOf":{"@id":"https:\/\/blogs.thesocialmedia.com\/leblogmoto\/#website"},"primaryImageOfPage":{"@id":"https:\/\/blogs.thesocialmedia.com\/leblogmoto\/2007\/01\/24\/kawasaki-650-av\/#primaryimage"},"image":{"@id":"https:\/\/blogs.thesocialmedia.com\/leblogmoto\/2007\/01\/24\/kawasaki-650-av\/#primaryimage"},"thumbnailUrl":"http:\/\/www.leblogmoto.com\/images\/er6_versys_1.jpg","datePublished":"2007-01-24T19:08:07+00:00","dateModified":"2012-07-11T14:30:39+00:00","author":{"@id":"https:\/\/blogs.thesocialmedia.com\/leblogmoto\/#\/schema\/person\/90b2f8fd0d5a2cede2580e95fc79c6c0"},"breadcrumb":{"@id":"https:\/\/blogs.thesocialmedia.com\/leblogmoto\/2007\/01\/24\/kawasaki-650-av\/#breadcrumb"},"inLanguage":"fr-FR","potentialAction":[{"@type":"ReadAction","target":["https:\/\/blogs.thesocialmedia.com\/leblogmoto\/2007\/01\/24\/kawasaki-650-av\/"]}]},{"@type":"ImageObject","inLanguage":"fr-FR","@id":"https:\/\/blogs.thesocialmedia.com\/leblogmoto\/2007\/01\/24\/kawasaki-650-av\/#primaryimage","url":"http:\/\/www.leblogmoto.com\/images\/er6_versys_1.jpg","contentUrl":"http:\/\/www.leblogmoto.com\/images\/er6_versys_1.jpg"},{"@type":"BreadcrumbList","@id":"https:\/\/blogs.thesocialmedia.com\/leblogmoto\/2007\/01\/24\/kawasaki-650-av\/#breadcrumb","itemListElement":[{"@type":"ListItem","position":1,"name":"Accueil","item":"https:\/\/blogs.thesocialmedia.com\/leblogmoto\/"},{"@type":"ListItem","position":2,"name":"Kawasaki 650 Aversys : Le trail passe presque partout"}]},{"@type":"WebSite","@id":"https:\/\/blogs.thesocialmedia.com\/leblogmoto\/#website","url":"https:\/\/blogs.thesocialmedia.com\/leblogmoto\/","name":"leblogmoto","description":"Toute l&#039;actualit\u00e9 des 2 roues","potentialAction":[{"@type":"SearchAction","target":{"@type":"EntryPoint","urlTemplate":"https:\/\/blogs.thesocialmedia.com\/leblogmoto\/?s={search_term_string}"},"query-input":{"@type":"PropertyValueSpecification","valueRequired":true,"valueName":"search_term_string"}}],"inLanguage":"fr-FR"},{"@type":"Person","@id":"https:\/\/blogs.thesocialmedia.com\/leblogmoto\/#\/schema\/person\/90b2f8fd0d5a2cede2580e95fc79c6c0","name":"christian tirat","image":{"@type":"ImageObject","inLanguage":"fr-FR","@id":"https:\/\/blogs.thesocialmedia.com\/leblogmoto\/#\/schema\/person\/image\/","url":"https:\/\/secure.gravatar.com\/avatar\/?s=96&d=mm&r=g","contentUrl":"https:\/\/secure.gravatar.com\/avatar\/?s=96&d=mm&r=g","caption":"christian tirat"},"url":"https:\/\/blogs.thesocialmedia.com\/leblogmoto\/author\/christian-tirat\/"}]}},"_links":{"self":[{"href":"https:\/\/blogs.thesocialmedia.com\/leblogmoto\/wp-json\/wp\/v2\/posts\/1593","targetHints":{"allow":["GET"]}}],"collection":[{"href":"https:\/\/blogs.thesocialmedia.com\/leblogmoto\/wp-json\/wp\/v2\/posts"}],"about":[{"href":"https:\/\/blogs.thesocialmedia.com\/leblogmoto\/wp-json\/wp\/v2\/types\/post"}],"author":[{"embeddable":true,"href":"https:\/\/blogs.thesocialmedia.com\/leblogmoto\/wp-json\/wp\/v2\/users\/333"}],"replies":[{"embeddable":true,"href":"https:\/\/blogs.thesocialmedia.com\/leblogmoto\/wp-json\/wp\/v2\/comments?post=1593"}],"version-history":[{"count":2,"href":"https:\/\/blogs.thesocialmedia.com\/leblogmoto\/wp-json\/wp\/v2\/posts\/1593\/revisions"}],"predecessor-version":[{"id":7944,"href":"https:\/\/blogs.thesocialmedia.com\/leblogmoto\/wp-json\/wp\/v2\/posts\/1593\/revisions\/7944"}],"wp:attachment":[{"href":"https:\/\/blogs.thesocialmedia.com\/leblogmoto\/wp-json\/wp\/v2\/media?parent=1593"}],"wp:term":[{"taxonomy":"category","embeddable":true,"href":"https:\/\/blogs.thesocialmedia.com\/leblogmoto\/wp-json\/wp\/v2\/categories?post=1593"},{"taxonomy":"post_tag","embeddable":true,"href":"https:\/\/blogs.thesocialmedia.com\/leblogmoto\/wp-json\/wp\/v2\/tags?post=1593"}],"curies":[{"name":"wp","href":"https:\/\/api.w.org\/{rel}","templated":true}]}}