{"id":1594,"date":"2007-01-24T16:58:55","date_gmt":"2007-01-24T16:58:55","guid":{"rendered":"http:\/\/blogs.thesocialmedia.com\/leblogmoto\/2007\/01\/24\/circulaire-olin-5\/"},"modified":"2012-07-11T13:21:56","modified_gmt":"2012-07-11T13:21:56","slug":"circulaire-olin-5","status":"publish","type":"post","link":"https:\/\/blogs.thesocialmedia.com\/leblogmoto\/2007\/01\/24\/circulaire-olin-5\/","title":{"rendered":"Circulaire Olin : 10 commandements de bonne conduite"},"content":{"rendered":"<p>Souhaitant contribuer de fa\u00e7on positive au d\u00e9bat sur la pratique des loisirs verts motoris\u00e9s et plus particuli\u00e8rement pour ce qui nous concerne au premier chef, la moto \u00ab verte \u00bb il est utile de rappeler quelques r\u00e8gles \u00e9l\u00e9mentaires qui si elles \u00e9taient respect\u00e9es par tous pourraient gommer bien des probl\u00e8mes. Elles reposent sur plus de 35 ann\u00e9es d\u2019exp\u00e9rience moto en site naturel mais elles s\u2019appliquent tout d\u2019abord \u00e0 la randonn\u00e9e moto, qu\u2019elle soit individuelle ou en groupe organis\u00e9. Concernant le quad, le 4X4 et la comp\u00e9tition, d\u2019autres facteurs interviennent qui ne sont pas ici pris en compte.<br \/>Avant tout n&rsquo;oubliez jamais pendant vos randonn\u00e9es la r\u00e8gle d&rsquo;or essentielle: <strong><br \/>La moto verte doit se pratiquer TOUJOURS dans le plus grand RESPECT de la nature et des autres usagers, humains, animaux &#8230;et m\u00eame v\u00e9g\u00e9taux.<\/strong><\/p>\n<p><strong>10 commandements a respecter co\u00fbte que co\u00fbte :<\/strong><\/p>\n<p>1) Sur autorisations-interdictions, AVANT rouler m\u2019informerai. <\/p>\n<p>2) AVANT rouler chemins priv\u00e9s, permission propri\u00e9taires demanderai.<\/p>\n<p>3) Rouler par pluie et chemins boueux, je m\u2019abstiendrai *. <\/p>\n<p>4) Jamais rigoles avec copains ne creuserai, produire mono-trace je m\u2019abstiendrai *<\/p>\n<p>5) Traverser gu\u00e9s, rouler ruisseaux, je m\u2019abstiendrai *<\/p>\n<p>6) En hors-piste jamais n\u2019irai.<\/p>\n<p>7) Chemins humblement je partagerai. Moteur je couperai si cavaliers je rencontrais. Moto calmement je conduirai, si pi\u00e9tons ou troupeaux je rencontrais. Moteur je couperai si longue descente se pr\u00e9sentait *<\/p>\n<p>8) Jamais en rond ne tournerai. Jamais pour circuit la nature ne prendrai *<\/p>\n<p>9) En bande nombreuse de circuler j\u2019\u00e9viterai. Si en bande nombreuse je roulais, en petits groupes la diviserai.<\/p>\n<p>10) Jamais \u00e9chappement libre ma moto n\u2019aura.<\/p>\n<p> * (3) Evident ! c\u2019est le meilleur moyen de d\u00e9truire un chemin. (4) La mono-trace, souvent due au passag\u00e9 r\u00e9p\u00e9t\u00e9 sur une \u00ab trajectoire id\u00e9ale \u00bb est une rigole qui lors de fortes pluies canalise l\u2019eau qui \u00e9rode le terrain . A final la petite rigole se transforme en une profonde \u00ab saign\u00e9e \u00bb (5) Surtout en p\u00e9riode de frai (reproduction des poissons) les turbidit\u00e9s (remous de sable et\/ou de limons) produites pas notre passage&nbsp; -multipli\u00e9es par 10 pour les 4 roues &#8211;&nbsp; d\u00e9rangent les poissons et d\u00e9truisent des <a href=\"http:\/\/www.pecheaveyron.com\/documents_techniques\/frayere\/frayeres.php\">fray\u00e8res<\/a>. (7) La descente en roue-libre, moteur coup\u00e9, c\u2019est du pur Nirvana, l\u2019essayer c\u2019est l\u2019adopter ! (8) Les gars qui tournent pendant des heures dans le m\u00eame coin, quoi de plus exasp\u00e9rant ? m\u00eame pour un amateur de moto verte.<\/p>\n<p> Cette liste n\u2019est pas exhaustive, nous pourrions ajouter par exemple &quot;jamais d\u00e9tritus dans nature ne laisserai&quot; Nous attendons vos suggestions et\/ou critiques argument\u00e9es.<br \/>Enfin, n&rsquo;oubliez pas de signer la <a href=\"http:\/\/www.codever.fr\/\">p\u00e9tition du CODEVER<\/a> en cliquant au bas de sa page d&rsquo;accueil, il en va de notre survie et c&rsquo;est fait en 2 minutes.<\/p>\n","protected":false},"excerpt":{"rendered":"<p>Souhaitant contribuer de fa\u00e7on positive au d\u00e9bat sur la pratique des loisirs verts motoris\u00e9s et plus particuli\u00e8rement pour ce qui nous concerne au premier chef, la moto \u00ab verte \u00bb il est utile de rappeler quelques r\u00e8gles \u00e9l\u00e9mentaires qui si elles \u00e9taient respect\u00e9es par tous pourraient gommer bien des probl\u00e8mes. Elles reposent sur plus de [&hellip;]<\/p>\n","protected":false},"author":333,"featured_media":0,"comment_status":"open","ping_status":"open","sticky":false,"template":"","format":"standard","meta":{"footnotes":""},"categories":[3],"tags":[],"class_list":["post-1594","post","type-post","status-publish","format-standard","hentry","category-actualite"],"yoast_head":"<!-- This site is optimized with the Yoast SEO plugin v26.0 - https:\/\/yoast.com\/wordpress\/plugins\/seo\/ -->\n<title>Circulaire Olin : 10 commandements de bonne conduite - leblogmoto.com<\/title>\n<meta name=\"robots\" content=\"index, follow, max-snippet:-1, max-image-preview:large, max-video-preview:-1\" \/>\n<link rel=\"canonical\" href=\"https:\/\/blogs.thesocialmedia.com\/leblogmoto\/2007\/01\/24\/circulaire-olin-5\/\" \/>\n<meta name=\"twitter:card\" content=\"summary_large_image\" \/>\n<meta name=\"twitter:title\" content=\"Circulaire Olin : 10 commandements de bonne conduite - leblogmoto.com\" \/>\n<meta name=\"twitter:description\" content=\"Souhaitant contribuer de fa\u00e7on positive au d\u00e9bat sur la pratique des loisirs verts motoris\u00e9s et plus particuli\u00e8rement pour ce qui nous concerne au premier chef, la moto \u00ab verte \u00bb il est utile de rappeler quelques r\u00e8gles \u00e9l\u00e9mentaires qui si elles \u00e9taient respect\u00e9es par tous pourraient gommer bien des probl\u00e8mes. Elles reposent sur plus de [&hellip;]\" \/>\n<meta name=\"twitter:label1\" content=\"\u00c9crit par\" \/>\n\t<meta name=\"twitter:data1\" content=\"christian tirat\" \/>\n\t<meta name=\"twitter:label2\" content=\"Dur\u00e9e de lecture estim\u00e9e\" \/>\n\t<meta name=\"twitter:data2\" content=\"2 minutes\" \/>\n<script type=\"application\/ld+json\" class=\"yoast-schema-graph\">{\"@context\":\"https:\/\/schema.org\",\"@graph\":[{\"@type\":\"WebPage\",\"@id\":\"https:\/\/blogs.thesocialmedia.com\/leblogmoto\/2007\/01\/24\/circulaire-olin-5\/\",\"url\":\"https:\/\/blogs.thesocialmedia.com\/leblogmoto\/2007\/01\/24\/circulaire-olin-5\/\",\"name\":\"Circulaire Olin : 10 commandements de bonne conduite - leblogmoto.com\",\"isPartOf\":{\"@id\":\"https:\/\/blogs.thesocialmedia.com\/leblogmoto\/#website\"},\"datePublished\":\"2007-01-24T16:58:55+00:00\",\"dateModified\":\"2012-07-11T13:21:56+00:00\",\"author\":{\"@id\":\"https:\/\/blogs.thesocialmedia.com\/leblogmoto\/#\/schema\/person\/90b2f8fd0d5a2cede2580e95fc79c6c0\"},\"breadcrumb\":{\"@id\":\"https:\/\/blogs.thesocialmedia.com\/leblogmoto\/2007\/01\/24\/circulaire-olin-5\/#breadcrumb\"},\"inLanguage\":\"fr-FR\",\"potentialAction\":[{\"@type\":\"ReadAction\",\"target\":[\"https:\/\/blogs.thesocialmedia.com\/leblogmoto\/2007\/01\/24\/circulaire-olin-5\/\"]}]},{\"@type\":\"BreadcrumbList\",\"@id\":\"https:\/\/blogs.thesocialmedia.com\/leblogmoto\/2007\/01\/24\/circulaire-olin-5\/#breadcrumb\",\"itemListElement\":[{\"@type\":\"ListItem\",\"position\":1,\"name\":\"Accueil\",\"item\":\"https:\/\/blogs.thesocialmedia.com\/leblogmoto\/\"},{\"@type\":\"ListItem\",\"position\":2,\"name\":\"Circulaire Olin : 10 commandements de bonne conduite\"}]},{\"@type\":\"WebSite\",\"@id\":\"https:\/\/blogs.thesocialmedia.com\/leblogmoto\/#website\",\"url\":\"https:\/\/blogs.thesocialmedia.com\/leblogmoto\/\",\"name\":\"leblogmoto\",\"description\":\"Toute l&#039;actualit\u00e9 des 2 roues\",\"potentialAction\":[{\"@type\":\"SearchAction\",\"target\":{\"@type\":\"EntryPoint\",\"urlTemplate\":\"https:\/\/blogs.thesocialmedia.com\/leblogmoto\/?s={search_term_string}\"},\"query-input\":{\"@type\":\"PropertyValueSpecification\",\"valueRequired\":true,\"valueName\":\"search_term_string\"}}],\"inLanguage\":\"fr-FR\"},{\"@type\":\"Person\",\"@id\":\"https:\/\/blogs.thesocialmedia.com\/leblogmoto\/#\/schema\/person\/90b2f8fd0d5a2cede2580e95fc79c6c0\",\"name\":\"christian tirat\",\"image\":{\"@type\":\"ImageObject\",\"inLanguage\":\"fr-FR\",\"@id\":\"https:\/\/blogs.thesocialmedia.com\/leblogmoto\/#\/schema\/person\/image\/\",\"url\":\"https:\/\/secure.gravatar.com\/avatar\/?s=96&d=mm&r=g\",\"contentUrl\":\"https:\/\/secure.gravatar.com\/avatar\/?s=96&d=mm&r=g\",\"caption\":\"christian tirat\"},\"url\":\"https:\/\/blogs.thesocialmedia.com\/leblogmoto\/author\/christian-tirat\/\"}]}<\/script>\n<!-- \/ Yoast SEO plugin. -->","yoast_head_json":{"title":"Circulaire Olin : 10 commandements de bonne conduite - leblogmoto.com","robots":{"index":"index","follow":"follow","max-snippet":"max-snippet:-1","max-image-preview":"max-image-preview:large","max-video-preview":"max-video-preview:-1"},"canonical":"https:\/\/blogs.thesocialmedia.com\/leblogmoto\/2007\/01\/24\/circulaire-olin-5\/","twitter_card":"summary_large_image","twitter_title":"Circulaire Olin : 10 commandements de bonne conduite - leblogmoto.com","twitter_description":"Souhaitant contribuer de fa\u00e7on positive au d\u00e9bat sur la pratique des loisirs verts motoris\u00e9s et plus particuli\u00e8rement pour ce qui nous concerne au premier chef, la moto \u00ab verte \u00bb il est utile de rappeler quelques r\u00e8gles \u00e9l\u00e9mentaires qui si elles \u00e9taient respect\u00e9es par tous pourraient gommer bien des probl\u00e8mes. Elles reposent sur plus de [&hellip;]","twitter_misc":{"\u00c9crit par":"christian tirat","Dur\u00e9e de lecture estim\u00e9e":"2 minutes"},"schema":{"@context":"https:\/\/schema.org","@graph":[{"@type":"WebPage","@id":"https:\/\/blogs.thesocialmedia.com\/leblogmoto\/2007\/01\/24\/circulaire-olin-5\/","url":"https:\/\/blogs.thesocialmedia.com\/leblogmoto\/2007\/01\/24\/circulaire-olin-5\/","name":"Circulaire Olin : 10 commandements de bonne conduite - leblogmoto.com","isPartOf":{"@id":"https:\/\/blogs.thesocialmedia.com\/leblogmoto\/#website"},"datePublished":"2007-01-24T16:58:55+00:00","dateModified":"2012-07-11T13:21:56+00:00","author":{"@id":"https:\/\/blogs.thesocialmedia.com\/leblogmoto\/#\/schema\/person\/90b2f8fd0d5a2cede2580e95fc79c6c0"},"breadcrumb":{"@id":"https:\/\/blogs.thesocialmedia.com\/leblogmoto\/2007\/01\/24\/circulaire-olin-5\/#breadcrumb"},"inLanguage":"fr-FR","potentialAction":[{"@type":"ReadAction","target":["https:\/\/blogs.thesocialmedia.com\/leblogmoto\/2007\/01\/24\/circulaire-olin-5\/"]}]},{"@type":"BreadcrumbList","@id":"https:\/\/blogs.thesocialmedia.com\/leblogmoto\/2007\/01\/24\/circulaire-olin-5\/#breadcrumb","itemListElement":[{"@type":"ListItem","position":1,"name":"Accueil","item":"https:\/\/blogs.thesocialmedia.com\/leblogmoto\/"},{"@type":"ListItem","position":2,"name":"Circulaire Olin : 10 commandements de bonne conduite"}]},{"@type":"WebSite","@id":"https:\/\/blogs.thesocialmedia.com\/leblogmoto\/#website","url":"https:\/\/blogs.thesocialmedia.com\/leblogmoto\/","name":"leblogmoto","description":"Toute l&#039;actualit\u00e9 des 2 roues","potentialAction":[{"@type":"SearchAction","target":{"@type":"EntryPoint","urlTemplate":"https:\/\/blogs.thesocialmedia.com\/leblogmoto\/?s={search_term_string}"},"query-input":{"@type":"PropertyValueSpecification","valueRequired":true,"valueName":"search_term_string"}}],"inLanguage":"fr-FR"},{"@type":"Person","@id":"https:\/\/blogs.thesocialmedia.com\/leblogmoto\/#\/schema\/person\/90b2f8fd0d5a2cede2580e95fc79c6c0","name":"christian tirat","image":{"@type":"ImageObject","inLanguage":"fr-FR","@id":"https:\/\/blogs.thesocialmedia.com\/leblogmoto\/#\/schema\/person\/image\/","url":"https:\/\/secure.gravatar.com\/avatar\/?s=96&d=mm&r=g","contentUrl":"https:\/\/secure.gravatar.com\/avatar\/?s=96&d=mm&r=g","caption":"christian tirat"},"url":"https:\/\/blogs.thesocialmedia.com\/leblogmoto\/author\/christian-tirat\/"}]}},"_links":{"self":[{"href":"https:\/\/blogs.thesocialmedia.com\/leblogmoto\/wp-json\/wp\/v2\/posts\/1594","targetHints":{"allow":["GET"]}}],"collection":[{"href":"https:\/\/blogs.thesocialmedia.com\/leblogmoto\/wp-json\/wp\/v2\/posts"}],"about":[{"href":"https:\/\/blogs.thesocialmedia.com\/leblogmoto\/wp-json\/wp\/v2\/types\/post"}],"author":[{"embeddable":true,"href":"https:\/\/blogs.thesocialmedia.com\/leblogmoto\/wp-json\/wp\/v2\/users\/333"}],"replies":[{"embeddable":true,"href":"https:\/\/blogs.thesocialmedia.com\/leblogmoto\/wp-json\/wp\/v2\/comments?post=1594"}],"version-history":[{"count":1,"href":"https:\/\/blogs.thesocialmedia.com\/leblogmoto\/wp-json\/wp\/v2\/posts\/1594\/revisions"}],"predecessor-version":[{"id":3578,"href":"https:\/\/blogs.thesocialmedia.com\/leblogmoto\/wp-json\/wp\/v2\/posts\/1594\/revisions\/3578"}],"wp:attachment":[{"href":"https:\/\/blogs.thesocialmedia.com\/leblogmoto\/wp-json\/wp\/v2\/media?parent=1594"}],"wp:term":[{"taxonomy":"category","embeddable":true,"href":"https:\/\/blogs.thesocialmedia.com\/leblogmoto\/wp-json\/wp\/v2\/categories?post=1594"},{"taxonomy":"post_tag","embeddable":true,"href":"https:\/\/blogs.thesocialmedia.com\/leblogmoto\/wp-json\/wp\/v2\/tags?post=1594"}],"curies":[{"name":"wp","href":"https:\/\/api.w.org\/{rel}","templated":true}]}}