{"id":1595,"date":"2007-01-24T13:45:34","date_gmt":"2007-01-24T13:45:34","guid":{"rendered":"http:\/\/blogs.thesocialmedia.com\/leblogmoto\/2007\/01\/24\/circulaire-olin-4\/"},"modified":"2012-07-11T13:21:56","modified_gmt":"2012-07-11T13:21:56","slug":"circulaire-olin-4","status":"publish","type":"post","link":"https:\/\/blogs.thesocialmedia.com\/leblogmoto\/2007\/01\/24\/circulaire-olin-4\/","title":{"rendered":"Circulaire Olin : notre point de vue"},"content":{"rendered":"<p> Pour en terminer avec le sujet sensible des loisirs motoris\u00e9s dans les sites naturels il convient que le Blog Moto prenne part au d\u00e9bat, cependant les id\u00e9es exprim\u00e9es ici n\u2019engagent que son auteur, Christian Tirat.<\/p>\n<p>\u00ab Pratiquant la moto verte depuis plus de 35 ans, organisateur de multiples manifestations, tant en France qu\u2019\u00e0 l\u2019\u00e9tranger, mon exp\u00e9rience&nbsp; me permet de contribuer au d\u00e9bat en cours qui s\u2019il n\u2019est pas rapidement clarifi\u00e9 pourrait conduire \u00e0 la disparition pure et simple de nos chers loisirs \u00bb<\/p>\n<p><strong>Quelques consid\u00e9rations d\u2019ordre g\u00e9n\u00e9ral<\/strong><\/p>\n<p> 1) Quoi de plus normal que les engins non \u00ab street-legal \u00bb soient interdits sur les voies ouvertes \u00e0 la circulation ? Rien de nouveau sous le soleil. Quoi de plus normal aussi que les machines d\u00e9brid\u00e9es, voire en \u00e9chappement libre, soient confin\u00e9es aux propri\u00e9t\u00e9s priv\u00e9es et aux terrains am\u00e9nag\u00e9s ? rien de nouveau l\u00e0 non plus car, \u00e0 l\u2019exception de quelques rares brebis galeuses (voir notre post du 14 janvier) les pratiquants et leurs organismes f\u00e9d\u00e9rateurs sont unanimes sur ce point. On peut regretter une fois encore les amalgames suspects qui consistent a mettre en lumi\u00e8re un mauvais exemple pour diaboliser toute une population. Pourquoi alors ne pas interdire la circulation routi\u00e8re au pr\u00e9texte que quelques inconscients conduisent sans permis des voitures poubelles ?<br \/><a href=\"http:\/\/www.leblogmoto.com\/2007\/01\/circulaire_olin_3.html#more\"> Voir post pr\u00e9c\u00e9dent<\/a>.<\/p>\n<p> 2) Les d\u00e9g\u00e2ts au sol occasionn\u00e9s par les v\u00e9hicules, le sont tr\u00e8s souvent lorsqu\u2019ils circulent sur terrain humide et boueux. Il serait cependant vain de comparer les d\u00e9gradations produites par les quads et les 4X4, plus lourds et dont la surface en contact avec le sol est bien sup\u00e9rieure \u00e0 celle des motos. Nous reviendront plus tard sur ce point essentiel.<\/p>\n<p> 3) Les perturbations qu\u2019occasionnerait sur la faune le passage des motos &#8211; s\u2019il est bref et occasionnel &#8211; ne sont rien compar\u00e9 \u00e0 celles produites par les randonneurs p\u00e9destres. J\u2019ai \u00e9tudi\u00e9 ce probl\u00e8me pendant dix ans sur une zone de nidification des <a href=\"http:\/\/amilo.perso.orange.fr\/lozere\/page82.htm#tetra\">Grands T\u00e9tras<\/a> avec un ami de l\u2019<a href=\"http:\/\/www.onf.fr\/\">Office National des For\u00eats<\/a>. Nous avons d\u00e9montr\u00e9 que la faune sauvage bien que bri\u00e8vement troubl\u00e9e, n\u2019associe pas la moto \u00e0 son pire pr\u00e9dateur, un bip\u00e8de nomm\u00e9 <a href=\"http:\/\/wwwens.uqac.ca\/~flabelle\/socio\/sapiens.htm\">Homo Sapiens-Sapiens<\/a>. En revanche, le passage bien plus lent des randonneurs \u00e0 pied, la pollution acoustique due \u00e0 leurs conversations, \u00e0 leur forme m\u00eame, voire \u00e0 leurs cris et aux aboiements de leurs chiens terrorise r\u00e9ellement cette m\u00eame faune.<\/p>\n<p> 4) L\u2019agression qui serait faite \u00e0 la flore par les motos est un faux d\u00e9bat tant que nous circulons sur les chemins. En revanche combien de p\u00e9destres cueillent des fleurs, arrachent des plantes sans que leur loisir ne soit pour autant remis en cause ?<\/p>\n<p> 5) Les reproches qui nous sont fait reposent en g\u00e9n\u00e9ral non pas sur une r\u00e9elle volont\u00e9 de respecter la nature mais plut\u00f4t sur celle de pr\u00e9server la qui\u00e9tude auditive de quelques privil\u00e9gi\u00e9s urbains qui b\u00e9n\u00e9ficient de vill\u00e9giatures en site naturel. Les vrais ruraux \u00e9tant nettement moins acharn\u00e9s a nous nuire.<\/p>\n<p> Prochain post : mes 10 commandements pour une bonne conduite<\/p>\n","protected":false},"excerpt":{"rendered":"<p>Pour en terminer avec le sujet sensible des loisirs motoris\u00e9s dans les sites naturels il convient que le Blog Moto prenne part au d\u00e9bat, cependant les id\u00e9es exprim\u00e9es ici n\u2019engagent que son auteur, Christian Tirat. \u00ab Pratiquant la moto verte depuis plus de 35 ans, organisateur de multiples manifestations, tant en France qu\u2019\u00e0 l\u2019\u00e9tranger, mon [&hellip;]<\/p>\n","protected":false},"author":333,"featured_media":0,"comment_status":"open","ping_status":"open","sticky":false,"template":"","format":"standard","meta":{"footnotes":""},"categories":[3],"tags":[],"class_list":["post-1595","post","type-post","status-publish","format-standard","hentry","category-actualite"],"yoast_head":"<!-- This site is optimized with the Yoast SEO plugin v26.0 - https:\/\/yoast.com\/wordpress\/plugins\/seo\/ -->\n<title>Circulaire Olin : notre point de vue - leblogmoto.com<\/title>\n<meta name=\"robots\" content=\"index, follow, max-snippet:-1, max-image-preview:large, max-video-preview:-1\" \/>\n<link rel=\"canonical\" href=\"https:\/\/blogs.thesocialmedia.com\/leblogmoto\/2007\/01\/24\/circulaire-olin-4\/\" \/>\n<meta name=\"twitter:card\" content=\"summary_large_image\" \/>\n<meta name=\"twitter:title\" content=\"Circulaire Olin : notre point de vue - leblogmoto.com\" \/>\n<meta name=\"twitter:description\" content=\"Pour en terminer avec le sujet sensible des loisirs motoris\u00e9s dans les sites naturels il convient que le Blog Moto prenne part au d\u00e9bat, cependant les id\u00e9es exprim\u00e9es ici n\u2019engagent que son auteur, Christian Tirat. \u00ab Pratiquant la moto verte depuis plus de 35 ans, organisateur de multiples manifestations, tant en France qu\u2019\u00e0 l\u2019\u00e9tranger, mon [&hellip;]\" \/>\n<meta name=\"twitter:label1\" content=\"\u00c9crit par\" \/>\n\t<meta name=\"twitter:data1\" content=\"christian tirat\" \/>\n\t<meta name=\"twitter:label2\" content=\"Dur\u00e9e de lecture estim\u00e9e\" \/>\n\t<meta name=\"twitter:data2\" content=\"3 minutes\" \/>\n<script type=\"application\/ld+json\" class=\"yoast-schema-graph\">{\"@context\":\"https:\/\/schema.org\",\"@graph\":[{\"@type\":\"WebPage\",\"@id\":\"https:\/\/blogs.thesocialmedia.com\/leblogmoto\/2007\/01\/24\/circulaire-olin-4\/\",\"url\":\"https:\/\/blogs.thesocialmedia.com\/leblogmoto\/2007\/01\/24\/circulaire-olin-4\/\",\"name\":\"Circulaire Olin : notre point de vue - leblogmoto.com\",\"isPartOf\":{\"@id\":\"https:\/\/blogs.thesocialmedia.com\/leblogmoto\/#website\"},\"datePublished\":\"2007-01-24T13:45:34+00:00\",\"dateModified\":\"2012-07-11T13:21:56+00:00\",\"author\":{\"@id\":\"https:\/\/blogs.thesocialmedia.com\/leblogmoto\/#\/schema\/person\/90b2f8fd0d5a2cede2580e95fc79c6c0\"},\"breadcrumb\":{\"@id\":\"https:\/\/blogs.thesocialmedia.com\/leblogmoto\/2007\/01\/24\/circulaire-olin-4\/#breadcrumb\"},\"inLanguage\":\"fr-FR\",\"potentialAction\":[{\"@type\":\"ReadAction\",\"target\":[\"https:\/\/blogs.thesocialmedia.com\/leblogmoto\/2007\/01\/24\/circulaire-olin-4\/\"]}]},{\"@type\":\"BreadcrumbList\",\"@id\":\"https:\/\/blogs.thesocialmedia.com\/leblogmoto\/2007\/01\/24\/circulaire-olin-4\/#breadcrumb\",\"itemListElement\":[{\"@type\":\"ListItem\",\"position\":1,\"name\":\"Accueil\",\"item\":\"https:\/\/blogs.thesocialmedia.com\/leblogmoto\/\"},{\"@type\":\"ListItem\",\"position\":2,\"name\":\"Circulaire Olin : notre point de vue\"}]},{\"@type\":\"WebSite\",\"@id\":\"https:\/\/blogs.thesocialmedia.com\/leblogmoto\/#website\",\"url\":\"https:\/\/blogs.thesocialmedia.com\/leblogmoto\/\",\"name\":\"leblogmoto\",\"description\":\"Toute l&#039;actualit\u00e9 des 2 roues\",\"potentialAction\":[{\"@type\":\"SearchAction\",\"target\":{\"@type\":\"EntryPoint\",\"urlTemplate\":\"https:\/\/blogs.thesocialmedia.com\/leblogmoto\/?s={search_term_string}\"},\"query-input\":{\"@type\":\"PropertyValueSpecification\",\"valueRequired\":true,\"valueName\":\"search_term_string\"}}],\"inLanguage\":\"fr-FR\"},{\"@type\":\"Person\",\"@id\":\"https:\/\/blogs.thesocialmedia.com\/leblogmoto\/#\/schema\/person\/90b2f8fd0d5a2cede2580e95fc79c6c0\",\"name\":\"christian tirat\",\"image\":{\"@type\":\"ImageObject\",\"inLanguage\":\"fr-FR\",\"@id\":\"https:\/\/blogs.thesocialmedia.com\/leblogmoto\/#\/schema\/person\/image\/\",\"url\":\"https:\/\/secure.gravatar.com\/avatar\/?s=96&d=mm&r=g\",\"contentUrl\":\"https:\/\/secure.gravatar.com\/avatar\/?s=96&d=mm&r=g\",\"caption\":\"christian tirat\"},\"url\":\"https:\/\/blogs.thesocialmedia.com\/leblogmoto\/author\/christian-tirat\/\"}]}<\/script>\n<!-- \/ Yoast SEO plugin. -->","yoast_head_json":{"title":"Circulaire Olin : notre point de vue - leblogmoto.com","robots":{"index":"index","follow":"follow","max-snippet":"max-snippet:-1","max-image-preview":"max-image-preview:large","max-video-preview":"max-video-preview:-1"},"canonical":"https:\/\/blogs.thesocialmedia.com\/leblogmoto\/2007\/01\/24\/circulaire-olin-4\/","twitter_card":"summary_large_image","twitter_title":"Circulaire Olin : notre point de vue - leblogmoto.com","twitter_description":"Pour en terminer avec le sujet sensible des loisirs motoris\u00e9s dans les sites naturels il convient que le Blog Moto prenne part au d\u00e9bat, cependant les id\u00e9es exprim\u00e9es ici n\u2019engagent que son auteur, Christian Tirat. \u00ab Pratiquant la moto verte depuis plus de 35 ans, organisateur de multiples manifestations, tant en France qu\u2019\u00e0 l\u2019\u00e9tranger, mon [&hellip;]","twitter_misc":{"\u00c9crit par":"christian tirat","Dur\u00e9e de lecture estim\u00e9e":"3 minutes"},"schema":{"@context":"https:\/\/schema.org","@graph":[{"@type":"WebPage","@id":"https:\/\/blogs.thesocialmedia.com\/leblogmoto\/2007\/01\/24\/circulaire-olin-4\/","url":"https:\/\/blogs.thesocialmedia.com\/leblogmoto\/2007\/01\/24\/circulaire-olin-4\/","name":"Circulaire Olin : notre point de vue - leblogmoto.com","isPartOf":{"@id":"https:\/\/blogs.thesocialmedia.com\/leblogmoto\/#website"},"datePublished":"2007-01-24T13:45:34+00:00","dateModified":"2012-07-11T13:21:56+00:00","author":{"@id":"https:\/\/blogs.thesocialmedia.com\/leblogmoto\/#\/schema\/person\/90b2f8fd0d5a2cede2580e95fc79c6c0"},"breadcrumb":{"@id":"https:\/\/blogs.thesocialmedia.com\/leblogmoto\/2007\/01\/24\/circulaire-olin-4\/#breadcrumb"},"inLanguage":"fr-FR","potentialAction":[{"@type":"ReadAction","target":["https:\/\/blogs.thesocialmedia.com\/leblogmoto\/2007\/01\/24\/circulaire-olin-4\/"]}]},{"@type":"BreadcrumbList","@id":"https:\/\/blogs.thesocialmedia.com\/leblogmoto\/2007\/01\/24\/circulaire-olin-4\/#breadcrumb","itemListElement":[{"@type":"ListItem","position":1,"name":"Accueil","item":"https:\/\/blogs.thesocialmedia.com\/leblogmoto\/"},{"@type":"ListItem","position":2,"name":"Circulaire Olin : notre point de vue"}]},{"@type":"WebSite","@id":"https:\/\/blogs.thesocialmedia.com\/leblogmoto\/#website","url":"https:\/\/blogs.thesocialmedia.com\/leblogmoto\/","name":"leblogmoto","description":"Toute l&#039;actualit\u00e9 des 2 roues","potentialAction":[{"@type":"SearchAction","target":{"@type":"EntryPoint","urlTemplate":"https:\/\/blogs.thesocialmedia.com\/leblogmoto\/?s={search_term_string}"},"query-input":{"@type":"PropertyValueSpecification","valueRequired":true,"valueName":"search_term_string"}}],"inLanguage":"fr-FR"},{"@type":"Person","@id":"https:\/\/blogs.thesocialmedia.com\/leblogmoto\/#\/schema\/person\/90b2f8fd0d5a2cede2580e95fc79c6c0","name":"christian tirat","image":{"@type":"ImageObject","inLanguage":"fr-FR","@id":"https:\/\/blogs.thesocialmedia.com\/leblogmoto\/#\/schema\/person\/image\/","url":"https:\/\/secure.gravatar.com\/avatar\/?s=96&d=mm&r=g","contentUrl":"https:\/\/secure.gravatar.com\/avatar\/?s=96&d=mm&r=g","caption":"christian tirat"},"url":"https:\/\/blogs.thesocialmedia.com\/leblogmoto\/author\/christian-tirat\/"}]}},"_links":{"self":[{"href":"https:\/\/blogs.thesocialmedia.com\/leblogmoto\/wp-json\/wp\/v2\/posts\/1595","targetHints":{"allow":["GET"]}}],"collection":[{"href":"https:\/\/blogs.thesocialmedia.com\/leblogmoto\/wp-json\/wp\/v2\/posts"}],"about":[{"href":"https:\/\/blogs.thesocialmedia.com\/leblogmoto\/wp-json\/wp\/v2\/types\/post"}],"author":[{"embeddable":true,"href":"https:\/\/blogs.thesocialmedia.com\/leblogmoto\/wp-json\/wp\/v2\/users\/333"}],"replies":[{"embeddable":true,"href":"https:\/\/blogs.thesocialmedia.com\/leblogmoto\/wp-json\/wp\/v2\/comments?post=1595"}],"version-history":[{"count":1,"href":"https:\/\/blogs.thesocialmedia.com\/leblogmoto\/wp-json\/wp\/v2\/posts\/1595\/revisions"}],"predecessor-version":[{"id":3577,"href":"https:\/\/blogs.thesocialmedia.com\/leblogmoto\/wp-json\/wp\/v2\/posts\/1595\/revisions\/3577"}],"wp:attachment":[{"href":"https:\/\/blogs.thesocialmedia.com\/leblogmoto\/wp-json\/wp\/v2\/media?parent=1595"}],"wp:term":[{"taxonomy":"category","embeddable":true,"href":"https:\/\/blogs.thesocialmedia.com\/leblogmoto\/wp-json\/wp\/v2\/categories?post=1595"},{"taxonomy":"post_tag","embeddable":true,"href":"https:\/\/blogs.thesocialmedia.com\/leblogmoto\/wp-json\/wp\/v2\/tags?post=1595"}],"curies":[{"name":"wp","href":"https:\/\/api.w.org\/{rel}","templated":true}]}}