{"id":1598,"date":"2007-01-22T23:57:55","date_gmt":"2007-01-22T23:57:55","guid":{"rendered":"http:\/\/blogs.thesocialmedia.com\/leblogmoto\/2007\/01\/22\/circulaire-olin-1\/"},"modified":"2012-07-11T14:30:31","modified_gmt":"2012-07-11T14:30:31","slug":"circulaire-olin-1","status":"publish","type":"post","link":"https:\/\/blogs.thesocialmedia.com\/leblogmoto\/2007\/01\/22\/circulaire-olin-1\/","title":{"rendered":"Circulaire Olin : le Minist\u00e8re de l&rsquo;Ecologie condamn\u00e9 !"},"content":{"rendered":"<p><a href=\"http:\/\/blogs.thesocialmedia.com\/leblogmoto\/files\/2012\/07\/gifwrljfq.gif\"><img loading=\"lazy\" decoding=\"async\" width=\"250\" height=\"250\"  alt=\"Gifwrljfq\" src=\"http:\/\/www.leblogmoto.com\/images\/gifwrljfq.gif\" style=\"margin: 0px 5px 5px 0px;float: left\" \/><\/a> Selon le <a href=\"http:\/\/www.codever.fr\/\">CODEVER<\/a> le Conseil d\u2019Etat aurait censur\u00e9 la <a href=\"http:\/\/www.ecologie.gouv.fr\/IMG\/pdf\/Circulaire_VM.pdf\">circulaire Olin<\/a><br \/>\u00ab Cette fois, c\u2019est fait ! L\u2019arr\u00eat \u00ab Codever et autres contre <a href=\"http:\/\/www.environnement.gouv.fr\/\">Minist\u00e8re de l&rsquo;Ecologie<\/a> \u00bb a \u00e9t\u00e9 rendu le mercredi 10 janvier.<br \/>L\u2019annexe 1, relative aux quads, est purement et simplement annul\u00e9e. En effet, elle contredit en partie le Code de la Route, ce qui est pour le moins g\u00eanant&#8230; et ill\u00e9gal. De ce fait, le <a href=\"http:\/\/www.environnement.gouv.fr\/\">Minist\u00e8re de l\u2019Ecologie<\/a> est la partie perdante, et l\u2019Etat devra verser une somme de 1000 euros \u00e0 chaque association requ\u00e9rante, dont le Codever.<\/p>\n<p><a href=\"http:\/\/clabedan.typepad.com\/.shared\/image.html?\/photos\/uncategorized\/dscn6024_copie.jpg\"><img loading=\"lazy\" decoding=\"async\" width=\"250\" height=\"333\"  alt=\"Dscn6024_copie\" src=\"http:\/\/www.leblogmoto.com\/images\/dscn6024_copie.jpg\" style=\"margin: 0px 5px 5px 0px;float: left\" \/><\/a> Mieux encore, la plus haute juridiction administrative du pays a jug\u00e9 que \u00ab les annexes 2, 3, 4 et 5 (\u2026) ne pr\u00e9sentent pas de dispositions imp\u00e9ratives \u00bb. En d\u2019autres termes, les dispositions de ces annexes ne peuvent pas s\u2019imposer ; elles ne font que proposer une interpr\u00e9tation de la loi, elles ne sont pas la loi. Or, Mme Olin avait tent\u00e9 d\u2019y introduire la notion de carrossabilit\u00e9, cherchant par ce biais \u00e0 lui donner une consistance juridique[1] .<br \/> A pr\u00e9sent, le Conseil d\u2019Etat a tranch\u00e9 : la notion de carrossabilit\u00e9 ne peut pas \u00eatre \u00e9rig\u00e9e comme une r\u00e8gle absolue et incontournable[2].<br \/> On esp\u00e8re qu\u2019ainsi cet arr\u00eat calmera les ardeurs de tous ceux qui claironnent \u2013 \u00e0 tort, donc \u2013 que la loi Lalonde interdit de rouler dans les chemins non carrossables !<\/p>\n<p>Et maintenant ?<br \/> On doit bien s\u00fbr se r\u00e9jouir de cette victoire. Malgr\u00e9 tout, il y a fort \u00e0 parier que cela ne mettra pas fin aux verbalisations abusives. Car, m\u00eame vid\u00e9e de sa substance, la <a href=\"http:\/\/www.ecologie.gouv.fr\/IMG\/pdf\/Circulaire_VM.pdf\">circulaire Olin<\/a> n\u2019est pas annul\u00e9e. Son appel \u00e0 mener la chasse aux pratiquants reste malheureusement d\u2019actualit\u00e9. Chaque randonneur aura donc tout int\u00e9r\u00eat \u00e0 bien conna\u00eetre ses droits et ses devoirs. Il devra aussi contester syst\u00e9matiquement devant les tribunaux toute atteinte \u00e0 sa libert\u00e9 de circuler.<br \/> Enfin, on rappellera que le \u00ab maillage \u00bb, en favorisant le dialogue et la cohabitation avec les \u00e9lus et les autres usagers, reste le meilleur moyen d\u2019\u00e9viter les interdictions de circuler[3]. C\u2019est pourquoi l\u2019important travail de terrain engag\u00e9 par les pratiquants et les clubs doit continuer.&quot;<\/p>\n<p> Sign\u00e9 par le Bureau National du <a href=\"http:\/\/www.codever.fr\/\">CODEVER<\/a><\/p>\n<p> [1] Annexe n\u00b02, pages 5 et 6, et Annexe n\u00b04, page 21.<br \/> [2] On soulignera d\u2019ailleurs, fort \u00e0 propos, un autre arr\u00eat du <a href=\"http:\/\/www.conseil-etat.fr\/ce\/home\/index.shtml\">Conseil d\u2019Etat<\/a> remontant \u00e0 1999. Pour interdire la circulation sur un chemin rural, le maire de <a href=\"http:\/\/www.quid.fr\/communes.html?mode=detail&amp;id=13480&amp;req=Cor&amp;style=fiche\">Corbara<\/a> avait avanc\u00e9, entre autres arguments, que le chemin en question \u00ab ne peut supporter une circulation continue du fait de son infrastructure\u00bb. Or, le Conseil d\u2019Etat avait jug\u00e9 que les motifs invoqu\u00e9s par le maire \u00ab n\u2019\u00e9taient pas de nature \u00e0 justifier l\u00e9galement cette interdiction de circulation \u00bb.<br \/> [3] Plus d\u2019informations sur <a href=\"http:\/\/www.codever.fr\/forum\/index.php\">le forum du CODEVER<\/a>.<br \/> Vous pourez aussi r\u00e9agir sur ce forum et \u00e9ventuellement <a href=\"http:\/\/www.circulaire-olin.com\/\">signer sa p\u00e9tition<\/a>.<\/p>\n<p> Dans un esprit pluraliste et comme les choses ne sont jamais simples, le post suivant donnera l\u2019interpr\u00e9tation des \u00e9cologistes.<\/p>\n","protected":false},"excerpt":{"rendered":"<p>Selon le CODEVER le Conseil d\u2019Etat aurait censur\u00e9 la circulaire Olin\u00ab Cette fois, c\u2019est fait ! L\u2019arr\u00eat \u00ab Codever et autres contre Minist\u00e8re de l&rsquo;Ecologie \u00bb a \u00e9t\u00e9 rendu le mercredi 10 janvier.L\u2019annexe 1, relative aux quads, est purement et simplement annul\u00e9e. En effet, elle contredit en partie le Code de la Route, ce qui [&hellip;]<\/p>\n","protected":false},"author":333,"featured_media":0,"comment_status":"open","ping_status":"open","sticky":false,"template":"","format":"standard","meta":{"footnotes":""},"categories":[3],"tags":[],"class_list":["post-1598","post","type-post","status-publish","format-standard","hentry","category-actualite"],"yoast_head":"<!-- This site is optimized with the Yoast SEO plugin v26.0 - https:\/\/yoast.com\/wordpress\/plugins\/seo\/ -->\n<title>Circulaire Olin : le Minist\u00e8re de l&#039;Ecologie condamn\u00e9 ! - leblogmoto.com<\/title>\n<meta name=\"robots\" content=\"index, follow, max-snippet:-1, max-image-preview:large, max-video-preview:-1\" \/>\n<link rel=\"canonical\" href=\"https:\/\/blogs.thesocialmedia.com\/leblogmoto\/2007\/01\/22\/circulaire-olin-1\/\" \/>\n<meta name=\"twitter:card\" content=\"summary_large_image\" \/>\n<meta name=\"twitter:title\" content=\"Circulaire Olin : le Minist\u00e8re de l&#039;Ecologie condamn\u00e9 ! - leblogmoto.com\" \/>\n<meta name=\"twitter:description\" content=\"Selon le CODEVER le Conseil d\u2019Etat aurait censur\u00e9 la circulaire Olin\u00ab Cette fois, c\u2019est fait ! L\u2019arr\u00eat \u00ab Codever et autres contre Minist\u00e8re de l&rsquo;Ecologie \u00bb a \u00e9t\u00e9 rendu le mercredi 10 janvier.L\u2019annexe 1, relative aux quads, est purement et simplement annul\u00e9e. En effet, elle contredit en partie le Code de la Route, ce qui [&hellip;]\" \/>\n<meta name=\"twitter:image\" content=\"http:\/\/www.leblogmoto.com\/images\/gifwrljfq.gif\" \/>\n<meta name=\"twitter:label1\" content=\"\u00c9crit par\" \/>\n\t<meta name=\"twitter:data1\" content=\"christian tirat\" \/>\n\t<meta name=\"twitter:label2\" content=\"Dur\u00e9e de lecture estim\u00e9e\" \/>\n\t<meta name=\"twitter:data2\" content=\"2 minutes\" \/>\n<script type=\"application\/ld+json\" class=\"yoast-schema-graph\">{\"@context\":\"https:\/\/schema.org\",\"@graph\":[{\"@type\":\"WebPage\",\"@id\":\"https:\/\/blogs.thesocialmedia.com\/leblogmoto\/2007\/01\/22\/circulaire-olin-1\/\",\"url\":\"https:\/\/blogs.thesocialmedia.com\/leblogmoto\/2007\/01\/22\/circulaire-olin-1\/\",\"name\":\"Circulaire Olin : le Minist\u00e8re de l'Ecologie condamn\u00e9 ! - leblogmoto.com\",\"isPartOf\":{\"@id\":\"https:\/\/blogs.thesocialmedia.com\/leblogmoto\/#website\"},\"primaryImageOfPage\":{\"@id\":\"https:\/\/blogs.thesocialmedia.com\/leblogmoto\/2007\/01\/22\/circulaire-olin-1\/#primaryimage\"},\"image\":{\"@id\":\"https:\/\/blogs.thesocialmedia.com\/leblogmoto\/2007\/01\/22\/circulaire-olin-1\/#primaryimage\"},\"thumbnailUrl\":\"http:\/\/www.leblogmoto.com\/images\/gifwrljfq.gif\",\"datePublished\":\"2007-01-22T23:57:55+00:00\",\"dateModified\":\"2012-07-11T14:30:31+00:00\",\"author\":{\"@id\":\"https:\/\/blogs.thesocialmedia.com\/leblogmoto\/#\/schema\/person\/90b2f8fd0d5a2cede2580e95fc79c6c0\"},\"breadcrumb\":{\"@id\":\"https:\/\/blogs.thesocialmedia.com\/leblogmoto\/2007\/01\/22\/circulaire-olin-1\/#breadcrumb\"},\"inLanguage\":\"fr-FR\",\"potentialAction\":[{\"@type\":\"ReadAction\",\"target\":[\"https:\/\/blogs.thesocialmedia.com\/leblogmoto\/2007\/01\/22\/circulaire-olin-1\/\"]}]},{\"@type\":\"ImageObject\",\"inLanguage\":\"fr-FR\",\"@id\":\"https:\/\/blogs.thesocialmedia.com\/leblogmoto\/2007\/01\/22\/circulaire-olin-1\/#primaryimage\",\"url\":\"http:\/\/www.leblogmoto.com\/images\/gifwrljfq.gif\",\"contentUrl\":\"http:\/\/www.leblogmoto.com\/images\/gifwrljfq.gif\"},{\"@type\":\"BreadcrumbList\",\"@id\":\"https:\/\/blogs.thesocialmedia.com\/leblogmoto\/2007\/01\/22\/circulaire-olin-1\/#breadcrumb\",\"itemListElement\":[{\"@type\":\"ListItem\",\"position\":1,\"name\":\"Accueil\",\"item\":\"https:\/\/blogs.thesocialmedia.com\/leblogmoto\/\"},{\"@type\":\"ListItem\",\"position\":2,\"name\":\"Circulaire Olin : le Minist\u00e8re de l&rsquo;Ecologie condamn\u00e9 !\"}]},{\"@type\":\"WebSite\",\"@id\":\"https:\/\/blogs.thesocialmedia.com\/leblogmoto\/#website\",\"url\":\"https:\/\/blogs.thesocialmedia.com\/leblogmoto\/\",\"name\":\"leblogmoto\",\"description\":\"Toute l&#039;actualit\u00e9 des 2 roues\",\"potentialAction\":[{\"@type\":\"SearchAction\",\"target\":{\"@type\":\"EntryPoint\",\"urlTemplate\":\"https:\/\/blogs.thesocialmedia.com\/leblogmoto\/?s={search_term_string}\"},\"query-input\":{\"@type\":\"PropertyValueSpecification\",\"valueRequired\":true,\"valueName\":\"search_term_string\"}}],\"inLanguage\":\"fr-FR\"},{\"@type\":\"Person\",\"@id\":\"https:\/\/blogs.thesocialmedia.com\/leblogmoto\/#\/schema\/person\/90b2f8fd0d5a2cede2580e95fc79c6c0\",\"name\":\"christian tirat\",\"image\":{\"@type\":\"ImageObject\",\"inLanguage\":\"fr-FR\",\"@id\":\"https:\/\/blogs.thesocialmedia.com\/leblogmoto\/#\/schema\/person\/image\/\",\"url\":\"https:\/\/secure.gravatar.com\/avatar\/?s=96&d=mm&r=g\",\"contentUrl\":\"https:\/\/secure.gravatar.com\/avatar\/?s=96&d=mm&r=g\",\"caption\":\"christian tirat\"},\"url\":\"https:\/\/blogs.thesocialmedia.com\/leblogmoto\/author\/christian-tirat\/\"}]}<\/script>\n<!-- \/ Yoast SEO plugin. -->","yoast_head_json":{"title":"Circulaire Olin : le Minist\u00e8re de l'Ecologie condamn\u00e9 ! - leblogmoto.com","robots":{"index":"index","follow":"follow","max-snippet":"max-snippet:-1","max-image-preview":"max-image-preview:large","max-video-preview":"max-video-preview:-1"},"canonical":"https:\/\/blogs.thesocialmedia.com\/leblogmoto\/2007\/01\/22\/circulaire-olin-1\/","twitter_card":"summary_large_image","twitter_title":"Circulaire Olin : le Minist\u00e8re de l'Ecologie condamn\u00e9 ! - leblogmoto.com","twitter_description":"Selon le CODEVER le Conseil d\u2019Etat aurait censur\u00e9 la circulaire Olin\u00ab Cette fois, c\u2019est fait ! L\u2019arr\u00eat \u00ab Codever et autres contre Minist\u00e8re de l&rsquo;Ecologie \u00bb a \u00e9t\u00e9 rendu le mercredi 10 janvier.L\u2019annexe 1, relative aux quads, est purement et simplement annul\u00e9e. En effet, elle contredit en partie le Code de la Route, ce qui [&hellip;]","twitter_image":"http:\/\/www.leblogmoto.com\/images\/gifwrljfq.gif","twitter_misc":{"\u00c9crit par":"christian tirat","Dur\u00e9e de lecture estim\u00e9e":"2 minutes"},"schema":{"@context":"https:\/\/schema.org","@graph":[{"@type":"WebPage","@id":"https:\/\/blogs.thesocialmedia.com\/leblogmoto\/2007\/01\/22\/circulaire-olin-1\/","url":"https:\/\/blogs.thesocialmedia.com\/leblogmoto\/2007\/01\/22\/circulaire-olin-1\/","name":"Circulaire Olin : le Minist\u00e8re de l'Ecologie condamn\u00e9 ! - leblogmoto.com","isPartOf":{"@id":"https:\/\/blogs.thesocialmedia.com\/leblogmoto\/#website"},"primaryImageOfPage":{"@id":"https:\/\/blogs.thesocialmedia.com\/leblogmoto\/2007\/01\/22\/circulaire-olin-1\/#primaryimage"},"image":{"@id":"https:\/\/blogs.thesocialmedia.com\/leblogmoto\/2007\/01\/22\/circulaire-olin-1\/#primaryimage"},"thumbnailUrl":"http:\/\/www.leblogmoto.com\/images\/gifwrljfq.gif","datePublished":"2007-01-22T23:57:55+00:00","dateModified":"2012-07-11T14:30:31+00:00","author":{"@id":"https:\/\/blogs.thesocialmedia.com\/leblogmoto\/#\/schema\/person\/90b2f8fd0d5a2cede2580e95fc79c6c0"},"breadcrumb":{"@id":"https:\/\/blogs.thesocialmedia.com\/leblogmoto\/2007\/01\/22\/circulaire-olin-1\/#breadcrumb"},"inLanguage":"fr-FR","potentialAction":[{"@type":"ReadAction","target":["https:\/\/blogs.thesocialmedia.com\/leblogmoto\/2007\/01\/22\/circulaire-olin-1\/"]}]},{"@type":"ImageObject","inLanguage":"fr-FR","@id":"https:\/\/blogs.thesocialmedia.com\/leblogmoto\/2007\/01\/22\/circulaire-olin-1\/#primaryimage","url":"http:\/\/www.leblogmoto.com\/images\/gifwrljfq.gif","contentUrl":"http:\/\/www.leblogmoto.com\/images\/gifwrljfq.gif"},{"@type":"BreadcrumbList","@id":"https:\/\/blogs.thesocialmedia.com\/leblogmoto\/2007\/01\/22\/circulaire-olin-1\/#breadcrumb","itemListElement":[{"@type":"ListItem","position":1,"name":"Accueil","item":"https:\/\/blogs.thesocialmedia.com\/leblogmoto\/"},{"@type":"ListItem","position":2,"name":"Circulaire Olin : le Minist\u00e8re de l&rsquo;Ecologie condamn\u00e9 !"}]},{"@type":"WebSite","@id":"https:\/\/blogs.thesocialmedia.com\/leblogmoto\/#website","url":"https:\/\/blogs.thesocialmedia.com\/leblogmoto\/","name":"leblogmoto","description":"Toute l&#039;actualit\u00e9 des 2 roues","potentialAction":[{"@type":"SearchAction","target":{"@type":"EntryPoint","urlTemplate":"https:\/\/blogs.thesocialmedia.com\/leblogmoto\/?s={search_term_string}"},"query-input":{"@type":"PropertyValueSpecification","valueRequired":true,"valueName":"search_term_string"}}],"inLanguage":"fr-FR"},{"@type":"Person","@id":"https:\/\/blogs.thesocialmedia.com\/leblogmoto\/#\/schema\/person\/90b2f8fd0d5a2cede2580e95fc79c6c0","name":"christian tirat","image":{"@type":"ImageObject","inLanguage":"fr-FR","@id":"https:\/\/blogs.thesocialmedia.com\/leblogmoto\/#\/schema\/person\/image\/","url":"https:\/\/secure.gravatar.com\/avatar\/?s=96&d=mm&r=g","contentUrl":"https:\/\/secure.gravatar.com\/avatar\/?s=96&d=mm&r=g","caption":"christian tirat"},"url":"https:\/\/blogs.thesocialmedia.com\/leblogmoto\/author\/christian-tirat\/"}]}},"_links":{"self":[{"href":"https:\/\/blogs.thesocialmedia.com\/leblogmoto\/wp-json\/wp\/v2\/posts\/1598","targetHints":{"allow":["GET"]}}],"collection":[{"href":"https:\/\/blogs.thesocialmedia.com\/leblogmoto\/wp-json\/wp\/v2\/posts"}],"about":[{"href":"https:\/\/blogs.thesocialmedia.com\/leblogmoto\/wp-json\/wp\/v2\/types\/post"}],"author":[{"embeddable":true,"href":"https:\/\/blogs.thesocialmedia.com\/leblogmoto\/wp-json\/wp\/v2\/users\/333"}],"replies":[{"embeddable":true,"href":"https:\/\/blogs.thesocialmedia.com\/leblogmoto\/wp-json\/wp\/v2\/comments?post=1598"}],"version-history":[{"count":2,"href":"https:\/\/blogs.thesocialmedia.com\/leblogmoto\/wp-json\/wp\/v2\/posts\/1598\/revisions"}],"predecessor-version":[{"id":7938,"href":"https:\/\/blogs.thesocialmedia.com\/leblogmoto\/wp-json\/wp\/v2\/posts\/1598\/revisions\/7938"}],"wp:attachment":[{"href":"https:\/\/blogs.thesocialmedia.com\/leblogmoto\/wp-json\/wp\/v2\/media?parent=1598"}],"wp:term":[{"taxonomy":"category","embeddable":true,"href":"https:\/\/blogs.thesocialmedia.com\/leblogmoto\/wp-json\/wp\/v2\/categories?post=1598"},{"taxonomy":"post_tag","embeddable":true,"href":"https:\/\/blogs.thesocialmedia.com\/leblogmoto\/wp-json\/wp\/v2\/tags?post=1598"}],"curies":[{"name":"wp","href":"https:\/\/api.w.org\/{rel}","templated":true}]}}