{"id":1599,"date":"2007-01-22T22:52:39","date_gmt":"2007-01-22T22:52:39","guid":{"rendered":"http:\/\/blogs.thesocialmedia.com\/leblogmoto\/2007\/01\/22\/scurit-routire-1\/"},"modified":"2012-07-11T14:30:30","modified_gmt":"2012-07-11T14:30:30","slug":"scurit-routire-1","status":"publish","type":"post","link":"https:\/\/blogs.thesocialmedia.com\/leblogmoto\/2007\/01\/22\/scurit-routire-1\/","title":{"rendered":"S\u00e9curit\u00e9 routi\u00e8re : la FFMC pour un vrai partage de la route"},"content":{"rendered":"<p><a href=\"http:\/\/blogs.thesocialmedia.com\/leblogmoto\/files\/2012\/07\/partage_couleur.jpg\"><img loading=\"lazy\" decoding=\"async\" width=\"250\" height=\"157\"  src=\"http:\/\/www.leblogmoto.com\/images\/partage_couleur.jpg\" alt=\"Partage_couleur\" style=\"margin: 0px 5px 5px 0px;float: left\" \/><\/a> Initiatrice de nombreuses campagnes de s\u00e9curit\u00e9 routi\u00e8re sur le th\u00e8me du &quot;partage de la route&quot; d\u00e8s les ann\u00e9es 1980 avec des slogans tels que &quot;pour \u00eatre respect\u00e9, respectons les autres&quot;, ou &quot;Auto moto, on s\u2019engage, on partage&quot;, la <a href=\"http:\/\/www.ffmc.asso.fr\/\">FFMC<\/a> se r\u00e9jouit que cette th\u00e9matique sur la pluralit\u00e9 des usagers de la route soit reprise au plus haut niveau.<\/p>\n<p><a href=\"http:\/\/clabedan.typepad.com\/.shared\/image.html?\/photos\/uncategorized\/respect.jpg\"><img loading=\"lazy\" decoding=\"async\" width=\"250\" height=\"192\"  src=\"http:\/\/www.leblogmoto.com\/images\/respect.jpg\" alt=\"Respect\" style=\"margin: 0px 5px 5px 0px;float: left\" \/><\/a>Dominique Perben reprend en effet \u00e0 son compte cet axe de communication en \u00e9non\u00e7ant, dans le cadre du lancement du dispositif &quot;partage de la rue&quot; : <em>&quot;Chacun doit respecter les r\u00e8gles de prudence : les automobilistes doivent veiller \u00e0 la s\u00e9curit\u00e9 des plus fragiles, notamment des pi\u00e9tons&quot;<\/em><\/p>\n<p> Malheureusement force est de constater qu\u2019au del\u00e0 de la campagne de communication sur &quot;le respect des vitesses en ville&quot;, il s\u2019agit pour l\u2019essentiel d\u2019un renforcement des sanctions qui se mettra en place. Malgr\u00e9 les progr\u00e8s attribu\u00e9s \u00e0 la multiplication du contr\u00f4le-sanction automatis\u00e9, cette politique qui prolonge la &quot;pens\u00e9e unique du radar&quot; semble atteindre pourtant ses limites, notamment pour ce qui concerne les usagers vuln\u00e9rables et les accidents en milieu urbain.<\/p>\n<p> La <a href=\"http:\/\/www.ffmc.asso.fr\/\">FFMC<\/a>, qui rencontrera prochainement la nouvelle d\u00e9l\u00e9gu\u00e9e interminist\u00e9rielle \u00e0 la S\u00e9curit\u00e9 Routi\u00e8re, C\u00e9cile Petit, se f\u00e9licite par ailleurs de la baisse historique du nombre de tu\u00e9s \u00e0 moto en 2006, (-13%, suivant les chiffres provisoires de la S\u00e9curit\u00e9 Routi\u00e8re, et dans un contexte de hausse du nombre de pratiquants, <a href=\"http:\/\/www.leblogmoto.com\/2007\/01\/scurit_routire_.html\">voir le post blogmoto du 15 janvier<\/a>), et souhaite que cette baisse puisse se prolonger et se g\u00e9n\u00e9raliser par la mise en place de campagne visant \u00e0 responsabiliser l\u2019ensemble des usagers de la route au n\u00e9cessaire partage de la route et respect entre usagers.<\/p>\n<p><\/p>\n<p>&nbsp;<\/p>\n","protected":false},"excerpt":{"rendered":"<p>Initiatrice de nombreuses campagnes de s\u00e9curit\u00e9 routi\u00e8re sur le th\u00e8me du &quot;partage de la route&quot; d\u00e8s les ann\u00e9es 1980 avec des slogans tels que &quot;pour \u00eatre respect\u00e9, respectons les autres&quot;, ou &quot;Auto moto, on s\u2019engage, on partage&quot;, la FFMC se r\u00e9jouit que cette th\u00e9matique sur la pluralit\u00e9 des usagers de la route soit reprise au [&hellip;]<\/p>\n","protected":false},"author":333,"featured_media":0,"comment_status":"open","ping_status":"open","sticky":false,"template":"","format":"standard","meta":{"footnotes":""},"categories":[27],"tags":[],"class_list":["post-1599","post","type-post","status-publish","format-standard","hentry","category-securite"],"yoast_head":"<!-- This site is optimized with the Yoast SEO plugin v26.0 - https:\/\/yoast.com\/wordpress\/plugins\/seo\/ -->\n<title>S\u00e9curit\u00e9 routi\u00e8re : la FFMC pour un vrai partage de la route - leblogmoto.com<\/title>\n<meta name=\"robots\" content=\"index, follow, max-snippet:-1, max-image-preview:large, max-video-preview:-1\" \/>\n<link rel=\"canonical\" href=\"https:\/\/blogs.thesocialmedia.com\/leblogmoto\/2007\/01\/22\/scurit-routire-1\/\" \/>\n<meta name=\"twitter:card\" content=\"summary_large_image\" \/>\n<meta name=\"twitter:title\" content=\"S\u00e9curit\u00e9 routi\u00e8re : la FFMC pour un vrai partage de la route - leblogmoto.com\" \/>\n<meta name=\"twitter:description\" content=\"Initiatrice de nombreuses campagnes de s\u00e9curit\u00e9 routi\u00e8re sur le th\u00e8me du &quot;partage de la route&quot; d\u00e8s les ann\u00e9es 1980 avec des slogans tels que &quot;pour \u00eatre respect\u00e9, respectons les autres&quot;, ou &quot;Auto moto, on s\u2019engage, on partage&quot;, la FFMC se r\u00e9jouit que cette th\u00e9matique sur la pluralit\u00e9 des usagers de la route soit reprise au [&hellip;]\" \/>\n<meta name=\"twitter:image\" content=\"http:\/\/www.leblogmoto.com\/images\/partage_couleur.jpg\" \/>\n<meta name=\"twitter:label1\" content=\"\u00c9crit par\" \/>\n\t<meta name=\"twitter:data1\" content=\"christian tirat\" \/>\n\t<meta name=\"twitter:label2\" content=\"Dur\u00e9e de lecture estim\u00e9e\" \/>\n\t<meta name=\"twitter:data2\" content=\"2 minutes\" \/>\n<script type=\"application\/ld+json\" class=\"yoast-schema-graph\">{\"@context\":\"https:\/\/schema.org\",\"@graph\":[{\"@type\":\"WebPage\",\"@id\":\"https:\/\/blogs.thesocialmedia.com\/leblogmoto\/2007\/01\/22\/scurit-routire-1\/\",\"url\":\"https:\/\/blogs.thesocialmedia.com\/leblogmoto\/2007\/01\/22\/scurit-routire-1\/\",\"name\":\"S\u00e9curit\u00e9 routi\u00e8re : la FFMC pour un vrai partage de la route - leblogmoto.com\",\"isPartOf\":{\"@id\":\"https:\/\/blogs.thesocialmedia.com\/leblogmoto\/#website\"},\"primaryImageOfPage\":{\"@id\":\"https:\/\/blogs.thesocialmedia.com\/leblogmoto\/2007\/01\/22\/scurit-routire-1\/#primaryimage\"},\"image\":{\"@id\":\"https:\/\/blogs.thesocialmedia.com\/leblogmoto\/2007\/01\/22\/scurit-routire-1\/#primaryimage\"},\"thumbnailUrl\":\"http:\/\/www.leblogmoto.com\/images\/partage_couleur.jpg\",\"datePublished\":\"2007-01-22T22:52:39+00:00\",\"dateModified\":\"2012-07-11T14:30:30+00:00\",\"author\":{\"@id\":\"https:\/\/blogs.thesocialmedia.com\/leblogmoto\/#\/schema\/person\/90b2f8fd0d5a2cede2580e95fc79c6c0\"},\"breadcrumb\":{\"@id\":\"https:\/\/blogs.thesocialmedia.com\/leblogmoto\/2007\/01\/22\/scurit-routire-1\/#breadcrumb\"},\"inLanguage\":\"fr-FR\",\"potentialAction\":[{\"@type\":\"ReadAction\",\"target\":[\"https:\/\/blogs.thesocialmedia.com\/leblogmoto\/2007\/01\/22\/scurit-routire-1\/\"]}]},{\"@type\":\"ImageObject\",\"inLanguage\":\"fr-FR\",\"@id\":\"https:\/\/blogs.thesocialmedia.com\/leblogmoto\/2007\/01\/22\/scurit-routire-1\/#primaryimage\",\"url\":\"http:\/\/www.leblogmoto.com\/images\/partage_couleur.jpg\",\"contentUrl\":\"http:\/\/www.leblogmoto.com\/images\/partage_couleur.jpg\"},{\"@type\":\"BreadcrumbList\",\"@id\":\"https:\/\/blogs.thesocialmedia.com\/leblogmoto\/2007\/01\/22\/scurit-routire-1\/#breadcrumb\",\"itemListElement\":[{\"@type\":\"ListItem\",\"position\":1,\"name\":\"Accueil\",\"item\":\"https:\/\/blogs.thesocialmedia.com\/leblogmoto\/\"},{\"@type\":\"ListItem\",\"position\":2,\"name\":\"S\u00e9curit\u00e9 routi\u00e8re : la FFMC pour un vrai partage de la route\"}]},{\"@type\":\"WebSite\",\"@id\":\"https:\/\/blogs.thesocialmedia.com\/leblogmoto\/#website\",\"url\":\"https:\/\/blogs.thesocialmedia.com\/leblogmoto\/\",\"name\":\"leblogmoto\",\"description\":\"Toute l&#039;actualit\u00e9 des 2 roues\",\"potentialAction\":[{\"@type\":\"SearchAction\",\"target\":{\"@type\":\"EntryPoint\",\"urlTemplate\":\"https:\/\/blogs.thesocialmedia.com\/leblogmoto\/?s={search_term_string}\"},\"query-input\":{\"@type\":\"PropertyValueSpecification\",\"valueRequired\":true,\"valueName\":\"search_term_string\"}}],\"inLanguage\":\"fr-FR\"},{\"@type\":\"Person\",\"@id\":\"https:\/\/blogs.thesocialmedia.com\/leblogmoto\/#\/schema\/person\/90b2f8fd0d5a2cede2580e95fc79c6c0\",\"name\":\"christian tirat\",\"image\":{\"@type\":\"ImageObject\",\"inLanguage\":\"fr-FR\",\"@id\":\"https:\/\/blogs.thesocialmedia.com\/leblogmoto\/#\/schema\/person\/image\/\",\"url\":\"https:\/\/secure.gravatar.com\/avatar\/?s=96&d=mm&r=g\",\"contentUrl\":\"https:\/\/secure.gravatar.com\/avatar\/?s=96&d=mm&r=g\",\"caption\":\"christian tirat\"},\"url\":\"https:\/\/blogs.thesocialmedia.com\/leblogmoto\/author\/christian-tirat\/\"}]}<\/script>\n<!-- \/ Yoast SEO plugin. -->","yoast_head_json":{"title":"S\u00e9curit\u00e9 routi\u00e8re : la FFMC pour un vrai partage de la route - leblogmoto.com","robots":{"index":"index","follow":"follow","max-snippet":"max-snippet:-1","max-image-preview":"max-image-preview:large","max-video-preview":"max-video-preview:-1"},"canonical":"https:\/\/blogs.thesocialmedia.com\/leblogmoto\/2007\/01\/22\/scurit-routire-1\/","twitter_card":"summary_large_image","twitter_title":"S\u00e9curit\u00e9 routi\u00e8re : la FFMC pour un vrai partage de la route - leblogmoto.com","twitter_description":"Initiatrice de nombreuses campagnes de s\u00e9curit\u00e9 routi\u00e8re sur le th\u00e8me du &quot;partage de la route&quot; d\u00e8s les ann\u00e9es 1980 avec des slogans tels que &quot;pour \u00eatre respect\u00e9, respectons les autres&quot;, ou &quot;Auto moto, on s\u2019engage, on partage&quot;, la FFMC se r\u00e9jouit que cette th\u00e9matique sur la pluralit\u00e9 des usagers de la route soit reprise au [&hellip;]","twitter_image":"http:\/\/www.leblogmoto.com\/images\/partage_couleur.jpg","twitter_misc":{"\u00c9crit par":"christian tirat","Dur\u00e9e de lecture estim\u00e9e":"2 minutes"},"schema":{"@context":"https:\/\/schema.org","@graph":[{"@type":"WebPage","@id":"https:\/\/blogs.thesocialmedia.com\/leblogmoto\/2007\/01\/22\/scurit-routire-1\/","url":"https:\/\/blogs.thesocialmedia.com\/leblogmoto\/2007\/01\/22\/scurit-routire-1\/","name":"S\u00e9curit\u00e9 routi\u00e8re : la FFMC pour un vrai partage de la route - leblogmoto.com","isPartOf":{"@id":"https:\/\/blogs.thesocialmedia.com\/leblogmoto\/#website"},"primaryImageOfPage":{"@id":"https:\/\/blogs.thesocialmedia.com\/leblogmoto\/2007\/01\/22\/scurit-routire-1\/#primaryimage"},"image":{"@id":"https:\/\/blogs.thesocialmedia.com\/leblogmoto\/2007\/01\/22\/scurit-routire-1\/#primaryimage"},"thumbnailUrl":"http:\/\/www.leblogmoto.com\/images\/partage_couleur.jpg","datePublished":"2007-01-22T22:52:39+00:00","dateModified":"2012-07-11T14:30:30+00:00","author":{"@id":"https:\/\/blogs.thesocialmedia.com\/leblogmoto\/#\/schema\/person\/90b2f8fd0d5a2cede2580e95fc79c6c0"},"breadcrumb":{"@id":"https:\/\/blogs.thesocialmedia.com\/leblogmoto\/2007\/01\/22\/scurit-routire-1\/#breadcrumb"},"inLanguage":"fr-FR","potentialAction":[{"@type":"ReadAction","target":["https:\/\/blogs.thesocialmedia.com\/leblogmoto\/2007\/01\/22\/scurit-routire-1\/"]}]},{"@type":"ImageObject","inLanguage":"fr-FR","@id":"https:\/\/blogs.thesocialmedia.com\/leblogmoto\/2007\/01\/22\/scurit-routire-1\/#primaryimage","url":"http:\/\/www.leblogmoto.com\/images\/partage_couleur.jpg","contentUrl":"http:\/\/www.leblogmoto.com\/images\/partage_couleur.jpg"},{"@type":"BreadcrumbList","@id":"https:\/\/blogs.thesocialmedia.com\/leblogmoto\/2007\/01\/22\/scurit-routire-1\/#breadcrumb","itemListElement":[{"@type":"ListItem","position":1,"name":"Accueil","item":"https:\/\/blogs.thesocialmedia.com\/leblogmoto\/"},{"@type":"ListItem","position":2,"name":"S\u00e9curit\u00e9 routi\u00e8re : la FFMC pour un vrai partage de la route"}]},{"@type":"WebSite","@id":"https:\/\/blogs.thesocialmedia.com\/leblogmoto\/#website","url":"https:\/\/blogs.thesocialmedia.com\/leblogmoto\/","name":"leblogmoto","description":"Toute l&#039;actualit\u00e9 des 2 roues","potentialAction":[{"@type":"SearchAction","target":{"@type":"EntryPoint","urlTemplate":"https:\/\/blogs.thesocialmedia.com\/leblogmoto\/?s={search_term_string}"},"query-input":{"@type":"PropertyValueSpecification","valueRequired":true,"valueName":"search_term_string"}}],"inLanguage":"fr-FR"},{"@type":"Person","@id":"https:\/\/blogs.thesocialmedia.com\/leblogmoto\/#\/schema\/person\/90b2f8fd0d5a2cede2580e95fc79c6c0","name":"christian tirat","image":{"@type":"ImageObject","inLanguage":"fr-FR","@id":"https:\/\/blogs.thesocialmedia.com\/leblogmoto\/#\/schema\/person\/image\/","url":"https:\/\/secure.gravatar.com\/avatar\/?s=96&d=mm&r=g","contentUrl":"https:\/\/secure.gravatar.com\/avatar\/?s=96&d=mm&r=g","caption":"christian tirat"},"url":"https:\/\/blogs.thesocialmedia.com\/leblogmoto\/author\/christian-tirat\/"}]}},"_links":{"self":[{"href":"https:\/\/blogs.thesocialmedia.com\/leblogmoto\/wp-json\/wp\/v2\/posts\/1599","targetHints":{"allow":["GET"]}}],"collection":[{"href":"https:\/\/blogs.thesocialmedia.com\/leblogmoto\/wp-json\/wp\/v2\/posts"}],"about":[{"href":"https:\/\/blogs.thesocialmedia.com\/leblogmoto\/wp-json\/wp\/v2\/types\/post"}],"author":[{"embeddable":true,"href":"https:\/\/blogs.thesocialmedia.com\/leblogmoto\/wp-json\/wp\/v2\/users\/333"}],"replies":[{"embeddable":true,"href":"https:\/\/blogs.thesocialmedia.com\/leblogmoto\/wp-json\/wp\/v2\/comments?post=1599"}],"version-history":[{"count":2,"href":"https:\/\/blogs.thesocialmedia.com\/leblogmoto\/wp-json\/wp\/v2\/posts\/1599\/revisions"}],"predecessor-version":[{"id":7936,"href":"https:\/\/blogs.thesocialmedia.com\/leblogmoto\/wp-json\/wp\/v2\/posts\/1599\/revisions\/7936"}],"wp:attachment":[{"href":"https:\/\/blogs.thesocialmedia.com\/leblogmoto\/wp-json\/wp\/v2\/media?parent=1599"}],"wp:term":[{"taxonomy":"category","embeddable":true,"href":"https:\/\/blogs.thesocialmedia.com\/leblogmoto\/wp-json\/wp\/v2\/categories?post=1599"},{"taxonomy":"post_tag","embeddable":true,"href":"https:\/\/blogs.thesocialmedia.com\/leblogmoto\/wp-json\/wp\/v2\/tags?post=1599"}],"curies":[{"name":"wp","href":"https:\/\/api.w.org\/{rel}","templated":true}]}}