{"id":160,"date":"2009-05-04T18:02:55","date_gmt":"2009-05-04T18:02:55","guid":{"rendered":"http:\/\/blogs.thesocialmedia.com\/leblogmoto\/2009\/05\/04\/grand-prix-de-namur-1983\/"},"modified":"2012-07-11T17:23:30","modified_gmt":"2012-07-11T17:23:30","slug":"grand-prix-de-namur-1983","status":"publish","type":"post","link":"https:\/\/blogs.thesocialmedia.com\/leblogmoto\/2009\/05\/04\/grand-prix-de-namur-1983\/","title":{"rendered":"Voyage dans le temps: Namur 1983"},"content":{"rendered":"<p><a href=\"http:\/\/blogs.thesocialmedia.com\/leblogmoto\/files\/2012\/07\/6a00d83451b18369e20115706be871970b-pi.jpg\"><img decoding=\"async\" alt=\"HAKAN CARLQVIST\" class=\"at-xid-6a00d83451b18369e20115706be871970b \" src=\"http:\/\/blogs.thesocialmedia.com\/leblogmoto\/files\/2012\/07\/6a00d83451b18369e20115706be871970b-500wi.jpg\" \/><\/a> <\/p>\n<p>Pour certains nostalgiques le motocross \u00e0 haut niveau n&#039;a plus du tout la m\u00eame saveur qu&#039;autrefois. Aujourd&#039;hui nous allons vous parler d&#039;un temps que les moins de 30 ans ne connaissent pas. La grande \u00e9poque du motocross et des moteurs 500 cm3 2T refroidis par air, des fourches \u00e0 gigantesque d\u00e9battement, des suspensions arri\u00e8re cantilever ou encore des freins \u00e0 tambour. Si vous ne connaissez pas Hakan Carlqvist, Jo\u00ebl Robert, Heikki Mikola, Andr\u00e9 Malherbe, Harry Everts, David Thorpe, Roger de Coster, Yvan Vanden Broeck, Andr\u00e9 Vromans ou encore la Citadelle de Namur l&#039;excellent reportage suivant est pour vous&#8230; <\/p>\n<\/p>\n<p><object height=\"344\" width=\"485\"><param name=\"movie\" value=\"http:\/\/www.youtube.com\/v\/ONM3wjwcioo&amp;hl=en&amp;fs=1\" \/><param name=\"allowFullScreen\" value=\"true\" \/><param name=\"allowscriptaccess\" value=\"always\" \/><embed height=\"344\" src=\"http:\/\/www.youtube.com\/v\/ONM3wjwcioo&amp;hl=en&amp;fs=1\" type=\"application\/x-shockwave-flash\" width=\"485\" \/><\/object><object height=\"344\" width=\"485\"><param name=\"movie\" value=\"http:\/\/www.youtube.com\/v\/vcOdy75rLq8&amp;hl=en&amp;fs=1\" \/><param name=\"allowFullScreen\" value=\"true\" \/><param name=\"allowscriptaccess\" value=\"always\" \/><embed height=\"344\" src=\"http:\/\/www.youtube.com\/v\/vcOdy75rLq8&amp;hl=en&amp;fs=1\" type=\"application\/x-shockwave-flash\" width=\"485\" \/><\/object><object height=\"344\" width=\"485\"><param name=\"movie\" value=\"http:\/\/www.youtube.com\/v\/4S1_HN6Pkz8&amp;hl=en&amp;fs=1\" \/><param name=\"allowFullScreen\" value=\"true\" \/><param name=\"allowscriptaccess\" value=\"always\" \/><embed height=\"344\" src=\"http:\/\/www.youtube.com\/v\/4S1_HN6Pkz8&amp;hl=en&amp;fs=1\" type=\"application\/x-shockwave-flash\" width=\"485\" \/><\/object><object height=\"344\" width=\"425\"><param name=\"movie\" value=\"http:\/\/www.youtube.com\/v\/OIzZeUZjfSA&amp;hl=en&amp;fs=1\" \/><param name=\"allowFullScreen\" value=\"true\" \/><param name=\"allowscriptaccess\" value=\"always\" \/><embed height=\"344\" src=\"http:\/\/www.youtube.com\/v\/OIzZeUZjfSA&amp;hl=en&amp;fs=1\" type=\"application\/x-shockwave-flash\" width=\"485\" \/><\/object><object height=\"344\" width=\"425\"><param name=\"movie\" value=\"http:\/\/www.youtube.com\/v\/fWmZXr6dyDU&amp;hl=en&amp;fs=1\" \/><param name=\"allowFullScreen\" value=\"true\" \/><param name=\"allowscriptaccess\" value=\"always\" \/><embed height=\"344\" src=\"http:\/\/www.youtube.com\/v\/fWmZXr6dyDU&amp;hl=en&amp;fs=1\" type=\"application\/x-shockwave-flash\" width=\"485\" \/><\/object> <object height=\"344\" width=\"485\"><param name=\"movie\" value=\"http:\/\/www.youtube.com\/v\/dpNnxqZVXK8&amp;hl=en&amp;fs=1\" \/><param name=\"allowFullScreen\" value=\"true\" \/><param name=\"allowscriptaccess\" value=\"always\" \/><embed height=\"344\" src=\"http:\/\/www.youtube.com\/v\/dpNnxqZVXK8&amp;hl=en&amp;fs=1\" type=\"application\/x-shockwave-flash\" width=\"485\" \/><\/object> <object height=\"344\" width=\"485\"><param name=\"movie\" value=\"http:\/\/www.youtube.com\/v\/mpHitq13dR4&amp;hl=en&amp;fs=1\" \/><param name=\"allowFullScreen\" value=\"true\" \/><param name=\"allowscriptaccess\" value=\"always\" \/><embed height=\"344\" src=\"http:\/\/www.youtube.com\/v\/mpHitq13dR4&amp;hl=en&amp;fs=1\" type=\"application\/x-shockwave-flash\" width=\"485\" \/><\/object><\/p>\n<\/p>\n<\/p>\n<\/p>\n<\/p>\n<p>Un reportage de Marc SIMON et Michel LECOMTE pour la RTBF, production Andr\u00e9 MIGNOLET. <\/p>\n<p>Une \u00e9poque diff\u00e9rente o\u00f9 les clins d&#039;\u0153il du type arr\u00eat ravitaillement pour boire une gorg\u00e9e de bi\u00e8re \u00e9taient encore tol\u00e9rables&#8230;<\/p>\n<p><object height=\"344\" width=\"485\"><param name=\"movie\" value=\"http:\/\/www.youtube.com\/v\/642ob2fz0mc&amp;hl=en&amp;fs=1\" \/><param name=\"allowFullScreen\" value=\"true\" \/><param name=\"allowscriptaccess\" value=\"always\" \/><embed height=\"344\" src=\"http:\/\/www.youtube.com\/v\/642ob2fz0mc&amp;hl=en&amp;fs=1\" type=\"application\/x-shockwave-flash\" width=\"485\" \/><\/object><\/p>\n","protected":false},"excerpt":{"rendered":"<p>Pour certains nostalgiques le motocross \u00e0 haut niveau n&#039;a plus du tout la m\u00eame saveur qu&#039;autrefois. Aujourd&#039;hui nous allons vous parler d&#039;un temps que les moins de 30 ans ne connaissent pas. La grande \u00e9poque du motocross et des moteurs 500 cm3 2T refroidis par air, des fourches \u00e0 gigantesque d\u00e9battement, des suspensions arri\u00e8re cantilever [&hellip;]<\/p>\n","protected":false},"author":323,"featured_media":13462,"comment_status":"open","ping_status":"open","sticky":false,"template":"","format":"standard","meta":{"footnotes":""},"categories":[66,12],"tags":[],"class_list":["post-160","post","type-post","status-publish","format-standard","has-post-thumbnail","hentry","category-moto-cross","category-videos"],"yoast_head":"<!-- This site is optimized with the Yoast SEO plugin v26.0 - https:\/\/yoast.com\/wordpress\/plugins\/seo\/ -->\n<title>Voyage dans le temps: Namur 1983 - leblogmoto.com<\/title>\n<meta name=\"robots\" content=\"index, follow, max-snippet:-1, max-image-preview:large, max-video-preview:-1\" \/>\n<link rel=\"canonical\" href=\"https:\/\/blogs.thesocialmedia.com\/leblogmoto\/2009\/05\/04\/grand-prix-de-namur-1983\/\" \/>\n<meta name=\"twitter:card\" content=\"summary_large_image\" \/>\n<meta name=\"twitter:title\" content=\"Voyage dans le temps: Namur 1983 - leblogmoto.com\" \/>\n<meta name=\"twitter:description\" content=\"Pour certains nostalgiques le motocross \u00e0 haut niveau n&#039;a plus du tout la m\u00eame saveur qu&#039;autrefois. Aujourd&#039;hui nous allons vous parler d&#039;un temps que les moins de 30 ans ne connaissent pas. La grande \u00e9poque du motocross et des moteurs 500 cm3 2T refroidis par air, des fourches \u00e0 gigantesque d\u00e9battement, des suspensions arri\u00e8re cantilever [&hellip;]\" \/>\n<meta name=\"twitter:image\" content=\"https:\/\/blogs.thesocialmedia.com\/leblogmoto\/files\/2012\/07\/6a00d83451b18369e20115706be871970b-500wi.jpg\" \/>\n<meta name=\"twitter:label1\" content=\"\u00c9crit par\" \/>\n\t<meta name=\"twitter:data1\" content=\"albin le guyader\" \/>\n\t<meta name=\"twitter:label2\" content=\"Dur\u00e9e de lecture estim\u00e9e\" \/>\n\t<meta name=\"twitter:data2\" content=\"1 minute\" \/>\n<script type=\"application\/ld+json\" class=\"yoast-schema-graph\">{\"@context\":\"https:\/\/schema.org\",\"@graph\":[{\"@type\":\"WebPage\",\"@id\":\"https:\/\/blogs.thesocialmedia.com\/leblogmoto\/2009\/05\/04\/grand-prix-de-namur-1983\/\",\"url\":\"https:\/\/blogs.thesocialmedia.com\/leblogmoto\/2009\/05\/04\/grand-prix-de-namur-1983\/\",\"name\":\"Voyage dans le temps: Namur 1983 - leblogmoto.com\",\"isPartOf\":{\"@id\":\"https:\/\/blogs.thesocialmedia.com\/leblogmoto\/#website\"},\"primaryImageOfPage\":{\"@id\":\"https:\/\/blogs.thesocialmedia.com\/leblogmoto\/2009\/05\/04\/grand-prix-de-namur-1983\/#primaryimage\"},\"image\":{\"@id\":\"https:\/\/blogs.thesocialmedia.com\/leblogmoto\/2009\/05\/04\/grand-prix-de-namur-1983\/#primaryimage\"},\"thumbnailUrl\":\"https:\/\/blogs.thesocialmedia.com\/leblogmoto\/files\/2012\/07\/6a00d83451b18369e20115706be871970b-500wi.jpg\",\"datePublished\":\"2009-05-04T18:02:55+00:00\",\"dateModified\":\"2012-07-11T17:23:30+00:00\",\"author\":{\"@id\":\"https:\/\/blogs.thesocialmedia.com\/leblogmoto\/#\/schema\/person\/b496d27c898c29a39678e2425cafb9ae\"},\"breadcrumb\":{\"@id\":\"https:\/\/blogs.thesocialmedia.com\/leblogmoto\/2009\/05\/04\/grand-prix-de-namur-1983\/#breadcrumb\"},\"inLanguage\":\"fr-FR\",\"potentialAction\":[{\"@type\":\"ReadAction\",\"target\":[\"https:\/\/blogs.thesocialmedia.com\/leblogmoto\/2009\/05\/04\/grand-prix-de-namur-1983\/\"]}]},{\"@type\":\"ImageObject\",\"inLanguage\":\"fr-FR\",\"@id\":\"https:\/\/blogs.thesocialmedia.com\/leblogmoto\/2009\/05\/04\/grand-prix-de-namur-1983\/#primaryimage\",\"url\":\"https:\/\/blogs.thesocialmedia.com\/leblogmoto\/files\/2012\/07\/6a00d83451b18369e20115706be871970b-500wi.jpg\",\"contentUrl\":\"https:\/\/blogs.thesocialmedia.com\/leblogmoto\/files\/2012\/07\/6a00d83451b18369e20115706be871970b-500wi.jpg\",\"width\":\"500\",\"height\":\"339\"},{\"@type\":\"BreadcrumbList\",\"@id\":\"https:\/\/blogs.thesocialmedia.com\/leblogmoto\/2009\/05\/04\/grand-prix-de-namur-1983\/#breadcrumb\",\"itemListElement\":[{\"@type\":\"ListItem\",\"position\":1,\"name\":\"Accueil\",\"item\":\"https:\/\/blogs.thesocialmedia.com\/leblogmoto\/\"},{\"@type\":\"ListItem\",\"position\":2,\"name\":\"Voyage dans le temps: Namur 1983\"}]},{\"@type\":\"WebSite\",\"@id\":\"https:\/\/blogs.thesocialmedia.com\/leblogmoto\/#website\",\"url\":\"https:\/\/blogs.thesocialmedia.com\/leblogmoto\/\",\"name\":\"leblogmoto\",\"description\":\"Toute l&#039;actualit\u00e9 des 2 roues\",\"potentialAction\":[{\"@type\":\"SearchAction\",\"target\":{\"@type\":\"EntryPoint\",\"urlTemplate\":\"https:\/\/blogs.thesocialmedia.com\/leblogmoto\/?s={search_term_string}\"},\"query-input\":{\"@type\":\"PropertyValueSpecification\",\"valueRequired\":true,\"valueName\":\"search_term_string\"}}],\"inLanguage\":\"fr-FR\"},{\"@type\":\"Person\",\"@id\":\"https:\/\/blogs.thesocialmedia.com\/leblogmoto\/#\/schema\/person\/b496d27c898c29a39678e2425cafb9ae\",\"name\":\"albin le guyader\",\"image\":{\"@type\":\"ImageObject\",\"inLanguage\":\"fr-FR\",\"@id\":\"https:\/\/blogs.thesocialmedia.com\/leblogmoto\/#\/schema\/person\/image\/\",\"url\":\"https:\/\/secure.gravatar.com\/avatar\/?s=96&d=mm&r=g\",\"contentUrl\":\"https:\/\/secure.gravatar.com\/avatar\/?s=96&d=mm&r=g\",\"caption\":\"albin le guyader\"},\"url\":\"https:\/\/blogs.thesocialmedia.com\/leblogmoto\/author\/albin-le-guyader\/\"}]}<\/script>\n<!-- \/ Yoast SEO plugin. -->","yoast_head_json":{"title":"Voyage dans le temps: Namur 1983 - leblogmoto.com","robots":{"index":"index","follow":"follow","max-snippet":"max-snippet:-1","max-image-preview":"max-image-preview:large","max-video-preview":"max-video-preview:-1"},"canonical":"https:\/\/blogs.thesocialmedia.com\/leblogmoto\/2009\/05\/04\/grand-prix-de-namur-1983\/","twitter_card":"summary_large_image","twitter_title":"Voyage dans le temps: Namur 1983 - leblogmoto.com","twitter_description":"Pour certains nostalgiques le motocross \u00e0 haut niveau n&#039;a plus du tout la m\u00eame saveur qu&#039;autrefois. Aujourd&#039;hui nous allons vous parler d&#039;un temps que les moins de 30 ans ne connaissent pas. La grande \u00e9poque du motocross et des moteurs 500 cm3 2T refroidis par air, des fourches \u00e0 gigantesque d\u00e9battement, des suspensions arri\u00e8re cantilever [&hellip;]","twitter_image":"https:\/\/blogs.thesocialmedia.com\/leblogmoto\/files\/2012\/07\/6a00d83451b18369e20115706be871970b-500wi.jpg","twitter_misc":{"\u00c9crit par":"albin le guyader","Dur\u00e9e de lecture estim\u00e9e":"1 minute"},"schema":{"@context":"https:\/\/schema.org","@graph":[{"@type":"WebPage","@id":"https:\/\/blogs.thesocialmedia.com\/leblogmoto\/2009\/05\/04\/grand-prix-de-namur-1983\/","url":"https:\/\/blogs.thesocialmedia.com\/leblogmoto\/2009\/05\/04\/grand-prix-de-namur-1983\/","name":"Voyage dans le temps: Namur 1983 - leblogmoto.com","isPartOf":{"@id":"https:\/\/blogs.thesocialmedia.com\/leblogmoto\/#website"},"primaryImageOfPage":{"@id":"https:\/\/blogs.thesocialmedia.com\/leblogmoto\/2009\/05\/04\/grand-prix-de-namur-1983\/#primaryimage"},"image":{"@id":"https:\/\/blogs.thesocialmedia.com\/leblogmoto\/2009\/05\/04\/grand-prix-de-namur-1983\/#primaryimage"},"thumbnailUrl":"https:\/\/blogs.thesocialmedia.com\/leblogmoto\/files\/2012\/07\/6a00d83451b18369e20115706be871970b-500wi.jpg","datePublished":"2009-05-04T18:02:55+00:00","dateModified":"2012-07-11T17:23:30+00:00","author":{"@id":"https:\/\/blogs.thesocialmedia.com\/leblogmoto\/#\/schema\/person\/b496d27c898c29a39678e2425cafb9ae"},"breadcrumb":{"@id":"https:\/\/blogs.thesocialmedia.com\/leblogmoto\/2009\/05\/04\/grand-prix-de-namur-1983\/#breadcrumb"},"inLanguage":"fr-FR","potentialAction":[{"@type":"ReadAction","target":["https:\/\/blogs.thesocialmedia.com\/leblogmoto\/2009\/05\/04\/grand-prix-de-namur-1983\/"]}]},{"@type":"ImageObject","inLanguage":"fr-FR","@id":"https:\/\/blogs.thesocialmedia.com\/leblogmoto\/2009\/05\/04\/grand-prix-de-namur-1983\/#primaryimage","url":"https:\/\/blogs.thesocialmedia.com\/leblogmoto\/files\/2012\/07\/6a00d83451b18369e20115706be871970b-500wi.jpg","contentUrl":"https:\/\/blogs.thesocialmedia.com\/leblogmoto\/files\/2012\/07\/6a00d83451b18369e20115706be871970b-500wi.jpg","width":"500","height":"339"},{"@type":"BreadcrumbList","@id":"https:\/\/blogs.thesocialmedia.com\/leblogmoto\/2009\/05\/04\/grand-prix-de-namur-1983\/#breadcrumb","itemListElement":[{"@type":"ListItem","position":1,"name":"Accueil","item":"https:\/\/blogs.thesocialmedia.com\/leblogmoto\/"},{"@type":"ListItem","position":2,"name":"Voyage dans le temps: Namur 1983"}]},{"@type":"WebSite","@id":"https:\/\/blogs.thesocialmedia.com\/leblogmoto\/#website","url":"https:\/\/blogs.thesocialmedia.com\/leblogmoto\/","name":"leblogmoto","description":"Toute l&#039;actualit\u00e9 des 2 roues","potentialAction":[{"@type":"SearchAction","target":{"@type":"EntryPoint","urlTemplate":"https:\/\/blogs.thesocialmedia.com\/leblogmoto\/?s={search_term_string}"},"query-input":{"@type":"PropertyValueSpecification","valueRequired":true,"valueName":"search_term_string"}}],"inLanguage":"fr-FR"},{"@type":"Person","@id":"https:\/\/blogs.thesocialmedia.com\/leblogmoto\/#\/schema\/person\/b496d27c898c29a39678e2425cafb9ae","name":"albin le guyader","image":{"@type":"ImageObject","inLanguage":"fr-FR","@id":"https:\/\/blogs.thesocialmedia.com\/leblogmoto\/#\/schema\/person\/image\/","url":"https:\/\/secure.gravatar.com\/avatar\/?s=96&d=mm&r=g","contentUrl":"https:\/\/secure.gravatar.com\/avatar\/?s=96&d=mm&r=g","caption":"albin le guyader"},"url":"https:\/\/blogs.thesocialmedia.com\/leblogmoto\/author\/albin-le-guyader\/"}]}},"_links":{"self":[{"href":"https:\/\/blogs.thesocialmedia.com\/leblogmoto\/wp-json\/wp\/v2\/posts\/160","targetHints":{"allow":["GET"]}}],"collection":[{"href":"https:\/\/blogs.thesocialmedia.com\/leblogmoto\/wp-json\/wp\/v2\/posts"}],"about":[{"href":"https:\/\/blogs.thesocialmedia.com\/leblogmoto\/wp-json\/wp\/v2\/types\/post"}],"author":[{"embeddable":true,"href":"https:\/\/blogs.thesocialmedia.com\/leblogmoto\/wp-json\/wp\/v2\/users\/323"}],"replies":[{"embeddable":true,"href":"https:\/\/blogs.thesocialmedia.com\/leblogmoto\/wp-json\/wp\/v2\/comments?post=160"}],"version-history":[{"count":2,"href":"https:\/\/blogs.thesocialmedia.com\/leblogmoto\/wp-json\/wp\/v2\/posts\/160\/revisions"}],"predecessor-version":[{"id":13464,"href":"https:\/\/blogs.thesocialmedia.com\/leblogmoto\/wp-json\/wp\/v2\/posts\/160\/revisions\/13464"}],"wp:featuredmedia":[{"embeddable":true,"href":"https:\/\/blogs.thesocialmedia.com\/leblogmoto\/wp-json\/wp\/v2\/media\/13462"}],"wp:attachment":[{"href":"https:\/\/blogs.thesocialmedia.com\/leblogmoto\/wp-json\/wp\/v2\/media?parent=160"}],"wp:term":[{"taxonomy":"category","embeddable":true,"href":"https:\/\/blogs.thesocialmedia.com\/leblogmoto\/wp-json\/wp\/v2\/categories?post=160"},{"taxonomy":"post_tag","embeddable":true,"href":"https:\/\/blogs.thesocialmedia.com\/leblogmoto\/wp-json\/wp\/v2\/tags?post=160"}],"curies":[{"name":"wp","href":"https:\/\/api.w.org\/{rel}","templated":true}]}}