{"id":1602,"date":"2007-01-21T16:08:32","date_gmt":"2007-01-21T16:08:32","guid":{"rendered":"http:\/\/blogs.thesocialmedia.com\/leblogmoto\/2007\/01\/21\/dakar-bravo-mic\/"},"modified":"2012-07-11T13:21:55","modified_gmt":"2012-07-11T13:21:55","slug":"dakar-bravo-mic","status":"publish","type":"post","link":"https:\/\/blogs.thesocialmedia.com\/leblogmoto\/2007\/01\/21\/dakar-bravo-mic\/","title":{"rendered":"Dakar moto: doubl\u00e9 fran\u00e7ais, pari gagn\u00e9 pour Vayssi\u00e8"},"content":{"rendered":"<p><a href=\"http:\/\/clabedan.typepad.com\/.shared\/image.html?\/photos\/uncategorized\/mauritannie1a_5.jpg\"><img loading=\"lazy\" decoding=\"async\" width=\"250\" height=\"167\"  src=\"http:\/\/www.leblogmoto.com\/images\/mauritannie1a_5.jpg\" alt=\"Mauritannie1a_5\" style=\"margin: 0px 5px 5px 0px;float: left\" \/><\/a>Il est arriv\u00e9 !&nbsp; <a href=\"http:\/\/www.toulouse-bestof.com\/\">Michel Vayssi\u00e8<\/a> notre pilote f\u00e9tiche, le repr\u00e9sentant du Blog Moto a gagn\u00e9 son pari. Malgr\u00e9 quelques d\u00e9boires, une clavicule f\u00eal\u00e9e (et un carter) dus \u00e0 une chute provoqu\u00e9e par son d\u00e9monte-pneu, une autre chute caus\u00e9e par un c\u00e2ble de TV <a href=\"http:\/\/www.toulouse-bestof.com\/\">(voir vid\u00e9o)<\/a>, il termine non seulement son premier &quot;vrai&quot; <a href=\"http:\/\/www.dakar.com\/\">Dakar<\/a> mais il s\u2019attribue en prime&nbsp; la 33\u00e8me place au g\u00e9n\u00e9ral, \u00e0 10h40\u2019 de <a href=\"http:\/\/www.cyrildespres.com\/home.html\">Despres<\/a> et la 27\u00e8me place en Super Production.  <\/p>\n<p>Un grand bravo au g\u00e9n\u00e9reux dentiste toulousain ! Son r\u00e9sultat justifie largement le soutien que lui ont accord\u00e9 ses sponsors, a commencer par le rugbistique <a href=\"http:\/\/www.stadetoulousain.fr\/?rubcode=47\">Stade Toulousain<\/a>, <a href=\"http:\/\/www.mobalpa.fr\/\">Mobalpa<\/a> et le pr\u00e9parateur de sa tr\u00e8s fiable 450, <a href=\"http:\/\/www.yamservice.com\/\">Yam\u2019Service Blagnac<\/a>.<\/p>\n<p><a href=\"http:\/\/clabedan.typepad.com\/.shared\/image.html?\/photos\/uncategorized\/annie_optic2.jpg\"><img loading=\"lazy\" decoding=\"async\" width=\"250\" height=\"164\"  src=\"http:\/\/www.leblogmoto.com\/images\/annie_optic2.jpg\" alt=\"Annie_optic2\" style=\"margin: 0px 5px 5px 0px;float: left\" \/><\/a> On notera aussi le premier podium d\u2019un am\u00e9ricain sur cette \u00e9preuve. Il est vrai que <a href=\"http:\/\/www.blaisracing.com\/\">Chris Blais<\/a> a \u00e9t\u00e9 favoris\u00e9 par l\u2019abandon de <a href=\"http:\/\/www.marccoma.com\/\">Coma<\/a> et d\u2019Est\u00e8ve, ce qui n\u2019enl\u00e8ve rien \u00e0 la qualit\u00e9 de sa course.<br \/> La 6\u00e8me place au g\u00e9n\u00e9ral d\u2019un amateur, le <a href=\"http:\/\/www.janisvinters.lv\/\">\u00ab letton d\u2019acier \u00bb Vinters<\/a> sur <a href=\"http:\/\/www.ktmusa.com\/KTM-Ready-to-Race.1.7.html\">KTM<\/a> ne lasse pas non plus d\u2019impressionner, nul doute que son retour au pays sera triomphal. Enfin, quel plaisir de rendre hommage \u00e0 la <a href=\"http:\/\/www.rallyprincess.com\/\">\u00ab petite princesse des rallyes \u00bb, la belle su\u00e9doide Annie Seel<\/a> <a href=\"http:\/\/www.ktmusa.com\/KTM-Ready-to-Race.1.7.html\">(KTM)<\/a> qui se classe 98\u00e8me \u00e0 un peu plus de 27h41 du <a href=\"http:\/\/www.cyrildespres.com\/home.html\">leader<\/a>. &nbsp; &nbsp;&nbsp; <\/p>\n<p> Le classement G\u00e9n\u00e9ral, doubl\u00e9 fran\u00e7ais:<\/p>\n<p> 1&nbsp; &nbsp;&nbsp; &nbsp;002&nbsp; &nbsp;&nbsp; &nbsp;<a href=\"http:\/\/www.cyrildespres.com\/home.html\">DESPRES<\/a> (FRA)&nbsp; &nbsp;&nbsp; &nbsp;<a href=\"http:\/\/www.ktmusa.com\/KTM-Ready-to-Race.1.7.html\">KTM <\/a>&nbsp; &nbsp;&nbsp; 51:36:53&nbsp; &nbsp;&nbsp; &nbsp;00:00:00&nbsp; &nbsp;&nbsp; &nbsp;<br \/> 2&nbsp; &nbsp;&nbsp; 008&nbsp; &nbsp;&nbsp; <a href=\"http:\/\/www.offroad83.com\/\">CASTEU<\/a> (FRA)&nbsp; &nbsp;&nbsp; <a href=\"http:\/\/www.ktmusa.com\/KTM-Ready-to-Race.1.7.html\">KTM <\/a>&nbsp; &nbsp; 52:11:12&nbsp; &nbsp;&nbsp; 00:34:19&nbsp; &nbsp;&nbsp; <br \/> 3&nbsp; &nbsp;&nbsp; 009&nbsp; &nbsp;&nbsp; <a href=\"http:\/\/www.blaisracing.com\/\">BLAIS<\/a> (USA)&nbsp; &nbsp;&nbsp; <a href=\"http:\/\/www.ktmusa.com\/KTM-Ready-to-Race.1.7.html\">KTM <\/a>&nbsp; &nbsp; 52:28:59&nbsp; &nbsp;&nbsp; 00:52:06&nbsp; &nbsp;&nbsp; <br \/> 4&nbsp; &nbsp;&nbsp; 006&nbsp; &nbsp;&nbsp; <a href=\"\/\/www.ullevalseter-racing.com\/\">ULLEVALSETER<\/a> (NOR)&nbsp; &nbsp;&nbsp; <a href=\"http:\/\/www.ktmusa.com\/KTM-Ready-to-Race.1.7.html\">KTM<\/a>&nbsp; &nbsp;&nbsp; 53:14:50&nbsp; &nbsp;&nbsp; 01:37:57&nbsp; &nbsp;&nbsp; <br \/> 5&nbsp; &nbsp;&nbsp; 010&nbsp; &nbsp;&nbsp; <a href=\"http:\/\/helderrodrigues.no.sapo.pt\/\">RODRIGUES<\/a> (POR)&nbsp; &nbsp;&nbsp; <a href=\"http:\/\/www.yamaha-racing.com\/Racing\/dakar\/index.jsp\">YAMAHA<\/a>&nbsp; &nbsp;&nbsp; 54:07:34&nbsp; &nbsp;&nbsp; 02:30:41&nbsp; &nbsp;&nbsp; <br \/> 6&nbsp; &nbsp;&nbsp; 023&nbsp; &nbsp;&nbsp; <a href=\"http:\/\/www.janisvinters.lv\/\">VINTERS<\/a> (LAT)&nbsp; &nbsp;&nbsp; <a href=\"http:\/\/www.ktmusa.com\/KTM-Ready-to-Race.1.7.html\">KTM <\/a>&nbsp; &nbsp; 54:21:14&nbsp; &nbsp;&nbsp; 02:44:21&nbsp; &nbsp;&nbsp; 03:00<br \/> 7&nbsp; &nbsp;&nbsp; 020&nbsp; &nbsp;&nbsp; MARCHINI (FRA)&nbsp; &nbsp;&nbsp; <a href=\"http:\/\/www.yamaha-racing.com\/Racing\/dakar\/index.jsp\">YAMAHA <\/a>&nbsp; &nbsp; 54:37:20&nbsp; &nbsp;&nbsp; 03:00:27&nbsp; &nbsp;&nbsp; <br \/> 8&nbsp; &nbsp;&nbsp; 085&nbsp; &nbsp;&nbsp; <a href=\"http:\/\/www.thierrybethys.com\/resultats.php\">BETHYS<\/a> (FRA)&nbsp; &nbsp;&nbsp; HONDA&nbsp; &nbsp;&nbsp; 55:03:26&nbsp; &nbsp;&nbsp; 03:26:33&nbsp; &nbsp;&nbsp; 03:00<br \/> 9&nbsp; &nbsp;&nbsp; 103&nbsp; &nbsp;&nbsp; KATRINAK (SLQ)&nbsp; &nbsp;&nbsp; <a href=\"http:\/\/www.ktmusa.com\/KTM-Ready-to-Race.1.7.html\">KTM<\/a>&nbsp; &nbsp;&nbsp; 55:17:03&nbsp; &nbsp;&nbsp; 03:40:10&nbsp; &nbsp;&nbsp; 10:00<br \/> 10&nbsp; &nbsp;&nbsp; 016&nbsp; &nbsp;&nbsp; CZACHOR (POL)&nbsp; &nbsp;&nbsp; <a href=\"http:\/\/www.ktmusa.com\/KTM-Ready-to-Race.1.7.html\">KTM<\/a>&nbsp; &nbsp;&nbsp; 56:00:57&nbsp; &nbsp;&nbsp; 04:24:04 <br \/> 33&nbsp; &nbsp;&nbsp; &nbsp;213&nbsp; &nbsp;&nbsp; &nbsp;<a href=\"http:\/\/www.toulouse-bestof.com\/\">VAYSSIE<\/a> (FRA)&nbsp; &nbsp;&nbsp; &nbsp;<a href=\"http:\/\/www.yamaha-racing.com\/Racing\/dakar\/index.jsp\">YAMAHA<\/a>&nbsp; &nbsp;&nbsp; &nbsp;62:17:07&nbsp; &nbsp;&nbsp; &nbsp;10:40:14<br \/> 098&nbsp; &nbsp;&nbsp; &nbsp;<a href=\"http:\/\/www.rallyprincess.com\/\">SEEL<\/a> (SUE)&nbsp; &nbsp;&nbsp; &nbsp;<a href=\"http:\/\/www.ktmusa.com\/KTM-Ready-to-Race.1.7.html\">KTM<\/a>&nbsp; &nbsp;&nbsp; &nbsp;79:18:20&nbsp; &nbsp;&nbsp; &nbsp;27:41:27&nbsp; &nbsp;&nbsp; &nbsp;24:00<\/p>\n","protected":false},"excerpt":{"rendered":"<p>Il est arriv\u00e9 !&nbsp; Michel Vayssi\u00e8 notre pilote f\u00e9tiche, le repr\u00e9sentant du Blog Moto a gagn\u00e9 son pari. Malgr\u00e9 quelques d\u00e9boires, une clavicule f\u00eal\u00e9e (et un carter) dus \u00e0 une chute provoqu\u00e9e par son d\u00e9monte-pneu, une autre chute caus\u00e9e par un c\u00e2ble de TV (voir vid\u00e9o), il termine non seulement son premier &quot;vrai&quot; Dakar mais [&hellip;]<\/p>\n","protected":false},"author":333,"featured_media":0,"comment_status":"open","ping_status":"open","sticky":false,"template":"","format":"standard","meta":{"footnotes":""},"categories":[59],"tags":[],"class_list":["post-1602","post","type-post","status-publish","format-standard","hentry","category-dakar"],"yoast_head":"<!-- This site is optimized with the Yoast SEO plugin v26.0 - https:\/\/yoast.com\/wordpress\/plugins\/seo\/ -->\n<title>Dakar moto: doubl\u00e9 fran\u00e7ais, pari gagn\u00e9 pour Vayssi\u00e8 - leblogmoto.com<\/title>\n<meta name=\"robots\" content=\"index, follow, max-snippet:-1, max-image-preview:large, max-video-preview:-1\" \/>\n<link rel=\"canonical\" href=\"https:\/\/blogs.thesocialmedia.com\/leblogmoto\/2007\/01\/21\/dakar-bravo-mic\/\" \/>\n<meta name=\"twitter:card\" content=\"summary_large_image\" \/>\n<meta name=\"twitter:title\" content=\"Dakar moto: doubl\u00e9 fran\u00e7ais, pari gagn\u00e9 pour Vayssi\u00e8 - leblogmoto.com\" \/>\n<meta name=\"twitter:description\" content=\"Il est arriv\u00e9 !&nbsp; Michel Vayssi\u00e8 notre pilote f\u00e9tiche, le repr\u00e9sentant du Blog Moto a gagn\u00e9 son pari. Malgr\u00e9 quelques d\u00e9boires, une clavicule f\u00eal\u00e9e (et un carter) dus \u00e0 une chute provoqu\u00e9e par son d\u00e9monte-pneu, une autre chute caus\u00e9e par un c\u00e2ble de TV (voir vid\u00e9o), il termine non seulement son premier &quot;vrai&quot; Dakar mais [&hellip;]\" \/>\n<meta name=\"twitter:image\" content=\"http:\/\/www.leblogmoto.com\/images\/mauritannie1a_5.jpg\" \/>\n<meta name=\"twitter:label1\" content=\"\u00c9crit par\" \/>\n\t<meta name=\"twitter:data1\" content=\"christian tirat\" \/>\n\t<meta name=\"twitter:label2\" content=\"Dur\u00e9e de lecture estim\u00e9e\" \/>\n\t<meta name=\"twitter:data2\" content=\"3 minutes\" \/>\n<script type=\"application\/ld+json\" class=\"yoast-schema-graph\">{\"@context\":\"https:\/\/schema.org\",\"@graph\":[{\"@type\":\"WebPage\",\"@id\":\"https:\/\/blogs.thesocialmedia.com\/leblogmoto\/2007\/01\/21\/dakar-bravo-mic\/\",\"url\":\"https:\/\/blogs.thesocialmedia.com\/leblogmoto\/2007\/01\/21\/dakar-bravo-mic\/\",\"name\":\"Dakar moto: doubl\u00e9 fran\u00e7ais, pari gagn\u00e9 pour Vayssi\u00e8 - leblogmoto.com\",\"isPartOf\":{\"@id\":\"https:\/\/blogs.thesocialmedia.com\/leblogmoto\/#website\"},\"primaryImageOfPage\":{\"@id\":\"https:\/\/blogs.thesocialmedia.com\/leblogmoto\/2007\/01\/21\/dakar-bravo-mic\/#primaryimage\"},\"image\":{\"@id\":\"https:\/\/blogs.thesocialmedia.com\/leblogmoto\/2007\/01\/21\/dakar-bravo-mic\/#primaryimage\"},\"thumbnailUrl\":\"http:\/\/www.leblogmoto.com\/images\/mauritannie1a_5.jpg\",\"datePublished\":\"2007-01-21T16:08:32+00:00\",\"dateModified\":\"2012-07-11T13:21:55+00:00\",\"author\":{\"@id\":\"https:\/\/blogs.thesocialmedia.com\/leblogmoto\/#\/schema\/person\/90b2f8fd0d5a2cede2580e95fc79c6c0\"},\"breadcrumb\":{\"@id\":\"https:\/\/blogs.thesocialmedia.com\/leblogmoto\/2007\/01\/21\/dakar-bravo-mic\/#breadcrumb\"},\"inLanguage\":\"fr-FR\",\"potentialAction\":[{\"@type\":\"ReadAction\",\"target\":[\"https:\/\/blogs.thesocialmedia.com\/leblogmoto\/2007\/01\/21\/dakar-bravo-mic\/\"]}]},{\"@type\":\"ImageObject\",\"inLanguage\":\"fr-FR\",\"@id\":\"https:\/\/blogs.thesocialmedia.com\/leblogmoto\/2007\/01\/21\/dakar-bravo-mic\/#primaryimage\",\"url\":\"http:\/\/www.leblogmoto.com\/images\/mauritannie1a_5.jpg\",\"contentUrl\":\"http:\/\/www.leblogmoto.com\/images\/mauritannie1a_5.jpg\"},{\"@type\":\"BreadcrumbList\",\"@id\":\"https:\/\/blogs.thesocialmedia.com\/leblogmoto\/2007\/01\/21\/dakar-bravo-mic\/#breadcrumb\",\"itemListElement\":[{\"@type\":\"ListItem\",\"position\":1,\"name\":\"Accueil\",\"item\":\"https:\/\/blogs.thesocialmedia.com\/leblogmoto\/\"},{\"@type\":\"ListItem\",\"position\":2,\"name\":\"Dakar moto: doubl\u00e9 fran\u00e7ais, pari gagn\u00e9 pour Vayssi\u00e8\"}]},{\"@type\":\"WebSite\",\"@id\":\"https:\/\/blogs.thesocialmedia.com\/leblogmoto\/#website\",\"url\":\"https:\/\/blogs.thesocialmedia.com\/leblogmoto\/\",\"name\":\"leblogmoto\",\"description\":\"Toute l&#039;actualit\u00e9 des 2 roues\",\"potentialAction\":[{\"@type\":\"SearchAction\",\"target\":{\"@type\":\"EntryPoint\",\"urlTemplate\":\"https:\/\/blogs.thesocialmedia.com\/leblogmoto\/?s={search_term_string}\"},\"query-input\":{\"@type\":\"PropertyValueSpecification\",\"valueRequired\":true,\"valueName\":\"search_term_string\"}}],\"inLanguage\":\"fr-FR\"},{\"@type\":\"Person\",\"@id\":\"https:\/\/blogs.thesocialmedia.com\/leblogmoto\/#\/schema\/person\/90b2f8fd0d5a2cede2580e95fc79c6c0\",\"name\":\"christian tirat\",\"image\":{\"@type\":\"ImageObject\",\"inLanguage\":\"fr-FR\",\"@id\":\"https:\/\/blogs.thesocialmedia.com\/leblogmoto\/#\/schema\/person\/image\/\",\"url\":\"https:\/\/secure.gravatar.com\/avatar\/?s=96&d=mm&r=g\",\"contentUrl\":\"https:\/\/secure.gravatar.com\/avatar\/?s=96&d=mm&r=g\",\"caption\":\"christian tirat\"},\"url\":\"https:\/\/blogs.thesocialmedia.com\/leblogmoto\/author\/christian-tirat\/\"}]}<\/script>\n<!-- \/ Yoast SEO plugin. -->","yoast_head_json":{"title":"Dakar moto: doubl\u00e9 fran\u00e7ais, pari gagn\u00e9 pour Vayssi\u00e8 - leblogmoto.com","robots":{"index":"index","follow":"follow","max-snippet":"max-snippet:-1","max-image-preview":"max-image-preview:large","max-video-preview":"max-video-preview:-1"},"canonical":"https:\/\/blogs.thesocialmedia.com\/leblogmoto\/2007\/01\/21\/dakar-bravo-mic\/","twitter_card":"summary_large_image","twitter_title":"Dakar moto: doubl\u00e9 fran\u00e7ais, pari gagn\u00e9 pour Vayssi\u00e8 - leblogmoto.com","twitter_description":"Il est arriv\u00e9 !&nbsp; Michel Vayssi\u00e8 notre pilote f\u00e9tiche, le repr\u00e9sentant du Blog Moto a gagn\u00e9 son pari. Malgr\u00e9 quelques d\u00e9boires, une clavicule f\u00eal\u00e9e (et un carter) dus \u00e0 une chute provoqu\u00e9e par son d\u00e9monte-pneu, une autre chute caus\u00e9e par un c\u00e2ble de TV (voir vid\u00e9o), il termine non seulement son premier &quot;vrai&quot; Dakar mais [&hellip;]","twitter_image":"http:\/\/www.leblogmoto.com\/images\/mauritannie1a_5.jpg","twitter_misc":{"\u00c9crit par":"christian tirat","Dur\u00e9e de lecture estim\u00e9e":"3 minutes"},"schema":{"@context":"https:\/\/schema.org","@graph":[{"@type":"WebPage","@id":"https:\/\/blogs.thesocialmedia.com\/leblogmoto\/2007\/01\/21\/dakar-bravo-mic\/","url":"https:\/\/blogs.thesocialmedia.com\/leblogmoto\/2007\/01\/21\/dakar-bravo-mic\/","name":"Dakar moto: doubl\u00e9 fran\u00e7ais, pari gagn\u00e9 pour Vayssi\u00e8 - leblogmoto.com","isPartOf":{"@id":"https:\/\/blogs.thesocialmedia.com\/leblogmoto\/#website"},"primaryImageOfPage":{"@id":"https:\/\/blogs.thesocialmedia.com\/leblogmoto\/2007\/01\/21\/dakar-bravo-mic\/#primaryimage"},"image":{"@id":"https:\/\/blogs.thesocialmedia.com\/leblogmoto\/2007\/01\/21\/dakar-bravo-mic\/#primaryimage"},"thumbnailUrl":"http:\/\/www.leblogmoto.com\/images\/mauritannie1a_5.jpg","datePublished":"2007-01-21T16:08:32+00:00","dateModified":"2012-07-11T13:21:55+00:00","author":{"@id":"https:\/\/blogs.thesocialmedia.com\/leblogmoto\/#\/schema\/person\/90b2f8fd0d5a2cede2580e95fc79c6c0"},"breadcrumb":{"@id":"https:\/\/blogs.thesocialmedia.com\/leblogmoto\/2007\/01\/21\/dakar-bravo-mic\/#breadcrumb"},"inLanguage":"fr-FR","potentialAction":[{"@type":"ReadAction","target":["https:\/\/blogs.thesocialmedia.com\/leblogmoto\/2007\/01\/21\/dakar-bravo-mic\/"]}]},{"@type":"ImageObject","inLanguage":"fr-FR","@id":"https:\/\/blogs.thesocialmedia.com\/leblogmoto\/2007\/01\/21\/dakar-bravo-mic\/#primaryimage","url":"http:\/\/www.leblogmoto.com\/images\/mauritannie1a_5.jpg","contentUrl":"http:\/\/www.leblogmoto.com\/images\/mauritannie1a_5.jpg"},{"@type":"BreadcrumbList","@id":"https:\/\/blogs.thesocialmedia.com\/leblogmoto\/2007\/01\/21\/dakar-bravo-mic\/#breadcrumb","itemListElement":[{"@type":"ListItem","position":1,"name":"Accueil","item":"https:\/\/blogs.thesocialmedia.com\/leblogmoto\/"},{"@type":"ListItem","position":2,"name":"Dakar moto: doubl\u00e9 fran\u00e7ais, pari gagn\u00e9 pour Vayssi\u00e8"}]},{"@type":"WebSite","@id":"https:\/\/blogs.thesocialmedia.com\/leblogmoto\/#website","url":"https:\/\/blogs.thesocialmedia.com\/leblogmoto\/","name":"leblogmoto","description":"Toute l&#039;actualit\u00e9 des 2 roues","potentialAction":[{"@type":"SearchAction","target":{"@type":"EntryPoint","urlTemplate":"https:\/\/blogs.thesocialmedia.com\/leblogmoto\/?s={search_term_string}"},"query-input":{"@type":"PropertyValueSpecification","valueRequired":true,"valueName":"search_term_string"}}],"inLanguage":"fr-FR"},{"@type":"Person","@id":"https:\/\/blogs.thesocialmedia.com\/leblogmoto\/#\/schema\/person\/90b2f8fd0d5a2cede2580e95fc79c6c0","name":"christian tirat","image":{"@type":"ImageObject","inLanguage":"fr-FR","@id":"https:\/\/blogs.thesocialmedia.com\/leblogmoto\/#\/schema\/person\/image\/","url":"https:\/\/secure.gravatar.com\/avatar\/?s=96&d=mm&r=g","contentUrl":"https:\/\/secure.gravatar.com\/avatar\/?s=96&d=mm&r=g","caption":"christian tirat"},"url":"https:\/\/blogs.thesocialmedia.com\/leblogmoto\/author\/christian-tirat\/"}]}},"_links":{"self":[{"href":"https:\/\/blogs.thesocialmedia.com\/leblogmoto\/wp-json\/wp\/v2\/posts\/1602","targetHints":{"allow":["GET"]}}],"collection":[{"href":"https:\/\/blogs.thesocialmedia.com\/leblogmoto\/wp-json\/wp\/v2\/posts"}],"about":[{"href":"https:\/\/blogs.thesocialmedia.com\/leblogmoto\/wp-json\/wp\/v2\/types\/post"}],"author":[{"embeddable":true,"href":"https:\/\/blogs.thesocialmedia.com\/leblogmoto\/wp-json\/wp\/v2\/users\/333"}],"replies":[{"embeddable":true,"href":"https:\/\/blogs.thesocialmedia.com\/leblogmoto\/wp-json\/wp\/v2\/comments?post=1602"}],"version-history":[{"count":1,"href":"https:\/\/blogs.thesocialmedia.com\/leblogmoto\/wp-json\/wp\/v2\/posts\/1602\/revisions"}],"predecessor-version":[{"id":3570,"href":"https:\/\/blogs.thesocialmedia.com\/leblogmoto\/wp-json\/wp\/v2\/posts\/1602\/revisions\/3570"}],"wp:attachment":[{"href":"https:\/\/blogs.thesocialmedia.com\/leblogmoto\/wp-json\/wp\/v2\/media?parent=1602"}],"wp:term":[{"taxonomy":"category","embeddable":true,"href":"https:\/\/blogs.thesocialmedia.com\/leblogmoto\/wp-json\/wp\/v2\/categories?post=1602"},{"taxonomy":"post_tag","embeddable":true,"href":"https:\/\/blogs.thesocialmedia.com\/leblogmoto\/wp-json\/wp\/v2\/tags?post=1602"}],"curies":[{"name":"wp","href":"https:\/\/api.w.org\/{rel}","templated":true}]}}