{"id":1603,"date":"2007-01-21T15:49:17","date_gmt":"2007-01-21T15:49:17","guid":{"rendered":"http:\/\/blogs.thesocialmedia.com\/leblogmoto\/2007\/01\/21\/dakar-le-lac-ro\/"},"modified":"2012-07-11T14:30:25","modified_gmt":"2012-07-11T14:30:25","slug":"dakar-le-lac-ro","status":"publish","type":"post","link":"https:\/\/blogs.thesocialmedia.com\/leblogmoto\/2007\/01\/21\/dakar-le-lac-ro\/","title":{"rendered":"Dakar : Le lac rose, mission accomplie"},"content":{"rendered":"<p><a href=\"http:\/\/blogs.thesocialmedia.com\/leblogmoto\/files\/2012\/07\/cdespresportrait3.jpg\"><img loading=\"lazy\" decoding=\"async\" width=\"250\" height=\"130\"  src=\"http:\/\/www.leblogmoto.com\/images\/cdespresportrait3.jpg\" alt=\"Cdespresportrait3\" style=\"margin: 0px 5px 5px 0px;float: left\" \/><\/a> Mission accomplie pour les motards et <a href=\"http:\/\/www.toulouse-bestof.com\">Michel Vayssi\u00e9<\/a> (213) le \u00ab poireau poulain \u00bb du Blog Moto qui a r\u00e9ussi son challenge, conduire sa fid\u00e8le <a href=\"http:\/\/www.yamaha-racing.com\/Racing\/dakar\/index.jsp\">450 Yamaha<\/a> \u00e0 l\u2019arriv\u00e9e du lac rose ! <br \/>Pourtant ce rallye fut particuli\u00e8rement difficile puisque sur les 245 concurrents motos a avoir pris le d\u00e9part \u00e0 Lisbonne le 6 janvier dernier, seuls 133 on pu s\u2019\u00e9lancer dans la derni\u00e8re sp\u00e9ciale du <a href=\"http:\/\/www.dakar.com\/\">29\u00e8me Dakar<\/a>.<\/p>\n<p><a href=\"http:\/\/clabedan.typepad.com\/.shared\/image.html?\/photos\/uncategorized\/cyril_despres_01.jpg\"><img loading=\"lazy\" decoding=\"async\" width=\"250\" height=\"167\"  src=\"http:\/\/www.leblogmoto.com\/images\/cyril_despres_01.jpg\" alt=\"Cyril_despres_01\" style=\"margin: 0px 5px 5px 0px;float: left\" \/><\/a> Ce matin, \u00e0 10h une premi\u00e8re vague constitu\u00e9e par les 13 derniers au classement g\u00e9n\u00e9ral, partait en t\u00eate. Dernier du g\u00e9n\u00e9ral, \u00e0 83h 26\u201949 du leader <a href=\"http:\/\/www.cyrildespres.com\/home.html\">Cyril Despres<\/a>, c\u2019est le motard belge <a href=\"http:\/\/www.dakar.com\/2007\/DAK\/RIDERS\/fr\/coureurs\/170.html\">Ennio Cucurachi<\/a> (ligaments d\u00e9chir\u00e9s) qui fut le premier \u00e0 s\u2019\u00e9lancer vers le lac rose. Le Belge donnera ensuite le coup d\u2019envoi de l\u2019ultime sp\u00e9ciale de 16 km en s\u2019\u00e9lan\u00e7ant avec le premier groupe sur la plage du Lac Rose.<br \/>Le portugais <a href=\"http:\/\/www.dakar.com\/2007\/DAK\/RIDERS\/fr\/equipage\/45.html\">Pedro Bianchi Prata<\/a> sur <a href=\"http:\/\/www.yamaha-racing.com\/Racing\/dakar\/index.jsp\">Yamaha<\/a> super production fut le plus rapide de ce groupe, 5&quot; devant la belle su\u00e9doise <a href=\"Annie Seel\">Annie Seel <\/a>et 51&quot; devant le britannique <a href=\"http:\/\/fr.sports.yahoo.com\/08012007\/43\/portrait-amateur-steve-malone-le-dakar-a-change-ma-vie.html\">Stephen Malone<\/a>. Apr\u00e8s l\u2019arriv\u00e9e des 52 motos suivantes, le d\u00e9lirant turc briseur de casques <a href=\"http:\/\/www.nofear.com.tr\/sporcular\/kemal.htm\">Kemal Merkit<\/a> (<a href=\"http:\/\/www.ktmusa.com\/KTM-Ready-to-Race.1.7.html\">KTM Marathon<\/a>) signait le meilleur temps, 2&quot; devant le belge <a href=\"http:\/\/www.dakar.com\/2007\/DAK\/RIDERS\/fr\/coureurs\/997.html\">Jozef Augustyns<\/a> et prenant 6&quot; au portugais <a href=\"http:\/\/www.dakar.com\/2007\/DAK\/RIDERS\/fr\/equipage\/45.html\">Pedro Bianchi Prata<\/a>. Puis ce fut au tour du Hollandais <a href=\"http:\/\/www.dakar.com\/2007\/DAK\/RIDERS\/fr\/coureurs\/4604.html\">Johan Willemsen<\/a> (<a href=\"http:\/\/www.yamaha-racing.com\/Racing\/dakar\/index.jsp\">Yamaha Super Production<\/a>) de passer devant quand les 90 premi\u00e8res motos furent arriv\u00e9es, 5&quot; devant <a href=\"http:\/\/www.nofear.com.tr\/sporcular\/kemal.htm\">Kemal Merkit<\/a>. Apr\u00e8s le finish de 110 motos le br\u00e9silien <a href=\"http:\/\/www.dakar.com\/2007\/DAK\/RIDERS\/fr\/coureurs\/4426.html\">Jean De Azevedo<\/a> (<a href=\"http:\/\/www.ktmusa.com\/KTM-Ready-to-Race.1.7.html\">KTM Super Production<\/a>) prenait la leadership, 2&quot; devant le fran\u00e7ais <a href=\"http:\/\/www.dakar.euromaster.com\/croquelois.htm\">Eric Croquelois<\/a> et 21&quot; devant Willemsen. Enfin, apr\u00e8s que tous les pilotes eurent accomplis leur \u00ab tour d\u2019honneur \u00bb sur la sp\u00e9ciale du lac rose, le classement officiel de cette ultime \u00e9tape tombait :<\/p>\n<p> 1&nbsp; &nbsp;&nbsp; &nbsp;005&nbsp; &nbsp;&nbsp; &nbsp;<a href=\"http:\/\/www.dakar.com\/2007\/DAK\/RIDERS\/fr\/coureurs\/4426.html\">DE AZEVEDO<\/a> (BRE)&nbsp; &nbsp;&nbsp; &nbsp;<a href=\"http:\/\/www.ktmusa.com\/KTM-Ready-to-Race.1.7.html\">KTM<\/a>&nbsp; &nbsp;&nbsp; &nbsp;00:09:10&nbsp; &nbsp;&nbsp; &nbsp;00:00:00&nbsp; &nbsp;&nbsp; &nbsp;<br \/> 2&nbsp; &nbsp;&nbsp; 028&nbsp; &nbsp;&nbsp; CROQUELOIS (FRA)&nbsp; &nbsp;&nbsp; <a href=\"http:\/\/www.yamaha-racing.com\/Racing\/dakar\/index.jsp\">YAMAHA <\/a>&nbsp; &nbsp; 00:09:12&nbsp; &nbsp;&nbsp; 00:00:02&nbsp; &nbsp;&nbsp; <br \/> 3&nbsp; &nbsp;&nbsp; 233&nbsp; &nbsp;&nbsp; WILLEMSEN (HOL)&nbsp; &nbsp;&nbsp; <a href=\"http:\/\/www.yamaha-racing.com\/Racing\/dakar\/index.jsp\">YAMAHA<\/a>&nbsp; &nbsp;&nbsp; 00:09:31&nbsp; &nbsp;&nbsp; 00:00:21&nbsp; &nbsp;&nbsp; <br \/> 4&nbsp; &nbsp;&nbsp; 033&nbsp; &nbsp;&nbsp; GONCALVES (POR)&nbsp; &nbsp;&nbsp; <a href=\"http:\/\/world.honda.com\/motorsports\/\">HONDA <\/a>&nbsp; &nbsp; 00:09:34&nbsp; &nbsp;&nbsp; 00:00:24&nbsp; &nbsp;&nbsp; <br \/> 5&nbsp; &nbsp;&nbsp; 203&nbsp; &nbsp;&nbsp; <a href=\"http:\/\/www.nofear.com.tr\/sporcular\/kemal.htm\">MERKIT<\/a> (TUR)&nbsp; &nbsp;&nbsp; <a href=\"http:\/\/www.ktmusa.com\/KTM-Ready-to-Race.1.7.html\">KTM<\/a>&nbsp; &nbsp;&nbsp; 00:09:36&nbsp; &nbsp;&nbsp; 00:00:26&nbsp; &nbsp;&nbsp; <br \/> 48&nbsp; &nbsp;&nbsp; &nbsp;213&nbsp; &nbsp;&nbsp; &nbsp;<a href=\"http:\/\/www.toulouse-bestof.com\">VAYSSIE<\/a> (FRA)&nbsp; &nbsp;&nbsp; &nbsp;<a href=\"http:\/\/www.yamaha-racing.com\/Racing\/dakar\/index.jsp\">YAMAHA <\/a>&nbsp; &nbsp;&nbsp; 00:11:33&nbsp; &nbsp;&nbsp; &nbsp;00:02:23<\/p>\n","protected":false},"excerpt":{"rendered":"<p>Mission accomplie pour les motards et Michel Vayssi\u00e9 (213) le \u00ab poireau poulain \u00bb du Blog Moto qui a r\u00e9ussi son challenge, conduire sa fid\u00e8le 450 Yamaha \u00e0 l\u2019arriv\u00e9e du lac rose ! Pourtant ce rallye fut particuli\u00e8rement difficile puisque sur les 245 concurrents motos a avoir pris le d\u00e9part \u00e0 Lisbonne le 6 janvier [&hellip;]<\/p>\n","protected":false},"author":333,"featured_media":0,"comment_status":"open","ping_status":"open","sticky":false,"template":"","format":"standard","meta":{"footnotes":""},"categories":[59],"tags":[],"class_list":["post-1603","post","type-post","status-publish","format-standard","hentry","category-dakar"],"yoast_head":"<!-- This site is optimized with the Yoast SEO plugin v26.0 - https:\/\/yoast.com\/wordpress\/plugins\/seo\/ -->\n<title>Dakar : Le lac rose, mission accomplie - leblogmoto.com<\/title>\n<meta name=\"robots\" content=\"index, follow, max-snippet:-1, max-image-preview:large, max-video-preview:-1\" \/>\n<link rel=\"canonical\" href=\"https:\/\/blogs.thesocialmedia.com\/leblogmoto\/2007\/01\/21\/dakar-le-lac-ro\/\" \/>\n<meta name=\"twitter:card\" content=\"summary_large_image\" \/>\n<meta name=\"twitter:title\" content=\"Dakar : Le lac rose, mission accomplie - leblogmoto.com\" \/>\n<meta name=\"twitter:description\" content=\"Mission accomplie pour les motards et Michel Vayssi\u00e9 (213) le \u00ab poireau poulain \u00bb du Blog Moto qui a r\u00e9ussi son challenge, conduire sa fid\u00e8le 450 Yamaha \u00e0 l\u2019arriv\u00e9e du lac rose ! Pourtant ce rallye fut particuli\u00e8rement difficile puisque sur les 245 concurrents motos a avoir pris le d\u00e9part \u00e0 Lisbonne le 6 janvier [&hellip;]\" \/>\n<meta name=\"twitter:image\" content=\"http:\/\/www.leblogmoto.com\/images\/cdespresportrait3.jpg\" \/>\n<meta name=\"twitter:label1\" content=\"\u00c9crit par\" \/>\n\t<meta name=\"twitter:data1\" content=\"christian tirat\" \/>\n\t<meta name=\"twitter:label2\" content=\"Dur\u00e9e de lecture estim\u00e9e\" \/>\n\t<meta name=\"twitter:data2\" content=\"2 minutes\" \/>\n<script type=\"application\/ld+json\" class=\"yoast-schema-graph\">{\"@context\":\"https:\/\/schema.org\",\"@graph\":[{\"@type\":\"WebPage\",\"@id\":\"https:\/\/blogs.thesocialmedia.com\/leblogmoto\/2007\/01\/21\/dakar-le-lac-ro\/\",\"url\":\"https:\/\/blogs.thesocialmedia.com\/leblogmoto\/2007\/01\/21\/dakar-le-lac-ro\/\",\"name\":\"Dakar : Le lac rose, mission accomplie - leblogmoto.com\",\"isPartOf\":{\"@id\":\"https:\/\/blogs.thesocialmedia.com\/leblogmoto\/#website\"},\"primaryImageOfPage\":{\"@id\":\"https:\/\/blogs.thesocialmedia.com\/leblogmoto\/2007\/01\/21\/dakar-le-lac-ro\/#primaryimage\"},\"image\":{\"@id\":\"https:\/\/blogs.thesocialmedia.com\/leblogmoto\/2007\/01\/21\/dakar-le-lac-ro\/#primaryimage\"},\"thumbnailUrl\":\"http:\/\/www.leblogmoto.com\/images\/cdespresportrait3.jpg\",\"datePublished\":\"2007-01-21T15:49:17+00:00\",\"dateModified\":\"2012-07-11T14:30:25+00:00\",\"author\":{\"@id\":\"https:\/\/blogs.thesocialmedia.com\/leblogmoto\/#\/schema\/person\/90b2f8fd0d5a2cede2580e95fc79c6c0\"},\"breadcrumb\":{\"@id\":\"https:\/\/blogs.thesocialmedia.com\/leblogmoto\/2007\/01\/21\/dakar-le-lac-ro\/#breadcrumb\"},\"inLanguage\":\"fr-FR\",\"potentialAction\":[{\"@type\":\"ReadAction\",\"target\":[\"https:\/\/blogs.thesocialmedia.com\/leblogmoto\/2007\/01\/21\/dakar-le-lac-ro\/\"]}]},{\"@type\":\"ImageObject\",\"inLanguage\":\"fr-FR\",\"@id\":\"https:\/\/blogs.thesocialmedia.com\/leblogmoto\/2007\/01\/21\/dakar-le-lac-ro\/#primaryimage\",\"url\":\"http:\/\/www.leblogmoto.com\/images\/cdespresportrait3.jpg\",\"contentUrl\":\"http:\/\/www.leblogmoto.com\/images\/cdespresportrait3.jpg\"},{\"@type\":\"BreadcrumbList\",\"@id\":\"https:\/\/blogs.thesocialmedia.com\/leblogmoto\/2007\/01\/21\/dakar-le-lac-ro\/#breadcrumb\",\"itemListElement\":[{\"@type\":\"ListItem\",\"position\":1,\"name\":\"Accueil\",\"item\":\"https:\/\/blogs.thesocialmedia.com\/leblogmoto\/\"},{\"@type\":\"ListItem\",\"position\":2,\"name\":\"Dakar : Le lac rose, mission accomplie\"}]},{\"@type\":\"WebSite\",\"@id\":\"https:\/\/blogs.thesocialmedia.com\/leblogmoto\/#website\",\"url\":\"https:\/\/blogs.thesocialmedia.com\/leblogmoto\/\",\"name\":\"leblogmoto\",\"description\":\"Toute l&#039;actualit\u00e9 des 2 roues\",\"potentialAction\":[{\"@type\":\"SearchAction\",\"target\":{\"@type\":\"EntryPoint\",\"urlTemplate\":\"https:\/\/blogs.thesocialmedia.com\/leblogmoto\/?s={search_term_string}\"},\"query-input\":{\"@type\":\"PropertyValueSpecification\",\"valueRequired\":true,\"valueName\":\"search_term_string\"}}],\"inLanguage\":\"fr-FR\"},{\"@type\":\"Person\",\"@id\":\"https:\/\/blogs.thesocialmedia.com\/leblogmoto\/#\/schema\/person\/90b2f8fd0d5a2cede2580e95fc79c6c0\",\"name\":\"christian tirat\",\"image\":{\"@type\":\"ImageObject\",\"inLanguage\":\"fr-FR\",\"@id\":\"https:\/\/blogs.thesocialmedia.com\/leblogmoto\/#\/schema\/person\/image\/\",\"url\":\"https:\/\/secure.gravatar.com\/avatar\/?s=96&d=mm&r=g\",\"contentUrl\":\"https:\/\/secure.gravatar.com\/avatar\/?s=96&d=mm&r=g\",\"caption\":\"christian tirat\"},\"url\":\"https:\/\/blogs.thesocialmedia.com\/leblogmoto\/author\/christian-tirat\/\"}]}<\/script>\n<!-- \/ Yoast SEO plugin. -->","yoast_head_json":{"title":"Dakar : Le lac rose, mission accomplie - leblogmoto.com","robots":{"index":"index","follow":"follow","max-snippet":"max-snippet:-1","max-image-preview":"max-image-preview:large","max-video-preview":"max-video-preview:-1"},"canonical":"https:\/\/blogs.thesocialmedia.com\/leblogmoto\/2007\/01\/21\/dakar-le-lac-ro\/","twitter_card":"summary_large_image","twitter_title":"Dakar : Le lac rose, mission accomplie - leblogmoto.com","twitter_description":"Mission accomplie pour les motards et Michel Vayssi\u00e9 (213) le \u00ab poireau poulain \u00bb du Blog Moto qui a r\u00e9ussi son challenge, conduire sa fid\u00e8le 450 Yamaha \u00e0 l\u2019arriv\u00e9e du lac rose ! Pourtant ce rallye fut particuli\u00e8rement difficile puisque sur les 245 concurrents motos a avoir pris le d\u00e9part \u00e0 Lisbonne le 6 janvier [&hellip;]","twitter_image":"http:\/\/www.leblogmoto.com\/images\/cdespresportrait3.jpg","twitter_misc":{"\u00c9crit par":"christian tirat","Dur\u00e9e de lecture estim\u00e9e":"2 minutes"},"schema":{"@context":"https:\/\/schema.org","@graph":[{"@type":"WebPage","@id":"https:\/\/blogs.thesocialmedia.com\/leblogmoto\/2007\/01\/21\/dakar-le-lac-ro\/","url":"https:\/\/blogs.thesocialmedia.com\/leblogmoto\/2007\/01\/21\/dakar-le-lac-ro\/","name":"Dakar : Le lac rose, mission accomplie - leblogmoto.com","isPartOf":{"@id":"https:\/\/blogs.thesocialmedia.com\/leblogmoto\/#website"},"primaryImageOfPage":{"@id":"https:\/\/blogs.thesocialmedia.com\/leblogmoto\/2007\/01\/21\/dakar-le-lac-ro\/#primaryimage"},"image":{"@id":"https:\/\/blogs.thesocialmedia.com\/leblogmoto\/2007\/01\/21\/dakar-le-lac-ro\/#primaryimage"},"thumbnailUrl":"http:\/\/www.leblogmoto.com\/images\/cdespresportrait3.jpg","datePublished":"2007-01-21T15:49:17+00:00","dateModified":"2012-07-11T14:30:25+00:00","author":{"@id":"https:\/\/blogs.thesocialmedia.com\/leblogmoto\/#\/schema\/person\/90b2f8fd0d5a2cede2580e95fc79c6c0"},"breadcrumb":{"@id":"https:\/\/blogs.thesocialmedia.com\/leblogmoto\/2007\/01\/21\/dakar-le-lac-ro\/#breadcrumb"},"inLanguage":"fr-FR","potentialAction":[{"@type":"ReadAction","target":["https:\/\/blogs.thesocialmedia.com\/leblogmoto\/2007\/01\/21\/dakar-le-lac-ro\/"]}]},{"@type":"ImageObject","inLanguage":"fr-FR","@id":"https:\/\/blogs.thesocialmedia.com\/leblogmoto\/2007\/01\/21\/dakar-le-lac-ro\/#primaryimage","url":"http:\/\/www.leblogmoto.com\/images\/cdespresportrait3.jpg","contentUrl":"http:\/\/www.leblogmoto.com\/images\/cdespresportrait3.jpg"},{"@type":"BreadcrumbList","@id":"https:\/\/blogs.thesocialmedia.com\/leblogmoto\/2007\/01\/21\/dakar-le-lac-ro\/#breadcrumb","itemListElement":[{"@type":"ListItem","position":1,"name":"Accueil","item":"https:\/\/blogs.thesocialmedia.com\/leblogmoto\/"},{"@type":"ListItem","position":2,"name":"Dakar : Le lac rose, mission accomplie"}]},{"@type":"WebSite","@id":"https:\/\/blogs.thesocialmedia.com\/leblogmoto\/#website","url":"https:\/\/blogs.thesocialmedia.com\/leblogmoto\/","name":"leblogmoto","description":"Toute l&#039;actualit\u00e9 des 2 roues","potentialAction":[{"@type":"SearchAction","target":{"@type":"EntryPoint","urlTemplate":"https:\/\/blogs.thesocialmedia.com\/leblogmoto\/?s={search_term_string}"},"query-input":{"@type":"PropertyValueSpecification","valueRequired":true,"valueName":"search_term_string"}}],"inLanguage":"fr-FR"},{"@type":"Person","@id":"https:\/\/blogs.thesocialmedia.com\/leblogmoto\/#\/schema\/person\/90b2f8fd0d5a2cede2580e95fc79c6c0","name":"christian tirat","image":{"@type":"ImageObject","inLanguage":"fr-FR","@id":"https:\/\/blogs.thesocialmedia.com\/leblogmoto\/#\/schema\/person\/image\/","url":"https:\/\/secure.gravatar.com\/avatar\/?s=96&d=mm&r=g","contentUrl":"https:\/\/secure.gravatar.com\/avatar\/?s=96&d=mm&r=g","caption":"christian tirat"},"url":"https:\/\/blogs.thesocialmedia.com\/leblogmoto\/author\/christian-tirat\/"}]}},"_links":{"self":[{"href":"https:\/\/blogs.thesocialmedia.com\/leblogmoto\/wp-json\/wp\/v2\/posts\/1603","targetHints":{"allow":["GET"]}}],"collection":[{"href":"https:\/\/blogs.thesocialmedia.com\/leblogmoto\/wp-json\/wp\/v2\/posts"}],"about":[{"href":"https:\/\/blogs.thesocialmedia.com\/leblogmoto\/wp-json\/wp\/v2\/types\/post"}],"author":[{"embeddable":true,"href":"https:\/\/blogs.thesocialmedia.com\/leblogmoto\/wp-json\/wp\/v2\/users\/333"}],"replies":[{"embeddable":true,"href":"https:\/\/blogs.thesocialmedia.com\/leblogmoto\/wp-json\/wp\/v2\/comments?post=1603"}],"version-history":[{"count":2,"href":"https:\/\/blogs.thesocialmedia.com\/leblogmoto\/wp-json\/wp\/v2\/posts\/1603\/revisions"}],"predecessor-version":[{"id":7932,"href":"https:\/\/blogs.thesocialmedia.com\/leblogmoto\/wp-json\/wp\/v2\/posts\/1603\/revisions\/7932"}],"wp:attachment":[{"href":"https:\/\/blogs.thesocialmedia.com\/leblogmoto\/wp-json\/wp\/v2\/media?parent=1603"}],"wp:term":[{"taxonomy":"category","embeddable":true,"href":"https:\/\/blogs.thesocialmedia.com\/leblogmoto\/wp-json\/wp\/v2\/categories?post=1603"},{"taxonomy":"post_tag","embeddable":true,"href":"https:\/\/blogs.thesocialmedia.com\/leblogmoto\/wp-json\/wp\/v2\/tags?post=1603"}],"curies":[{"name":"wp","href":"https:\/\/api.w.org\/{rel}","templated":true}]}}