{"id":1606,"date":"2007-01-19T14:45:39","date_gmt":"2007-01-19T14:45:39","guid":{"rendered":"http:\/\/blogs.thesocialmedia.com\/leblogmoto\/2007\/01\/19\/dakar-le-malheu\/"},"modified":"2012-07-11T14:30:21","modified_gmt":"2012-07-11T14:30:21","slug":"dakar-le-malheu","status":"publish","type":"post","link":"https:\/\/blogs.thesocialmedia.com\/leblogmoto\/2007\/01\/19\/dakar-le-malheu\/","title":{"rendered":"Dakar : Le malheur des uns \u2026"},"content":{"rendered":"<p><a href=\"http:\/\/blogs.thesocialmedia.com\/leblogmoto\/files\/2012\/07\/mauritannie1a_3.jpg\"><img loading=\"lazy\" decoding=\"async\" width=\"250\" height=\"167\"  alt=\"Mauritannie1a_3\" src=\"http:\/\/www.leblogmoto.com\/images\/mauritannie1a_3.jpg\" style=\"margin: 0px 5px 5px 0px;float: left\" \/><\/a> Journ\u00e9e folle sur cette treizi\u00e8me \u00e9tape du <a href=\"http:\/\/www.dakar.com\/\">Dakar<\/a>. En l\u2019espace de quelques minutes et juste avant le CP1, le leader <a href=\"http:\/\/www.marccoma.com\/\">Marc Coma <\/a>qui s\u2019\u00e9tait perdu, fait une chute et doit \u00eatre \u00e9vacu\u00e9 en h\u00e9licopt\u00e8re sur <a href=\"http:\/\/www.dakarville.sn\/\">Dakar <\/a>(traumatisme cr\u00e2nien) puis ce fut au tour de l\u2019Espagnol <a href=\"http:\/\/www.ktmpress.com\/\">Isidre Esteve pujol<\/a>, un s\u00e9rieux client pour le podium, de tomber \u00e0 500m du CP maudit. Moto ruin\u00e9e (on attend des nouvelles de son assistance)  <\/p>\n<p>La t\u00eate de course ainsi hors service, c\u2019est <a href=\"http:\/\/www.cyrildespres.com\/home.html\">Cyril Despres<\/a> qui prend les commandes \u00e0 2 jours de l\u2019arriv\u00e9e \u00e0 <a href=\"http:\/\/www.dakarville.sn\/\">Dakar<\/a>. <a href=\"http:\/\/www.offroad83.com\/\">Casteu<\/a> suit en deuxi\u00e8me position \u00e0 35\u201928\u2019\u2019 et <a href=\"http:\/\/www.blaisracing.com\/\">Blais<\/a> maintenant 3\u00e8me au g\u00e9n\u00e9ral \u00e0 54\u201952\u2019\u2019, voit son ambition d\u2019\u00eatre le premier am\u00e9ricain sur le podium du Dakar \u00e0 nouveau r\u00e9alisable. Le norv\u00e9gien <a href=\"http:\/\/www.ullevalseter-racing.com\/\">Ullevalseter <\/a><a href=\"http:\/\/www.ktmcycles.com\/\">(KTM)<\/a> est 4\u00e8me \u00e0 1h 30\u201937\u2019\u2019, le portugais Rodrigues place la premi\u00e8re <a href=\"http:\/\/www.yamaha-racing.com\/Racing\/dakar\/index.jsp\">Yamaha<\/a> en 5\u00e8me position \u00e0 2h 21\u2019 et le letton d\u2019acier <a href=\"http:\/\/www.janisvinters.lv\/\">Vinters<\/a> <a href=\"http:\/\/www.ktmcycles.com\/\">(KTM)<\/a> se rapproche, \u00e0 3h de Despres. Le malheur des uns fait le bonheur des autres !<br \/> Plus loin dans le classement, \u00e0 10h17\u201956\u2019\u2019, on retrouve notre pilote f\u00e9tiche, le repr\u00e9sentant du Blog Moto, <a href=\"http:\/\/www.toulouse-bestof.com\">Michel Vayssi\u00e8 <\/a>(photo) toujours en course malgr\u00e9 une clavicule f\u00eal\u00e9e. Il gagne aujourd\u2019hui deux place, ce qui para\u00eet normal et am\u00e9ne aussi sa <a href=\"http:\/\/www.yamaha-racing.com\/Racing\/dakar\/index.jsp\">450 Yamaha <\/a>au trenti\u00e8me temps de la sp\u00e9ciale meurtri\u00e8re \u00e0 33\u201941\u2019\u2019 de <a href=\"http:\/\/www.cyrildespres.com\/home.html\">Depres<\/a>. Courage Michel tu vas y arriver !<\/p>\n","protected":false},"excerpt":{"rendered":"<p>Journ\u00e9e folle sur cette treizi\u00e8me \u00e9tape du Dakar. En l\u2019espace de quelques minutes et juste avant le CP1, le leader Marc Coma qui s\u2019\u00e9tait perdu, fait une chute et doit \u00eatre \u00e9vacu\u00e9 en h\u00e9licopt\u00e8re sur Dakar (traumatisme cr\u00e2nien) puis ce fut au tour de l\u2019Espagnol Isidre Esteve pujol, un s\u00e9rieux client pour le podium, de [&hellip;]<\/p>\n","protected":false},"author":333,"featured_media":0,"comment_status":"open","ping_status":"open","sticky":false,"template":"","format":"standard","meta":{"footnotes":""},"categories":[59],"tags":[],"class_list":["post-1606","post","type-post","status-publish","format-standard","hentry","category-dakar"],"yoast_head":"<!-- This site is optimized with the Yoast SEO plugin v26.0 - https:\/\/yoast.com\/wordpress\/plugins\/seo\/ -->\n<title>Dakar : Le malheur des uns \u2026 - leblogmoto.com<\/title>\n<meta name=\"robots\" content=\"index, follow, max-snippet:-1, max-image-preview:large, max-video-preview:-1\" \/>\n<link rel=\"canonical\" href=\"https:\/\/blogs.thesocialmedia.com\/leblogmoto\/2007\/01\/19\/dakar-le-malheu\/\" \/>\n<meta name=\"twitter:card\" content=\"summary_large_image\" \/>\n<meta name=\"twitter:title\" content=\"Dakar : Le malheur des uns \u2026 - leblogmoto.com\" \/>\n<meta name=\"twitter:description\" content=\"Journ\u00e9e folle sur cette treizi\u00e8me \u00e9tape du Dakar. En l\u2019espace de quelques minutes et juste avant le CP1, le leader Marc Coma qui s\u2019\u00e9tait perdu, fait une chute et doit \u00eatre \u00e9vacu\u00e9 en h\u00e9licopt\u00e8re sur Dakar (traumatisme cr\u00e2nien) puis ce fut au tour de l\u2019Espagnol Isidre Esteve pujol, un s\u00e9rieux client pour le podium, de [&hellip;]\" \/>\n<meta name=\"twitter:image\" content=\"http:\/\/www.leblogmoto.com\/images\/mauritannie1a_3.jpg\" \/>\n<meta name=\"twitter:label1\" content=\"\u00c9crit par\" \/>\n\t<meta name=\"twitter:data1\" content=\"christian tirat\" \/>\n\t<meta name=\"twitter:label2\" content=\"Dur\u00e9e de lecture estim\u00e9e\" \/>\n\t<meta name=\"twitter:data2\" content=\"1 minute\" \/>\n<script type=\"application\/ld+json\" class=\"yoast-schema-graph\">{\"@context\":\"https:\/\/schema.org\",\"@graph\":[{\"@type\":\"WebPage\",\"@id\":\"https:\/\/blogs.thesocialmedia.com\/leblogmoto\/2007\/01\/19\/dakar-le-malheu\/\",\"url\":\"https:\/\/blogs.thesocialmedia.com\/leblogmoto\/2007\/01\/19\/dakar-le-malheu\/\",\"name\":\"Dakar : Le malheur des uns \u2026 - leblogmoto.com\",\"isPartOf\":{\"@id\":\"https:\/\/blogs.thesocialmedia.com\/leblogmoto\/#website\"},\"primaryImageOfPage\":{\"@id\":\"https:\/\/blogs.thesocialmedia.com\/leblogmoto\/2007\/01\/19\/dakar-le-malheu\/#primaryimage\"},\"image\":{\"@id\":\"https:\/\/blogs.thesocialmedia.com\/leblogmoto\/2007\/01\/19\/dakar-le-malheu\/#primaryimage\"},\"thumbnailUrl\":\"http:\/\/www.leblogmoto.com\/images\/mauritannie1a_3.jpg\",\"datePublished\":\"2007-01-19T14:45:39+00:00\",\"dateModified\":\"2012-07-11T14:30:21+00:00\",\"author\":{\"@id\":\"https:\/\/blogs.thesocialmedia.com\/leblogmoto\/#\/schema\/person\/90b2f8fd0d5a2cede2580e95fc79c6c0\"},\"breadcrumb\":{\"@id\":\"https:\/\/blogs.thesocialmedia.com\/leblogmoto\/2007\/01\/19\/dakar-le-malheu\/#breadcrumb\"},\"inLanguage\":\"fr-FR\",\"potentialAction\":[{\"@type\":\"ReadAction\",\"target\":[\"https:\/\/blogs.thesocialmedia.com\/leblogmoto\/2007\/01\/19\/dakar-le-malheu\/\"]}]},{\"@type\":\"ImageObject\",\"inLanguage\":\"fr-FR\",\"@id\":\"https:\/\/blogs.thesocialmedia.com\/leblogmoto\/2007\/01\/19\/dakar-le-malheu\/#primaryimage\",\"url\":\"http:\/\/www.leblogmoto.com\/images\/mauritannie1a_3.jpg\",\"contentUrl\":\"http:\/\/www.leblogmoto.com\/images\/mauritannie1a_3.jpg\"},{\"@type\":\"BreadcrumbList\",\"@id\":\"https:\/\/blogs.thesocialmedia.com\/leblogmoto\/2007\/01\/19\/dakar-le-malheu\/#breadcrumb\",\"itemListElement\":[{\"@type\":\"ListItem\",\"position\":1,\"name\":\"Accueil\",\"item\":\"https:\/\/blogs.thesocialmedia.com\/leblogmoto\/\"},{\"@type\":\"ListItem\",\"position\":2,\"name\":\"Dakar : Le malheur des uns \u2026\"}]},{\"@type\":\"WebSite\",\"@id\":\"https:\/\/blogs.thesocialmedia.com\/leblogmoto\/#website\",\"url\":\"https:\/\/blogs.thesocialmedia.com\/leblogmoto\/\",\"name\":\"leblogmoto\",\"description\":\"Toute l&#039;actualit\u00e9 des 2 roues\",\"potentialAction\":[{\"@type\":\"SearchAction\",\"target\":{\"@type\":\"EntryPoint\",\"urlTemplate\":\"https:\/\/blogs.thesocialmedia.com\/leblogmoto\/?s={search_term_string}\"},\"query-input\":{\"@type\":\"PropertyValueSpecification\",\"valueRequired\":true,\"valueName\":\"search_term_string\"}}],\"inLanguage\":\"fr-FR\"},{\"@type\":\"Person\",\"@id\":\"https:\/\/blogs.thesocialmedia.com\/leblogmoto\/#\/schema\/person\/90b2f8fd0d5a2cede2580e95fc79c6c0\",\"name\":\"christian tirat\",\"image\":{\"@type\":\"ImageObject\",\"inLanguage\":\"fr-FR\",\"@id\":\"https:\/\/blogs.thesocialmedia.com\/leblogmoto\/#\/schema\/person\/image\/\",\"url\":\"https:\/\/secure.gravatar.com\/avatar\/?s=96&d=mm&r=g\",\"contentUrl\":\"https:\/\/secure.gravatar.com\/avatar\/?s=96&d=mm&r=g\",\"caption\":\"christian tirat\"},\"url\":\"https:\/\/blogs.thesocialmedia.com\/leblogmoto\/author\/christian-tirat\/\"}]}<\/script>\n<!-- \/ Yoast SEO plugin. -->","yoast_head_json":{"title":"Dakar : Le malheur des uns \u2026 - leblogmoto.com","robots":{"index":"index","follow":"follow","max-snippet":"max-snippet:-1","max-image-preview":"max-image-preview:large","max-video-preview":"max-video-preview:-1"},"canonical":"https:\/\/blogs.thesocialmedia.com\/leblogmoto\/2007\/01\/19\/dakar-le-malheu\/","twitter_card":"summary_large_image","twitter_title":"Dakar : Le malheur des uns \u2026 - leblogmoto.com","twitter_description":"Journ\u00e9e folle sur cette treizi\u00e8me \u00e9tape du Dakar. En l\u2019espace de quelques minutes et juste avant le CP1, le leader Marc Coma qui s\u2019\u00e9tait perdu, fait une chute et doit \u00eatre \u00e9vacu\u00e9 en h\u00e9licopt\u00e8re sur Dakar (traumatisme cr\u00e2nien) puis ce fut au tour de l\u2019Espagnol Isidre Esteve pujol, un s\u00e9rieux client pour le podium, de [&hellip;]","twitter_image":"http:\/\/www.leblogmoto.com\/images\/mauritannie1a_3.jpg","twitter_misc":{"\u00c9crit par":"christian tirat","Dur\u00e9e de lecture estim\u00e9e":"1 minute"},"schema":{"@context":"https:\/\/schema.org","@graph":[{"@type":"WebPage","@id":"https:\/\/blogs.thesocialmedia.com\/leblogmoto\/2007\/01\/19\/dakar-le-malheu\/","url":"https:\/\/blogs.thesocialmedia.com\/leblogmoto\/2007\/01\/19\/dakar-le-malheu\/","name":"Dakar : Le malheur des uns \u2026 - leblogmoto.com","isPartOf":{"@id":"https:\/\/blogs.thesocialmedia.com\/leblogmoto\/#website"},"primaryImageOfPage":{"@id":"https:\/\/blogs.thesocialmedia.com\/leblogmoto\/2007\/01\/19\/dakar-le-malheu\/#primaryimage"},"image":{"@id":"https:\/\/blogs.thesocialmedia.com\/leblogmoto\/2007\/01\/19\/dakar-le-malheu\/#primaryimage"},"thumbnailUrl":"http:\/\/www.leblogmoto.com\/images\/mauritannie1a_3.jpg","datePublished":"2007-01-19T14:45:39+00:00","dateModified":"2012-07-11T14:30:21+00:00","author":{"@id":"https:\/\/blogs.thesocialmedia.com\/leblogmoto\/#\/schema\/person\/90b2f8fd0d5a2cede2580e95fc79c6c0"},"breadcrumb":{"@id":"https:\/\/blogs.thesocialmedia.com\/leblogmoto\/2007\/01\/19\/dakar-le-malheu\/#breadcrumb"},"inLanguage":"fr-FR","potentialAction":[{"@type":"ReadAction","target":["https:\/\/blogs.thesocialmedia.com\/leblogmoto\/2007\/01\/19\/dakar-le-malheu\/"]}]},{"@type":"ImageObject","inLanguage":"fr-FR","@id":"https:\/\/blogs.thesocialmedia.com\/leblogmoto\/2007\/01\/19\/dakar-le-malheu\/#primaryimage","url":"http:\/\/www.leblogmoto.com\/images\/mauritannie1a_3.jpg","contentUrl":"http:\/\/www.leblogmoto.com\/images\/mauritannie1a_3.jpg"},{"@type":"BreadcrumbList","@id":"https:\/\/blogs.thesocialmedia.com\/leblogmoto\/2007\/01\/19\/dakar-le-malheu\/#breadcrumb","itemListElement":[{"@type":"ListItem","position":1,"name":"Accueil","item":"https:\/\/blogs.thesocialmedia.com\/leblogmoto\/"},{"@type":"ListItem","position":2,"name":"Dakar : Le malheur des uns \u2026"}]},{"@type":"WebSite","@id":"https:\/\/blogs.thesocialmedia.com\/leblogmoto\/#website","url":"https:\/\/blogs.thesocialmedia.com\/leblogmoto\/","name":"leblogmoto","description":"Toute l&#039;actualit\u00e9 des 2 roues","potentialAction":[{"@type":"SearchAction","target":{"@type":"EntryPoint","urlTemplate":"https:\/\/blogs.thesocialmedia.com\/leblogmoto\/?s={search_term_string}"},"query-input":{"@type":"PropertyValueSpecification","valueRequired":true,"valueName":"search_term_string"}}],"inLanguage":"fr-FR"},{"@type":"Person","@id":"https:\/\/blogs.thesocialmedia.com\/leblogmoto\/#\/schema\/person\/90b2f8fd0d5a2cede2580e95fc79c6c0","name":"christian tirat","image":{"@type":"ImageObject","inLanguage":"fr-FR","@id":"https:\/\/blogs.thesocialmedia.com\/leblogmoto\/#\/schema\/person\/image\/","url":"https:\/\/secure.gravatar.com\/avatar\/?s=96&d=mm&r=g","contentUrl":"https:\/\/secure.gravatar.com\/avatar\/?s=96&d=mm&r=g","caption":"christian tirat"},"url":"https:\/\/blogs.thesocialmedia.com\/leblogmoto\/author\/christian-tirat\/"}]}},"_links":{"self":[{"href":"https:\/\/blogs.thesocialmedia.com\/leblogmoto\/wp-json\/wp\/v2\/posts\/1606","targetHints":{"allow":["GET"]}}],"collection":[{"href":"https:\/\/blogs.thesocialmedia.com\/leblogmoto\/wp-json\/wp\/v2\/posts"}],"about":[{"href":"https:\/\/blogs.thesocialmedia.com\/leblogmoto\/wp-json\/wp\/v2\/types\/post"}],"author":[{"embeddable":true,"href":"https:\/\/blogs.thesocialmedia.com\/leblogmoto\/wp-json\/wp\/v2\/users\/333"}],"replies":[{"embeddable":true,"href":"https:\/\/blogs.thesocialmedia.com\/leblogmoto\/wp-json\/wp\/v2\/comments?post=1606"}],"version-history":[{"count":2,"href":"https:\/\/blogs.thesocialmedia.com\/leblogmoto\/wp-json\/wp\/v2\/posts\/1606\/revisions"}],"predecessor-version":[{"id":7928,"href":"https:\/\/blogs.thesocialmedia.com\/leblogmoto\/wp-json\/wp\/v2\/posts\/1606\/revisions\/7928"}],"wp:attachment":[{"href":"https:\/\/blogs.thesocialmedia.com\/leblogmoto\/wp-json\/wp\/v2\/media?parent=1606"}],"wp:term":[{"taxonomy":"category","embeddable":true,"href":"https:\/\/blogs.thesocialmedia.com\/leblogmoto\/wp-json\/wp\/v2\/categories?post=1606"},{"taxonomy":"post_tag","embeddable":true,"href":"https:\/\/blogs.thesocialmedia.com\/leblogmoto\/wp-json\/wp\/v2\/tags?post=1606"}],"curies":[{"name":"wp","href":"https:\/\/api.w.org\/{rel}","templated":true}]}}