{"id":1607,"date":"2007-01-19T13:48:14","date_gmt":"2007-01-19T13:48:14","guid":{"rendered":"http:\/\/blogs.thesocialmedia.com\/leblogmoto\/2007\/01\/19\/dakar-des-nouve-2\/"},"modified":"2012-07-11T14:30:19","modified_gmt":"2012-07-11T14:30:19","slug":"dakar-des-nouve-2","status":"publish","type":"post","link":"https:\/\/blogs.thesocialmedia.com\/leblogmoto\/2007\/01\/19\/dakar-des-nouve-2\/","title":{"rendered":"Dakar : des nouvelles de Coma"},"content":{"rendered":"<p><a href=\"http:\/\/blogs.thesocialmedia.com\/leblogmoto\/files\/2012\/07\/2007_dakar_coma2.jpg\"><img loading=\"lazy\" decoding=\"async\" width=\"250\" height=\"166\"  src=\"http:\/\/www.leblogmoto.com\/images\/2007_dakar_coma2.jpg\" alt=\"2007_dakar_coma2\" style=\"margin: 0px 5px 5px 0px;float: left\" \/><\/a> A 12h51 le PC course du <a href=\"http:\/\/www.dakar.com\/\">Dakar<\/a> apportait quelques nouvelles relativement rassurantes quand \u00e0 l\u2019\u00e9tat de sant\u00e9 de l\u2019ex leader de la course victime ce matin d\u2019une lourde chute : \u00ab <a href=\"http:\/\/www.marccoma.com\/\">MARC COMA <\/a>&#8211; <a href=\"http:\/\/www.ktmpress.com\/\">KTM, SUPER PRODUCTION<\/a><br \/>Victime d\u2019une chute au km 57 de la sp\u00e9ciale du jour, le pilote <a href=\"http:\/\/www.marccoma.com\/\">Marc Coma <\/a>souffre d\u2019un traumatisme cr\u00e2nien. N\u00e9anmoins tout-\u00e0-fait conscient, l\u2019Espagnol a pu discuter avec son Team Manager Jordi Arcarons, avant d\u2019\u00eatre transport\u00e9 \u00e0 <a href=\"http:\/\/www.dakarville.sn\/\">Dakar<\/a> pour passer des examens suppl\u00e9mentaires. \u00bb<\/p>\n<p>   <\/p>\n<p>A 12h53 le PC Course nous apprenait que le vainqueur d\u2019hier, l\u2019Espagne Isidre <a href=\"http:\/\/www.ktmpress.com\/\">Esteve Pujol<\/a>, lui aussi victime d\u2019une chute ce matin, souhaitait repartir malgr\u00e9 l\u2019\u00e9tat de sa moto : \u00ab Victime d\u2019une chute \u00e0 500m du CP1, dans laquelle il a largement ab\u00eem\u00e9 sa moto, l\u2019Espagnol <a href=\"http:\/\/www.ktmpress.com\/\">Isidre Esteve<\/a> esp\u00e8re d\u00e9sormais pouvoir r\u00e9parer et attend son assistance. \u00bb<\/p>\n<p> Ces rebondissements inattendus font bien s\u00fbr le jeu du fran\u00e7ais <a href=\"http:\/\/www.cyrildespres.com\/home.html\">Cyril Despres<\/a> <a href=\"http:\/\/www.ktmpress.com\/\">(KTM)<\/a> Alors que les 23 premi\u00e8res motos \u00e9taient sorties de la sp\u00e9ciale du jour, il remporterait sa 2e sp\u00e9ciale du rallye, 3\u201949 devant le plombier Sud-Africain <a href=\"http:\/\/www.classen.co.za\/\">Tom Classen<\/a> et 6\u201907 devant l\u2019Am\u00e9ricain <a href=\"http:\/\/www.blaisracing.com\/\">Chris Blais<\/a> qui se rapproche du podium de fa\u00e7on inesp\u00e9r\u00e9e.<\/p>\n","protected":false},"excerpt":{"rendered":"<p>A 12h51 le PC course du Dakar apportait quelques nouvelles relativement rassurantes quand \u00e0 l\u2019\u00e9tat de sant\u00e9 de l\u2019ex leader de la course victime ce matin d\u2019une lourde chute : \u00ab MARC COMA &#8211; KTM, SUPER PRODUCTIONVictime d\u2019une chute au km 57 de la sp\u00e9ciale du jour, le pilote Marc Coma souffre d\u2019un traumatisme cr\u00e2nien. [&hellip;]<\/p>\n","protected":false},"author":333,"featured_media":0,"comment_status":"open","ping_status":"open","sticky":false,"template":"","format":"standard","meta":{"footnotes":""},"categories":[59],"tags":[],"class_list":["post-1607","post","type-post","status-publish","format-standard","hentry","category-dakar"],"yoast_head":"<!-- This site is optimized with the Yoast SEO plugin v26.0 - https:\/\/yoast.com\/wordpress\/plugins\/seo\/ -->\n<title>Dakar : des nouvelles de Coma - leblogmoto.com<\/title>\n<meta name=\"robots\" content=\"index, follow, max-snippet:-1, max-image-preview:large, max-video-preview:-1\" \/>\n<link rel=\"canonical\" href=\"https:\/\/blogs.thesocialmedia.com\/leblogmoto\/2007\/01\/19\/dakar-des-nouve-2\/\" \/>\n<meta name=\"twitter:card\" content=\"summary_large_image\" \/>\n<meta name=\"twitter:title\" content=\"Dakar : des nouvelles de Coma - leblogmoto.com\" \/>\n<meta name=\"twitter:description\" content=\"A 12h51 le PC course du Dakar apportait quelques nouvelles relativement rassurantes quand \u00e0 l\u2019\u00e9tat de sant\u00e9 de l\u2019ex leader de la course victime ce matin d\u2019une lourde chute : \u00ab MARC COMA &#8211; KTM, SUPER PRODUCTIONVictime d\u2019une chute au km 57 de la sp\u00e9ciale du jour, le pilote Marc Coma souffre d\u2019un traumatisme cr\u00e2nien. [&hellip;]\" \/>\n<meta name=\"twitter:image\" content=\"http:\/\/www.leblogmoto.com\/images\/2007_dakar_coma2.jpg\" \/>\n<meta name=\"twitter:label1\" content=\"\u00c9crit par\" \/>\n\t<meta name=\"twitter:data1\" content=\"christian tirat\" \/>\n\t<meta name=\"twitter:label2\" content=\"Dur\u00e9e de lecture estim\u00e9e\" \/>\n\t<meta name=\"twitter:data2\" content=\"1 minute\" \/>\n<script type=\"application\/ld+json\" class=\"yoast-schema-graph\">{\"@context\":\"https:\/\/schema.org\",\"@graph\":[{\"@type\":\"WebPage\",\"@id\":\"https:\/\/blogs.thesocialmedia.com\/leblogmoto\/2007\/01\/19\/dakar-des-nouve-2\/\",\"url\":\"https:\/\/blogs.thesocialmedia.com\/leblogmoto\/2007\/01\/19\/dakar-des-nouve-2\/\",\"name\":\"Dakar : des nouvelles de Coma - leblogmoto.com\",\"isPartOf\":{\"@id\":\"https:\/\/blogs.thesocialmedia.com\/leblogmoto\/#website\"},\"primaryImageOfPage\":{\"@id\":\"https:\/\/blogs.thesocialmedia.com\/leblogmoto\/2007\/01\/19\/dakar-des-nouve-2\/#primaryimage\"},\"image\":{\"@id\":\"https:\/\/blogs.thesocialmedia.com\/leblogmoto\/2007\/01\/19\/dakar-des-nouve-2\/#primaryimage\"},\"thumbnailUrl\":\"http:\/\/www.leblogmoto.com\/images\/2007_dakar_coma2.jpg\",\"datePublished\":\"2007-01-19T13:48:14+00:00\",\"dateModified\":\"2012-07-11T14:30:19+00:00\",\"author\":{\"@id\":\"https:\/\/blogs.thesocialmedia.com\/leblogmoto\/#\/schema\/person\/90b2f8fd0d5a2cede2580e95fc79c6c0\"},\"breadcrumb\":{\"@id\":\"https:\/\/blogs.thesocialmedia.com\/leblogmoto\/2007\/01\/19\/dakar-des-nouve-2\/#breadcrumb\"},\"inLanguage\":\"fr-FR\",\"potentialAction\":[{\"@type\":\"ReadAction\",\"target\":[\"https:\/\/blogs.thesocialmedia.com\/leblogmoto\/2007\/01\/19\/dakar-des-nouve-2\/\"]}]},{\"@type\":\"ImageObject\",\"inLanguage\":\"fr-FR\",\"@id\":\"https:\/\/blogs.thesocialmedia.com\/leblogmoto\/2007\/01\/19\/dakar-des-nouve-2\/#primaryimage\",\"url\":\"http:\/\/www.leblogmoto.com\/images\/2007_dakar_coma2.jpg\",\"contentUrl\":\"http:\/\/www.leblogmoto.com\/images\/2007_dakar_coma2.jpg\"},{\"@type\":\"BreadcrumbList\",\"@id\":\"https:\/\/blogs.thesocialmedia.com\/leblogmoto\/2007\/01\/19\/dakar-des-nouve-2\/#breadcrumb\",\"itemListElement\":[{\"@type\":\"ListItem\",\"position\":1,\"name\":\"Accueil\",\"item\":\"https:\/\/blogs.thesocialmedia.com\/leblogmoto\/\"},{\"@type\":\"ListItem\",\"position\":2,\"name\":\"Dakar : des nouvelles de Coma\"}]},{\"@type\":\"WebSite\",\"@id\":\"https:\/\/blogs.thesocialmedia.com\/leblogmoto\/#website\",\"url\":\"https:\/\/blogs.thesocialmedia.com\/leblogmoto\/\",\"name\":\"leblogmoto\",\"description\":\"Toute l&#039;actualit\u00e9 des 2 roues\",\"potentialAction\":[{\"@type\":\"SearchAction\",\"target\":{\"@type\":\"EntryPoint\",\"urlTemplate\":\"https:\/\/blogs.thesocialmedia.com\/leblogmoto\/?s={search_term_string}\"},\"query-input\":{\"@type\":\"PropertyValueSpecification\",\"valueRequired\":true,\"valueName\":\"search_term_string\"}}],\"inLanguage\":\"fr-FR\"},{\"@type\":\"Person\",\"@id\":\"https:\/\/blogs.thesocialmedia.com\/leblogmoto\/#\/schema\/person\/90b2f8fd0d5a2cede2580e95fc79c6c0\",\"name\":\"christian tirat\",\"image\":{\"@type\":\"ImageObject\",\"inLanguage\":\"fr-FR\",\"@id\":\"https:\/\/blogs.thesocialmedia.com\/leblogmoto\/#\/schema\/person\/image\/\",\"url\":\"https:\/\/secure.gravatar.com\/avatar\/?s=96&d=mm&r=g\",\"contentUrl\":\"https:\/\/secure.gravatar.com\/avatar\/?s=96&d=mm&r=g\",\"caption\":\"christian tirat\"},\"url\":\"https:\/\/blogs.thesocialmedia.com\/leblogmoto\/author\/christian-tirat\/\"}]}<\/script>\n<!-- \/ Yoast SEO plugin. -->","yoast_head_json":{"title":"Dakar : des nouvelles de Coma - leblogmoto.com","robots":{"index":"index","follow":"follow","max-snippet":"max-snippet:-1","max-image-preview":"max-image-preview:large","max-video-preview":"max-video-preview:-1"},"canonical":"https:\/\/blogs.thesocialmedia.com\/leblogmoto\/2007\/01\/19\/dakar-des-nouve-2\/","twitter_card":"summary_large_image","twitter_title":"Dakar : des nouvelles de Coma - leblogmoto.com","twitter_description":"A 12h51 le PC course du Dakar apportait quelques nouvelles relativement rassurantes quand \u00e0 l\u2019\u00e9tat de sant\u00e9 de l\u2019ex leader de la course victime ce matin d\u2019une lourde chute : \u00ab MARC COMA &#8211; KTM, SUPER PRODUCTIONVictime d\u2019une chute au km 57 de la sp\u00e9ciale du jour, le pilote Marc Coma souffre d\u2019un traumatisme cr\u00e2nien. [&hellip;]","twitter_image":"http:\/\/www.leblogmoto.com\/images\/2007_dakar_coma2.jpg","twitter_misc":{"\u00c9crit par":"christian tirat","Dur\u00e9e de lecture estim\u00e9e":"1 minute"},"schema":{"@context":"https:\/\/schema.org","@graph":[{"@type":"WebPage","@id":"https:\/\/blogs.thesocialmedia.com\/leblogmoto\/2007\/01\/19\/dakar-des-nouve-2\/","url":"https:\/\/blogs.thesocialmedia.com\/leblogmoto\/2007\/01\/19\/dakar-des-nouve-2\/","name":"Dakar : des nouvelles de Coma - leblogmoto.com","isPartOf":{"@id":"https:\/\/blogs.thesocialmedia.com\/leblogmoto\/#website"},"primaryImageOfPage":{"@id":"https:\/\/blogs.thesocialmedia.com\/leblogmoto\/2007\/01\/19\/dakar-des-nouve-2\/#primaryimage"},"image":{"@id":"https:\/\/blogs.thesocialmedia.com\/leblogmoto\/2007\/01\/19\/dakar-des-nouve-2\/#primaryimage"},"thumbnailUrl":"http:\/\/www.leblogmoto.com\/images\/2007_dakar_coma2.jpg","datePublished":"2007-01-19T13:48:14+00:00","dateModified":"2012-07-11T14:30:19+00:00","author":{"@id":"https:\/\/blogs.thesocialmedia.com\/leblogmoto\/#\/schema\/person\/90b2f8fd0d5a2cede2580e95fc79c6c0"},"breadcrumb":{"@id":"https:\/\/blogs.thesocialmedia.com\/leblogmoto\/2007\/01\/19\/dakar-des-nouve-2\/#breadcrumb"},"inLanguage":"fr-FR","potentialAction":[{"@type":"ReadAction","target":["https:\/\/blogs.thesocialmedia.com\/leblogmoto\/2007\/01\/19\/dakar-des-nouve-2\/"]}]},{"@type":"ImageObject","inLanguage":"fr-FR","@id":"https:\/\/blogs.thesocialmedia.com\/leblogmoto\/2007\/01\/19\/dakar-des-nouve-2\/#primaryimage","url":"http:\/\/www.leblogmoto.com\/images\/2007_dakar_coma2.jpg","contentUrl":"http:\/\/www.leblogmoto.com\/images\/2007_dakar_coma2.jpg"},{"@type":"BreadcrumbList","@id":"https:\/\/blogs.thesocialmedia.com\/leblogmoto\/2007\/01\/19\/dakar-des-nouve-2\/#breadcrumb","itemListElement":[{"@type":"ListItem","position":1,"name":"Accueil","item":"https:\/\/blogs.thesocialmedia.com\/leblogmoto\/"},{"@type":"ListItem","position":2,"name":"Dakar : des nouvelles de Coma"}]},{"@type":"WebSite","@id":"https:\/\/blogs.thesocialmedia.com\/leblogmoto\/#website","url":"https:\/\/blogs.thesocialmedia.com\/leblogmoto\/","name":"leblogmoto","description":"Toute l&#039;actualit\u00e9 des 2 roues","potentialAction":[{"@type":"SearchAction","target":{"@type":"EntryPoint","urlTemplate":"https:\/\/blogs.thesocialmedia.com\/leblogmoto\/?s={search_term_string}"},"query-input":{"@type":"PropertyValueSpecification","valueRequired":true,"valueName":"search_term_string"}}],"inLanguage":"fr-FR"},{"@type":"Person","@id":"https:\/\/blogs.thesocialmedia.com\/leblogmoto\/#\/schema\/person\/90b2f8fd0d5a2cede2580e95fc79c6c0","name":"christian tirat","image":{"@type":"ImageObject","inLanguage":"fr-FR","@id":"https:\/\/blogs.thesocialmedia.com\/leblogmoto\/#\/schema\/person\/image\/","url":"https:\/\/secure.gravatar.com\/avatar\/?s=96&d=mm&r=g","contentUrl":"https:\/\/secure.gravatar.com\/avatar\/?s=96&d=mm&r=g","caption":"christian tirat"},"url":"https:\/\/blogs.thesocialmedia.com\/leblogmoto\/author\/christian-tirat\/"}]}},"_links":{"self":[{"href":"https:\/\/blogs.thesocialmedia.com\/leblogmoto\/wp-json\/wp\/v2\/posts\/1607","targetHints":{"allow":["GET"]}}],"collection":[{"href":"https:\/\/blogs.thesocialmedia.com\/leblogmoto\/wp-json\/wp\/v2\/posts"}],"about":[{"href":"https:\/\/blogs.thesocialmedia.com\/leblogmoto\/wp-json\/wp\/v2\/types\/post"}],"author":[{"embeddable":true,"href":"https:\/\/blogs.thesocialmedia.com\/leblogmoto\/wp-json\/wp\/v2\/users\/333"}],"replies":[{"embeddable":true,"href":"https:\/\/blogs.thesocialmedia.com\/leblogmoto\/wp-json\/wp\/v2\/comments?post=1607"}],"version-history":[{"count":2,"href":"https:\/\/blogs.thesocialmedia.com\/leblogmoto\/wp-json\/wp\/v2\/posts\/1607\/revisions"}],"predecessor-version":[{"id":7926,"href":"https:\/\/blogs.thesocialmedia.com\/leblogmoto\/wp-json\/wp\/v2\/posts\/1607\/revisions\/7926"}],"wp:attachment":[{"href":"https:\/\/blogs.thesocialmedia.com\/leblogmoto\/wp-json\/wp\/v2\/media?parent=1607"}],"wp:term":[{"taxonomy":"category","embeddable":true,"href":"https:\/\/blogs.thesocialmedia.com\/leblogmoto\/wp-json\/wp\/v2\/categories?post=1607"},{"taxonomy":"post_tag","embeddable":true,"href":"https:\/\/blogs.thesocialmedia.com\/leblogmoto\/wp-json\/wp\/v2\/tags?post=1607"}],"curies":[{"name":"wp","href":"https:\/\/api.w.org\/{rel}","templated":true}]}}