{"id":1608,"date":"2007-01-19T12:49:09","date_gmt":"2007-01-19T12:49:09","guid":{"rendered":"http:\/\/blogs.thesocialmedia.com\/leblogmoto\/2007\/01\/19\/dakar-coma-et-e\/"},"modified":"2012-07-11T14:30:18","modified_gmt":"2012-07-11T14:30:18","slug":"dakar-coma-et-e","status":"publish","type":"post","link":"https:\/\/blogs.thesocialmedia.com\/leblogmoto\/2007\/01\/19\/dakar-coma-et-e\/","title":{"rendered":"Dakar: Coma et Esteve chutent lourdement"},"content":{"rendered":"<p><a href=\"http:\/\/blogs.thesocialmedia.com\/leblogmoto\/files\/2012\/07\/coma_2.jpg\"><img loading=\"lazy\" decoding=\"async\" width=\"250\" height=\"149\"  src=\"http:\/\/www.leblogmoto.com\/images\/coma_2.jpg\" alt=\"Coma_2\" style=\"margin: 0px 5px 5px 0px;float: left\" \/><\/a> La nouvelle est venue du PC course du <a href=\"http:\/\/www.dakar.com\/\">Dakar <\/a>\u00e0 11h32 pr\u00e9cis\u00e9ment, sous le titre : \u00ab C\u2019est termin\u00e9 pour <a href=\"http:\/\/www.marccoma.com\/\">Coma<\/a>&#8230; \u00bb <br \/>Alors que le pilote <a href=\"http:\/\/www.ktmpress.com\/\">KTM Super Production<\/a>, leader et N\u00b0 1 du rallye caracolait en t\u00eate, avec pr\u00e8s de 53 minutes d\u2019avance sur son poursuivant direct <a href=\"http:\/\/www.cyrildespres.com\/home.html\">Cyril Despres<\/a>, le catalan s\u2019est d\u2019abord perdu ce matin d\u00e8s le 34e kilom\u00e8tre de la sp\u00e9ciale du jour. <\/p>\n<p>Tendis qu\u2019il \u00e9voluait sur une piste parall\u00e8le au trac\u00e9 officiel, <a href=\"http:\/\/www.marccoma.com\/\">Marc Coma<\/a>, a \u00e9t\u00e9 victime d\u2019une chute au km 57 de la sp\u00e9ciale, et a \u00e9t\u00e9 pris en charge par un h\u00e9licopt\u00e8re qui le ram\u00e8ne au bivouac. On attend de ses nouvelles.<\/p>\n<p>A 11h36 une nouvelle d\u00e9p\u00eache nous apprenait que l\u2019Espagnol <a href=\"http:\/\/www.ktmpress.com\/\">Isidre Esteve<\/a> vainqueur de l\u2019\u00e9tape d\u2019hier chutait lui aussi \u00e0 500m du CP1. Une chute sans gravit\u00e9 pour le pilote, mais qui le contraint \u00e0 l\u2019abandon, moto d\u00e9truite.<br \/>C&rsquo;est tout le classement en t\u00eate qui se trouve modifi\u00e8.<\/p>\n","protected":false},"excerpt":{"rendered":"<p>La nouvelle est venue du PC course du Dakar \u00e0 11h32 pr\u00e9cis\u00e9ment, sous le titre : \u00ab C\u2019est termin\u00e9 pour Coma&#8230; \u00bb Alors que le pilote KTM Super Production, leader et N\u00b0 1 du rallye caracolait en t\u00eate, avec pr\u00e8s de 53 minutes d\u2019avance sur son poursuivant direct Cyril Despres, le catalan s\u2019est d\u2019abord perdu [&hellip;]<\/p>\n","protected":false},"author":333,"featured_media":0,"comment_status":"open","ping_status":"open","sticky":false,"template":"","format":"standard","meta":{"footnotes":""},"categories":[59],"tags":[],"class_list":["post-1608","post","type-post","status-publish","format-standard","hentry","category-dakar"],"yoast_head":"<!-- This site is optimized with the Yoast SEO plugin v26.0 - https:\/\/yoast.com\/wordpress\/plugins\/seo\/ -->\n<title>Dakar: Coma et Esteve chutent lourdement - leblogmoto.com<\/title>\n<meta name=\"robots\" content=\"index, follow, max-snippet:-1, max-image-preview:large, max-video-preview:-1\" \/>\n<link rel=\"canonical\" href=\"https:\/\/blogs.thesocialmedia.com\/leblogmoto\/2007\/01\/19\/dakar-coma-et-e\/\" \/>\n<meta name=\"twitter:card\" content=\"summary_large_image\" \/>\n<meta name=\"twitter:title\" content=\"Dakar: Coma et Esteve chutent lourdement - leblogmoto.com\" \/>\n<meta name=\"twitter:description\" content=\"La nouvelle est venue du PC course du Dakar \u00e0 11h32 pr\u00e9cis\u00e9ment, sous le titre : \u00ab C\u2019est termin\u00e9 pour Coma&#8230; \u00bb Alors que le pilote KTM Super Production, leader et N\u00b0 1 du rallye caracolait en t\u00eate, avec pr\u00e8s de 53 minutes d\u2019avance sur son poursuivant direct Cyril Despres, le catalan s\u2019est d\u2019abord perdu [&hellip;]\" \/>\n<meta name=\"twitter:image\" content=\"http:\/\/www.leblogmoto.com\/images\/coma_2.jpg\" \/>\n<meta name=\"twitter:label1\" content=\"\u00c9crit par\" \/>\n\t<meta name=\"twitter:data1\" content=\"christian tirat\" \/>\n\t<meta name=\"twitter:label2\" content=\"Dur\u00e9e de lecture estim\u00e9e\" \/>\n\t<meta name=\"twitter:data2\" content=\"1 minute\" \/>\n<script type=\"application\/ld+json\" class=\"yoast-schema-graph\">{\"@context\":\"https:\/\/schema.org\",\"@graph\":[{\"@type\":\"WebPage\",\"@id\":\"https:\/\/blogs.thesocialmedia.com\/leblogmoto\/2007\/01\/19\/dakar-coma-et-e\/\",\"url\":\"https:\/\/blogs.thesocialmedia.com\/leblogmoto\/2007\/01\/19\/dakar-coma-et-e\/\",\"name\":\"Dakar: Coma et Esteve chutent lourdement - leblogmoto.com\",\"isPartOf\":{\"@id\":\"https:\/\/blogs.thesocialmedia.com\/leblogmoto\/#website\"},\"primaryImageOfPage\":{\"@id\":\"https:\/\/blogs.thesocialmedia.com\/leblogmoto\/2007\/01\/19\/dakar-coma-et-e\/#primaryimage\"},\"image\":{\"@id\":\"https:\/\/blogs.thesocialmedia.com\/leblogmoto\/2007\/01\/19\/dakar-coma-et-e\/#primaryimage\"},\"thumbnailUrl\":\"http:\/\/www.leblogmoto.com\/images\/coma_2.jpg\",\"datePublished\":\"2007-01-19T12:49:09+00:00\",\"dateModified\":\"2012-07-11T14:30:18+00:00\",\"author\":{\"@id\":\"https:\/\/blogs.thesocialmedia.com\/leblogmoto\/#\/schema\/person\/90b2f8fd0d5a2cede2580e95fc79c6c0\"},\"breadcrumb\":{\"@id\":\"https:\/\/blogs.thesocialmedia.com\/leblogmoto\/2007\/01\/19\/dakar-coma-et-e\/#breadcrumb\"},\"inLanguage\":\"fr-FR\",\"potentialAction\":[{\"@type\":\"ReadAction\",\"target\":[\"https:\/\/blogs.thesocialmedia.com\/leblogmoto\/2007\/01\/19\/dakar-coma-et-e\/\"]}]},{\"@type\":\"ImageObject\",\"inLanguage\":\"fr-FR\",\"@id\":\"https:\/\/blogs.thesocialmedia.com\/leblogmoto\/2007\/01\/19\/dakar-coma-et-e\/#primaryimage\",\"url\":\"http:\/\/www.leblogmoto.com\/images\/coma_2.jpg\",\"contentUrl\":\"http:\/\/www.leblogmoto.com\/images\/coma_2.jpg\"},{\"@type\":\"BreadcrumbList\",\"@id\":\"https:\/\/blogs.thesocialmedia.com\/leblogmoto\/2007\/01\/19\/dakar-coma-et-e\/#breadcrumb\",\"itemListElement\":[{\"@type\":\"ListItem\",\"position\":1,\"name\":\"Accueil\",\"item\":\"https:\/\/blogs.thesocialmedia.com\/leblogmoto\/\"},{\"@type\":\"ListItem\",\"position\":2,\"name\":\"Dakar: Coma et Esteve chutent lourdement\"}]},{\"@type\":\"WebSite\",\"@id\":\"https:\/\/blogs.thesocialmedia.com\/leblogmoto\/#website\",\"url\":\"https:\/\/blogs.thesocialmedia.com\/leblogmoto\/\",\"name\":\"leblogmoto\",\"description\":\"Toute l&#039;actualit\u00e9 des 2 roues\",\"potentialAction\":[{\"@type\":\"SearchAction\",\"target\":{\"@type\":\"EntryPoint\",\"urlTemplate\":\"https:\/\/blogs.thesocialmedia.com\/leblogmoto\/?s={search_term_string}\"},\"query-input\":{\"@type\":\"PropertyValueSpecification\",\"valueRequired\":true,\"valueName\":\"search_term_string\"}}],\"inLanguage\":\"fr-FR\"},{\"@type\":\"Person\",\"@id\":\"https:\/\/blogs.thesocialmedia.com\/leblogmoto\/#\/schema\/person\/90b2f8fd0d5a2cede2580e95fc79c6c0\",\"name\":\"christian tirat\",\"image\":{\"@type\":\"ImageObject\",\"inLanguage\":\"fr-FR\",\"@id\":\"https:\/\/blogs.thesocialmedia.com\/leblogmoto\/#\/schema\/person\/image\/\",\"url\":\"https:\/\/secure.gravatar.com\/avatar\/?s=96&d=mm&r=g\",\"contentUrl\":\"https:\/\/secure.gravatar.com\/avatar\/?s=96&d=mm&r=g\",\"caption\":\"christian tirat\"},\"url\":\"https:\/\/blogs.thesocialmedia.com\/leblogmoto\/author\/christian-tirat\/\"}]}<\/script>\n<!-- \/ Yoast SEO plugin. -->","yoast_head_json":{"title":"Dakar: Coma et Esteve chutent lourdement - leblogmoto.com","robots":{"index":"index","follow":"follow","max-snippet":"max-snippet:-1","max-image-preview":"max-image-preview:large","max-video-preview":"max-video-preview:-1"},"canonical":"https:\/\/blogs.thesocialmedia.com\/leblogmoto\/2007\/01\/19\/dakar-coma-et-e\/","twitter_card":"summary_large_image","twitter_title":"Dakar: Coma et Esteve chutent lourdement - leblogmoto.com","twitter_description":"La nouvelle est venue du PC course du Dakar \u00e0 11h32 pr\u00e9cis\u00e9ment, sous le titre : \u00ab C\u2019est termin\u00e9 pour Coma&#8230; \u00bb Alors que le pilote KTM Super Production, leader et N\u00b0 1 du rallye caracolait en t\u00eate, avec pr\u00e8s de 53 minutes d\u2019avance sur son poursuivant direct Cyril Despres, le catalan s\u2019est d\u2019abord perdu [&hellip;]","twitter_image":"http:\/\/www.leblogmoto.com\/images\/coma_2.jpg","twitter_misc":{"\u00c9crit par":"christian tirat","Dur\u00e9e de lecture estim\u00e9e":"1 minute"},"schema":{"@context":"https:\/\/schema.org","@graph":[{"@type":"WebPage","@id":"https:\/\/blogs.thesocialmedia.com\/leblogmoto\/2007\/01\/19\/dakar-coma-et-e\/","url":"https:\/\/blogs.thesocialmedia.com\/leblogmoto\/2007\/01\/19\/dakar-coma-et-e\/","name":"Dakar: Coma et Esteve chutent lourdement - leblogmoto.com","isPartOf":{"@id":"https:\/\/blogs.thesocialmedia.com\/leblogmoto\/#website"},"primaryImageOfPage":{"@id":"https:\/\/blogs.thesocialmedia.com\/leblogmoto\/2007\/01\/19\/dakar-coma-et-e\/#primaryimage"},"image":{"@id":"https:\/\/blogs.thesocialmedia.com\/leblogmoto\/2007\/01\/19\/dakar-coma-et-e\/#primaryimage"},"thumbnailUrl":"http:\/\/www.leblogmoto.com\/images\/coma_2.jpg","datePublished":"2007-01-19T12:49:09+00:00","dateModified":"2012-07-11T14:30:18+00:00","author":{"@id":"https:\/\/blogs.thesocialmedia.com\/leblogmoto\/#\/schema\/person\/90b2f8fd0d5a2cede2580e95fc79c6c0"},"breadcrumb":{"@id":"https:\/\/blogs.thesocialmedia.com\/leblogmoto\/2007\/01\/19\/dakar-coma-et-e\/#breadcrumb"},"inLanguage":"fr-FR","potentialAction":[{"@type":"ReadAction","target":["https:\/\/blogs.thesocialmedia.com\/leblogmoto\/2007\/01\/19\/dakar-coma-et-e\/"]}]},{"@type":"ImageObject","inLanguage":"fr-FR","@id":"https:\/\/blogs.thesocialmedia.com\/leblogmoto\/2007\/01\/19\/dakar-coma-et-e\/#primaryimage","url":"http:\/\/www.leblogmoto.com\/images\/coma_2.jpg","contentUrl":"http:\/\/www.leblogmoto.com\/images\/coma_2.jpg"},{"@type":"BreadcrumbList","@id":"https:\/\/blogs.thesocialmedia.com\/leblogmoto\/2007\/01\/19\/dakar-coma-et-e\/#breadcrumb","itemListElement":[{"@type":"ListItem","position":1,"name":"Accueil","item":"https:\/\/blogs.thesocialmedia.com\/leblogmoto\/"},{"@type":"ListItem","position":2,"name":"Dakar: Coma et Esteve chutent lourdement"}]},{"@type":"WebSite","@id":"https:\/\/blogs.thesocialmedia.com\/leblogmoto\/#website","url":"https:\/\/blogs.thesocialmedia.com\/leblogmoto\/","name":"leblogmoto","description":"Toute l&#039;actualit\u00e9 des 2 roues","potentialAction":[{"@type":"SearchAction","target":{"@type":"EntryPoint","urlTemplate":"https:\/\/blogs.thesocialmedia.com\/leblogmoto\/?s={search_term_string}"},"query-input":{"@type":"PropertyValueSpecification","valueRequired":true,"valueName":"search_term_string"}}],"inLanguage":"fr-FR"},{"@type":"Person","@id":"https:\/\/blogs.thesocialmedia.com\/leblogmoto\/#\/schema\/person\/90b2f8fd0d5a2cede2580e95fc79c6c0","name":"christian tirat","image":{"@type":"ImageObject","inLanguage":"fr-FR","@id":"https:\/\/blogs.thesocialmedia.com\/leblogmoto\/#\/schema\/person\/image\/","url":"https:\/\/secure.gravatar.com\/avatar\/?s=96&d=mm&r=g","contentUrl":"https:\/\/secure.gravatar.com\/avatar\/?s=96&d=mm&r=g","caption":"christian tirat"},"url":"https:\/\/blogs.thesocialmedia.com\/leblogmoto\/author\/christian-tirat\/"}]}},"_links":{"self":[{"href":"https:\/\/blogs.thesocialmedia.com\/leblogmoto\/wp-json\/wp\/v2\/posts\/1608","targetHints":{"allow":["GET"]}}],"collection":[{"href":"https:\/\/blogs.thesocialmedia.com\/leblogmoto\/wp-json\/wp\/v2\/posts"}],"about":[{"href":"https:\/\/blogs.thesocialmedia.com\/leblogmoto\/wp-json\/wp\/v2\/types\/post"}],"author":[{"embeddable":true,"href":"https:\/\/blogs.thesocialmedia.com\/leblogmoto\/wp-json\/wp\/v2\/users\/333"}],"replies":[{"embeddable":true,"href":"https:\/\/blogs.thesocialmedia.com\/leblogmoto\/wp-json\/wp\/v2\/comments?post=1608"}],"version-history":[{"count":2,"href":"https:\/\/blogs.thesocialmedia.com\/leblogmoto\/wp-json\/wp\/v2\/posts\/1608\/revisions"}],"predecessor-version":[{"id":7924,"href":"https:\/\/blogs.thesocialmedia.com\/leblogmoto\/wp-json\/wp\/v2\/posts\/1608\/revisions\/7924"}],"wp:attachment":[{"href":"https:\/\/blogs.thesocialmedia.com\/leblogmoto\/wp-json\/wp\/v2\/media?parent=1608"}],"wp:term":[{"taxonomy":"category","embeddable":true,"href":"https:\/\/blogs.thesocialmedia.com\/leblogmoto\/wp-json\/wp\/v2\/categories?post=1608"},{"taxonomy":"post_tag","embeddable":true,"href":"https:\/\/blogs.thesocialmedia.com\/leblogmoto\/wp-json\/wp\/v2\/tags?post=1608"}],"curies":[{"name":"wp","href":"https:\/\/api.w.org\/{rel}","templated":true}]}}