{"id":1609,"date":"2007-01-19T05:01:38","date_gmt":"2007-01-19T05:01:38","guid":{"rendered":"http:\/\/blogs.thesocialmedia.com\/leblogmoto\/2007\/01\/19\/dakar-changemen\/"},"modified":"2012-07-11T14:30:17","modified_gmt":"2012-07-11T14:30:17","slug":"dakar-changemen","status":"publish","type":"post","link":"https:\/\/blogs.thesocialmedia.com\/leblogmoto\/2007\/01\/19\/dakar-changemen\/","title":{"rendered":"DAKAR : changement de d\u00e9cor"},"content":{"rendered":"<p><a href=\"http:\/\/blogs.thesocialmedia.com\/leblogmoto\/files\/2012\/07\/esteve_pujol.jpg\"><img loading=\"lazy\" decoding=\"async\" width=\"250\" height=\"149\"  src=\"http:\/\/www.leblogmoto.com\/images\/esteve_pujol.jpg\" alt=\"Esteve_pujol\" style=\"margin: 0px 5px 5px 0px;float: left\" \/><\/a> Navigation pure, croisements de pistes, contournements de villages, trac\u00e9 endurisant et poussi\u00e8re opaque r\u00e9sument le menu servi par cette douzi\u00e8me \u00e9tape Ayoun \u2013 Kayes aux 140 motards rescap\u00e9s du <a href=\"http:\/\/www.dakar.com\/\">Dakar<\/a>.<br \/>L\u2019entr\u00e9e au Mali, c\u2019est un net changement de d\u00e9cor; nous voil\u00e0 enfin en Afrique Noire, fini le d\u00e9sert et le but est proche. Pourtant tout peut encore arriver car les difficult\u00e9s de \u00ab nav \u00bb provoquent toujours des errements. <\/p>\n<p><a href=\"http:\/\/clabedan.typepad.com\/.shared\/image.html?\/photos\/uncategorized\/coma_1.jpg\"><img loading=\"lazy\" decoding=\"async\" width=\"250\" height=\"149\"  alt=\"Coma_1\" src=\"http:\/\/www.leblogmoto.com\/images\/coma_1.jpg\" style=\"margin: 0px 5px 5px 0px;float: left\" \/><\/a> Aujourd\u2019hui, ils n\u2019ont pas boulevers\u00e9 la t\u00eate de course mais ils ont permis \u00e0 l\u2019espagnol <a href=\"http:\/\/www.ktmpress.com\/\">Isidre Esteve Pujol (KTM)<\/a> de remporter sa deuxi\u00e8me sp\u00e9ciale du rallye et son 8\u00e8me succ\u00e8s sur le <a href=\"http:\/\/www.dakar.com\/\">Dakar<\/a>. Ce retour \u00e0 la r\u00e9alit\u00e9 de la course, apr\u00e8s deux journ\u00e9e sommes toutes tranquilles, a suscit\u00e9 quelques agacements chez les meilleurs pilotes, dubitatifs sur la navigation.<br \/>Le Portugais <a href=\"http:\/\/www.yamaha-racing.com\/Racing\/dakar\/index.jsp\">Helder Rodrigues<\/a>, premier \u00e0 s\u2019\u00e9lancer ce matin, <a href=\"http:\/\/www.marccoma.com\/\">Marc Coma<\/a> et <a href=\"http:\/\/www.cyrildespres.com\/home.html\">Cyril Despres<\/a> &#8211; en fait toute la t\u00eate de course &#8211; s\u2019est \u00e9gar\u00e9e au km 85 de la sp\u00e9ciale, et s\u2019est balad\u00e9e sur une bonne dizaine de km avant de retrouver le trac\u00e9 officiel.<br \/> A force de \u00ab jardiner \u00bb les t\u00e9nors ont permis \u00e0 leurs poursuivants de les rejoindre. R\u00e9sultat, 20 bornes avant l\u2019unique CP, 11 b\u00e9canes roulaient de conserve. Ensuite le groupe se r\u00e9duisit \u00e0 cinq hommes: <a href=\"http:\/\/www.ktmpress.com\/\">Esteve<\/a> et ses co\u00e9quipiers <a href=\"http:\/\/www.cyrildespres.com\/home.html\">Despres<\/a> et <a href=\"http:\/\/www.offroad83.com\/\">Casteu<\/a> ainsi que le leader au g\u00e9n\u00e9ral <a href=\"http:\/\/www.marccoma.com\/\">Marc Coma<\/a> et <a href=\"http:\/\/www.janisvinters.lv\/\">Janis Vinters<\/a>, le letton d\u2019acier, plomb\u00e9 par 3 h de p\u00e9nalit\u00e9s. <br \/><a href=\"http:\/\/clabedan.typepad.com\/.shared\/image.html?\/photos\/uncategorized\/yamaha_12.jpg\"><img loading=\"lazy\" decoding=\"async\" width=\"250\" height=\"136\"  alt=\"Yamaha_12\" src=\"http:\/\/www.leblogmoto.com\/images\/yamaha_12.jpg\" style=\"margin: 0px 5px 5px 0px;float: left\" \/><\/a> Victime d\u2019une grosse chute le hollandais <a href=\"http:\/\/www.fransverhoeven.com\/\">Frans Verhoeven<\/a> <a href=\"http:\/\/www.ktmpress.com\/\">(KTM super production)<\/a> qui avait un temps men\u00e9 la course du jour devait abandonner. En revanche, son compagnon d\u2019\u00e9chapp\u00e9e, le portugais <a href=\"http:\/\/www.dakar.com\/2007\/DAK\/RIDERS\/fr\/coureurs\/4437.html\">Paulo Goncalves<\/a> <a href=\"http:\/\/world.honda.com\/motorsports\/\">(450 Honda Super Production)<\/a> signe le deuxi\u00e8me temps \u00e0 3\u201903 d\u2019Esteve, suivi du Polonais <a href=\"http:\/\/www.dakar.com\/2007\/DAK\/RIDERS\/fr\/coureurs\/3781.html\">Jacek Czachor<\/a> <a href=\"http:\/\/www.ktmpress.com\/\">(KTM)<\/a>, troisi\u00e8me. L\u2019amateur sud-africain <a href=\"http:\/\/www.classen.co.za\/\">Tom Classen<\/a> <a href=\"http:\/\/www.ktmpress.com\/\">(KTM)<\/a>, plombier de son \u00e9tat, surprend son monde en d\u00e9crochant la quatri\u00e8me place du jour et <a href=\"http:\/\/www.toolenduro.com\/?c=44&amp;a=1374\">Fabien Planet<\/a>, vainqueur de l\u2019<a href=\"http:\/\/www.webcarnews.com\/sportmeca\/dakar-2007\/sportmeca_articles\/le-dakar-enduro-challenge-ffm-a-rendu-son-verdict-15122006151.php\">enduro Dakar Challenge FFM<\/a>, confirme ses d\u00e9buts prometteurs avec un cinqui\u00e8me temps.<\/p>\n<p> Le classement g\u00e9n\u00e9ral \u00e9volue peu si ce n\u2019est que les espoirs de podium de <a href=\"http:\/\/www.blaisracing.com\/\">Chris Blais<\/a> s\u2019\u00e9loignent encore; <a href=\"http:\/\/www.offroad83.com\/\">David Casteu<\/a> 5\u00e8me de l\u2019\u00e9tape ajoutant pr\u00e8s de 6\u2019 \u00e0 son avantage sur l\u2019am\u00e9ricain, \u00e0 pr\u00e9sent \u00e0 plus d\u2019une demi-heure du pilote <a href=\"http:\/\/www.ktmpress.com\/\">KTM-Gauloises<\/a>.<\/p>\n<p> Quand au digne repr\u00e9sentant du Blog Moto, le dentiste toulousain <a href=\"http:\/\/www.toulouse-bestof.com\">Michel Vayssi\u00e8<\/a> <a href=\"http:\/\/www.yamaha-racing.com\/Racing\/dakar\/index.jsp\">(450 Yamaha)<\/a> nous venons de recevoir des nouvelles toutes fra\u00eeches, via son PC course, alias sa compagne Annette. Voici ce qu\u2019elle nous rapporte : <\/p>\n<p><em> \u00ab Bonjour \u00e0 tous,<br \/>Michel nous a encore entonn\u00e9 hier en finissant 35e au classement g\u00e9n\u00e9ral malgr\u00e9 son \u00e9paule en vrac!<br \/> Il faut dire qu&rsquo;il est tellement &quot;chut\u00e9&quot; (sic) par les anti-inflammatoire, qu&rsquo;il ne ressent plus grandes choses&#8230;&#8230;<br \/> Je lui ai parl\u00e9 hier soir et il avait l&rsquo;air plut\u00f4t&nbsp; en forme! Normal, il \u00e9tait sur le point de se faire masser (et certainement pas par un pouilleux&#8230; grrrrrrrr)<br \/> L&rsquo;\u00e9tape de demain, KAYES &#8211; TAMBACOUNDA, 458km,&nbsp; va \u00eatre un paradis pour les adeptes de la glisse. Sur ces pistes en lat\u00e9rite, l\u2019int\u00e9r\u00eat de l&rsquo;exercice r\u00e9side dans le contr\u00f4le des machines. Pour voir Tambacounda, il faudra tout de m\u00eame penser \u00e0 ralentir et trouver&nbsp; le rythme juste pour se faufiler entre les baobabs. <br \/>BRAVO Michel continue comme \u00e7a, plus que 3 jours!!!<br \/>Annette \u00bb<\/em><\/p>\n<p> Pos.&nbsp; &nbsp;&nbsp; &nbsp;N\u00b0&nbsp; &nbsp;&nbsp; &nbsp;Nom&nbsp; &nbsp;&nbsp; &nbsp;&nbsp; &nbsp;&nbsp; &nbsp;&nbsp; &nbsp;&nbsp; &nbsp;&nbsp; &nbsp;&nbsp; &nbsp;&nbsp; Marque&nbsp; &nbsp;&nbsp; &nbsp;Temps&nbsp; &nbsp;&nbsp; &nbsp;&nbsp; &nbsp; \u00c9cart&nbsp; &nbsp;&nbsp; &nbsp;&nbsp; &nbsp; P\u00e9nalit\u00e9<br \/> 1&nbsp; &nbsp;&nbsp; &nbsp;&nbsp; &nbsp; 001&nbsp; &nbsp;&nbsp; <a href=\"http:\/\/www.marccoma.com\/\">COMA<\/a> (ESP)&nbsp; &nbsp;&nbsp; &nbsp;&nbsp; &nbsp;&nbsp; &nbsp;&nbsp; &nbsp; <a href=\"http:\/\/www.ktmpress.com\/\">KTM<\/a>&nbsp; &nbsp;&nbsp; &nbsp;&nbsp; &nbsp; 44:47:16&nbsp; &nbsp;&nbsp; &nbsp; 00:00:00&nbsp; &nbsp;&nbsp; <br \/> 2&nbsp; &nbsp;&nbsp; &nbsp;&nbsp; &nbsp; 002&nbsp; &nbsp;&nbsp; <a href=\"http:\/\/www.cyrildespres.com\/home.html\">DESPRES<\/a> (FRA)&nbsp; &nbsp;&nbsp; &nbsp;&nbsp; &nbsp;&nbsp; &nbsp;<a href=\"http:\/\/www.ktmpress.com\/\">KTM<\/a>&nbsp; &nbsp;&nbsp; &nbsp;&nbsp; &nbsp; 45:40:04&nbsp; &nbsp;&nbsp; &nbsp; 00:52:48&nbsp; &nbsp;&nbsp; <br \/> 3&nbsp; &nbsp;&nbsp; &nbsp;&nbsp; &nbsp; 008&nbsp; &nbsp;&nbsp; <a href=\"http:\/\/www.offroad83.com\/\">CASTEU<\/a> (FRA)&nbsp; &nbsp;&nbsp; &nbsp;&nbsp; &nbsp;&nbsp; &nbsp; <a href=\"http:\/\/www.ktmpress.com\/\">KTM<\/a>&nbsp; &nbsp;&nbsp; &nbsp;&nbsp; &nbsp; 45:57:29&nbsp; &nbsp;&nbsp; &nbsp; 01:10:13&nbsp; &nbsp;&nbsp; <br \/> 4&nbsp; &nbsp;&nbsp; &nbsp;&nbsp; &nbsp; 009&nbsp; &nbsp;&nbsp; <a href=\"http:\/\/www.blaisracing.com\/\">BLAIS<\/a> (USA)&nbsp; &nbsp;&nbsp; &nbsp;&nbsp; &nbsp;&nbsp; &nbsp;&nbsp; &nbsp; <a href=\"http:\/\/www.ktmpress.com\/\">KTM <\/a>&nbsp; &nbsp;&nbsp; &nbsp;&nbsp; &nbsp;46:28:49&nbsp; &nbsp;&nbsp; &nbsp; 01:41:33&nbsp; &nbsp;&nbsp; <br \/> 5&nbsp; &nbsp;&nbsp; &nbsp;&nbsp; &nbsp; 006&nbsp; &nbsp;&nbsp; <a href=\"http:\/\/www.ullevalseter-racing.com\/\">ULLEVALSETER<\/a> (NOR)&nbsp; &nbsp;<a href=\"http:\/\/www.ktmpress.com\/\">KTM<\/a>&nbsp; &nbsp;&nbsp; &nbsp;&nbsp; &nbsp;46:52:20&nbsp; &nbsp;&nbsp; &nbsp; 02:05:04&nbsp; &nbsp;&nbsp; <br \/> 6&nbsp; &nbsp;&nbsp; &nbsp;&nbsp; &nbsp; 004&nbsp; &nbsp;&nbsp; <a href=\"http:\/\/www.ktmpress.com\/\">ESTEVE PUJOL<\/a> (ESP)&nbsp; &nbsp;&nbsp; <a href=\"http:\/\/www.ktmpress.com\/\">KTM <\/a>&nbsp; &nbsp;&nbsp; &nbsp;&nbsp; 47:22:20&nbsp; &nbsp;&nbsp; &nbsp; 02:35:04&nbsp; &nbsp;&nbsp; <br \/> 7&nbsp; &nbsp;&nbsp; &nbsp;&nbsp; &nbsp; 010&nbsp; &nbsp;&nbsp; <a href=\"http:\/\/www.yamaha-racing.com\/Racing\/dakar\/index.jsp\">RODRIGUES<\/a> (POR)&nbsp; &nbsp;&nbsp; &nbsp;&nbsp; <a href=\"http:\/\/www.yamaha-racing.com\/Racing\/dakar\/index.jsp\">YAMAHA <\/a>&nbsp; &nbsp;47:44:10&nbsp; &nbsp;&nbsp; &nbsp; 02:56:54&nbsp; &nbsp;&nbsp; <br \/> 8&nbsp; &nbsp;&nbsp; &nbsp;&nbsp; &nbsp; 023&nbsp; &nbsp;&nbsp; <a href=\"http:\/\/www.janisvinters.lv\/\">VINTERS<\/a> (LAT)&nbsp; &nbsp;&nbsp; &nbsp;&nbsp; &nbsp;&nbsp; &nbsp;<a href=\"http:\/\/www.ktmpress.com\/\">KTM <\/a>&nbsp; &nbsp;&nbsp; &nbsp;&nbsp; &nbsp;48:16:16&nbsp; &nbsp;&nbsp; &nbsp; 03:29:00&nbsp; &nbsp;&nbsp; 03:00<br \/> 35&nbsp; &nbsp;&nbsp; &nbsp;&nbsp; 213&nbsp; &nbsp;&nbsp; <a href=\"http:\/\/www.toulouse-bestof.com\"> VAYSSIE <\/a>(FRA)&nbsp; &nbsp;&nbsp; &nbsp;&nbsp; <a href=\"http:\/\/www.yamaha-racing.com\/Racing\/dakar\/index.jsp\">&nbsp; &nbsp; YAMAHA <\/a>&nbsp; &nbsp; 55:24:18&nbsp; &nbsp;&nbsp; &nbsp;10:37:02<\/p>\n","protected":false},"excerpt":{"rendered":"<p>Navigation pure, croisements de pistes, contournements de villages, trac\u00e9 endurisant et poussi\u00e8re opaque r\u00e9sument le menu servi par cette douzi\u00e8me \u00e9tape Ayoun \u2013 Kayes aux 140 motards rescap\u00e9s du Dakar.L\u2019entr\u00e9e au Mali, c\u2019est un net changement de d\u00e9cor; nous voil\u00e0 enfin en Afrique Noire, fini le d\u00e9sert et le but est proche. Pourtant tout peut [&hellip;]<\/p>\n","protected":false},"author":333,"featured_media":0,"comment_status":"open","ping_status":"open","sticky":false,"template":"","format":"standard","meta":{"footnotes":""},"categories":[59],"tags":[],"class_list":["post-1609","post","type-post","status-publish","format-standard","hentry","category-dakar"],"yoast_head":"<!-- This site is optimized with the Yoast SEO plugin v26.0 - https:\/\/yoast.com\/wordpress\/plugins\/seo\/ -->\n<title>DAKAR : changement de d\u00e9cor - leblogmoto.com<\/title>\n<meta name=\"robots\" content=\"index, follow, max-snippet:-1, max-image-preview:large, max-video-preview:-1\" \/>\n<link rel=\"canonical\" href=\"https:\/\/blogs.thesocialmedia.com\/leblogmoto\/2007\/01\/19\/dakar-changemen\/\" \/>\n<meta name=\"twitter:card\" content=\"summary_large_image\" \/>\n<meta name=\"twitter:title\" content=\"DAKAR : changement de d\u00e9cor - leblogmoto.com\" \/>\n<meta name=\"twitter:description\" content=\"Navigation pure, croisements de pistes, contournements de villages, trac\u00e9 endurisant et poussi\u00e8re opaque r\u00e9sument le menu servi par cette douzi\u00e8me \u00e9tape Ayoun \u2013 Kayes aux 140 motards rescap\u00e9s du Dakar.L\u2019entr\u00e9e au Mali, c\u2019est un net changement de d\u00e9cor; nous voil\u00e0 enfin en Afrique Noire, fini le d\u00e9sert et le but est proche. Pourtant tout peut [&hellip;]\" \/>\n<meta name=\"twitter:image\" content=\"http:\/\/www.leblogmoto.com\/images\/esteve_pujol.jpg\" \/>\n<meta name=\"twitter:label1\" content=\"\u00c9crit par\" \/>\n\t<meta name=\"twitter:data1\" content=\"christian tirat\" \/>\n\t<meta name=\"twitter:label2\" content=\"Dur\u00e9e de lecture estim\u00e9e\" \/>\n\t<meta name=\"twitter:data2\" content=\"5 minutes\" \/>\n<script type=\"application\/ld+json\" class=\"yoast-schema-graph\">{\"@context\":\"https:\/\/schema.org\",\"@graph\":[{\"@type\":\"WebPage\",\"@id\":\"https:\/\/blogs.thesocialmedia.com\/leblogmoto\/2007\/01\/19\/dakar-changemen\/\",\"url\":\"https:\/\/blogs.thesocialmedia.com\/leblogmoto\/2007\/01\/19\/dakar-changemen\/\",\"name\":\"DAKAR : changement de d\u00e9cor - leblogmoto.com\",\"isPartOf\":{\"@id\":\"https:\/\/blogs.thesocialmedia.com\/leblogmoto\/#website\"},\"primaryImageOfPage\":{\"@id\":\"https:\/\/blogs.thesocialmedia.com\/leblogmoto\/2007\/01\/19\/dakar-changemen\/#primaryimage\"},\"image\":{\"@id\":\"https:\/\/blogs.thesocialmedia.com\/leblogmoto\/2007\/01\/19\/dakar-changemen\/#primaryimage\"},\"thumbnailUrl\":\"http:\/\/www.leblogmoto.com\/images\/esteve_pujol.jpg\",\"datePublished\":\"2007-01-19T05:01:38+00:00\",\"dateModified\":\"2012-07-11T14:30:17+00:00\",\"author\":{\"@id\":\"https:\/\/blogs.thesocialmedia.com\/leblogmoto\/#\/schema\/person\/90b2f8fd0d5a2cede2580e95fc79c6c0\"},\"breadcrumb\":{\"@id\":\"https:\/\/blogs.thesocialmedia.com\/leblogmoto\/2007\/01\/19\/dakar-changemen\/#breadcrumb\"},\"inLanguage\":\"fr-FR\",\"potentialAction\":[{\"@type\":\"ReadAction\",\"target\":[\"https:\/\/blogs.thesocialmedia.com\/leblogmoto\/2007\/01\/19\/dakar-changemen\/\"]}]},{\"@type\":\"ImageObject\",\"inLanguage\":\"fr-FR\",\"@id\":\"https:\/\/blogs.thesocialmedia.com\/leblogmoto\/2007\/01\/19\/dakar-changemen\/#primaryimage\",\"url\":\"http:\/\/www.leblogmoto.com\/images\/esteve_pujol.jpg\",\"contentUrl\":\"http:\/\/www.leblogmoto.com\/images\/esteve_pujol.jpg\"},{\"@type\":\"BreadcrumbList\",\"@id\":\"https:\/\/blogs.thesocialmedia.com\/leblogmoto\/2007\/01\/19\/dakar-changemen\/#breadcrumb\",\"itemListElement\":[{\"@type\":\"ListItem\",\"position\":1,\"name\":\"Accueil\",\"item\":\"https:\/\/blogs.thesocialmedia.com\/leblogmoto\/\"},{\"@type\":\"ListItem\",\"position\":2,\"name\":\"DAKAR : changement de d\u00e9cor\"}]},{\"@type\":\"WebSite\",\"@id\":\"https:\/\/blogs.thesocialmedia.com\/leblogmoto\/#website\",\"url\":\"https:\/\/blogs.thesocialmedia.com\/leblogmoto\/\",\"name\":\"leblogmoto\",\"description\":\"Toute l&#039;actualit\u00e9 des 2 roues\",\"potentialAction\":[{\"@type\":\"SearchAction\",\"target\":{\"@type\":\"EntryPoint\",\"urlTemplate\":\"https:\/\/blogs.thesocialmedia.com\/leblogmoto\/?s={search_term_string}\"},\"query-input\":{\"@type\":\"PropertyValueSpecification\",\"valueRequired\":true,\"valueName\":\"search_term_string\"}}],\"inLanguage\":\"fr-FR\"},{\"@type\":\"Person\",\"@id\":\"https:\/\/blogs.thesocialmedia.com\/leblogmoto\/#\/schema\/person\/90b2f8fd0d5a2cede2580e95fc79c6c0\",\"name\":\"christian tirat\",\"image\":{\"@type\":\"ImageObject\",\"inLanguage\":\"fr-FR\",\"@id\":\"https:\/\/blogs.thesocialmedia.com\/leblogmoto\/#\/schema\/person\/image\/\",\"url\":\"https:\/\/secure.gravatar.com\/avatar\/?s=96&d=mm&r=g\",\"contentUrl\":\"https:\/\/secure.gravatar.com\/avatar\/?s=96&d=mm&r=g\",\"caption\":\"christian tirat\"},\"url\":\"https:\/\/blogs.thesocialmedia.com\/leblogmoto\/author\/christian-tirat\/\"}]}<\/script>\n<!-- \/ Yoast SEO plugin. -->","yoast_head_json":{"title":"DAKAR : changement de d\u00e9cor - leblogmoto.com","robots":{"index":"index","follow":"follow","max-snippet":"max-snippet:-1","max-image-preview":"max-image-preview:large","max-video-preview":"max-video-preview:-1"},"canonical":"https:\/\/blogs.thesocialmedia.com\/leblogmoto\/2007\/01\/19\/dakar-changemen\/","twitter_card":"summary_large_image","twitter_title":"DAKAR : changement de d\u00e9cor - leblogmoto.com","twitter_description":"Navigation pure, croisements de pistes, contournements de villages, trac\u00e9 endurisant et poussi\u00e8re opaque r\u00e9sument le menu servi par cette douzi\u00e8me \u00e9tape Ayoun \u2013 Kayes aux 140 motards rescap\u00e9s du Dakar.L\u2019entr\u00e9e au Mali, c\u2019est un net changement de d\u00e9cor; nous voil\u00e0 enfin en Afrique Noire, fini le d\u00e9sert et le but est proche. Pourtant tout peut [&hellip;]","twitter_image":"http:\/\/www.leblogmoto.com\/images\/esteve_pujol.jpg","twitter_misc":{"\u00c9crit par":"christian tirat","Dur\u00e9e de lecture estim\u00e9e":"5 minutes"},"schema":{"@context":"https:\/\/schema.org","@graph":[{"@type":"WebPage","@id":"https:\/\/blogs.thesocialmedia.com\/leblogmoto\/2007\/01\/19\/dakar-changemen\/","url":"https:\/\/blogs.thesocialmedia.com\/leblogmoto\/2007\/01\/19\/dakar-changemen\/","name":"DAKAR : changement de d\u00e9cor - leblogmoto.com","isPartOf":{"@id":"https:\/\/blogs.thesocialmedia.com\/leblogmoto\/#website"},"primaryImageOfPage":{"@id":"https:\/\/blogs.thesocialmedia.com\/leblogmoto\/2007\/01\/19\/dakar-changemen\/#primaryimage"},"image":{"@id":"https:\/\/blogs.thesocialmedia.com\/leblogmoto\/2007\/01\/19\/dakar-changemen\/#primaryimage"},"thumbnailUrl":"http:\/\/www.leblogmoto.com\/images\/esteve_pujol.jpg","datePublished":"2007-01-19T05:01:38+00:00","dateModified":"2012-07-11T14:30:17+00:00","author":{"@id":"https:\/\/blogs.thesocialmedia.com\/leblogmoto\/#\/schema\/person\/90b2f8fd0d5a2cede2580e95fc79c6c0"},"breadcrumb":{"@id":"https:\/\/blogs.thesocialmedia.com\/leblogmoto\/2007\/01\/19\/dakar-changemen\/#breadcrumb"},"inLanguage":"fr-FR","potentialAction":[{"@type":"ReadAction","target":["https:\/\/blogs.thesocialmedia.com\/leblogmoto\/2007\/01\/19\/dakar-changemen\/"]}]},{"@type":"ImageObject","inLanguage":"fr-FR","@id":"https:\/\/blogs.thesocialmedia.com\/leblogmoto\/2007\/01\/19\/dakar-changemen\/#primaryimage","url":"http:\/\/www.leblogmoto.com\/images\/esteve_pujol.jpg","contentUrl":"http:\/\/www.leblogmoto.com\/images\/esteve_pujol.jpg"},{"@type":"BreadcrumbList","@id":"https:\/\/blogs.thesocialmedia.com\/leblogmoto\/2007\/01\/19\/dakar-changemen\/#breadcrumb","itemListElement":[{"@type":"ListItem","position":1,"name":"Accueil","item":"https:\/\/blogs.thesocialmedia.com\/leblogmoto\/"},{"@type":"ListItem","position":2,"name":"DAKAR : changement de d\u00e9cor"}]},{"@type":"WebSite","@id":"https:\/\/blogs.thesocialmedia.com\/leblogmoto\/#website","url":"https:\/\/blogs.thesocialmedia.com\/leblogmoto\/","name":"leblogmoto","description":"Toute l&#039;actualit\u00e9 des 2 roues","potentialAction":[{"@type":"SearchAction","target":{"@type":"EntryPoint","urlTemplate":"https:\/\/blogs.thesocialmedia.com\/leblogmoto\/?s={search_term_string}"},"query-input":{"@type":"PropertyValueSpecification","valueRequired":true,"valueName":"search_term_string"}}],"inLanguage":"fr-FR"},{"@type":"Person","@id":"https:\/\/blogs.thesocialmedia.com\/leblogmoto\/#\/schema\/person\/90b2f8fd0d5a2cede2580e95fc79c6c0","name":"christian tirat","image":{"@type":"ImageObject","inLanguage":"fr-FR","@id":"https:\/\/blogs.thesocialmedia.com\/leblogmoto\/#\/schema\/person\/image\/","url":"https:\/\/secure.gravatar.com\/avatar\/?s=96&d=mm&r=g","contentUrl":"https:\/\/secure.gravatar.com\/avatar\/?s=96&d=mm&r=g","caption":"christian tirat"},"url":"https:\/\/blogs.thesocialmedia.com\/leblogmoto\/author\/christian-tirat\/"}]}},"_links":{"self":[{"href":"https:\/\/blogs.thesocialmedia.com\/leblogmoto\/wp-json\/wp\/v2\/posts\/1609","targetHints":{"allow":["GET"]}}],"collection":[{"href":"https:\/\/blogs.thesocialmedia.com\/leblogmoto\/wp-json\/wp\/v2\/posts"}],"about":[{"href":"https:\/\/blogs.thesocialmedia.com\/leblogmoto\/wp-json\/wp\/v2\/types\/post"}],"author":[{"embeddable":true,"href":"https:\/\/blogs.thesocialmedia.com\/leblogmoto\/wp-json\/wp\/v2\/users\/333"}],"replies":[{"embeddable":true,"href":"https:\/\/blogs.thesocialmedia.com\/leblogmoto\/wp-json\/wp\/v2\/comments?post=1609"}],"version-history":[{"count":2,"href":"https:\/\/blogs.thesocialmedia.com\/leblogmoto\/wp-json\/wp\/v2\/posts\/1609\/revisions"}],"predecessor-version":[{"id":7922,"href":"https:\/\/blogs.thesocialmedia.com\/leblogmoto\/wp-json\/wp\/v2\/posts\/1609\/revisions\/7922"}],"wp:attachment":[{"href":"https:\/\/blogs.thesocialmedia.com\/leblogmoto\/wp-json\/wp\/v2\/media?parent=1609"}],"wp:term":[{"taxonomy":"category","embeddable":true,"href":"https:\/\/blogs.thesocialmedia.com\/leblogmoto\/wp-json\/wp\/v2\/categories?post=1609"},{"taxonomy":"post_tag","embeddable":true,"href":"https:\/\/blogs.thesocialmedia.com\/leblogmoto\/wp-json\/wp\/v2\/tags?post=1609"}],"curies":[{"name":"wp","href":"https:\/\/api.w.org\/{rel}","templated":true}]}}