{"id":161,"date":"2009-05-04T02:38:15","date_gmt":"2009-05-04T02:38:15","guid":{"rendered":"http:\/\/blogs.thesocialmedia.com\/leblogmoto\/2009\/05\/04\/reprise-des-consultations-a-jerez\/"},"modified":"2012-07-11T17:23:23","modified_gmt":"2012-07-11T17:23:23","slug":"reprise-des-consultations-a-jerez","status":"publish","type":"post","link":"https:\/\/blogs.thesocialmedia.com\/leblogmoto\/2009\/05\/04\/reprise-des-consultations-a-jerez\/","title":{"rendered":"Reprise des consultations \u00e0 Jerez"},"content":{"rendered":"<p><a href=\"http:\/\/blogs.thesocialmedia.com\/leblogmoto\/files\/2012\/07\/6a00d83451b18369e20115706a8854970b-pi.jpg\"><img decoding=\"async\" alt=\"Rossi Jerez 2009\" class=\"at-xid-6a00d83451b18369e20115706a8854970b \" src=\"http:\/\/blogs.thesocialmedia.com\/leblogmoto\/files\/2012\/07\/6a00d83451b18369e20115706a8854970b-500wi.jpg\" \/><\/a> <\/p>\n<p>Hier en Espagne Valentino Rossi a enfin sign\u00e9 sa premi\u00e8re victoire en cat\u00e9gorie MotoGP de la saison devant Dani Pedrosa et Casey Stoner. Il en profite pour reprendre la t\u00eate du championnat. A noter la 4\u00e8me place de Randy de Puniet sur sa Honda \u00e0 2 semaines du Grand Prix de France, 7\u00e8me au championnat \u00e0 2 points de Colin Edwards&#8230; <\/p>\n<\/p>\n<p><a href=\"http:\/\/blogs.thesocialmedia.com\/leblogmoto\/files\/2012\/07\/6a00d83451b18369e201156f7612af970c-pi.jpg\"><img decoding=\"async\" alt=\"Rossi Jerez 2\" class=\"at-xid-6a00d83451b18369e201156f7612af970c \" src=\"http:\/\/blogs.thesocialmedia.com\/leblogmoto\/files\/2012\/07\/6a00d83451b18369e201156f7612af970c-500wi.jpg\" \/><\/a> <\/p>\n<p>Valentino Rossi remporte la 98\u00e8me victoire de sa carri\u00e8re sur sa Yamaha devant la Honda de Dany Pedrosa et la Ducati de Casey Stoner. <\/p>\n<p>Jorge Lorenzo, parti en pole position, chute sans gravit\u00e9 devant 120000 fans en tentant de revenir sur Casey Stoner \u00e0 trois tours de l&#039;arriv\u00e9e. Dany Pedrosa en profite pour le rejoindre au classement du championnat. <\/p>\n<p>Le meilleur de la course en vid\u00e9o en cliquant <a href=\"http:\/\/www.youtube.com\/watch?v=AOyQNF7DEGo\" target=\"_blank\">ICI<\/a><\/p>\n<p><a href=\"http:\/\/clabedan.typepad.com\/.a\/6a00d83451b18369e20115706a8b5f970b-pi\"><img decoding=\"async\" alt=\"Lorenzo Jerez 2009\" class=\"at-xid-6a00d83451b18369e20115706a8b5f970b \" src=\"http:\/\/blogs.thesocialmedia.com\/leblogmoto\/files\/2012\/07\/6a00d83451b18369e20115706a8b5f970b-500wi.jpg\" \/><\/a> <\/p>\n<\/p>\n<p>Prochain rendez vous les 15,16 et 17 mai prochains sur le circuit du Mans pour le<a href=\"http:\/\/www.gpfrancemoto.com\" target=\"_blank\"> Grand Prix de France<\/a> pour soutenir le <a href=\"http:\/\/www.leblogmoto.com\/2009\/03\/associ%C3%A9e-au-c%C3%A9l%C3%A9brissime-lapin-la-lcr-sencanaille.html\" target=\"_blank\">french playboy<\/a><span style=\"font-family: Arial\"> Randy de Puniet<\/span> et Mike di Meglio en cat\u00e9gorie 250.<\/p>\n<p><a href=\"http:\/\/clabedan.typepad.com\/.a\/6a00d83451b18369e201156f761335970c-pi\"><img decoding=\"async\" alt=\"De Puniet\" class=\"at-xid-6a00d83451b18369e201156f761335970c \" src=\"http:\/\/blogs.thesocialmedia.com\/leblogmoto\/files\/2012\/07\/6a00d83451b18369e201156f761335970c-500wi.jpg\" \/><\/a> <\/p>\n<\/p>\n<p><strong>Classement au championnat des pilotes<\/strong>:<\/p>\n<p>1 Valentino ROSSI 46 Yamaha ITA Fiat Yamaha Team 65<\/p>\n<p> 2 Casey STONER 27 Ducati AUS Ducati Marlboro Team 54<\/p>\n<p> 3 Jorge LORENZO 99 Yamaha SPA Fiat Yamaha Team 41<\/p>\n<p> 4 Dani PEDROSA 3 Honda SPA Repsol Honda Team 41 <\/p>\n<p> 5 Andrea DOVIZIOSO 4 Honda ITA Repsol Honda Team 30 <\/p>\n<p>6 Colin EDWARDS 5 Yamaha USA Monster Yamaha Tech 3 26 <\/p>\n<p> 7 Randy DE PUNIET 14 Honda FRA LCR Honda MotoGP 24 <\/p>\n<p>8 Marco MELANDRI 33 Kawasaki ITA Hayate Racing Team 23 <\/p>\n<p>9 Chris VERMEULEN 7 Suzuki AUS Rizla Suzuki MotoGP 21 <\/p>\n<p>10 Loris CAPIROSSI 65 Suzuki ITA Rizla Suzuki MotoGP 19 <\/p><\/p>\n","protected":false},"excerpt":{"rendered":"<p>Hier en Espagne Valentino Rossi a enfin sign\u00e9 sa premi\u00e8re victoire en cat\u00e9gorie MotoGP de la saison devant Dani Pedrosa et Casey Stoner. Il en profite pour reprendre la t\u00eate du championnat. A noter la 4\u00e8me place de Randy de Puniet sur sa Honda \u00e0 2 semaines du Grand Prix de France, 7\u00e8me au championnat [&hellip;]<\/p>\n","protected":false},"author":323,"featured_media":13455,"comment_status":"open","ping_status":"open","sticky":false,"template":"","format":"standard","meta":{"footnotes":""},"categories":[3,22],"tags":[],"class_list":["post-161","post","type-post","status-publish","format-standard","has-post-thumbnail","hentry","category-actualite","category-motogp"],"yoast_head":"<!-- This site is optimized with the Yoast SEO plugin v26.0 - https:\/\/yoast.com\/wordpress\/plugins\/seo\/ -->\n<title>Reprise des consultations \u00e0 Jerez - leblogmoto.com<\/title>\n<meta name=\"robots\" content=\"index, follow, max-snippet:-1, max-image-preview:large, max-video-preview:-1\" \/>\n<link rel=\"canonical\" href=\"https:\/\/blogs.thesocialmedia.com\/leblogmoto\/2009\/05\/04\/reprise-des-consultations-a-jerez\/\" \/>\n<meta name=\"twitter:card\" content=\"summary_large_image\" \/>\n<meta name=\"twitter:title\" content=\"Reprise des consultations \u00e0 Jerez - leblogmoto.com\" \/>\n<meta name=\"twitter:description\" content=\"Hier en Espagne Valentino Rossi a enfin sign\u00e9 sa premi\u00e8re victoire en cat\u00e9gorie MotoGP de la saison devant Dani Pedrosa et Casey Stoner. Il en profite pour reprendre la t\u00eate du championnat. A noter la 4\u00e8me place de Randy de Puniet sur sa Honda \u00e0 2 semaines du Grand Prix de France, 7\u00e8me au championnat [&hellip;]\" \/>\n<meta name=\"twitter:image\" content=\"https:\/\/blogs.thesocialmedia.com\/leblogmoto\/files\/2012\/07\/6a00d83451b18369e20115706a8854970b-500wi.jpg\" \/>\n<meta name=\"twitter:label1\" content=\"\u00c9crit par\" \/>\n\t<meta name=\"twitter:data1\" content=\"albin le guyader\" \/>\n\t<meta name=\"twitter:label2\" content=\"Dur\u00e9e de lecture estim\u00e9e\" \/>\n\t<meta name=\"twitter:data2\" content=\"1 minute\" \/>\n<script type=\"application\/ld+json\" class=\"yoast-schema-graph\">{\"@context\":\"https:\/\/schema.org\",\"@graph\":[{\"@type\":\"WebPage\",\"@id\":\"https:\/\/blogs.thesocialmedia.com\/leblogmoto\/2009\/05\/04\/reprise-des-consultations-a-jerez\/\",\"url\":\"https:\/\/blogs.thesocialmedia.com\/leblogmoto\/2009\/05\/04\/reprise-des-consultations-a-jerez\/\",\"name\":\"Reprise des consultations \u00e0 Jerez - leblogmoto.com\",\"isPartOf\":{\"@id\":\"https:\/\/blogs.thesocialmedia.com\/leblogmoto\/#website\"},\"primaryImageOfPage\":{\"@id\":\"https:\/\/blogs.thesocialmedia.com\/leblogmoto\/2009\/05\/04\/reprise-des-consultations-a-jerez\/#primaryimage\"},\"image\":{\"@id\":\"https:\/\/blogs.thesocialmedia.com\/leblogmoto\/2009\/05\/04\/reprise-des-consultations-a-jerez\/#primaryimage\"},\"thumbnailUrl\":\"https:\/\/blogs.thesocialmedia.com\/leblogmoto\/files\/2012\/07\/6a00d83451b18369e20115706a8854970b-500wi.jpg\",\"datePublished\":\"2009-05-04T02:38:15+00:00\",\"dateModified\":\"2012-07-11T17:23:23+00:00\",\"author\":{\"@id\":\"https:\/\/blogs.thesocialmedia.com\/leblogmoto\/#\/schema\/person\/b496d27c898c29a39678e2425cafb9ae\"},\"breadcrumb\":{\"@id\":\"https:\/\/blogs.thesocialmedia.com\/leblogmoto\/2009\/05\/04\/reprise-des-consultations-a-jerez\/#breadcrumb\"},\"inLanguage\":\"fr-FR\",\"potentialAction\":[{\"@type\":\"ReadAction\",\"target\":[\"https:\/\/blogs.thesocialmedia.com\/leblogmoto\/2009\/05\/04\/reprise-des-consultations-a-jerez\/\"]}]},{\"@type\":\"ImageObject\",\"inLanguage\":\"fr-FR\",\"@id\":\"https:\/\/blogs.thesocialmedia.com\/leblogmoto\/2009\/05\/04\/reprise-des-consultations-a-jerez\/#primaryimage\",\"url\":\"https:\/\/blogs.thesocialmedia.com\/leblogmoto\/files\/2012\/07\/6a00d83451b18369e20115706a8854970b-500wi.jpg\",\"contentUrl\":\"https:\/\/blogs.thesocialmedia.com\/leblogmoto\/files\/2012\/07\/6a00d83451b18369e20115706a8854970b-500wi.jpg\",\"width\":\"500\",\"height\":\"338\"},{\"@type\":\"BreadcrumbList\",\"@id\":\"https:\/\/blogs.thesocialmedia.com\/leblogmoto\/2009\/05\/04\/reprise-des-consultations-a-jerez\/#breadcrumb\",\"itemListElement\":[{\"@type\":\"ListItem\",\"position\":1,\"name\":\"Accueil\",\"item\":\"https:\/\/blogs.thesocialmedia.com\/leblogmoto\/\"},{\"@type\":\"ListItem\",\"position\":2,\"name\":\"Reprise des consultations \u00e0 Jerez\"}]},{\"@type\":\"WebSite\",\"@id\":\"https:\/\/blogs.thesocialmedia.com\/leblogmoto\/#website\",\"url\":\"https:\/\/blogs.thesocialmedia.com\/leblogmoto\/\",\"name\":\"leblogmoto\",\"description\":\"Toute l&#039;actualit\u00e9 des 2 roues\",\"potentialAction\":[{\"@type\":\"SearchAction\",\"target\":{\"@type\":\"EntryPoint\",\"urlTemplate\":\"https:\/\/blogs.thesocialmedia.com\/leblogmoto\/?s={search_term_string}\"},\"query-input\":{\"@type\":\"PropertyValueSpecification\",\"valueRequired\":true,\"valueName\":\"search_term_string\"}}],\"inLanguage\":\"fr-FR\"},{\"@type\":\"Person\",\"@id\":\"https:\/\/blogs.thesocialmedia.com\/leblogmoto\/#\/schema\/person\/b496d27c898c29a39678e2425cafb9ae\",\"name\":\"albin le guyader\",\"image\":{\"@type\":\"ImageObject\",\"inLanguage\":\"fr-FR\",\"@id\":\"https:\/\/blogs.thesocialmedia.com\/leblogmoto\/#\/schema\/person\/image\/\",\"url\":\"https:\/\/secure.gravatar.com\/avatar\/?s=96&d=mm&r=g\",\"contentUrl\":\"https:\/\/secure.gravatar.com\/avatar\/?s=96&d=mm&r=g\",\"caption\":\"albin le guyader\"},\"url\":\"https:\/\/blogs.thesocialmedia.com\/leblogmoto\/author\/albin-le-guyader\/\"}]}<\/script>\n<!-- \/ Yoast SEO plugin. -->","yoast_head_json":{"title":"Reprise des consultations \u00e0 Jerez - leblogmoto.com","robots":{"index":"index","follow":"follow","max-snippet":"max-snippet:-1","max-image-preview":"max-image-preview:large","max-video-preview":"max-video-preview:-1"},"canonical":"https:\/\/blogs.thesocialmedia.com\/leblogmoto\/2009\/05\/04\/reprise-des-consultations-a-jerez\/","twitter_card":"summary_large_image","twitter_title":"Reprise des consultations \u00e0 Jerez - leblogmoto.com","twitter_description":"Hier en Espagne Valentino Rossi a enfin sign\u00e9 sa premi\u00e8re victoire en cat\u00e9gorie MotoGP de la saison devant Dani Pedrosa et Casey Stoner. Il en profite pour reprendre la t\u00eate du championnat. A noter la 4\u00e8me place de Randy de Puniet sur sa Honda \u00e0 2 semaines du Grand Prix de France, 7\u00e8me au championnat [&hellip;]","twitter_image":"https:\/\/blogs.thesocialmedia.com\/leblogmoto\/files\/2012\/07\/6a00d83451b18369e20115706a8854970b-500wi.jpg","twitter_misc":{"\u00c9crit par":"albin le guyader","Dur\u00e9e de lecture estim\u00e9e":"1 minute"},"schema":{"@context":"https:\/\/schema.org","@graph":[{"@type":"WebPage","@id":"https:\/\/blogs.thesocialmedia.com\/leblogmoto\/2009\/05\/04\/reprise-des-consultations-a-jerez\/","url":"https:\/\/blogs.thesocialmedia.com\/leblogmoto\/2009\/05\/04\/reprise-des-consultations-a-jerez\/","name":"Reprise des consultations \u00e0 Jerez - leblogmoto.com","isPartOf":{"@id":"https:\/\/blogs.thesocialmedia.com\/leblogmoto\/#website"},"primaryImageOfPage":{"@id":"https:\/\/blogs.thesocialmedia.com\/leblogmoto\/2009\/05\/04\/reprise-des-consultations-a-jerez\/#primaryimage"},"image":{"@id":"https:\/\/blogs.thesocialmedia.com\/leblogmoto\/2009\/05\/04\/reprise-des-consultations-a-jerez\/#primaryimage"},"thumbnailUrl":"https:\/\/blogs.thesocialmedia.com\/leblogmoto\/files\/2012\/07\/6a00d83451b18369e20115706a8854970b-500wi.jpg","datePublished":"2009-05-04T02:38:15+00:00","dateModified":"2012-07-11T17:23:23+00:00","author":{"@id":"https:\/\/blogs.thesocialmedia.com\/leblogmoto\/#\/schema\/person\/b496d27c898c29a39678e2425cafb9ae"},"breadcrumb":{"@id":"https:\/\/blogs.thesocialmedia.com\/leblogmoto\/2009\/05\/04\/reprise-des-consultations-a-jerez\/#breadcrumb"},"inLanguage":"fr-FR","potentialAction":[{"@type":"ReadAction","target":["https:\/\/blogs.thesocialmedia.com\/leblogmoto\/2009\/05\/04\/reprise-des-consultations-a-jerez\/"]}]},{"@type":"ImageObject","inLanguage":"fr-FR","@id":"https:\/\/blogs.thesocialmedia.com\/leblogmoto\/2009\/05\/04\/reprise-des-consultations-a-jerez\/#primaryimage","url":"https:\/\/blogs.thesocialmedia.com\/leblogmoto\/files\/2012\/07\/6a00d83451b18369e20115706a8854970b-500wi.jpg","contentUrl":"https:\/\/blogs.thesocialmedia.com\/leblogmoto\/files\/2012\/07\/6a00d83451b18369e20115706a8854970b-500wi.jpg","width":"500","height":"338"},{"@type":"BreadcrumbList","@id":"https:\/\/blogs.thesocialmedia.com\/leblogmoto\/2009\/05\/04\/reprise-des-consultations-a-jerez\/#breadcrumb","itemListElement":[{"@type":"ListItem","position":1,"name":"Accueil","item":"https:\/\/blogs.thesocialmedia.com\/leblogmoto\/"},{"@type":"ListItem","position":2,"name":"Reprise des consultations \u00e0 Jerez"}]},{"@type":"WebSite","@id":"https:\/\/blogs.thesocialmedia.com\/leblogmoto\/#website","url":"https:\/\/blogs.thesocialmedia.com\/leblogmoto\/","name":"leblogmoto","description":"Toute l&#039;actualit\u00e9 des 2 roues","potentialAction":[{"@type":"SearchAction","target":{"@type":"EntryPoint","urlTemplate":"https:\/\/blogs.thesocialmedia.com\/leblogmoto\/?s={search_term_string}"},"query-input":{"@type":"PropertyValueSpecification","valueRequired":true,"valueName":"search_term_string"}}],"inLanguage":"fr-FR"},{"@type":"Person","@id":"https:\/\/blogs.thesocialmedia.com\/leblogmoto\/#\/schema\/person\/b496d27c898c29a39678e2425cafb9ae","name":"albin le guyader","image":{"@type":"ImageObject","inLanguage":"fr-FR","@id":"https:\/\/blogs.thesocialmedia.com\/leblogmoto\/#\/schema\/person\/image\/","url":"https:\/\/secure.gravatar.com\/avatar\/?s=96&d=mm&r=g","contentUrl":"https:\/\/secure.gravatar.com\/avatar\/?s=96&d=mm&r=g","caption":"albin le guyader"},"url":"https:\/\/blogs.thesocialmedia.com\/leblogmoto\/author\/albin-le-guyader\/"}]}},"_links":{"self":[{"href":"https:\/\/blogs.thesocialmedia.com\/leblogmoto\/wp-json\/wp\/v2\/posts\/161","targetHints":{"allow":["GET"]}}],"collection":[{"href":"https:\/\/blogs.thesocialmedia.com\/leblogmoto\/wp-json\/wp\/v2\/posts"}],"about":[{"href":"https:\/\/blogs.thesocialmedia.com\/leblogmoto\/wp-json\/wp\/v2\/types\/post"}],"author":[{"embeddable":true,"href":"https:\/\/blogs.thesocialmedia.com\/leblogmoto\/wp-json\/wp\/v2\/users\/323"}],"replies":[{"embeddable":true,"href":"https:\/\/blogs.thesocialmedia.com\/leblogmoto\/wp-json\/wp\/v2\/comments?post=161"}],"version-history":[{"count":2,"href":"https:\/\/blogs.thesocialmedia.com\/leblogmoto\/wp-json\/wp\/v2\/posts\/161\/revisions"}],"predecessor-version":[{"id":13461,"href":"https:\/\/blogs.thesocialmedia.com\/leblogmoto\/wp-json\/wp\/v2\/posts\/161\/revisions\/13461"}],"wp:featuredmedia":[{"embeddable":true,"href":"https:\/\/blogs.thesocialmedia.com\/leblogmoto\/wp-json\/wp\/v2\/media\/13455"}],"wp:attachment":[{"href":"https:\/\/blogs.thesocialmedia.com\/leblogmoto\/wp-json\/wp\/v2\/media?parent=161"}],"wp:term":[{"taxonomy":"category","embeddable":true,"href":"https:\/\/blogs.thesocialmedia.com\/leblogmoto\/wp-json\/wp\/v2\/categories?post=161"},{"taxonomy":"post_tag","embeddable":true,"href":"https:\/\/blogs.thesocialmedia.com\/leblogmoto\/wp-json\/wp\/v2\/tags?post=161"}],"curies":[{"name":"wp","href":"https:\/\/api.w.org\/{rel}","templated":true}]}}