{"id":1610,"date":"2007-01-18T03:35:13","date_gmt":"2007-01-18T03:35:13","guid":{"rendered":"http:\/\/blogs.thesocialmedia.com\/leblogmoto\/2007\/01\/18\/dakar-liaison-s\/"},"modified":"2012-07-11T14:30:15","modified_gmt":"2012-07-11T14:30:15","slug":"dakar-liaison-s","status":"publish","type":"post","link":"https:\/\/blogs.thesocialmedia.com\/leblogmoto\/2007\/01\/18\/dakar-liaison-s\/","title":{"rendered":"Dakar: liaison salutaire"},"content":{"rendered":"<p><a href=\"http:\/\/blogs.thesocialmedia.com\/leblogmoto\/files\/2012\/07\/film11_gd.jpg\"><img loading=\"lazy\" decoding=\"async\" width=\"250\" height=\"141\"  alt=\"Film11_gd\" src=\"http:\/\/www.leblogmoto.com\/images\/film11_gd.jpg\" style=\"margin: 0px 5px 5px 0px;float: left\" \/><\/a> Apr\u00e8s la modification de parcours recommand\u00e9e par le minist\u00e8re des affaires \u00e9trang\u00e8res, les concurrents du 29\u00e8me <a href=\"http:\/\/www.dakar.com\/\">Dakar<\/a> ont profit\u00e9 d\u2019une demi-journ\u00e9e de repos salutaire \u00e0 Nema. Voil\u00e0 qui a probablement sauv\u00e9 la course de notre ami <a href=\"http:\/\/www.toulouse-bestof.com\">Michel Vayssi\u00e8<\/a>, victime mardi en fin d\u2019\u00e9tape d\u2019une chute provoqu\u00e9e par un d\u00e9monte-pneus baladeur <a href=\"http:\/\/www.leblogmoto.com\/2007\/01\/dakar_chute_de_.html#more\">(voir post pr\u00e9c\u00e9dent)<\/a>.&nbsp; <\/p>\n<p>Avec sa clavicule f\u00eal\u00e9e et son \u00e9paule tr\u00e8s douloureuse, Michel n\u2019eut \u00e0 affronter que le vent violent qui balayait les 280 km d\u2019une piste essentiellement goudronn\u00e9e. Il a rejoint en 35\u00e8me position Ayoun-el-Atrous avec les 142 motards rescap\u00e9s, la caravane ayant donc perdu un gros tiers de son volume depuis Lisbonne. <a href=\"http:\/\/www.marccoma.com\/\">Marc Coma<\/a> le leader de la course, qui a parcouru les 3416 kilom\u00e8tres d\u00e9j\u00e0 franchis au rythme soutenu de 83,48 km\/h de moyenne a enfin pu profiter du paysage sans s\u2019angoisser avec les menaces de casse de boite de vitesse.<\/p>\n<p>Le pilote catalan b\u00e9n\u00e9ficie d\u2019une marge de pr\u00e8s d\u2019une heure sur Cyril Despres au g\u00e9n\u00e9ral, mais il n\u2019a plus de co\u00e9quipier depuis les abandons de Viladoms et de Sala. Cette solitude hi\u00e9rarchique s\u2019est poursuivie sur le ruban d\u2019asphalte d\u00e9roul\u00e9 aujourd\u2019hui.<\/p>\n<p>Le rallye entrera demain au Mali. Dans la perspective des retrouvailles avec l\u2019Afrique noire et ses pistes ultra rapides, le briefing quotidien d\u2019Etienne Lavigne \u00e0 l\u2019intention des concurrents portera \u00e0 nouveau sur les principales mesures apport\u00e9es par le plan de s\u00e9curit\u00e9 routi\u00e8re du Dakar, notamment en mati\u00e8re de contournement des villages et de respect des limitations de vitesse. <\/p>\n<p> 1&nbsp; &nbsp;&nbsp; &nbsp;001&nbsp; &nbsp;&nbsp; &nbsp;<a href=\"http:\/\/www.marccoma.com\/\">COMA (ESP) <\/a>&nbsp; &nbsp;&nbsp; &nbsp;&nbsp; &nbsp;&nbsp; &nbsp;&nbsp; &nbsp;&nbsp; &nbsp;&nbsp; KTM&nbsp; &nbsp;&nbsp; &nbsp;&nbsp; &nbsp; 40:55:10&nbsp; &nbsp;&nbsp; &nbsp;00:00:00&nbsp; &nbsp;&nbsp; &nbsp;<br \/> 2&nbsp; &nbsp;&nbsp; 002&nbsp; &nbsp;&nbsp; <a href=\"http:\/\/www.cyrildespres.com\/home.html\">DESPRES (FRA)<\/a>&nbsp; &nbsp;&nbsp; &nbsp;&nbsp; &nbsp;&nbsp; &nbsp;&nbsp; &nbsp;&nbsp; &nbsp; KTM&nbsp; &nbsp;&nbsp; &nbsp;&nbsp; &nbsp; 41:49:53&nbsp; &nbsp;&nbsp; &nbsp;00:54:43&nbsp; &nbsp;&nbsp; <br \/> 3&nbsp; &nbsp;&nbsp; 008&nbsp; &nbsp;&nbsp; <a href=\"http:\/\/www.offroad83.com\/\">CASTEU<\/a> (FRA)&nbsp; &nbsp;&nbsp; &nbsp;&nbsp; &nbsp;&nbsp; &nbsp;&nbsp; &nbsp;&nbsp; &nbsp;&nbsp; KTM&nbsp; &nbsp;&nbsp; &nbsp;&nbsp; &nbsp; 42:10:22&nbsp; &nbsp;&nbsp; &nbsp; 01:15:12&nbsp; &nbsp;&nbsp; <br \/> 4&nbsp; &nbsp;&nbsp; 009&nbsp; &nbsp;&nbsp; <a href=\"http:\/\/www.blaisracing.com\/\">BLAIS (USA) <\/a>&nbsp; &nbsp;&nbsp; &nbsp;&nbsp; &nbsp;&nbsp; &nbsp;&nbsp; &nbsp;&nbsp; &nbsp;&nbsp; &nbsp; KTM&nbsp; &nbsp;&nbsp; &nbsp;&nbsp; &nbsp; 42:35:47&nbsp; &nbsp;&nbsp; &nbsp; 01:40:37&nbsp; &nbsp;&nbsp; <br \/> 5&nbsp; &nbsp;&nbsp; 006&nbsp; &nbsp;&nbsp; <a href=\"http:\/\/www.ullevalseter-racing.com\/\">ULLEVALSETER<\/a> (NOR)&nbsp; &nbsp;&nbsp; &nbsp;&nbsp; &nbsp;KTM&nbsp; &nbsp;&nbsp; &nbsp;&nbsp; &nbsp; 43:07:30&nbsp; &nbsp;&nbsp; &nbsp; 02:12:20&nbsp; &nbsp;&nbsp; <br \/> 35&nbsp; &nbsp;&nbsp; &nbsp;213&nbsp; &nbsp;&nbsp; &nbsp;<a href=\"http:\/\/www.toulouse-bestof.com\">VAYSSIE (FRA)<\/a>&nbsp; &nbsp;&nbsp; &nbsp;&nbsp; &nbsp;&nbsp; &nbsp;&nbsp; &nbsp; YAMAHA&nbsp; &nbsp; 51:21:08&nbsp; &nbsp;&nbsp; &nbsp;10:25:58<\/p>\n","protected":false},"excerpt":{"rendered":"<p>Apr\u00e8s la modification de parcours recommand\u00e9e par le minist\u00e8re des affaires \u00e9trang\u00e8res, les concurrents du 29\u00e8me Dakar ont profit\u00e9 d\u2019une demi-journ\u00e9e de repos salutaire \u00e0 Nema. Voil\u00e0 qui a probablement sauv\u00e9 la course de notre ami Michel Vayssi\u00e8, victime mardi en fin d\u2019\u00e9tape d\u2019une chute provoqu\u00e9e par un d\u00e9monte-pneus baladeur (voir post pr\u00e9c\u00e9dent).&nbsp; Avec sa [&hellip;]<\/p>\n","protected":false},"author":333,"featured_media":0,"comment_status":"open","ping_status":"open","sticky":false,"template":"","format":"standard","meta":{"footnotes":""},"categories":[59],"tags":[],"class_list":["post-1610","post","type-post","status-publish","format-standard","hentry","category-dakar"],"yoast_head":"<!-- This site is optimized with the Yoast SEO plugin v26.0 - https:\/\/yoast.com\/wordpress\/plugins\/seo\/ -->\n<title>Dakar: liaison salutaire - leblogmoto.com<\/title>\n<meta name=\"robots\" content=\"index, follow, max-snippet:-1, max-image-preview:large, max-video-preview:-1\" \/>\n<link rel=\"canonical\" href=\"https:\/\/blogs.thesocialmedia.com\/leblogmoto\/2007\/01\/18\/dakar-liaison-s\/\" \/>\n<meta name=\"twitter:card\" content=\"summary_large_image\" \/>\n<meta name=\"twitter:title\" content=\"Dakar: liaison salutaire - leblogmoto.com\" \/>\n<meta name=\"twitter:description\" content=\"Apr\u00e8s la modification de parcours recommand\u00e9e par le minist\u00e8re des affaires \u00e9trang\u00e8res, les concurrents du 29\u00e8me Dakar ont profit\u00e9 d\u2019une demi-journ\u00e9e de repos salutaire \u00e0 Nema. Voil\u00e0 qui a probablement sauv\u00e9 la course de notre ami Michel Vayssi\u00e8, victime mardi en fin d\u2019\u00e9tape d\u2019une chute provoqu\u00e9e par un d\u00e9monte-pneus baladeur (voir post pr\u00e9c\u00e9dent).&nbsp; Avec sa [&hellip;]\" \/>\n<meta name=\"twitter:image\" content=\"http:\/\/www.leblogmoto.com\/images\/film11_gd.jpg\" \/>\n<meta name=\"twitter:label1\" content=\"\u00c9crit par\" \/>\n\t<meta name=\"twitter:data1\" content=\"christian tirat\" \/>\n\t<meta name=\"twitter:label2\" content=\"Dur\u00e9e de lecture estim\u00e9e\" \/>\n\t<meta name=\"twitter:data2\" content=\"2 minutes\" \/>\n<script type=\"application\/ld+json\" class=\"yoast-schema-graph\">{\"@context\":\"https:\/\/schema.org\",\"@graph\":[{\"@type\":\"WebPage\",\"@id\":\"https:\/\/blogs.thesocialmedia.com\/leblogmoto\/2007\/01\/18\/dakar-liaison-s\/\",\"url\":\"https:\/\/blogs.thesocialmedia.com\/leblogmoto\/2007\/01\/18\/dakar-liaison-s\/\",\"name\":\"Dakar: liaison salutaire - leblogmoto.com\",\"isPartOf\":{\"@id\":\"https:\/\/blogs.thesocialmedia.com\/leblogmoto\/#website\"},\"primaryImageOfPage\":{\"@id\":\"https:\/\/blogs.thesocialmedia.com\/leblogmoto\/2007\/01\/18\/dakar-liaison-s\/#primaryimage\"},\"image\":{\"@id\":\"https:\/\/blogs.thesocialmedia.com\/leblogmoto\/2007\/01\/18\/dakar-liaison-s\/#primaryimage\"},\"thumbnailUrl\":\"http:\/\/www.leblogmoto.com\/images\/film11_gd.jpg\",\"datePublished\":\"2007-01-18T03:35:13+00:00\",\"dateModified\":\"2012-07-11T14:30:15+00:00\",\"author\":{\"@id\":\"https:\/\/blogs.thesocialmedia.com\/leblogmoto\/#\/schema\/person\/90b2f8fd0d5a2cede2580e95fc79c6c0\"},\"breadcrumb\":{\"@id\":\"https:\/\/blogs.thesocialmedia.com\/leblogmoto\/2007\/01\/18\/dakar-liaison-s\/#breadcrumb\"},\"inLanguage\":\"fr-FR\",\"potentialAction\":[{\"@type\":\"ReadAction\",\"target\":[\"https:\/\/blogs.thesocialmedia.com\/leblogmoto\/2007\/01\/18\/dakar-liaison-s\/\"]}]},{\"@type\":\"ImageObject\",\"inLanguage\":\"fr-FR\",\"@id\":\"https:\/\/blogs.thesocialmedia.com\/leblogmoto\/2007\/01\/18\/dakar-liaison-s\/#primaryimage\",\"url\":\"http:\/\/www.leblogmoto.com\/images\/film11_gd.jpg\",\"contentUrl\":\"http:\/\/www.leblogmoto.com\/images\/film11_gd.jpg\"},{\"@type\":\"BreadcrumbList\",\"@id\":\"https:\/\/blogs.thesocialmedia.com\/leblogmoto\/2007\/01\/18\/dakar-liaison-s\/#breadcrumb\",\"itemListElement\":[{\"@type\":\"ListItem\",\"position\":1,\"name\":\"Accueil\",\"item\":\"https:\/\/blogs.thesocialmedia.com\/leblogmoto\/\"},{\"@type\":\"ListItem\",\"position\":2,\"name\":\"Dakar: liaison salutaire\"}]},{\"@type\":\"WebSite\",\"@id\":\"https:\/\/blogs.thesocialmedia.com\/leblogmoto\/#website\",\"url\":\"https:\/\/blogs.thesocialmedia.com\/leblogmoto\/\",\"name\":\"leblogmoto\",\"description\":\"Toute l&#039;actualit\u00e9 des 2 roues\",\"potentialAction\":[{\"@type\":\"SearchAction\",\"target\":{\"@type\":\"EntryPoint\",\"urlTemplate\":\"https:\/\/blogs.thesocialmedia.com\/leblogmoto\/?s={search_term_string}\"},\"query-input\":{\"@type\":\"PropertyValueSpecification\",\"valueRequired\":true,\"valueName\":\"search_term_string\"}}],\"inLanguage\":\"fr-FR\"},{\"@type\":\"Person\",\"@id\":\"https:\/\/blogs.thesocialmedia.com\/leblogmoto\/#\/schema\/person\/90b2f8fd0d5a2cede2580e95fc79c6c0\",\"name\":\"christian tirat\",\"image\":{\"@type\":\"ImageObject\",\"inLanguage\":\"fr-FR\",\"@id\":\"https:\/\/blogs.thesocialmedia.com\/leblogmoto\/#\/schema\/person\/image\/\",\"url\":\"https:\/\/secure.gravatar.com\/avatar\/?s=96&d=mm&r=g\",\"contentUrl\":\"https:\/\/secure.gravatar.com\/avatar\/?s=96&d=mm&r=g\",\"caption\":\"christian tirat\"},\"url\":\"https:\/\/blogs.thesocialmedia.com\/leblogmoto\/author\/christian-tirat\/\"}]}<\/script>\n<!-- \/ Yoast SEO plugin. -->","yoast_head_json":{"title":"Dakar: liaison salutaire - leblogmoto.com","robots":{"index":"index","follow":"follow","max-snippet":"max-snippet:-1","max-image-preview":"max-image-preview:large","max-video-preview":"max-video-preview:-1"},"canonical":"https:\/\/blogs.thesocialmedia.com\/leblogmoto\/2007\/01\/18\/dakar-liaison-s\/","twitter_card":"summary_large_image","twitter_title":"Dakar: liaison salutaire - leblogmoto.com","twitter_description":"Apr\u00e8s la modification de parcours recommand\u00e9e par le minist\u00e8re des affaires \u00e9trang\u00e8res, les concurrents du 29\u00e8me Dakar ont profit\u00e9 d\u2019une demi-journ\u00e9e de repos salutaire \u00e0 Nema. Voil\u00e0 qui a probablement sauv\u00e9 la course de notre ami Michel Vayssi\u00e8, victime mardi en fin d\u2019\u00e9tape d\u2019une chute provoqu\u00e9e par un d\u00e9monte-pneus baladeur (voir post pr\u00e9c\u00e9dent).&nbsp; Avec sa [&hellip;]","twitter_image":"http:\/\/www.leblogmoto.com\/images\/film11_gd.jpg","twitter_misc":{"\u00c9crit par":"christian tirat","Dur\u00e9e de lecture estim\u00e9e":"2 minutes"},"schema":{"@context":"https:\/\/schema.org","@graph":[{"@type":"WebPage","@id":"https:\/\/blogs.thesocialmedia.com\/leblogmoto\/2007\/01\/18\/dakar-liaison-s\/","url":"https:\/\/blogs.thesocialmedia.com\/leblogmoto\/2007\/01\/18\/dakar-liaison-s\/","name":"Dakar: liaison salutaire - leblogmoto.com","isPartOf":{"@id":"https:\/\/blogs.thesocialmedia.com\/leblogmoto\/#website"},"primaryImageOfPage":{"@id":"https:\/\/blogs.thesocialmedia.com\/leblogmoto\/2007\/01\/18\/dakar-liaison-s\/#primaryimage"},"image":{"@id":"https:\/\/blogs.thesocialmedia.com\/leblogmoto\/2007\/01\/18\/dakar-liaison-s\/#primaryimage"},"thumbnailUrl":"http:\/\/www.leblogmoto.com\/images\/film11_gd.jpg","datePublished":"2007-01-18T03:35:13+00:00","dateModified":"2012-07-11T14:30:15+00:00","author":{"@id":"https:\/\/blogs.thesocialmedia.com\/leblogmoto\/#\/schema\/person\/90b2f8fd0d5a2cede2580e95fc79c6c0"},"breadcrumb":{"@id":"https:\/\/blogs.thesocialmedia.com\/leblogmoto\/2007\/01\/18\/dakar-liaison-s\/#breadcrumb"},"inLanguage":"fr-FR","potentialAction":[{"@type":"ReadAction","target":["https:\/\/blogs.thesocialmedia.com\/leblogmoto\/2007\/01\/18\/dakar-liaison-s\/"]}]},{"@type":"ImageObject","inLanguage":"fr-FR","@id":"https:\/\/blogs.thesocialmedia.com\/leblogmoto\/2007\/01\/18\/dakar-liaison-s\/#primaryimage","url":"http:\/\/www.leblogmoto.com\/images\/film11_gd.jpg","contentUrl":"http:\/\/www.leblogmoto.com\/images\/film11_gd.jpg"},{"@type":"BreadcrumbList","@id":"https:\/\/blogs.thesocialmedia.com\/leblogmoto\/2007\/01\/18\/dakar-liaison-s\/#breadcrumb","itemListElement":[{"@type":"ListItem","position":1,"name":"Accueil","item":"https:\/\/blogs.thesocialmedia.com\/leblogmoto\/"},{"@type":"ListItem","position":2,"name":"Dakar: liaison salutaire"}]},{"@type":"WebSite","@id":"https:\/\/blogs.thesocialmedia.com\/leblogmoto\/#website","url":"https:\/\/blogs.thesocialmedia.com\/leblogmoto\/","name":"leblogmoto","description":"Toute l&#039;actualit\u00e9 des 2 roues","potentialAction":[{"@type":"SearchAction","target":{"@type":"EntryPoint","urlTemplate":"https:\/\/blogs.thesocialmedia.com\/leblogmoto\/?s={search_term_string}"},"query-input":{"@type":"PropertyValueSpecification","valueRequired":true,"valueName":"search_term_string"}}],"inLanguage":"fr-FR"},{"@type":"Person","@id":"https:\/\/blogs.thesocialmedia.com\/leblogmoto\/#\/schema\/person\/90b2f8fd0d5a2cede2580e95fc79c6c0","name":"christian tirat","image":{"@type":"ImageObject","inLanguage":"fr-FR","@id":"https:\/\/blogs.thesocialmedia.com\/leblogmoto\/#\/schema\/person\/image\/","url":"https:\/\/secure.gravatar.com\/avatar\/?s=96&d=mm&r=g","contentUrl":"https:\/\/secure.gravatar.com\/avatar\/?s=96&d=mm&r=g","caption":"christian tirat"},"url":"https:\/\/blogs.thesocialmedia.com\/leblogmoto\/author\/christian-tirat\/"}]}},"_links":{"self":[{"href":"https:\/\/blogs.thesocialmedia.com\/leblogmoto\/wp-json\/wp\/v2\/posts\/1610","targetHints":{"allow":["GET"]}}],"collection":[{"href":"https:\/\/blogs.thesocialmedia.com\/leblogmoto\/wp-json\/wp\/v2\/posts"}],"about":[{"href":"https:\/\/blogs.thesocialmedia.com\/leblogmoto\/wp-json\/wp\/v2\/types\/post"}],"author":[{"embeddable":true,"href":"https:\/\/blogs.thesocialmedia.com\/leblogmoto\/wp-json\/wp\/v2\/users\/333"}],"replies":[{"embeddable":true,"href":"https:\/\/blogs.thesocialmedia.com\/leblogmoto\/wp-json\/wp\/v2\/comments?post=1610"}],"version-history":[{"count":2,"href":"https:\/\/blogs.thesocialmedia.com\/leblogmoto\/wp-json\/wp\/v2\/posts\/1610\/revisions"}],"predecessor-version":[{"id":7920,"href":"https:\/\/blogs.thesocialmedia.com\/leblogmoto\/wp-json\/wp\/v2\/posts\/1610\/revisions\/7920"}],"wp:attachment":[{"href":"https:\/\/blogs.thesocialmedia.com\/leblogmoto\/wp-json\/wp\/v2\/media?parent=1610"}],"wp:term":[{"taxonomy":"category","embeddable":true,"href":"https:\/\/blogs.thesocialmedia.com\/leblogmoto\/wp-json\/wp\/v2\/categories?post=1610"},{"taxonomy":"post_tag","embeddable":true,"href":"https:\/\/blogs.thesocialmedia.com\/leblogmoto\/wp-json\/wp\/v2\/tags?post=1610"}],"curies":[{"name":"wp","href":"https:\/\/api.w.org\/{rel}","templated":true}]}}