{"id":1611,"date":"2007-01-17T18:24:36","date_gmt":"2007-01-17T18:24:36","guid":{"rendered":"http:\/\/blogs.thesocialmedia.com\/leblogmoto\/2007\/01\/17\/trial-en-salle-6\/"},"modified":"2012-07-11T13:21:55","modified_gmt":"2012-07-11T13:21:55","slug":"trial-en-salle-6","status":"publish","type":"post","link":"https:\/\/blogs.thesocialmedia.com\/leblogmoto\/2007\/01\/17\/trial-en-salle-6\/","title":{"rendered":"Trial en salle : Toni Bou en d\u00e9collage vertical"},"content":{"rendered":"<p><a href=\"http:\/\/clabedan.typepad.com\/.shared\/image.html?\/photos\/uncategorized\/trialgrenade.jpeg\"><img loading=\"lazy\" decoding=\"async\" width=\"250\" height=\"334\"  alt=\"Trialgrenade\" src=\"http:\/\/www.leblogmoto.com\/images\/trialgrenade.jpeg\" style=\"margin: 0px 5px 5px 0px;float: left\" \/><\/a> Apr\u00e8s le splendide vingti\u00e8me <a href=\"http:\/\/www.leblogmoto.com\/2007\/01\/xxme_trial_indo.html#more\">trial indoor de Toulouse<\/a> qui a consacr\u00e9 le pilote espagnol <a href=\"http:\/\/www.tonibou.com\/\">Toni Bou<\/a> sur <a href=\"http:\/\/www.montesa.fr\/\">Montesa<\/a>, la premi\u00e8re manche du championnat du Monde se d\u00e9roulait dimanche \u00e0 Grenade (Espagne) Le jeune prodige a profit\u00e9 de son avantage psychologique pour remporter sur sa lanc\u00e9e cette premi\u00e8re \u00e9preuve. Il devance le tenant du titre depuis 2003, <a href=\"http:\/\/www.adamraga.com\/\">Adam Raga<\/a> sur Gas Gas et son compatriote Jeroni Fajardo sur <a href=\"http:\/\/www.betamotor.com\/\">Beta<\/a>. Un podium 100% espagnol donc.<\/p>\n<p>Tout juste \u00e2g\u00e9 de 20 ans, <a href=\"http:\/\/www.tonibou.com\/\">Toni Bou<\/a> fut la r\u00e9v\u00e9lation de la saison pass\u00e9e. Lors de la manche s\u00e9lective de Grenade, il a fait jeu \u00e9gal (12 points) avec <a href=\"http:\/\/www.adamraga.com\/\">Raga<\/a> qui a craqu\u00e9 sur la derni\u00e8re partie de l\u2019\u00e9preuve. <a href=\"http:\/\/www.albertcabestany.com\/\">Albert Cabestany<\/a> <a href=\"http:\/\/www.sherco-moto.com\/\">(Sherco)<\/a> vainqueur de l\u2019an dernier aurait pu arracher la troisi\u00e8me place sans un probl\u00e8me de bras oscillant au cours des s\u00e9lections qui l\u2019a contraint a c\u00e9der sa place \u00e0&nbsp; Fajardo (19 points)<\/p>\n<p>A l\u2019issue de la manche \u00e9liminatoire, le quintuple mais vieillissant Anglais <a href=\"http:\/\/www.dougielampkin.co.uk\/\">Dougie Lamking<\/a> <a href=\"http:\/\/www.montesa.fr\/\">(Montesa)<\/a> (20pts), le Japonais <a href=\"http:\/\/fujigas.net\/\">Takahisa Fujinami<\/a> <a href=\"http:\/\/www.montesa.fr\/\">(Montesa)<\/a> (21pts) et le polonais <a href=\"http:\/\/www.tblazusiak.pl\/\">Tadeusz Blazusiak<\/a> <a href=\"http:\/\/www.betamotor.com\/\">(Beta)<\/a> (36pts) \u00e9taient mis hors course. Au final <a href=\"http:\/\/www.adamraga.com\/\">Raga<\/a> s\u2019est rat\u00e9 sur deux des trois premi\u00e8res zones, permettant \u00e0 un <a href=\"http:\/\/www.tonibou.com\/\">Toni Bou<\/a> tr\u00e8s spectaculaire, de passer en t\u00eate.<\/p>\n<p>Le pilote <a href=\"Montesa Repsol\">Montesa Repsol<\/a>, n\u2019a pris que 5 points sur cette \u00e9preuve dont 3 sur le dernier obstacle, la zone de la cascade, alors qu&rsquo;il avait d\u00e9j\u00e0 course gagn\u00e9e. <a href=\"http:\/\/www.adamraga.com\/\">Adam Raga<\/a> termine avec 14 points, tendis que Fajardo tr\u00e8s brouillon sur cette phase finale finit avec 28 points de p\u00e9nalit\u00e9. <\/p>\n<p> Toujours tr\u00e8s populaire le trial de Grenade s\u2019est d\u00e9roul\u00e9 \u00e0 guichets ferm\u00e9s en pr\u00e9sence d\u2019un public de 5.000 afficionados. Le seconde manche de ce championnat du Monde se d\u00e9roulera samedi 20 \u00e0 Saint Petersburg (Russie) puis le 26 janvier \u00e0 Marseille.<\/p>\n","protected":false},"excerpt":{"rendered":"<p>Apr\u00e8s le splendide vingti\u00e8me trial indoor de Toulouse qui a consacr\u00e9 le pilote espagnol Toni Bou sur Montesa, la premi\u00e8re manche du championnat du Monde se d\u00e9roulait dimanche \u00e0 Grenade (Espagne) Le jeune prodige a profit\u00e9 de son avantage psychologique pour remporter sur sa lanc\u00e9e cette premi\u00e8re \u00e9preuve. Il devance le tenant du titre depuis [&hellip;]<\/p>\n","protected":false},"author":333,"featured_media":0,"comment_status":"open","ping_status":"open","sticky":false,"template":"","format":"standard","meta":{"footnotes":""},"categories":[32],"tags":[],"class_list":["post-1611","post","type-post","status-publish","format-standard","hentry","category-sport-moto"],"yoast_head":"<!-- This site is optimized with the Yoast SEO plugin v26.0 - https:\/\/yoast.com\/wordpress\/plugins\/seo\/ -->\n<title>Trial en salle : Toni Bou en d\u00e9collage vertical - leblogmoto.com<\/title>\n<meta name=\"robots\" content=\"index, follow, max-snippet:-1, max-image-preview:large, max-video-preview:-1\" \/>\n<link rel=\"canonical\" href=\"https:\/\/blogs.thesocialmedia.com\/leblogmoto\/2007\/01\/17\/trial-en-salle-6\/\" \/>\n<meta name=\"twitter:card\" content=\"summary_large_image\" \/>\n<meta name=\"twitter:title\" content=\"Trial en salle : Toni Bou en d\u00e9collage vertical - leblogmoto.com\" \/>\n<meta name=\"twitter:description\" content=\"Apr\u00e8s le splendide vingti\u00e8me trial indoor de Toulouse qui a consacr\u00e9 le pilote espagnol Toni Bou sur Montesa, la premi\u00e8re manche du championnat du Monde se d\u00e9roulait dimanche \u00e0 Grenade (Espagne) Le jeune prodige a profit\u00e9 de son avantage psychologique pour remporter sur sa lanc\u00e9e cette premi\u00e8re \u00e9preuve. Il devance le tenant du titre depuis [&hellip;]\" \/>\n<meta name=\"twitter:image\" content=\"http:\/\/www.leblogmoto.com\/images\/trialgrenade.jpeg\" \/>\n<meta name=\"twitter:label1\" content=\"\u00c9crit par\" \/>\n\t<meta name=\"twitter:data1\" content=\"christian tirat\" \/>\n\t<meta name=\"twitter:label2\" content=\"Dur\u00e9e de lecture estim\u00e9e\" \/>\n\t<meta name=\"twitter:data2\" content=\"2 minutes\" \/>\n<script type=\"application\/ld+json\" class=\"yoast-schema-graph\">{\"@context\":\"https:\/\/schema.org\",\"@graph\":[{\"@type\":\"WebPage\",\"@id\":\"https:\/\/blogs.thesocialmedia.com\/leblogmoto\/2007\/01\/17\/trial-en-salle-6\/\",\"url\":\"https:\/\/blogs.thesocialmedia.com\/leblogmoto\/2007\/01\/17\/trial-en-salle-6\/\",\"name\":\"Trial en salle : Toni Bou en d\u00e9collage vertical - leblogmoto.com\",\"isPartOf\":{\"@id\":\"https:\/\/blogs.thesocialmedia.com\/leblogmoto\/#website\"},\"primaryImageOfPage\":{\"@id\":\"https:\/\/blogs.thesocialmedia.com\/leblogmoto\/2007\/01\/17\/trial-en-salle-6\/#primaryimage\"},\"image\":{\"@id\":\"https:\/\/blogs.thesocialmedia.com\/leblogmoto\/2007\/01\/17\/trial-en-salle-6\/#primaryimage\"},\"thumbnailUrl\":\"http:\/\/www.leblogmoto.com\/images\/trialgrenade.jpeg\",\"datePublished\":\"2007-01-17T18:24:36+00:00\",\"dateModified\":\"2012-07-11T13:21:55+00:00\",\"author\":{\"@id\":\"https:\/\/blogs.thesocialmedia.com\/leblogmoto\/#\/schema\/person\/90b2f8fd0d5a2cede2580e95fc79c6c0\"},\"breadcrumb\":{\"@id\":\"https:\/\/blogs.thesocialmedia.com\/leblogmoto\/2007\/01\/17\/trial-en-salle-6\/#breadcrumb\"},\"inLanguage\":\"fr-FR\",\"potentialAction\":[{\"@type\":\"ReadAction\",\"target\":[\"https:\/\/blogs.thesocialmedia.com\/leblogmoto\/2007\/01\/17\/trial-en-salle-6\/\"]}]},{\"@type\":\"ImageObject\",\"inLanguage\":\"fr-FR\",\"@id\":\"https:\/\/blogs.thesocialmedia.com\/leblogmoto\/2007\/01\/17\/trial-en-salle-6\/#primaryimage\",\"url\":\"http:\/\/www.leblogmoto.com\/images\/trialgrenade.jpeg\",\"contentUrl\":\"http:\/\/www.leblogmoto.com\/images\/trialgrenade.jpeg\"},{\"@type\":\"BreadcrumbList\",\"@id\":\"https:\/\/blogs.thesocialmedia.com\/leblogmoto\/2007\/01\/17\/trial-en-salle-6\/#breadcrumb\",\"itemListElement\":[{\"@type\":\"ListItem\",\"position\":1,\"name\":\"Accueil\",\"item\":\"https:\/\/blogs.thesocialmedia.com\/leblogmoto\/\"},{\"@type\":\"ListItem\",\"position\":2,\"name\":\"Trial en salle : Toni Bou en d\u00e9collage vertical\"}]},{\"@type\":\"WebSite\",\"@id\":\"https:\/\/blogs.thesocialmedia.com\/leblogmoto\/#website\",\"url\":\"https:\/\/blogs.thesocialmedia.com\/leblogmoto\/\",\"name\":\"leblogmoto\",\"description\":\"Toute l&#039;actualit\u00e9 des 2 roues\",\"potentialAction\":[{\"@type\":\"SearchAction\",\"target\":{\"@type\":\"EntryPoint\",\"urlTemplate\":\"https:\/\/blogs.thesocialmedia.com\/leblogmoto\/?s={search_term_string}\"},\"query-input\":{\"@type\":\"PropertyValueSpecification\",\"valueRequired\":true,\"valueName\":\"search_term_string\"}}],\"inLanguage\":\"fr-FR\"},{\"@type\":\"Person\",\"@id\":\"https:\/\/blogs.thesocialmedia.com\/leblogmoto\/#\/schema\/person\/90b2f8fd0d5a2cede2580e95fc79c6c0\",\"name\":\"christian tirat\",\"image\":{\"@type\":\"ImageObject\",\"inLanguage\":\"fr-FR\",\"@id\":\"https:\/\/blogs.thesocialmedia.com\/leblogmoto\/#\/schema\/person\/image\/\",\"url\":\"https:\/\/secure.gravatar.com\/avatar\/?s=96&d=mm&r=g\",\"contentUrl\":\"https:\/\/secure.gravatar.com\/avatar\/?s=96&d=mm&r=g\",\"caption\":\"christian tirat\"},\"url\":\"https:\/\/blogs.thesocialmedia.com\/leblogmoto\/author\/christian-tirat\/\"}]}<\/script>\n<!-- \/ Yoast SEO plugin. -->","yoast_head_json":{"title":"Trial en salle : Toni Bou en d\u00e9collage vertical - leblogmoto.com","robots":{"index":"index","follow":"follow","max-snippet":"max-snippet:-1","max-image-preview":"max-image-preview:large","max-video-preview":"max-video-preview:-1"},"canonical":"https:\/\/blogs.thesocialmedia.com\/leblogmoto\/2007\/01\/17\/trial-en-salle-6\/","twitter_card":"summary_large_image","twitter_title":"Trial en salle : Toni Bou en d\u00e9collage vertical - leblogmoto.com","twitter_description":"Apr\u00e8s le splendide vingti\u00e8me trial indoor de Toulouse qui a consacr\u00e9 le pilote espagnol Toni Bou sur Montesa, la premi\u00e8re manche du championnat du Monde se d\u00e9roulait dimanche \u00e0 Grenade (Espagne) Le jeune prodige a profit\u00e9 de son avantage psychologique pour remporter sur sa lanc\u00e9e cette premi\u00e8re \u00e9preuve. Il devance le tenant du titre depuis [&hellip;]","twitter_image":"http:\/\/www.leblogmoto.com\/images\/trialgrenade.jpeg","twitter_misc":{"\u00c9crit par":"christian tirat","Dur\u00e9e de lecture estim\u00e9e":"2 minutes"},"schema":{"@context":"https:\/\/schema.org","@graph":[{"@type":"WebPage","@id":"https:\/\/blogs.thesocialmedia.com\/leblogmoto\/2007\/01\/17\/trial-en-salle-6\/","url":"https:\/\/blogs.thesocialmedia.com\/leblogmoto\/2007\/01\/17\/trial-en-salle-6\/","name":"Trial en salle : Toni Bou en d\u00e9collage vertical - leblogmoto.com","isPartOf":{"@id":"https:\/\/blogs.thesocialmedia.com\/leblogmoto\/#website"},"primaryImageOfPage":{"@id":"https:\/\/blogs.thesocialmedia.com\/leblogmoto\/2007\/01\/17\/trial-en-salle-6\/#primaryimage"},"image":{"@id":"https:\/\/blogs.thesocialmedia.com\/leblogmoto\/2007\/01\/17\/trial-en-salle-6\/#primaryimage"},"thumbnailUrl":"http:\/\/www.leblogmoto.com\/images\/trialgrenade.jpeg","datePublished":"2007-01-17T18:24:36+00:00","dateModified":"2012-07-11T13:21:55+00:00","author":{"@id":"https:\/\/blogs.thesocialmedia.com\/leblogmoto\/#\/schema\/person\/90b2f8fd0d5a2cede2580e95fc79c6c0"},"breadcrumb":{"@id":"https:\/\/blogs.thesocialmedia.com\/leblogmoto\/2007\/01\/17\/trial-en-salle-6\/#breadcrumb"},"inLanguage":"fr-FR","potentialAction":[{"@type":"ReadAction","target":["https:\/\/blogs.thesocialmedia.com\/leblogmoto\/2007\/01\/17\/trial-en-salle-6\/"]}]},{"@type":"ImageObject","inLanguage":"fr-FR","@id":"https:\/\/blogs.thesocialmedia.com\/leblogmoto\/2007\/01\/17\/trial-en-salle-6\/#primaryimage","url":"http:\/\/www.leblogmoto.com\/images\/trialgrenade.jpeg","contentUrl":"http:\/\/www.leblogmoto.com\/images\/trialgrenade.jpeg"},{"@type":"BreadcrumbList","@id":"https:\/\/blogs.thesocialmedia.com\/leblogmoto\/2007\/01\/17\/trial-en-salle-6\/#breadcrumb","itemListElement":[{"@type":"ListItem","position":1,"name":"Accueil","item":"https:\/\/blogs.thesocialmedia.com\/leblogmoto\/"},{"@type":"ListItem","position":2,"name":"Trial en salle : Toni Bou en d\u00e9collage vertical"}]},{"@type":"WebSite","@id":"https:\/\/blogs.thesocialmedia.com\/leblogmoto\/#website","url":"https:\/\/blogs.thesocialmedia.com\/leblogmoto\/","name":"leblogmoto","description":"Toute l&#039;actualit\u00e9 des 2 roues","potentialAction":[{"@type":"SearchAction","target":{"@type":"EntryPoint","urlTemplate":"https:\/\/blogs.thesocialmedia.com\/leblogmoto\/?s={search_term_string}"},"query-input":{"@type":"PropertyValueSpecification","valueRequired":true,"valueName":"search_term_string"}}],"inLanguage":"fr-FR"},{"@type":"Person","@id":"https:\/\/blogs.thesocialmedia.com\/leblogmoto\/#\/schema\/person\/90b2f8fd0d5a2cede2580e95fc79c6c0","name":"christian tirat","image":{"@type":"ImageObject","inLanguage":"fr-FR","@id":"https:\/\/blogs.thesocialmedia.com\/leblogmoto\/#\/schema\/person\/image\/","url":"https:\/\/secure.gravatar.com\/avatar\/?s=96&d=mm&r=g","contentUrl":"https:\/\/secure.gravatar.com\/avatar\/?s=96&d=mm&r=g","caption":"christian tirat"},"url":"https:\/\/blogs.thesocialmedia.com\/leblogmoto\/author\/christian-tirat\/"}]}},"_links":{"self":[{"href":"https:\/\/blogs.thesocialmedia.com\/leblogmoto\/wp-json\/wp\/v2\/posts\/1611","targetHints":{"allow":["GET"]}}],"collection":[{"href":"https:\/\/blogs.thesocialmedia.com\/leblogmoto\/wp-json\/wp\/v2\/posts"}],"about":[{"href":"https:\/\/blogs.thesocialmedia.com\/leblogmoto\/wp-json\/wp\/v2\/types\/post"}],"author":[{"embeddable":true,"href":"https:\/\/blogs.thesocialmedia.com\/leblogmoto\/wp-json\/wp\/v2\/users\/333"}],"replies":[{"embeddable":true,"href":"https:\/\/blogs.thesocialmedia.com\/leblogmoto\/wp-json\/wp\/v2\/comments?post=1611"}],"version-history":[{"count":1,"href":"https:\/\/blogs.thesocialmedia.com\/leblogmoto\/wp-json\/wp\/v2\/posts\/1611\/revisions"}],"predecessor-version":[{"id":3561,"href":"https:\/\/blogs.thesocialmedia.com\/leblogmoto\/wp-json\/wp\/v2\/posts\/1611\/revisions\/3561"}],"wp:attachment":[{"href":"https:\/\/blogs.thesocialmedia.com\/leblogmoto\/wp-json\/wp\/v2\/media?parent=1611"}],"wp:term":[{"taxonomy":"category","embeddable":true,"href":"https:\/\/blogs.thesocialmedia.com\/leblogmoto\/wp-json\/wp\/v2\/categories?post=1611"},{"taxonomy":"post_tag","embeddable":true,"href":"https:\/\/blogs.thesocialmedia.com\/leblogmoto\/wp-json\/wp\/v2\/tags?post=1611"}],"curies":[{"name":"wp","href":"https:\/\/api.w.org\/{rel}","templated":true}]}}