{"id":1612,"date":"2007-01-17T02:53:39","date_gmt":"2007-01-17T02:53:39","guid":{"rendered":"http:\/\/blogs.thesocialmedia.com\/leblogmoto\/2007\/01\/17\/dakar-chute-de\/"},"modified":"2012-07-11T14:30:13","modified_gmt":"2012-07-11T14:30:13","slug":"dakar-chute-de","status":"publish","type":"post","link":"https:\/\/blogs.thesocialmedia.com\/leblogmoto\/2007\/01\/17\/dakar-chute-de\/","title":{"rendered":"DAKAR : chute de Michel Vayssi\u00e8"},"content":{"rendered":"<p><a href=\"http:\/\/blogs.thesocialmedia.com\/leblogmoto\/files\/2012\/07\/mauritannie1a_2.jpg\"><img loading=\"lazy\" decoding=\"async\" width=\"250\" height=\"167\"  alt=\"Mauritannie1a_2\" src=\"http:\/\/www.leblogmoto.com\/images\/mauritannie1a_2.jpg\" style=\"margin: 0px 5px 5px 0px;float: left\" \/><\/a> A l\u2019instant o\u00f9 nous mettions en ligne le post pr\u00e9c\u00e9dent un message d\u2019Annette, la compagne de <a href=\"http:\/\/www.toulouse-bestof.com\">Michel Vayssi\u00e8<\/a> nous parvenait. Je vous le livre tel que :<\/p>\n<p>\u00ab j&rsquo;ai eu Michel hier soir tard au t\u00e9l\u00e9phone! Les nouvelles ne sont pas tr\u00e8s bonnes ! Il a fait une chute toute b\u00eate, provoqu\u00e9e par le d\u00e9monte-pneus qui est tomb\u00e9 par la&nbsp; petite trousse m\u00e9canique PERC\u00c9E, laquelle se trouve \u00e0 l&rsquo;arri\u00e8re de la moto !!! <em> &quot;\u00c7a a l&rsquo;air tellement con, mais cet engin s&rsquo;est coinc\u00e9 entre la cha\u00eene et la roue et a&nbsp; fait donc arr\u00eater la moto net!&quot;<\/em><\/p>\n<p>Michel souffre d&rsquo;une \u00e9paule froiss\u00e9e et d&rsquo;une clavicule f\u00eal\u00e9e! Il prend sagement les anti-inflammatoires et esp\u00e8re que l&rsquo;\u00e9tape de demain lui permettra de rouler doucement.<br \/>A priori cela ne pose pas trop de probl\u00e8me, l&rsquo;\u00e9tape n&rsquo;est qu&rsquo;une liaison et elle est toute goudronn\u00e9e!&nbsp; <br \/><em>&quot;J&rsquo;ai tr\u00e8s mal, mais je vais aller au bout!!!&quot;<\/em> Eh oui, il faut bien plus pour arr\u00eater notre champion!<br \/>Malgr\u00e9 sa m\u00e9saventure, il s&rsquo;est class\u00e9 en 34e position \u00e0 l&rsquo;issue de la 10e \u00e9tape!<br \/>Aujourd&rsquo;hui donc, une \u00e9tape plus tranquille, 280km sans sp\u00e9ciale!<br \/>Allez, on est tous avec toi Michel !!!<\/p>\n","protected":false},"excerpt":{"rendered":"<p>A l\u2019instant o\u00f9 nous mettions en ligne le post pr\u00e9c\u00e9dent un message d\u2019Annette, la compagne de Michel Vayssi\u00e8 nous parvenait. Je vous le livre tel que : \u00ab j&rsquo;ai eu Michel hier soir tard au t\u00e9l\u00e9phone! Les nouvelles ne sont pas tr\u00e8s bonnes ! Il a fait une chute toute b\u00eate, provoqu\u00e9e par le d\u00e9monte-pneus [&hellip;]<\/p>\n","protected":false},"author":333,"featured_media":0,"comment_status":"open","ping_status":"open","sticky":false,"template":"","format":"standard","meta":{"footnotes":""},"categories":[59],"tags":[],"class_list":["post-1612","post","type-post","status-publish","format-standard","hentry","category-dakar"],"yoast_head":"<!-- This site is optimized with the Yoast SEO plugin v26.0 - https:\/\/yoast.com\/wordpress\/plugins\/seo\/ -->\n<title>DAKAR : chute de Michel Vayssi\u00e8 - leblogmoto.com<\/title>\n<meta name=\"robots\" content=\"index, follow, max-snippet:-1, max-image-preview:large, max-video-preview:-1\" \/>\n<link rel=\"canonical\" href=\"https:\/\/blogs.thesocialmedia.com\/leblogmoto\/2007\/01\/17\/dakar-chute-de\/\" \/>\n<meta name=\"twitter:card\" content=\"summary_large_image\" \/>\n<meta name=\"twitter:title\" content=\"DAKAR : chute de Michel Vayssi\u00e8 - leblogmoto.com\" \/>\n<meta name=\"twitter:description\" content=\"A l\u2019instant o\u00f9 nous mettions en ligne le post pr\u00e9c\u00e9dent un message d\u2019Annette, la compagne de Michel Vayssi\u00e8 nous parvenait. Je vous le livre tel que : \u00ab j&rsquo;ai eu Michel hier soir tard au t\u00e9l\u00e9phone! Les nouvelles ne sont pas tr\u00e8s bonnes ! Il a fait une chute toute b\u00eate, provoqu\u00e9e par le d\u00e9monte-pneus [&hellip;]\" \/>\n<meta name=\"twitter:image\" content=\"http:\/\/www.leblogmoto.com\/images\/mauritannie1a_2.jpg\" \/>\n<meta name=\"twitter:label1\" content=\"\u00c9crit par\" \/>\n\t<meta name=\"twitter:data1\" content=\"christian tirat\" \/>\n\t<meta name=\"twitter:label2\" content=\"Dur\u00e9e de lecture estim\u00e9e\" \/>\n\t<meta name=\"twitter:data2\" content=\"1 minute\" \/>\n<script type=\"application\/ld+json\" class=\"yoast-schema-graph\">{\"@context\":\"https:\/\/schema.org\",\"@graph\":[{\"@type\":\"WebPage\",\"@id\":\"https:\/\/blogs.thesocialmedia.com\/leblogmoto\/2007\/01\/17\/dakar-chute-de\/\",\"url\":\"https:\/\/blogs.thesocialmedia.com\/leblogmoto\/2007\/01\/17\/dakar-chute-de\/\",\"name\":\"DAKAR : chute de Michel Vayssi\u00e8 - leblogmoto.com\",\"isPartOf\":{\"@id\":\"https:\/\/blogs.thesocialmedia.com\/leblogmoto\/#website\"},\"primaryImageOfPage\":{\"@id\":\"https:\/\/blogs.thesocialmedia.com\/leblogmoto\/2007\/01\/17\/dakar-chute-de\/#primaryimage\"},\"image\":{\"@id\":\"https:\/\/blogs.thesocialmedia.com\/leblogmoto\/2007\/01\/17\/dakar-chute-de\/#primaryimage\"},\"thumbnailUrl\":\"http:\/\/www.leblogmoto.com\/images\/mauritannie1a_2.jpg\",\"datePublished\":\"2007-01-17T02:53:39+00:00\",\"dateModified\":\"2012-07-11T14:30:13+00:00\",\"author\":{\"@id\":\"https:\/\/blogs.thesocialmedia.com\/leblogmoto\/#\/schema\/person\/90b2f8fd0d5a2cede2580e95fc79c6c0\"},\"breadcrumb\":{\"@id\":\"https:\/\/blogs.thesocialmedia.com\/leblogmoto\/2007\/01\/17\/dakar-chute-de\/#breadcrumb\"},\"inLanguage\":\"fr-FR\",\"potentialAction\":[{\"@type\":\"ReadAction\",\"target\":[\"https:\/\/blogs.thesocialmedia.com\/leblogmoto\/2007\/01\/17\/dakar-chute-de\/\"]}]},{\"@type\":\"ImageObject\",\"inLanguage\":\"fr-FR\",\"@id\":\"https:\/\/blogs.thesocialmedia.com\/leblogmoto\/2007\/01\/17\/dakar-chute-de\/#primaryimage\",\"url\":\"http:\/\/www.leblogmoto.com\/images\/mauritannie1a_2.jpg\",\"contentUrl\":\"http:\/\/www.leblogmoto.com\/images\/mauritannie1a_2.jpg\"},{\"@type\":\"BreadcrumbList\",\"@id\":\"https:\/\/blogs.thesocialmedia.com\/leblogmoto\/2007\/01\/17\/dakar-chute-de\/#breadcrumb\",\"itemListElement\":[{\"@type\":\"ListItem\",\"position\":1,\"name\":\"Accueil\",\"item\":\"https:\/\/blogs.thesocialmedia.com\/leblogmoto\/\"},{\"@type\":\"ListItem\",\"position\":2,\"name\":\"DAKAR : chute de Michel Vayssi\u00e8\"}]},{\"@type\":\"WebSite\",\"@id\":\"https:\/\/blogs.thesocialmedia.com\/leblogmoto\/#website\",\"url\":\"https:\/\/blogs.thesocialmedia.com\/leblogmoto\/\",\"name\":\"leblogmoto\",\"description\":\"Toute l&#039;actualit\u00e9 des 2 roues\",\"potentialAction\":[{\"@type\":\"SearchAction\",\"target\":{\"@type\":\"EntryPoint\",\"urlTemplate\":\"https:\/\/blogs.thesocialmedia.com\/leblogmoto\/?s={search_term_string}\"},\"query-input\":{\"@type\":\"PropertyValueSpecification\",\"valueRequired\":true,\"valueName\":\"search_term_string\"}}],\"inLanguage\":\"fr-FR\"},{\"@type\":\"Person\",\"@id\":\"https:\/\/blogs.thesocialmedia.com\/leblogmoto\/#\/schema\/person\/90b2f8fd0d5a2cede2580e95fc79c6c0\",\"name\":\"christian tirat\",\"image\":{\"@type\":\"ImageObject\",\"inLanguage\":\"fr-FR\",\"@id\":\"https:\/\/blogs.thesocialmedia.com\/leblogmoto\/#\/schema\/person\/image\/\",\"url\":\"https:\/\/secure.gravatar.com\/avatar\/?s=96&d=mm&r=g\",\"contentUrl\":\"https:\/\/secure.gravatar.com\/avatar\/?s=96&d=mm&r=g\",\"caption\":\"christian tirat\"},\"url\":\"https:\/\/blogs.thesocialmedia.com\/leblogmoto\/author\/christian-tirat\/\"}]}<\/script>\n<!-- \/ Yoast SEO plugin. -->","yoast_head_json":{"title":"DAKAR : chute de Michel Vayssi\u00e8 - leblogmoto.com","robots":{"index":"index","follow":"follow","max-snippet":"max-snippet:-1","max-image-preview":"max-image-preview:large","max-video-preview":"max-video-preview:-1"},"canonical":"https:\/\/blogs.thesocialmedia.com\/leblogmoto\/2007\/01\/17\/dakar-chute-de\/","twitter_card":"summary_large_image","twitter_title":"DAKAR : chute de Michel Vayssi\u00e8 - leblogmoto.com","twitter_description":"A l\u2019instant o\u00f9 nous mettions en ligne le post pr\u00e9c\u00e9dent un message d\u2019Annette, la compagne de Michel Vayssi\u00e8 nous parvenait. Je vous le livre tel que : \u00ab j&rsquo;ai eu Michel hier soir tard au t\u00e9l\u00e9phone! Les nouvelles ne sont pas tr\u00e8s bonnes ! Il a fait une chute toute b\u00eate, provoqu\u00e9e par le d\u00e9monte-pneus [&hellip;]","twitter_image":"http:\/\/www.leblogmoto.com\/images\/mauritannie1a_2.jpg","twitter_misc":{"\u00c9crit par":"christian tirat","Dur\u00e9e de lecture estim\u00e9e":"1 minute"},"schema":{"@context":"https:\/\/schema.org","@graph":[{"@type":"WebPage","@id":"https:\/\/blogs.thesocialmedia.com\/leblogmoto\/2007\/01\/17\/dakar-chute-de\/","url":"https:\/\/blogs.thesocialmedia.com\/leblogmoto\/2007\/01\/17\/dakar-chute-de\/","name":"DAKAR : chute de Michel Vayssi\u00e8 - leblogmoto.com","isPartOf":{"@id":"https:\/\/blogs.thesocialmedia.com\/leblogmoto\/#website"},"primaryImageOfPage":{"@id":"https:\/\/blogs.thesocialmedia.com\/leblogmoto\/2007\/01\/17\/dakar-chute-de\/#primaryimage"},"image":{"@id":"https:\/\/blogs.thesocialmedia.com\/leblogmoto\/2007\/01\/17\/dakar-chute-de\/#primaryimage"},"thumbnailUrl":"http:\/\/www.leblogmoto.com\/images\/mauritannie1a_2.jpg","datePublished":"2007-01-17T02:53:39+00:00","dateModified":"2012-07-11T14:30:13+00:00","author":{"@id":"https:\/\/blogs.thesocialmedia.com\/leblogmoto\/#\/schema\/person\/90b2f8fd0d5a2cede2580e95fc79c6c0"},"breadcrumb":{"@id":"https:\/\/blogs.thesocialmedia.com\/leblogmoto\/2007\/01\/17\/dakar-chute-de\/#breadcrumb"},"inLanguage":"fr-FR","potentialAction":[{"@type":"ReadAction","target":["https:\/\/blogs.thesocialmedia.com\/leblogmoto\/2007\/01\/17\/dakar-chute-de\/"]}]},{"@type":"ImageObject","inLanguage":"fr-FR","@id":"https:\/\/blogs.thesocialmedia.com\/leblogmoto\/2007\/01\/17\/dakar-chute-de\/#primaryimage","url":"http:\/\/www.leblogmoto.com\/images\/mauritannie1a_2.jpg","contentUrl":"http:\/\/www.leblogmoto.com\/images\/mauritannie1a_2.jpg"},{"@type":"BreadcrumbList","@id":"https:\/\/blogs.thesocialmedia.com\/leblogmoto\/2007\/01\/17\/dakar-chute-de\/#breadcrumb","itemListElement":[{"@type":"ListItem","position":1,"name":"Accueil","item":"https:\/\/blogs.thesocialmedia.com\/leblogmoto\/"},{"@type":"ListItem","position":2,"name":"DAKAR : chute de Michel Vayssi\u00e8"}]},{"@type":"WebSite","@id":"https:\/\/blogs.thesocialmedia.com\/leblogmoto\/#website","url":"https:\/\/blogs.thesocialmedia.com\/leblogmoto\/","name":"leblogmoto","description":"Toute l&#039;actualit\u00e9 des 2 roues","potentialAction":[{"@type":"SearchAction","target":{"@type":"EntryPoint","urlTemplate":"https:\/\/blogs.thesocialmedia.com\/leblogmoto\/?s={search_term_string}"},"query-input":{"@type":"PropertyValueSpecification","valueRequired":true,"valueName":"search_term_string"}}],"inLanguage":"fr-FR"},{"@type":"Person","@id":"https:\/\/blogs.thesocialmedia.com\/leblogmoto\/#\/schema\/person\/90b2f8fd0d5a2cede2580e95fc79c6c0","name":"christian tirat","image":{"@type":"ImageObject","inLanguage":"fr-FR","@id":"https:\/\/blogs.thesocialmedia.com\/leblogmoto\/#\/schema\/person\/image\/","url":"https:\/\/secure.gravatar.com\/avatar\/?s=96&d=mm&r=g","contentUrl":"https:\/\/secure.gravatar.com\/avatar\/?s=96&d=mm&r=g","caption":"christian tirat"},"url":"https:\/\/blogs.thesocialmedia.com\/leblogmoto\/author\/christian-tirat\/"}]}},"_links":{"self":[{"href":"https:\/\/blogs.thesocialmedia.com\/leblogmoto\/wp-json\/wp\/v2\/posts\/1612","targetHints":{"allow":["GET"]}}],"collection":[{"href":"https:\/\/blogs.thesocialmedia.com\/leblogmoto\/wp-json\/wp\/v2\/posts"}],"about":[{"href":"https:\/\/blogs.thesocialmedia.com\/leblogmoto\/wp-json\/wp\/v2\/types\/post"}],"author":[{"embeddable":true,"href":"https:\/\/blogs.thesocialmedia.com\/leblogmoto\/wp-json\/wp\/v2\/users\/333"}],"replies":[{"embeddable":true,"href":"https:\/\/blogs.thesocialmedia.com\/leblogmoto\/wp-json\/wp\/v2\/comments?post=1612"}],"version-history":[{"count":2,"href":"https:\/\/blogs.thesocialmedia.com\/leblogmoto\/wp-json\/wp\/v2\/posts\/1612\/revisions"}],"predecessor-version":[{"id":7918,"href":"https:\/\/blogs.thesocialmedia.com\/leblogmoto\/wp-json\/wp\/v2\/posts\/1612\/revisions\/7918"}],"wp:attachment":[{"href":"https:\/\/blogs.thesocialmedia.com\/leblogmoto\/wp-json\/wp\/v2\/media?parent=1612"}],"wp:term":[{"taxonomy":"category","embeddable":true,"href":"https:\/\/blogs.thesocialmedia.com\/leblogmoto\/wp-json\/wp\/v2\/categories?post=1612"},{"taxonomy":"post_tag","embeddable":true,"href":"https:\/\/blogs.thesocialmedia.com\/leblogmoto\/wp-json\/wp\/v2\/tags?post=1612"}],"curies":[{"name":"wp","href":"https:\/\/api.w.org\/{rel}","templated":true}]}}