{"id":1613,"date":"2007-01-17T02:26:07","date_gmt":"2007-01-17T02:26:07","guid":{"rendered":"http:\/\/blogs.thesocialmedia.com\/leblogmoto\/2007\/01\/17\/dakar-nma-nma-l\/"},"modified":"2012-07-11T14:30:11","modified_gmt":"2012-07-11T14:30:11","slug":"dakar-nma-nma-l","status":"publish","type":"post","link":"https:\/\/blogs.thesocialmedia.com\/leblogmoto\/2007\/01\/17\/dakar-nma-nma-l\/","title":{"rendered":"Dakar: N\u00e9ma &#8211; N\u00e9ma l&rsquo;\u00e9tape tranquille"},"content":{"rendered":"<p><a href=\"http:\/\/blogs.thesocialmedia.com\/leblogmoto\/files\/2012\/07\/mundial_guimaraes_2006_125.jpg\"><img loading=\"lazy\" decoding=\"async\" width=\"250\" height=\"333\"  src=\"http:\/\/www.leblogmoto.com\/images\/mundial_guimaraes_2006_125.jpg\" alt=\"Mundial_guimaraes_2006_125\" style=\"margin: 0px 5px 5px 0px;float: left\" \/><\/a> Au grand soulagement de nombreux pilotes amateurs \u00e9puis\u00e9s, la dixi\u00e8me \u00e9tape du <a href=\"http:\/\/www.dakar.com\/\">Dakar 2007<\/a> avait \u00e9t\u00e9 modifi\u00e9 et raccourcie par crainte de raids terroriste. 400 km, dont 366 chronom\u00e9tr\u00e9s, la boucle N\u00e9ma-N\u00e9ma \u00e9tait presque une sin\u00e9cure. Les concurrents ont affront\u00e9 leurs derni\u00e8res dunes dans cette sp\u00e9ciale en boucle. Le trac\u00e9 roulant, bien que sinueux n\u2019a pas favoris\u00e9 les gros \u00e9carts.<\/p>\n<p>L\u2019homme du jour c\u2019est <a href=\"http:\/\/helderrodrigues.no.sapo.pt\/\">Helder Rodrigues<\/a> sur <a href=\"http:\/\/www.yamaha-racing.com\/Racing\/dakar\/index.jsp\">Yamaha<\/a> &#8211; en photo ici lors du Mondial 2006 d&rsquo;enduro &#8211; qui remporte sa deuxi\u00e8me victoire d\u2019\u00e9tape apr\u00e8s celle du Portugal. T\u00eate de pont de l\u2019armada des petites mais fiables <a href=\"http:\/\/www.yamaha-racing.com\/Racing\/dakar\/index.jsp\">450 Yamaha<\/a>, il prend la 6\u00e8me place du g\u00e9n\u00e9ral. Plus int\u00e9ressant, ce pilote amateur succ\u00e8de \u00e0 un autre amateur, le vainqueur d\u2019hier ; <a href=\"http:\/\/www.janisvinters.lv\/\">Janis Vinters<\/a> le letton d\u2019acier. <\/p>\n<p><a href=\"http:\/\/clabedan.typepad.com\/.shared\/image.html?\/photos\/uncategorized\/h_rodrigues.jpg\"><img loading=\"lazy\" decoding=\"async\" width=\"250\" height=\"171\"  src=\"http:\/\/www.leblogmoto.com\/images\/h_rodrigues.jpg\" alt=\"H_rodrigues\" style=\"margin: 0px 5px 5px 0px;float: left\" \/><\/a>Au regard de leur pilotage quelque peu radical, le troph\u00e9e Elf Amateur auquel ils participent tous deux semble les motiver au point de pratiquer une technique bien connue des industriels, la technique dite TOR (tout ou rien)&nbsp; &nbsp;<\/p>\n<p> Chez les pros, <a href=\"http:\/\/www.marccoma.com\/\">Marc Coma<\/a> s\u2019est content\u00e9 de g\u00e9rer son avance tout en pr\u00e9servant sa <a href=\"http:\/\/www.ktmusa.com\/KTM-Ready-to-Race.1.7.html\">KTM 690<\/a>. Priv\u00e9 de co\u00e9quipier le catalan demeure sous la menace d\u2019une d\u00e9faillance de sa boite de vitesse mais il parvient cependant a mettre 7\u2019\u2019 a <a href=\"http:\/\/www.cyrildespres.com\/home.html\">Cyril Despres<\/a> distanc\u00e9 de 54\u201943 au g\u00e9n\u00e9ral. En 3\u00e8me position le fran\u00e7ais <a href=\"http:\/\/www.offroad83.com\/\">David Casteu<\/a>, 5\u00e8me aujourd\u2019hui accro\u00eet l\u00e9g\u00e8rement son avantage sur l\u2019am\u00e9ricain <a href=\"http:\/\/www.blaisracing.com\/\">Chris Blais<\/a> dont les chances de monter sur le podium \u00e0 <a href=\"http:\/\/www.dakar.com\/\">Dakar<\/a> restent pourtant s\u00e9rieuses. <\/p>\n<p> Enfin, notre \u00ab poulain \u00bb Michel Vayssi\u00e8 &#8211; photo du bas &#8211; a pass\u00e9 le CP2 juste derri\u00e8re Rodrigues ! 34\u00e8me ce soir il grignote une place au g\u00e9n\u00e9ral. Sa <a href=\"http:\/\/www.yamaha-racing.com\/Racing\/dakar\/index.jsp\">450 Yamaha<\/a>, remarquablement pr\u00e9par\u00e9e ne lui pose aucun souci majeur Rassurant pour qui a vu sa chute <a href=\"http:\/\/clabedan.typepad.com\/.shared\/image.html?\/photos\/uncategorized\/mauritannie1a_1.jpg\"><img loading=\"lazy\" decoding=\"async\" width=\"250\" height=\"167\"  src=\"http:\/\/www.leblogmoto.com\/images\/mauritannie1a_1.jpg\" alt=\"Mauritannie1a_1\" style=\"margin: 0px 5px 5px 0px;float: left\" \/><\/a> d\u2019hier devant les cam\u00e9ras de France 2 : sa roue arri\u00e8re s\u2019\u00e9tait prise dans un c\u00e2ble de t\u00e9l\u00e9vision !<br \/> Comme Michel ne recule devant aucun sacrifice, il vous offre en plus de sa photo d\u2019\u00e9tape, cette <a href=\"http:\/\/www.toulouse-bestof.com\">s\u00e9quence de France 2<\/a>.<\/p>\n<p> Demain, petite \u00e9tape de savane Nema \u2013 Ayoun. 280km sans sp\u00e9ciale, du beurre !<\/p>\n<p> Vas y Michel, tu y es presque&#8230;&#8230;.J-4<\/p>\n","protected":false},"excerpt":{"rendered":"<p>Au grand soulagement de nombreux pilotes amateurs \u00e9puis\u00e9s, la dixi\u00e8me \u00e9tape du Dakar 2007 avait \u00e9t\u00e9 modifi\u00e9 et raccourcie par crainte de raids terroriste. 400 km, dont 366 chronom\u00e9tr\u00e9s, la boucle N\u00e9ma-N\u00e9ma \u00e9tait presque une sin\u00e9cure. Les concurrents ont affront\u00e9 leurs derni\u00e8res dunes dans cette sp\u00e9ciale en boucle. Le trac\u00e9 roulant, bien que sinueux n\u2019a [&hellip;]<\/p>\n","protected":false},"author":333,"featured_media":0,"comment_status":"open","ping_status":"open","sticky":false,"template":"","format":"standard","meta":{"footnotes":""},"categories":[59],"tags":[],"class_list":["post-1613","post","type-post","status-publish","format-standard","hentry","category-dakar"],"yoast_head":"<!-- This site is optimized with the Yoast SEO plugin v26.0 - https:\/\/yoast.com\/wordpress\/plugins\/seo\/ -->\n<title>Dakar: N\u00e9ma - N\u00e9ma l&#039;\u00e9tape tranquille - leblogmoto.com<\/title>\n<meta name=\"robots\" content=\"index, follow, max-snippet:-1, max-image-preview:large, max-video-preview:-1\" \/>\n<link rel=\"canonical\" href=\"https:\/\/blogs.thesocialmedia.com\/leblogmoto\/2007\/01\/17\/dakar-nma-nma-l\/\" \/>\n<meta name=\"twitter:card\" content=\"summary_large_image\" \/>\n<meta name=\"twitter:title\" content=\"Dakar: N\u00e9ma - N\u00e9ma l&#039;\u00e9tape tranquille - leblogmoto.com\" \/>\n<meta name=\"twitter:description\" content=\"Au grand soulagement de nombreux pilotes amateurs \u00e9puis\u00e9s, la dixi\u00e8me \u00e9tape du Dakar 2007 avait \u00e9t\u00e9 modifi\u00e9 et raccourcie par crainte de raids terroriste. 400 km, dont 366 chronom\u00e9tr\u00e9s, la boucle N\u00e9ma-N\u00e9ma \u00e9tait presque une sin\u00e9cure. Les concurrents ont affront\u00e9 leurs derni\u00e8res dunes dans cette sp\u00e9ciale en boucle. Le trac\u00e9 roulant, bien que sinueux n\u2019a [&hellip;]\" \/>\n<meta name=\"twitter:image\" content=\"http:\/\/www.leblogmoto.com\/images\/mundial_guimaraes_2006_125.jpg\" \/>\n<meta name=\"twitter:label1\" content=\"\u00c9crit par\" \/>\n\t<meta name=\"twitter:data1\" content=\"christian tirat\" \/>\n\t<meta name=\"twitter:label2\" content=\"Dur\u00e9e de lecture estim\u00e9e\" \/>\n\t<meta name=\"twitter:data2\" content=\"2 minutes\" \/>\n<script type=\"application\/ld+json\" class=\"yoast-schema-graph\">{\"@context\":\"https:\/\/schema.org\",\"@graph\":[{\"@type\":\"WebPage\",\"@id\":\"https:\/\/blogs.thesocialmedia.com\/leblogmoto\/2007\/01\/17\/dakar-nma-nma-l\/\",\"url\":\"https:\/\/blogs.thesocialmedia.com\/leblogmoto\/2007\/01\/17\/dakar-nma-nma-l\/\",\"name\":\"Dakar: N\u00e9ma - N\u00e9ma l'\u00e9tape tranquille - leblogmoto.com\",\"isPartOf\":{\"@id\":\"https:\/\/blogs.thesocialmedia.com\/leblogmoto\/#website\"},\"primaryImageOfPage\":{\"@id\":\"https:\/\/blogs.thesocialmedia.com\/leblogmoto\/2007\/01\/17\/dakar-nma-nma-l\/#primaryimage\"},\"image\":{\"@id\":\"https:\/\/blogs.thesocialmedia.com\/leblogmoto\/2007\/01\/17\/dakar-nma-nma-l\/#primaryimage\"},\"thumbnailUrl\":\"http:\/\/www.leblogmoto.com\/images\/mundial_guimaraes_2006_125.jpg\",\"datePublished\":\"2007-01-17T02:26:07+00:00\",\"dateModified\":\"2012-07-11T14:30:11+00:00\",\"author\":{\"@id\":\"https:\/\/blogs.thesocialmedia.com\/leblogmoto\/#\/schema\/person\/90b2f8fd0d5a2cede2580e95fc79c6c0\"},\"breadcrumb\":{\"@id\":\"https:\/\/blogs.thesocialmedia.com\/leblogmoto\/2007\/01\/17\/dakar-nma-nma-l\/#breadcrumb\"},\"inLanguage\":\"fr-FR\",\"potentialAction\":[{\"@type\":\"ReadAction\",\"target\":[\"https:\/\/blogs.thesocialmedia.com\/leblogmoto\/2007\/01\/17\/dakar-nma-nma-l\/\"]}]},{\"@type\":\"ImageObject\",\"inLanguage\":\"fr-FR\",\"@id\":\"https:\/\/blogs.thesocialmedia.com\/leblogmoto\/2007\/01\/17\/dakar-nma-nma-l\/#primaryimage\",\"url\":\"http:\/\/www.leblogmoto.com\/images\/mundial_guimaraes_2006_125.jpg\",\"contentUrl\":\"http:\/\/www.leblogmoto.com\/images\/mundial_guimaraes_2006_125.jpg\"},{\"@type\":\"BreadcrumbList\",\"@id\":\"https:\/\/blogs.thesocialmedia.com\/leblogmoto\/2007\/01\/17\/dakar-nma-nma-l\/#breadcrumb\",\"itemListElement\":[{\"@type\":\"ListItem\",\"position\":1,\"name\":\"Accueil\",\"item\":\"https:\/\/blogs.thesocialmedia.com\/leblogmoto\/\"},{\"@type\":\"ListItem\",\"position\":2,\"name\":\"Dakar: N\u00e9ma &#8211; N\u00e9ma l&rsquo;\u00e9tape tranquille\"}]},{\"@type\":\"WebSite\",\"@id\":\"https:\/\/blogs.thesocialmedia.com\/leblogmoto\/#website\",\"url\":\"https:\/\/blogs.thesocialmedia.com\/leblogmoto\/\",\"name\":\"leblogmoto\",\"description\":\"Toute l&#039;actualit\u00e9 des 2 roues\",\"potentialAction\":[{\"@type\":\"SearchAction\",\"target\":{\"@type\":\"EntryPoint\",\"urlTemplate\":\"https:\/\/blogs.thesocialmedia.com\/leblogmoto\/?s={search_term_string}\"},\"query-input\":{\"@type\":\"PropertyValueSpecification\",\"valueRequired\":true,\"valueName\":\"search_term_string\"}}],\"inLanguage\":\"fr-FR\"},{\"@type\":\"Person\",\"@id\":\"https:\/\/blogs.thesocialmedia.com\/leblogmoto\/#\/schema\/person\/90b2f8fd0d5a2cede2580e95fc79c6c0\",\"name\":\"christian tirat\",\"image\":{\"@type\":\"ImageObject\",\"inLanguage\":\"fr-FR\",\"@id\":\"https:\/\/blogs.thesocialmedia.com\/leblogmoto\/#\/schema\/person\/image\/\",\"url\":\"https:\/\/secure.gravatar.com\/avatar\/?s=96&d=mm&r=g\",\"contentUrl\":\"https:\/\/secure.gravatar.com\/avatar\/?s=96&d=mm&r=g\",\"caption\":\"christian tirat\"},\"url\":\"https:\/\/blogs.thesocialmedia.com\/leblogmoto\/author\/christian-tirat\/\"}]}<\/script>\n<!-- \/ Yoast SEO plugin. -->","yoast_head_json":{"title":"Dakar: N\u00e9ma - N\u00e9ma l'\u00e9tape tranquille - leblogmoto.com","robots":{"index":"index","follow":"follow","max-snippet":"max-snippet:-1","max-image-preview":"max-image-preview:large","max-video-preview":"max-video-preview:-1"},"canonical":"https:\/\/blogs.thesocialmedia.com\/leblogmoto\/2007\/01\/17\/dakar-nma-nma-l\/","twitter_card":"summary_large_image","twitter_title":"Dakar: N\u00e9ma - N\u00e9ma l'\u00e9tape tranquille - leblogmoto.com","twitter_description":"Au grand soulagement de nombreux pilotes amateurs \u00e9puis\u00e9s, la dixi\u00e8me \u00e9tape du Dakar 2007 avait \u00e9t\u00e9 modifi\u00e9 et raccourcie par crainte de raids terroriste. 400 km, dont 366 chronom\u00e9tr\u00e9s, la boucle N\u00e9ma-N\u00e9ma \u00e9tait presque une sin\u00e9cure. Les concurrents ont affront\u00e9 leurs derni\u00e8res dunes dans cette sp\u00e9ciale en boucle. Le trac\u00e9 roulant, bien que sinueux n\u2019a [&hellip;]","twitter_image":"http:\/\/www.leblogmoto.com\/images\/mundial_guimaraes_2006_125.jpg","twitter_misc":{"\u00c9crit par":"christian tirat","Dur\u00e9e de lecture estim\u00e9e":"2 minutes"},"schema":{"@context":"https:\/\/schema.org","@graph":[{"@type":"WebPage","@id":"https:\/\/blogs.thesocialmedia.com\/leblogmoto\/2007\/01\/17\/dakar-nma-nma-l\/","url":"https:\/\/blogs.thesocialmedia.com\/leblogmoto\/2007\/01\/17\/dakar-nma-nma-l\/","name":"Dakar: N\u00e9ma - N\u00e9ma l'\u00e9tape tranquille - leblogmoto.com","isPartOf":{"@id":"https:\/\/blogs.thesocialmedia.com\/leblogmoto\/#website"},"primaryImageOfPage":{"@id":"https:\/\/blogs.thesocialmedia.com\/leblogmoto\/2007\/01\/17\/dakar-nma-nma-l\/#primaryimage"},"image":{"@id":"https:\/\/blogs.thesocialmedia.com\/leblogmoto\/2007\/01\/17\/dakar-nma-nma-l\/#primaryimage"},"thumbnailUrl":"http:\/\/www.leblogmoto.com\/images\/mundial_guimaraes_2006_125.jpg","datePublished":"2007-01-17T02:26:07+00:00","dateModified":"2012-07-11T14:30:11+00:00","author":{"@id":"https:\/\/blogs.thesocialmedia.com\/leblogmoto\/#\/schema\/person\/90b2f8fd0d5a2cede2580e95fc79c6c0"},"breadcrumb":{"@id":"https:\/\/blogs.thesocialmedia.com\/leblogmoto\/2007\/01\/17\/dakar-nma-nma-l\/#breadcrumb"},"inLanguage":"fr-FR","potentialAction":[{"@type":"ReadAction","target":["https:\/\/blogs.thesocialmedia.com\/leblogmoto\/2007\/01\/17\/dakar-nma-nma-l\/"]}]},{"@type":"ImageObject","inLanguage":"fr-FR","@id":"https:\/\/blogs.thesocialmedia.com\/leblogmoto\/2007\/01\/17\/dakar-nma-nma-l\/#primaryimage","url":"http:\/\/www.leblogmoto.com\/images\/mundial_guimaraes_2006_125.jpg","contentUrl":"http:\/\/www.leblogmoto.com\/images\/mundial_guimaraes_2006_125.jpg"},{"@type":"BreadcrumbList","@id":"https:\/\/blogs.thesocialmedia.com\/leblogmoto\/2007\/01\/17\/dakar-nma-nma-l\/#breadcrumb","itemListElement":[{"@type":"ListItem","position":1,"name":"Accueil","item":"https:\/\/blogs.thesocialmedia.com\/leblogmoto\/"},{"@type":"ListItem","position":2,"name":"Dakar: N\u00e9ma &#8211; N\u00e9ma l&rsquo;\u00e9tape tranquille"}]},{"@type":"WebSite","@id":"https:\/\/blogs.thesocialmedia.com\/leblogmoto\/#website","url":"https:\/\/blogs.thesocialmedia.com\/leblogmoto\/","name":"leblogmoto","description":"Toute l&#039;actualit\u00e9 des 2 roues","potentialAction":[{"@type":"SearchAction","target":{"@type":"EntryPoint","urlTemplate":"https:\/\/blogs.thesocialmedia.com\/leblogmoto\/?s={search_term_string}"},"query-input":{"@type":"PropertyValueSpecification","valueRequired":true,"valueName":"search_term_string"}}],"inLanguage":"fr-FR"},{"@type":"Person","@id":"https:\/\/blogs.thesocialmedia.com\/leblogmoto\/#\/schema\/person\/90b2f8fd0d5a2cede2580e95fc79c6c0","name":"christian tirat","image":{"@type":"ImageObject","inLanguage":"fr-FR","@id":"https:\/\/blogs.thesocialmedia.com\/leblogmoto\/#\/schema\/person\/image\/","url":"https:\/\/secure.gravatar.com\/avatar\/?s=96&d=mm&r=g","contentUrl":"https:\/\/secure.gravatar.com\/avatar\/?s=96&d=mm&r=g","caption":"christian tirat"},"url":"https:\/\/blogs.thesocialmedia.com\/leblogmoto\/author\/christian-tirat\/"}]}},"_links":{"self":[{"href":"https:\/\/blogs.thesocialmedia.com\/leblogmoto\/wp-json\/wp\/v2\/posts\/1613","targetHints":{"allow":["GET"]}}],"collection":[{"href":"https:\/\/blogs.thesocialmedia.com\/leblogmoto\/wp-json\/wp\/v2\/posts"}],"about":[{"href":"https:\/\/blogs.thesocialmedia.com\/leblogmoto\/wp-json\/wp\/v2\/types\/post"}],"author":[{"embeddable":true,"href":"https:\/\/blogs.thesocialmedia.com\/leblogmoto\/wp-json\/wp\/v2\/users\/333"}],"replies":[{"embeddable":true,"href":"https:\/\/blogs.thesocialmedia.com\/leblogmoto\/wp-json\/wp\/v2\/comments?post=1613"}],"version-history":[{"count":2,"href":"https:\/\/blogs.thesocialmedia.com\/leblogmoto\/wp-json\/wp\/v2\/posts\/1613\/revisions"}],"predecessor-version":[{"id":7916,"href":"https:\/\/blogs.thesocialmedia.com\/leblogmoto\/wp-json\/wp\/v2\/posts\/1613\/revisions\/7916"}],"wp:attachment":[{"href":"https:\/\/blogs.thesocialmedia.com\/leblogmoto\/wp-json\/wp\/v2\/media?parent=1613"}],"wp:term":[{"taxonomy":"category","embeddable":true,"href":"https:\/\/blogs.thesocialmedia.com\/leblogmoto\/wp-json\/wp\/v2\/categories?post=1613"},{"taxonomy":"post_tag","embeddable":true,"href":"https:\/\/blogs.thesocialmedia.com\/leblogmoto\/wp-json\/wp\/v2\/tags?post=1613"}],"curies":[{"name":"wp","href":"https:\/\/api.w.org\/{rel}","templated":true}]}}