{"id":1615,"date":"2007-01-15T14:20:48","date_gmt":"2007-01-15T14:20:48","guid":{"rendered":"http:\/\/blogs.thesocialmedia.com\/leblogmoto\/2007\/01\/15\/dakar-des-nouve-1\/"},"modified":"2012-07-11T14:30:08","modified_gmt":"2012-07-11T14:30:08","slug":"dakar-des-nouve-1","status":"publish","type":"post","link":"https:\/\/blogs.thesocialmedia.com\/leblogmoto\/2007\/01\/15\/dakar-des-nouve-1\/","title":{"rendered":"Dakar : des nouvelles du pilote Blog Moto"},"content":{"rendered":"<p><a href=\"http:\/\/blogs.thesocialmedia.com\/leblogmoto\/files\/2012\/07\/mauritannie1a.jpg\"><img loading=\"lazy\" decoding=\"async\" width=\"250\" height=\"167\"  alt=\"Mauritannie1a\" src=\"http:\/\/www.leblogmoto.com\/images\/mauritannie1a.jpg\" style=\"margin: 0px 5px 5px 0px;float: left\" \/><\/a> Apr\u00e8s la journ\u00e9e de repos bien m\u00e9rit\u00e9e de samedi, <a href=\"http:\/\/www.toulouse-bestof.com\">Michel Vayssi\u00e8<\/a>, la \u00ab mascotte \u00bb du Blog Moto sur ce <a href=\"http:\/\/www.dakar.com\/\">Dakar<\/a>, a repris hier dimanche le guidon de sa <a href=\"http:\/\/www.yamaha-racing.com\/Racing\/dakar\/index.jsp\">Yamaha<\/a> en pleine forme (la moto comme le pilote)<\/p>\n<p>Parti 34\u00e8me au g\u00e9n\u00e9ral, il gagne une place sur cette huiti\u00e8me \u00e9tape qu\u2019il finit avec une bien jolie 33\u00e8me place \u00e0 l&rsquo;issue d&rsquo;un parcours difficile, encore balay\u00e9 par des temp\u00eates de sables. <\/p>\n<p>626 km, dont 589 chronom\u00e9tr\u00e9s, la sp\u00e9ciale sans doute la plus difficile du rallye, et en tout cas la plus longue. Au menu, un trac\u00e9 vari\u00e9 avec des pistes caillouteuses en d\u00e9but de sp\u00e9ciale, avant de retrouver le sable mauritanien conduisant \u00e0 l\u2019oasis de Tichit terme de l\u2019\u00e9tape. Une nouvelle fois, l\u2019exp\u00e9rience du d\u00e9sert et la navigation ont fait la diff\u00e9rence.<\/p>\n<p><strong>Etape 9 &#8211; Lundi 15 Janvier &#8211; Tichit &#8211; Nema &#8211; 497km<\/strong><br \/> Visiblement le repos lui a fait du bien mais aujourd\u2019hui <a href=\"http:\/\/www.toulouse-bestof.com\">Michel<\/a> devra rester tr\u00e8s concentr\u00e9 car la parole passe aux navigateurs les plus fins. Rare sont les points de rep\u00e8re sur cette \u00e9tape et pas le temps d&rsquo;admirer le paysage!<br \/> Bon, on y croit, la nav&rsquo;, il conna\u00eet&#8230;<\/p>\n","protected":false},"excerpt":{"rendered":"<p>Apr\u00e8s la journ\u00e9e de repos bien m\u00e9rit\u00e9e de samedi, Michel Vayssi\u00e8, la \u00ab mascotte \u00bb du Blog Moto sur ce Dakar, a repris hier dimanche le guidon de sa Yamaha en pleine forme (la moto comme le pilote) Parti 34\u00e8me au g\u00e9n\u00e9ral, il gagne une place sur cette huiti\u00e8me \u00e9tape qu\u2019il finit avec une bien [&hellip;]<\/p>\n","protected":false},"author":333,"featured_media":0,"comment_status":"open","ping_status":"open","sticky":false,"template":"","format":"standard","meta":{"footnotes":""},"categories":[59],"tags":[],"class_list":["post-1615","post","type-post","status-publish","format-standard","hentry","category-dakar"],"yoast_head":"<!-- This site is optimized with the Yoast SEO plugin v26.0 - https:\/\/yoast.com\/wordpress\/plugins\/seo\/ -->\n<title>Dakar : des nouvelles du pilote Blog Moto - leblogmoto.com<\/title>\n<meta name=\"robots\" content=\"index, follow, max-snippet:-1, max-image-preview:large, max-video-preview:-1\" \/>\n<link rel=\"canonical\" href=\"https:\/\/blogs.thesocialmedia.com\/leblogmoto\/2007\/01\/15\/dakar-des-nouve-1\/\" \/>\n<meta name=\"twitter:card\" content=\"summary_large_image\" \/>\n<meta name=\"twitter:title\" content=\"Dakar : des nouvelles du pilote Blog Moto - leblogmoto.com\" \/>\n<meta name=\"twitter:description\" content=\"Apr\u00e8s la journ\u00e9e de repos bien m\u00e9rit\u00e9e de samedi, Michel Vayssi\u00e8, la \u00ab mascotte \u00bb du Blog Moto sur ce Dakar, a repris hier dimanche le guidon de sa Yamaha en pleine forme (la moto comme le pilote) Parti 34\u00e8me au g\u00e9n\u00e9ral, il gagne une place sur cette huiti\u00e8me \u00e9tape qu\u2019il finit avec une bien [&hellip;]\" \/>\n<meta name=\"twitter:image\" content=\"http:\/\/www.leblogmoto.com\/images\/mauritannie1a.jpg\" \/>\n<meta name=\"twitter:label1\" content=\"\u00c9crit par\" \/>\n\t<meta name=\"twitter:data1\" content=\"christian tirat\" \/>\n\t<meta name=\"twitter:label2\" content=\"Dur\u00e9e de lecture estim\u00e9e\" \/>\n\t<meta name=\"twitter:data2\" content=\"1 minute\" \/>\n<script type=\"application\/ld+json\" class=\"yoast-schema-graph\">{\"@context\":\"https:\/\/schema.org\",\"@graph\":[{\"@type\":\"WebPage\",\"@id\":\"https:\/\/blogs.thesocialmedia.com\/leblogmoto\/2007\/01\/15\/dakar-des-nouve-1\/\",\"url\":\"https:\/\/blogs.thesocialmedia.com\/leblogmoto\/2007\/01\/15\/dakar-des-nouve-1\/\",\"name\":\"Dakar : des nouvelles du pilote Blog Moto - leblogmoto.com\",\"isPartOf\":{\"@id\":\"https:\/\/blogs.thesocialmedia.com\/leblogmoto\/#website\"},\"primaryImageOfPage\":{\"@id\":\"https:\/\/blogs.thesocialmedia.com\/leblogmoto\/2007\/01\/15\/dakar-des-nouve-1\/#primaryimage\"},\"image\":{\"@id\":\"https:\/\/blogs.thesocialmedia.com\/leblogmoto\/2007\/01\/15\/dakar-des-nouve-1\/#primaryimage\"},\"thumbnailUrl\":\"http:\/\/www.leblogmoto.com\/images\/mauritannie1a.jpg\",\"datePublished\":\"2007-01-15T14:20:48+00:00\",\"dateModified\":\"2012-07-11T14:30:08+00:00\",\"author\":{\"@id\":\"https:\/\/blogs.thesocialmedia.com\/leblogmoto\/#\/schema\/person\/90b2f8fd0d5a2cede2580e95fc79c6c0\"},\"breadcrumb\":{\"@id\":\"https:\/\/blogs.thesocialmedia.com\/leblogmoto\/2007\/01\/15\/dakar-des-nouve-1\/#breadcrumb\"},\"inLanguage\":\"fr-FR\",\"potentialAction\":[{\"@type\":\"ReadAction\",\"target\":[\"https:\/\/blogs.thesocialmedia.com\/leblogmoto\/2007\/01\/15\/dakar-des-nouve-1\/\"]}]},{\"@type\":\"ImageObject\",\"inLanguage\":\"fr-FR\",\"@id\":\"https:\/\/blogs.thesocialmedia.com\/leblogmoto\/2007\/01\/15\/dakar-des-nouve-1\/#primaryimage\",\"url\":\"http:\/\/www.leblogmoto.com\/images\/mauritannie1a.jpg\",\"contentUrl\":\"http:\/\/www.leblogmoto.com\/images\/mauritannie1a.jpg\"},{\"@type\":\"BreadcrumbList\",\"@id\":\"https:\/\/blogs.thesocialmedia.com\/leblogmoto\/2007\/01\/15\/dakar-des-nouve-1\/#breadcrumb\",\"itemListElement\":[{\"@type\":\"ListItem\",\"position\":1,\"name\":\"Accueil\",\"item\":\"https:\/\/blogs.thesocialmedia.com\/leblogmoto\/\"},{\"@type\":\"ListItem\",\"position\":2,\"name\":\"Dakar : des nouvelles du pilote Blog Moto\"}]},{\"@type\":\"WebSite\",\"@id\":\"https:\/\/blogs.thesocialmedia.com\/leblogmoto\/#website\",\"url\":\"https:\/\/blogs.thesocialmedia.com\/leblogmoto\/\",\"name\":\"leblogmoto\",\"description\":\"Toute l&#039;actualit\u00e9 des 2 roues\",\"potentialAction\":[{\"@type\":\"SearchAction\",\"target\":{\"@type\":\"EntryPoint\",\"urlTemplate\":\"https:\/\/blogs.thesocialmedia.com\/leblogmoto\/?s={search_term_string}\"},\"query-input\":{\"@type\":\"PropertyValueSpecification\",\"valueRequired\":true,\"valueName\":\"search_term_string\"}}],\"inLanguage\":\"fr-FR\"},{\"@type\":\"Person\",\"@id\":\"https:\/\/blogs.thesocialmedia.com\/leblogmoto\/#\/schema\/person\/90b2f8fd0d5a2cede2580e95fc79c6c0\",\"name\":\"christian tirat\",\"image\":{\"@type\":\"ImageObject\",\"inLanguage\":\"fr-FR\",\"@id\":\"https:\/\/blogs.thesocialmedia.com\/leblogmoto\/#\/schema\/person\/image\/\",\"url\":\"https:\/\/secure.gravatar.com\/avatar\/?s=96&d=mm&r=g\",\"contentUrl\":\"https:\/\/secure.gravatar.com\/avatar\/?s=96&d=mm&r=g\",\"caption\":\"christian tirat\"},\"url\":\"https:\/\/blogs.thesocialmedia.com\/leblogmoto\/author\/christian-tirat\/\"}]}<\/script>\n<!-- \/ Yoast SEO plugin. -->","yoast_head_json":{"title":"Dakar : des nouvelles du pilote Blog Moto - leblogmoto.com","robots":{"index":"index","follow":"follow","max-snippet":"max-snippet:-1","max-image-preview":"max-image-preview:large","max-video-preview":"max-video-preview:-1"},"canonical":"https:\/\/blogs.thesocialmedia.com\/leblogmoto\/2007\/01\/15\/dakar-des-nouve-1\/","twitter_card":"summary_large_image","twitter_title":"Dakar : des nouvelles du pilote Blog Moto - leblogmoto.com","twitter_description":"Apr\u00e8s la journ\u00e9e de repos bien m\u00e9rit\u00e9e de samedi, Michel Vayssi\u00e8, la \u00ab mascotte \u00bb du Blog Moto sur ce Dakar, a repris hier dimanche le guidon de sa Yamaha en pleine forme (la moto comme le pilote) Parti 34\u00e8me au g\u00e9n\u00e9ral, il gagne une place sur cette huiti\u00e8me \u00e9tape qu\u2019il finit avec une bien [&hellip;]","twitter_image":"http:\/\/www.leblogmoto.com\/images\/mauritannie1a.jpg","twitter_misc":{"\u00c9crit par":"christian tirat","Dur\u00e9e de lecture estim\u00e9e":"1 minute"},"schema":{"@context":"https:\/\/schema.org","@graph":[{"@type":"WebPage","@id":"https:\/\/blogs.thesocialmedia.com\/leblogmoto\/2007\/01\/15\/dakar-des-nouve-1\/","url":"https:\/\/blogs.thesocialmedia.com\/leblogmoto\/2007\/01\/15\/dakar-des-nouve-1\/","name":"Dakar : des nouvelles du pilote Blog Moto - leblogmoto.com","isPartOf":{"@id":"https:\/\/blogs.thesocialmedia.com\/leblogmoto\/#website"},"primaryImageOfPage":{"@id":"https:\/\/blogs.thesocialmedia.com\/leblogmoto\/2007\/01\/15\/dakar-des-nouve-1\/#primaryimage"},"image":{"@id":"https:\/\/blogs.thesocialmedia.com\/leblogmoto\/2007\/01\/15\/dakar-des-nouve-1\/#primaryimage"},"thumbnailUrl":"http:\/\/www.leblogmoto.com\/images\/mauritannie1a.jpg","datePublished":"2007-01-15T14:20:48+00:00","dateModified":"2012-07-11T14:30:08+00:00","author":{"@id":"https:\/\/blogs.thesocialmedia.com\/leblogmoto\/#\/schema\/person\/90b2f8fd0d5a2cede2580e95fc79c6c0"},"breadcrumb":{"@id":"https:\/\/blogs.thesocialmedia.com\/leblogmoto\/2007\/01\/15\/dakar-des-nouve-1\/#breadcrumb"},"inLanguage":"fr-FR","potentialAction":[{"@type":"ReadAction","target":["https:\/\/blogs.thesocialmedia.com\/leblogmoto\/2007\/01\/15\/dakar-des-nouve-1\/"]}]},{"@type":"ImageObject","inLanguage":"fr-FR","@id":"https:\/\/blogs.thesocialmedia.com\/leblogmoto\/2007\/01\/15\/dakar-des-nouve-1\/#primaryimage","url":"http:\/\/www.leblogmoto.com\/images\/mauritannie1a.jpg","contentUrl":"http:\/\/www.leblogmoto.com\/images\/mauritannie1a.jpg"},{"@type":"BreadcrumbList","@id":"https:\/\/blogs.thesocialmedia.com\/leblogmoto\/2007\/01\/15\/dakar-des-nouve-1\/#breadcrumb","itemListElement":[{"@type":"ListItem","position":1,"name":"Accueil","item":"https:\/\/blogs.thesocialmedia.com\/leblogmoto\/"},{"@type":"ListItem","position":2,"name":"Dakar : des nouvelles du pilote Blog Moto"}]},{"@type":"WebSite","@id":"https:\/\/blogs.thesocialmedia.com\/leblogmoto\/#website","url":"https:\/\/blogs.thesocialmedia.com\/leblogmoto\/","name":"leblogmoto","description":"Toute l&#039;actualit\u00e9 des 2 roues","potentialAction":[{"@type":"SearchAction","target":{"@type":"EntryPoint","urlTemplate":"https:\/\/blogs.thesocialmedia.com\/leblogmoto\/?s={search_term_string}"},"query-input":{"@type":"PropertyValueSpecification","valueRequired":true,"valueName":"search_term_string"}}],"inLanguage":"fr-FR"},{"@type":"Person","@id":"https:\/\/blogs.thesocialmedia.com\/leblogmoto\/#\/schema\/person\/90b2f8fd0d5a2cede2580e95fc79c6c0","name":"christian tirat","image":{"@type":"ImageObject","inLanguage":"fr-FR","@id":"https:\/\/blogs.thesocialmedia.com\/leblogmoto\/#\/schema\/person\/image\/","url":"https:\/\/secure.gravatar.com\/avatar\/?s=96&d=mm&r=g","contentUrl":"https:\/\/secure.gravatar.com\/avatar\/?s=96&d=mm&r=g","caption":"christian tirat"},"url":"https:\/\/blogs.thesocialmedia.com\/leblogmoto\/author\/christian-tirat\/"}]}},"_links":{"self":[{"href":"https:\/\/blogs.thesocialmedia.com\/leblogmoto\/wp-json\/wp\/v2\/posts\/1615","targetHints":{"allow":["GET"]}}],"collection":[{"href":"https:\/\/blogs.thesocialmedia.com\/leblogmoto\/wp-json\/wp\/v2\/posts"}],"about":[{"href":"https:\/\/blogs.thesocialmedia.com\/leblogmoto\/wp-json\/wp\/v2\/types\/post"}],"author":[{"embeddable":true,"href":"https:\/\/blogs.thesocialmedia.com\/leblogmoto\/wp-json\/wp\/v2\/users\/333"}],"replies":[{"embeddable":true,"href":"https:\/\/blogs.thesocialmedia.com\/leblogmoto\/wp-json\/wp\/v2\/comments?post=1615"}],"version-history":[{"count":2,"href":"https:\/\/blogs.thesocialmedia.com\/leblogmoto\/wp-json\/wp\/v2\/posts\/1615\/revisions"}],"predecessor-version":[{"id":7912,"href":"https:\/\/blogs.thesocialmedia.com\/leblogmoto\/wp-json\/wp\/v2\/posts\/1615\/revisions\/7912"}],"wp:attachment":[{"href":"https:\/\/blogs.thesocialmedia.com\/leblogmoto\/wp-json\/wp\/v2\/media?parent=1615"}],"wp:term":[{"taxonomy":"category","embeddable":true,"href":"https:\/\/blogs.thesocialmedia.com\/leblogmoto\/wp-json\/wp\/v2\/categories?post=1615"},{"taxonomy":"post_tag","embeddable":true,"href":"https:\/\/blogs.thesocialmedia.com\/leblogmoto\/wp-json\/wp\/v2\/tags?post=1615"}],"curies":[{"name":"wp","href":"https:\/\/api.w.org\/{rel}","templated":true}]}}