{"id":1616,"date":"2007-01-15T12:56:36","date_gmt":"2007-01-15T12:56:36","guid":{"rendered":"http:\/\/blogs.thesocialmedia.com\/leblogmoto\/2007\/01\/15\/scurit-routire-4\/"},"modified":"2012-07-11T14:30:06","modified_gmt":"2012-07-11T14:30:06","slug":"scurit-routire-4","status":"publish","type":"post","link":"https:\/\/blogs.thesocialmedia.com\/leblogmoto\/2007\/01\/15\/scurit-routire-4\/","title":{"rendered":"S\u00e9curit\u00e9 Routi\u00e8re: moins de motards tu\u00e9s en 2006"},"content":{"rendered":"<p><a href=\"http:\/\/blogs.thesocialmedia.com\/leblogmoto\/files\/2012\/07\/mg2_1.jpg\"><img loading=\"lazy\" decoding=\"async\" width=\"250\" height=\"187\"  src=\"http:\/\/www.leblogmoto.com\/images\/mg2_1.jpg\" alt=\"Mg2_1\" style=\"margin: 0px 5px 5px 0px;float: left\" \/><\/a> Le ministre des Transports, Dominique Perben, a d\u00e9voil\u00e9 la semaine derni\u00e8re les chiffres provisoires des accidents de la route pour 2006.<\/p>\n<p>Bien qu&rsquo;historique, la nouvelle a \u00e9t\u00e9 l\u00e2ch\u00e9e du bout des l\u00e8vres par le ministre; l\u2019accidentologie des deux roues motoris\u00e9es marque une baisse historique: 770 tu\u00e9s, soit 111 de moins qu\u2019en 2005, une recul de 12,60 % ce qui place cette cat\u00e9gorie de v\u00e9hicules parmi celles qui ont le mieux progress\u00e9 entre 2005 et 2006. Le nombre de tu\u00e9s tous v\u00e9hicules confondus a lui baiss\u00e9 de 11,6 % durant la m\u00eame p\u00e9riode.<\/p>\n<p><a href=\"http:\/\/blogs.thesocialmedia.com\/leblogmoto\/files\/2012\/07\/ffmc_1_1_1.jpg\"><img loading=\"lazy\" decoding=\"async\" width=\"250\" height=\"85\"  src=\"http:\/\/www.leblogmoto.com\/images\/ffmc_1_1_1.jpg\" alt=\"Ffmc_1_1_1\" style=\"margin: 0px 5px 5px 0px;float: left\" \/><\/a>Ce r\u00e9sultat est d\u2019autant plus encourageant que le nombre de deux-roues \u00e0 moteur vendus a battu un record en 2006 avec pr\u00e8s de 230 000 nouvelles machines mises en circulation. Rapport\u00e9 au nombre de pratiquants, celui des tu\u00e9s serait ainsi le plus bas jamais obtenu.<\/p>\n<p> Cependant, comme il faut encore et toujours d\u00e9signer des &quot;mauvais \u00e9l\u00e8ves&quot; pour justifier une politique de s\u00e9curit\u00e9 routi\u00e8re essentiellement r\u00e9pressive, le ministre a encore une fois accus\u00e9 le monde du deux roues motoris\u00e9 de n\u2019avoir pas obtenu de r\u00e9sultats satisfaisants ! C\u2019est bien entendu ce qu\u2019ont retenu les grands media. Mieux, le Ministre jamais content a fix\u00e9 un nouvel objectif, qualifi\u00e9 \u00ab d\u2019hallucinant \u00bb par la <a href=\"http:\/\/www.ffmc.asso.fr\/\">FFMC<\/a> : <br \/> Pas plus de 500 tu\u00e9s \u00e0 moto pour 2007, soit une baisse de 35%.<br \/> Selon la <a href=\"http:\/\/www.ffmc.asso.fr\/\">FFMC<\/a> cet objectif serait \u00ab \u00e9videmment irr\u00e9alisable, jamais de m\u00e9moire de sp\u00e9cialistes, on est parvenu \u00e0 un tel r\u00e9sultat, dans quelque cat\u00e9gorie que ce soit. Ce qui revient \u00e0 dire que les usagers en deux-roues sont bien les boucs \u00e9missaires tout trouv\u00e9s pour maintenir la pression sur les conducteurs \u00bb<br \/> \u2026Ce qui permet au ministre de justifier l\u2019augmentation du nombre de radars flashant par l\u2019arri\u00e8re au lieu de privil\u00e9gier les d\u00e9marches pr\u00f4n\u00e9es par la <a href=\"http:\/\/www.ffmc.asso.fr\/\">FFMC<\/a> visant par exemple \u00e0 permettre un meilleur partage de la route entre ses usagers, et une vraie prise en compte de la moto dans le cadre d\u2019une politique de pr\u00e9vention et de formation.<br \/>Source: Communiqu\u00e9 <a href=\"http:\/\/www.ffmc.asso.fr\/\">FFMC<\/a> &amp; <a href=\"http:\/\/www.motomag.com\/\">Moto Mag.com<\/a><\/p>\n","protected":false},"excerpt":{"rendered":"<p>Le ministre des Transports, Dominique Perben, a d\u00e9voil\u00e9 la semaine derni\u00e8re les chiffres provisoires des accidents de la route pour 2006. Bien qu&rsquo;historique, la nouvelle a \u00e9t\u00e9 l\u00e2ch\u00e9e du bout des l\u00e8vres par le ministre; l\u2019accidentologie des deux roues motoris\u00e9es marque une baisse historique: 770 tu\u00e9s, soit 111 de moins qu\u2019en 2005, une recul de [&hellip;]<\/p>\n","protected":false},"author":333,"featured_media":0,"comment_status":"open","ping_status":"open","sticky":false,"template":"","format":"standard","meta":{"footnotes":""},"categories":[27],"tags":[],"class_list":["post-1616","post","type-post","status-publish","format-standard","hentry","category-securite"],"yoast_head":"<!-- This site is optimized with the Yoast SEO plugin v26.0 - https:\/\/yoast.com\/wordpress\/plugins\/seo\/ -->\n<title>S\u00e9curit\u00e9 Routi\u00e8re: moins de motards tu\u00e9s en 2006 - leblogmoto.com<\/title>\n<meta name=\"robots\" content=\"index, follow, max-snippet:-1, max-image-preview:large, max-video-preview:-1\" \/>\n<link rel=\"canonical\" href=\"https:\/\/blogs.thesocialmedia.com\/leblogmoto\/2007\/01\/15\/scurit-routire-4\/\" \/>\n<meta name=\"twitter:card\" content=\"summary_large_image\" \/>\n<meta name=\"twitter:title\" content=\"S\u00e9curit\u00e9 Routi\u00e8re: moins de motards tu\u00e9s en 2006 - leblogmoto.com\" \/>\n<meta name=\"twitter:description\" content=\"Le ministre des Transports, Dominique Perben, a d\u00e9voil\u00e9 la semaine derni\u00e8re les chiffres provisoires des accidents de la route pour 2006. Bien qu&rsquo;historique, la nouvelle a \u00e9t\u00e9 l\u00e2ch\u00e9e du bout des l\u00e8vres par le ministre; l\u2019accidentologie des deux roues motoris\u00e9es marque une baisse historique: 770 tu\u00e9s, soit 111 de moins qu\u2019en 2005, une recul de [&hellip;]\" \/>\n<meta name=\"twitter:image\" content=\"http:\/\/www.leblogmoto.com\/images\/mg2_1.jpg\" \/>\n<meta name=\"twitter:label1\" content=\"\u00c9crit par\" \/>\n\t<meta name=\"twitter:data1\" content=\"christian tirat\" \/>\n\t<meta name=\"twitter:label2\" content=\"Dur\u00e9e de lecture estim\u00e9e\" \/>\n\t<meta name=\"twitter:data2\" content=\"2 minutes\" \/>\n<script type=\"application\/ld+json\" class=\"yoast-schema-graph\">{\"@context\":\"https:\/\/schema.org\",\"@graph\":[{\"@type\":\"WebPage\",\"@id\":\"https:\/\/blogs.thesocialmedia.com\/leblogmoto\/2007\/01\/15\/scurit-routire-4\/\",\"url\":\"https:\/\/blogs.thesocialmedia.com\/leblogmoto\/2007\/01\/15\/scurit-routire-4\/\",\"name\":\"S\u00e9curit\u00e9 Routi\u00e8re: moins de motards tu\u00e9s en 2006 - leblogmoto.com\",\"isPartOf\":{\"@id\":\"https:\/\/blogs.thesocialmedia.com\/leblogmoto\/#website\"},\"primaryImageOfPage\":{\"@id\":\"https:\/\/blogs.thesocialmedia.com\/leblogmoto\/2007\/01\/15\/scurit-routire-4\/#primaryimage\"},\"image\":{\"@id\":\"https:\/\/blogs.thesocialmedia.com\/leblogmoto\/2007\/01\/15\/scurit-routire-4\/#primaryimage\"},\"thumbnailUrl\":\"http:\/\/www.leblogmoto.com\/images\/mg2_1.jpg\",\"datePublished\":\"2007-01-15T12:56:36+00:00\",\"dateModified\":\"2012-07-11T14:30:06+00:00\",\"author\":{\"@id\":\"https:\/\/blogs.thesocialmedia.com\/leblogmoto\/#\/schema\/person\/90b2f8fd0d5a2cede2580e95fc79c6c0\"},\"breadcrumb\":{\"@id\":\"https:\/\/blogs.thesocialmedia.com\/leblogmoto\/2007\/01\/15\/scurit-routire-4\/#breadcrumb\"},\"inLanguage\":\"fr-FR\",\"potentialAction\":[{\"@type\":\"ReadAction\",\"target\":[\"https:\/\/blogs.thesocialmedia.com\/leblogmoto\/2007\/01\/15\/scurit-routire-4\/\"]}]},{\"@type\":\"ImageObject\",\"inLanguage\":\"fr-FR\",\"@id\":\"https:\/\/blogs.thesocialmedia.com\/leblogmoto\/2007\/01\/15\/scurit-routire-4\/#primaryimage\",\"url\":\"http:\/\/www.leblogmoto.com\/images\/mg2_1.jpg\",\"contentUrl\":\"http:\/\/www.leblogmoto.com\/images\/mg2_1.jpg\"},{\"@type\":\"BreadcrumbList\",\"@id\":\"https:\/\/blogs.thesocialmedia.com\/leblogmoto\/2007\/01\/15\/scurit-routire-4\/#breadcrumb\",\"itemListElement\":[{\"@type\":\"ListItem\",\"position\":1,\"name\":\"Accueil\",\"item\":\"https:\/\/blogs.thesocialmedia.com\/leblogmoto\/\"},{\"@type\":\"ListItem\",\"position\":2,\"name\":\"S\u00e9curit\u00e9 Routi\u00e8re: moins de motards tu\u00e9s en 2006\"}]},{\"@type\":\"WebSite\",\"@id\":\"https:\/\/blogs.thesocialmedia.com\/leblogmoto\/#website\",\"url\":\"https:\/\/blogs.thesocialmedia.com\/leblogmoto\/\",\"name\":\"leblogmoto\",\"description\":\"Toute l&#039;actualit\u00e9 des 2 roues\",\"potentialAction\":[{\"@type\":\"SearchAction\",\"target\":{\"@type\":\"EntryPoint\",\"urlTemplate\":\"https:\/\/blogs.thesocialmedia.com\/leblogmoto\/?s={search_term_string}\"},\"query-input\":{\"@type\":\"PropertyValueSpecification\",\"valueRequired\":true,\"valueName\":\"search_term_string\"}}],\"inLanguage\":\"fr-FR\"},{\"@type\":\"Person\",\"@id\":\"https:\/\/blogs.thesocialmedia.com\/leblogmoto\/#\/schema\/person\/90b2f8fd0d5a2cede2580e95fc79c6c0\",\"name\":\"christian tirat\",\"image\":{\"@type\":\"ImageObject\",\"inLanguage\":\"fr-FR\",\"@id\":\"https:\/\/blogs.thesocialmedia.com\/leblogmoto\/#\/schema\/person\/image\/\",\"url\":\"https:\/\/secure.gravatar.com\/avatar\/?s=96&d=mm&r=g\",\"contentUrl\":\"https:\/\/secure.gravatar.com\/avatar\/?s=96&d=mm&r=g\",\"caption\":\"christian tirat\"},\"url\":\"https:\/\/blogs.thesocialmedia.com\/leblogmoto\/author\/christian-tirat\/\"}]}<\/script>\n<!-- \/ Yoast SEO plugin. -->","yoast_head_json":{"title":"S\u00e9curit\u00e9 Routi\u00e8re: moins de motards tu\u00e9s en 2006 - leblogmoto.com","robots":{"index":"index","follow":"follow","max-snippet":"max-snippet:-1","max-image-preview":"max-image-preview:large","max-video-preview":"max-video-preview:-1"},"canonical":"https:\/\/blogs.thesocialmedia.com\/leblogmoto\/2007\/01\/15\/scurit-routire-4\/","twitter_card":"summary_large_image","twitter_title":"S\u00e9curit\u00e9 Routi\u00e8re: moins de motards tu\u00e9s en 2006 - leblogmoto.com","twitter_description":"Le ministre des Transports, Dominique Perben, a d\u00e9voil\u00e9 la semaine derni\u00e8re les chiffres provisoires des accidents de la route pour 2006. Bien qu&rsquo;historique, la nouvelle a \u00e9t\u00e9 l\u00e2ch\u00e9e du bout des l\u00e8vres par le ministre; l\u2019accidentologie des deux roues motoris\u00e9es marque une baisse historique: 770 tu\u00e9s, soit 111 de moins qu\u2019en 2005, une recul de [&hellip;]","twitter_image":"http:\/\/www.leblogmoto.com\/images\/mg2_1.jpg","twitter_misc":{"\u00c9crit par":"christian tirat","Dur\u00e9e de lecture estim\u00e9e":"2 minutes"},"schema":{"@context":"https:\/\/schema.org","@graph":[{"@type":"WebPage","@id":"https:\/\/blogs.thesocialmedia.com\/leblogmoto\/2007\/01\/15\/scurit-routire-4\/","url":"https:\/\/blogs.thesocialmedia.com\/leblogmoto\/2007\/01\/15\/scurit-routire-4\/","name":"S\u00e9curit\u00e9 Routi\u00e8re: moins de motards tu\u00e9s en 2006 - leblogmoto.com","isPartOf":{"@id":"https:\/\/blogs.thesocialmedia.com\/leblogmoto\/#website"},"primaryImageOfPage":{"@id":"https:\/\/blogs.thesocialmedia.com\/leblogmoto\/2007\/01\/15\/scurit-routire-4\/#primaryimage"},"image":{"@id":"https:\/\/blogs.thesocialmedia.com\/leblogmoto\/2007\/01\/15\/scurit-routire-4\/#primaryimage"},"thumbnailUrl":"http:\/\/www.leblogmoto.com\/images\/mg2_1.jpg","datePublished":"2007-01-15T12:56:36+00:00","dateModified":"2012-07-11T14:30:06+00:00","author":{"@id":"https:\/\/blogs.thesocialmedia.com\/leblogmoto\/#\/schema\/person\/90b2f8fd0d5a2cede2580e95fc79c6c0"},"breadcrumb":{"@id":"https:\/\/blogs.thesocialmedia.com\/leblogmoto\/2007\/01\/15\/scurit-routire-4\/#breadcrumb"},"inLanguage":"fr-FR","potentialAction":[{"@type":"ReadAction","target":["https:\/\/blogs.thesocialmedia.com\/leblogmoto\/2007\/01\/15\/scurit-routire-4\/"]}]},{"@type":"ImageObject","inLanguage":"fr-FR","@id":"https:\/\/blogs.thesocialmedia.com\/leblogmoto\/2007\/01\/15\/scurit-routire-4\/#primaryimage","url":"http:\/\/www.leblogmoto.com\/images\/mg2_1.jpg","contentUrl":"http:\/\/www.leblogmoto.com\/images\/mg2_1.jpg"},{"@type":"BreadcrumbList","@id":"https:\/\/blogs.thesocialmedia.com\/leblogmoto\/2007\/01\/15\/scurit-routire-4\/#breadcrumb","itemListElement":[{"@type":"ListItem","position":1,"name":"Accueil","item":"https:\/\/blogs.thesocialmedia.com\/leblogmoto\/"},{"@type":"ListItem","position":2,"name":"S\u00e9curit\u00e9 Routi\u00e8re: moins de motards tu\u00e9s en 2006"}]},{"@type":"WebSite","@id":"https:\/\/blogs.thesocialmedia.com\/leblogmoto\/#website","url":"https:\/\/blogs.thesocialmedia.com\/leblogmoto\/","name":"leblogmoto","description":"Toute l&#039;actualit\u00e9 des 2 roues","potentialAction":[{"@type":"SearchAction","target":{"@type":"EntryPoint","urlTemplate":"https:\/\/blogs.thesocialmedia.com\/leblogmoto\/?s={search_term_string}"},"query-input":{"@type":"PropertyValueSpecification","valueRequired":true,"valueName":"search_term_string"}}],"inLanguage":"fr-FR"},{"@type":"Person","@id":"https:\/\/blogs.thesocialmedia.com\/leblogmoto\/#\/schema\/person\/90b2f8fd0d5a2cede2580e95fc79c6c0","name":"christian tirat","image":{"@type":"ImageObject","inLanguage":"fr-FR","@id":"https:\/\/blogs.thesocialmedia.com\/leblogmoto\/#\/schema\/person\/image\/","url":"https:\/\/secure.gravatar.com\/avatar\/?s=96&d=mm&r=g","contentUrl":"https:\/\/secure.gravatar.com\/avatar\/?s=96&d=mm&r=g","caption":"christian tirat"},"url":"https:\/\/blogs.thesocialmedia.com\/leblogmoto\/author\/christian-tirat\/"}]}},"_links":{"self":[{"href":"https:\/\/blogs.thesocialmedia.com\/leblogmoto\/wp-json\/wp\/v2\/posts\/1616","targetHints":{"allow":["GET"]}}],"collection":[{"href":"https:\/\/blogs.thesocialmedia.com\/leblogmoto\/wp-json\/wp\/v2\/posts"}],"about":[{"href":"https:\/\/blogs.thesocialmedia.com\/leblogmoto\/wp-json\/wp\/v2\/types\/post"}],"author":[{"embeddable":true,"href":"https:\/\/blogs.thesocialmedia.com\/leblogmoto\/wp-json\/wp\/v2\/users\/333"}],"replies":[{"embeddable":true,"href":"https:\/\/blogs.thesocialmedia.com\/leblogmoto\/wp-json\/wp\/v2\/comments?post=1616"}],"version-history":[{"count":2,"href":"https:\/\/blogs.thesocialmedia.com\/leblogmoto\/wp-json\/wp\/v2\/posts\/1616\/revisions"}],"predecessor-version":[{"id":7910,"href":"https:\/\/blogs.thesocialmedia.com\/leblogmoto\/wp-json\/wp\/v2\/posts\/1616\/revisions\/7910"}],"wp:attachment":[{"href":"https:\/\/blogs.thesocialmedia.com\/leblogmoto\/wp-json\/wp\/v2\/media?parent=1616"}],"wp:term":[{"taxonomy":"category","embeddable":true,"href":"https:\/\/blogs.thesocialmedia.com\/leblogmoto\/wp-json\/wp\/v2\/categories?post=1616"},{"taxonomy":"post_tag","embeddable":true,"href":"https:\/\/blogs.thesocialmedia.com\/leblogmoto\/wp-json\/wp\/v2\/tags?post=1616"}],"curies":[{"name":"wp","href":"https:\/\/api.w.org\/{rel}","templated":true}]}}