{"id":1617,"date":"2007-01-14T19:21:27","date_gmt":"2007-01-14T19:21:27","guid":{"rendered":"http:\/\/blogs.thesocialmedia.com\/leblogmoto\/2007\/01\/14\/circulaire-olin\/"},"modified":"2012-07-11T14:30:03","modified_gmt":"2012-07-11T14:30:03","slug":"circulaire-olin","status":"publish","type":"post","link":"https:\/\/blogs.thesocialmedia.com\/leblogmoto\/2007\/01\/14\/circulaire-olin\/","title":{"rendered":"Circulaire Olin : Marre des cons !"},"content":{"rendered":"<p><a href=\"http:\/\/blogs.thesocialmedia.com\/leblogmoto\/files\/2012\/07\/dscn6024_1.jpg\"><img loading=\"lazy\" decoding=\"async\" width=\"250\" height=\"333\"  alt=\"Dscn6024_1\" src=\"http:\/\/www.leblogmoto.com\/images\/dscn6024_1.jpg\" style=\"margin: 0px 5px 5px 0px;float: left\" \/><\/a> Quel beau week-end dans cette vall\u00e9e sauvage et pr\u00e9serv\u00e9e nich\u00e9e aux pieds des Pyr\u00e9n\u00e9es.<br \/>Les battues aux sangliers sont enfin termin\u00e9es et les rares habitants dont je suis peuvent \u00e0 nouveau profiter de la nature en toute qui\u00e9tude, ou presque \u2026<br \/>Quand je me suis install\u00e9 ici, il y \u00e0 cinq ans, c\u2019\u00e9tait un paradis, notamment pour la moto verte. Une multitude de chemins \u00e0 travers bois, roulants, endurisants, trialisants. Il y en \u00e0 pour tous les go\u00fbts et tous les niveaux. Je me rappelle avec nostalgie des jolies balades que nous faisions ma fille et moi, elle sur son <a href=\"http:\/\/www.yamaha-motor.fr\/produits\/motos\/motos_pour_enfants\/pw80.jsp\">80 PeeWee<\/a>, moi sur mon <a href=\"http:\/\/enduretro.free.fr\/HUSQVARNA.html\">510 HVA<\/a>. Aucun probl\u00e8me avec les riverains ni avec les mairies des communes voisines. <\/p>\n<p><a href=\"http:\/\/clabedan.typepad.com\/.shared\/image.html?\/photos\/uncategorized\/2007_pw80_phot1.jpg\"><img loading=\"lazy\" decoding=\"async\" width=\"250\" height=\"141\"  src=\"http:\/\/www.leblogmoto.com\/images\/2007_pw80_phot1.jpg\" alt=\"2007_pw80_phot1\" style=\"margin: 0px 5px 5px 0px;float: left\" \/><\/a> La pratique se faisait dans un respect mutuel de la nature et de ses usagers. Quand par exemple nous croisions des cavaliers, nous coupions les moteurs et attendions qu\u2019ils se soient \u00e9loign\u00e9s avant de reprendre notre p\u00e9riple. Mais voil\u00e0 qu\u2019en 2004, les quads sont arriv\u00e9s en masse: hordes sauvages, ne respectant rien, traversant sans vergogne les champs \u00e0 peine sem\u00e9s, terrorisant les randonneurs \u00e0 pied, \u00e0 cheval \u2026et \u00e0 moto &#8211; les chemins du coin ont juste la largeur d\u2019un quad et quand ils vous d\u00e9boulent dessus il n\u2019y \u00e0 pas d\u2019\u00e9chappatoire &#8211; R\u00e9sultat, la population a protest\u00e9 et le maire a pondu un arr\u00eat\u00e9 interdisant TOUS les v\u00e9hicules a moteur. Les bons payent pour les mauvais.<br \/> Dans un esprit de compromis, nous \u00e9tions, avec quelques amis en pleine n\u00e9gociation afin que l\u2019arr\u00eat\u00e9 soit adouci ; nous proposions que comme pour la chasse, des week-end soient ouverts aux loisirs motoris\u00e9s, sur la base d\u2019un r\u00e8glement fond\u00e9 sur le respect de tous. Le maire trouvait l\u2019id\u00e9e int\u00e9ressante, elle avait de bonnes chances d\u2019aboutir. <br \/><a href=\"http:\/\/blogs.thesocialmedia.com\/leblogmoto\/files\/2012\/07\/hva510te.jpg\"><img loading=\"lazy\" decoding=\"async\" width=\"250\" height=\"188\"  alt=\"Hva510te\" src=\"http:\/\/www.leblogmoto.com\/images\/hva510te.jpg\" style=\"margin: 0px 5px 5px 0px;float: left\" \/><\/a> Mais voil\u00e0 que par ce beau dimanche, alors que nous-nous promenions \u00e0 pied avec ma fille et nos chiens, un infernal bruit de canonnade vint raisonner dans&nbsp; toute la vall\u00e9e. Comprenant que trois quads en \u00e9chappement libre se rapprochaient de nous \u00e0 vive allure, nous n\u2019e\u00fbmes que le temps d\u2019attraper les chiens et de nous jeter dans les ronciers pour \u00e9viter ces missiles qui au passage nous ont asperg\u00e9s de boue. Nous avons fait demi-tour et remont\u00e9 leurs traces, ils avaient saccag\u00e9 une jeune sapini\u00e8re &#8230; Ils ont tourn\u00e9 dans la vall\u00e9e toute l\u2019apr\u00e8s-midi. A l\u2019heure o\u00f9 j\u2019\u00e9cris ce post, il est 19h, il fait nuit mais ils tournent encore : INFERNAL !!!<br \/> Au bout du compte, un ami du maire vient de m\u2019appeler au t\u00e9l\u00e9phone : \u00ab les n\u00e9gociations sont d\u00e9finitivement rompues et les gendarmes ont \u00e9t\u00e9 appel\u00e9s \u00bb <br \/> Ce soir j&rsquo;avais pr\u00e9vu de mettre en ligne un post sur la circulaire Olin et le <a href=\"http:\/\/www.codever.fr\/\">CODEVER<\/a>; envie de pleurer &#8230; <br \/> \u2026 Marre des cons !!! <\/p>\n","protected":false},"excerpt":{"rendered":"<p>Quel beau week-end dans cette vall\u00e9e sauvage et pr\u00e9serv\u00e9e nich\u00e9e aux pieds des Pyr\u00e9n\u00e9es.Les battues aux sangliers sont enfin termin\u00e9es et les rares habitants dont je suis peuvent \u00e0 nouveau profiter de la nature en toute qui\u00e9tude, ou presque \u2026Quand je me suis install\u00e9 ici, il y \u00e0 cinq ans, c\u2019\u00e9tait un paradis, notamment pour [&hellip;]<\/p>\n","protected":false},"author":333,"featured_media":0,"comment_status":"open","ping_status":"open","sticky":false,"template":"","format":"standard","meta":{"footnotes":""},"categories":[70],"tags":[],"class_list":["post-1617","post","type-post","status-publish","format-standard","hentry","category-quad"],"yoast_head":"<!-- This site is optimized with the Yoast SEO plugin v26.0 - https:\/\/yoast.com\/wordpress\/plugins\/seo\/ -->\n<title>Circulaire Olin : Marre des cons ! - leblogmoto.com<\/title>\n<meta name=\"robots\" content=\"index, follow, max-snippet:-1, max-image-preview:large, max-video-preview:-1\" \/>\n<link rel=\"canonical\" href=\"https:\/\/blogs.thesocialmedia.com\/leblogmoto\/2007\/01\/14\/circulaire-olin\/\" \/>\n<meta name=\"twitter:card\" content=\"summary_large_image\" \/>\n<meta name=\"twitter:title\" content=\"Circulaire Olin : Marre des cons ! - leblogmoto.com\" \/>\n<meta name=\"twitter:description\" content=\"Quel beau week-end dans cette vall\u00e9e sauvage et pr\u00e9serv\u00e9e nich\u00e9e aux pieds des Pyr\u00e9n\u00e9es.Les battues aux sangliers sont enfin termin\u00e9es et les rares habitants dont je suis peuvent \u00e0 nouveau profiter de la nature en toute qui\u00e9tude, ou presque \u2026Quand je me suis install\u00e9 ici, il y \u00e0 cinq ans, c\u2019\u00e9tait un paradis, notamment pour [&hellip;]\" \/>\n<meta name=\"twitter:image\" content=\"http:\/\/www.leblogmoto.com\/images\/dscn6024_1.jpg\" \/>\n<meta name=\"twitter:label1\" content=\"\u00c9crit par\" \/>\n\t<meta name=\"twitter:data1\" content=\"christian tirat\" \/>\n\t<meta name=\"twitter:label2\" content=\"Dur\u00e9e de lecture estim\u00e9e\" \/>\n\t<meta name=\"twitter:data2\" content=\"2 minutes\" \/>\n<script type=\"application\/ld+json\" class=\"yoast-schema-graph\">{\"@context\":\"https:\/\/schema.org\",\"@graph\":[{\"@type\":\"WebPage\",\"@id\":\"https:\/\/blogs.thesocialmedia.com\/leblogmoto\/2007\/01\/14\/circulaire-olin\/\",\"url\":\"https:\/\/blogs.thesocialmedia.com\/leblogmoto\/2007\/01\/14\/circulaire-olin\/\",\"name\":\"Circulaire Olin : Marre des cons ! - leblogmoto.com\",\"isPartOf\":{\"@id\":\"https:\/\/blogs.thesocialmedia.com\/leblogmoto\/#website\"},\"primaryImageOfPage\":{\"@id\":\"https:\/\/blogs.thesocialmedia.com\/leblogmoto\/2007\/01\/14\/circulaire-olin\/#primaryimage\"},\"image\":{\"@id\":\"https:\/\/blogs.thesocialmedia.com\/leblogmoto\/2007\/01\/14\/circulaire-olin\/#primaryimage\"},\"thumbnailUrl\":\"http:\/\/www.leblogmoto.com\/images\/dscn6024_1.jpg\",\"datePublished\":\"2007-01-14T19:21:27+00:00\",\"dateModified\":\"2012-07-11T14:30:03+00:00\",\"author\":{\"@id\":\"https:\/\/blogs.thesocialmedia.com\/leblogmoto\/#\/schema\/person\/90b2f8fd0d5a2cede2580e95fc79c6c0\"},\"breadcrumb\":{\"@id\":\"https:\/\/blogs.thesocialmedia.com\/leblogmoto\/2007\/01\/14\/circulaire-olin\/#breadcrumb\"},\"inLanguage\":\"fr-FR\",\"potentialAction\":[{\"@type\":\"ReadAction\",\"target\":[\"https:\/\/blogs.thesocialmedia.com\/leblogmoto\/2007\/01\/14\/circulaire-olin\/\"]}]},{\"@type\":\"ImageObject\",\"inLanguage\":\"fr-FR\",\"@id\":\"https:\/\/blogs.thesocialmedia.com\/leblogmoto\/2007\/01\/14\/circulaire-olin\/#primaryimage\",\"url\":\"http:\/\/www.leblogmoto.com\/images\/dscn6024_1.jpg\",\"contentUrl\":\"http:\/\/www.leblogmoto.com\/images\/dscn6024_1.jpg\"},{\"@type\":\"BreadcrumbList\",\"@id\":\"https:\/\/blogs.thesocialmedia.com\/leblogmoto\/2007\/01\/14\/circulaire-olin\/#breadcrumb\",\"itemListElement\":[{\"@type\":\"ListItem\",\"position\":1,\"name\":\"Accueil\",\"item\":\"https:\/\/blogs.thesocialmedia.com\/leblogmoto\/\"},{\"@type\":\"ListItem\",\"position\":2,\"name\":\"Circulaire Olin : Marre des cons !\"}]},{\"@type\":\"WebSite\",\"@id\":\"https:\/\/blogs.thesocialmedia.com\/leblogmoto\/#website\",\"url\":\"https:\/\/blogs.thesocialmedia.com\/leblogmoto\/\",\"name\":\"leblogmoto\",\"description\":\"Toute l&#039;actualit\u00e9 des 2 roues\",\"potentialAction\":[{\"@type\":\"SearchAction\",\"target\":{\"@type\":\"EntryPoint\",\"urlTemplate\":\"https:\/\/blogs.thesocialmedia.com\/leblogmoto\/?s={search_term_string}\"},\"query-input\":{\"@type\":\"PropertyValueSpecification\",\"valueRequired\":true,\"valueName\":\"search_term_string\"}}],\"inLanguage\":\"fr-FR\"},{\"@type\":\"Person\",\"@id\":\"https:\/\/blogs.thesocialmedia.com\/leblogmoto\/#\/schema\/person\/90b2f8fd0d5a2cede2580e95fc79c6c0\",\"name\":\"christian tirat\",\"image\":{\"@type\":\"ImageObject\",\"inLanguage\":\"fr-FR\",\"@id\":\"https:\/\/blogs.thesocialmedia.com\/leblogmoto\/#\/schema\/person\/image\/\",\"url\":\"https:\/\/secure.gravatar.com\/avatar\/?s=96&d=mm&r=g\",\"contentUrl\":\"https:\/\/secure.gravatar.com\/avatar\/?s=96&d=mm&r=g\",\"caption\":\"christian tirat\"},\"url\":\"https:\/\/blogs.thesocialmedia.com\/leblogmoto\/author\/christian-tirat\/\"}]}<\/script>\n<!-- \/ Yoast SEO plugin. -->","yoast_head_json":{"title":"Circulaire Olin : Marre des cons ! - leblogmoto.com","robots":{"index":"index","follow":"follow","max-snippet":"max-snippet:-1","max-image-preview":"max-image-preview:large","max-video-preview":"max-video-preview:-1"},"canonical":"https:\/\/blogs.thesocialmedia.com\/leblogmoto\/2007\/01\/14\/circulaire-olin\/","twitter_card":"summary_large_image","twitter_title":"Circulaire Olin : Marre des cons ! - leblogmoto.com","twitter_description":"Quel beau week-end dans cette vall\u00e9e sauvage et pr\u00e9serv\u00e9e nich\u00e9e aux pieds des Pyr\u00e9n\u00e9es.Les battues aux sangliers sont enfin termin\u00e9es et les rares habitants dont je suis peuvent \u00e0 nouveau profiter de la nature en toute qui\u00e9tude, ou presque \u2026Quand je me suis install\u00e9 ici, il y \u00e0 cinq ans, c\u2019\u00e9tait un paradis, notamment pour [&hellip;]","twitter_image":"http:\/\/www.leblogmoto.com\/images\/dscn6024_1.jpg","twitter_misc":{"\u00c9crit par":"christian tirat","Dur\u00e9e de lecture estim\u00e9e":"2 minutes"},"schema":{"@context":"https:\/\/schema.org","@graph":[{"@type":"WebPage","@id":"https:\/\/blogs.thesocialmedia.com\/leblogmoto\/2007\/01\/14\/circulaire-olin\/","url":"https:\/\/blogs.thesocialmedia.com\/leblogmoto\/2007\/01\/14\/circulaire-olin\/","name":"Circulaire Olin : Marre des cons ! - leblogmoto.com","isPartOf":{"@id":"https:\/\/blogs.thesocialmedia.com\/leblogmoto\/#website"},"primaryImageOfPage":{"@id":"https:\/\/blogs.thesocialmedia.com\/leblogmoto\/2007\/01\/14\/circulaire-olin\/#primaryimage"},"image":{"@id":"https:\/\/blogs.thesocialmedia.com\/leblogmoto\/2007\/01\/14\/circulaire-olin\/#primaryimage"},"thumbnailUrl":"http:\/\/www.leblogmoto.com\/images\/dscn6024_1.jpg","datePublished":"2007-01-14T19:21:27+00:00","dateModified":"2012-07-11T14:30:03+00:00","author":{"@id":"https:\/\/blogs.thesocialmedia.com\/leblogmoto\/#\/schema\/person\/90b2f8fd0d5a2cede2580e95fc79c6c0"},"breadcrumb":{"@id":"https:\/\/blogs.thesocialmedia.com\/leblogmoto\/2007\/01\/14\/circulaire-olin\/#breadcrumb"},"inLanguage":"fr-FR","potentialAction":[{"@type":"ReadAction","target":["https:\/\/blogs.thesocialmedia.com\/leblogmoto\/2007\/01\/14\/circulaire-olin\/"]}]},{"@type":"ImageObject","inLanguage":"fr-FR","@id":"https:\/\/blogs.thesocialmedia.com\/leblogmoto\/2007\/01\/14\/circulaire-olin\/#primaryimage","url":"http:\/\/www.leblogmoto.com\/images\/dscn6024_1.jpg","contentUrl":"http:\/\/www.leblogmoto.com\/images\/dscn6024_1.jpg"},{"@type":"BreadcrumbList","@id":"https:\/\/blogs.thesocialmedia.com\/leblogmoto\/2007\/01\/14\/circulaire-olin\/#breadcrumb","itemListElement":[{"@type":"ListItem","position":1,"name":"Accueil","item":"https:\/\/blogs.thesocialmedia.com\/leblogmoto\/"},{"@type":"ListItem","position":2,"name":"Circulaire Olin : Marre des cons !"}]},{"@type":"WebSite","@id":"https:\/\/blogs.thesocialmedia.com\/leblogmoto\/#website","url":"https:\/\/blogs.thesocialmedia.com\/leblogmoto\/","name":"leblogmoto","description":"Toute l&#039;actualit\u00e9 des 2 roues","potentialAction":[{"@type":"SearchAction","target":{"@type":"EntryPoint","urlTemplate":"https:\/\/blogs.thesocialmedia.com\/leblogmoto\/?s={search_term_string}"},"query-input":{"@type":"PropertyValueSpecification","valueRequired":true,"valueName":"search_term_string"}}],"inLanguage":"fr-FR"},{"@type":"Person","@id":"https:\/\/blogs.thesocialmedia.com\/leblogmoto\/#\/schema\/person\/90b2f8fd0d5a2cede2580e95fc79c6c0","name":"christian tirat","image":{"@type":"ImageObject","inLanguage":"fr-FR","@id":"https:\/\/blogs.thesocialmedia.com\/leblogmoto\/#\/schema\/person\/image\/","url":"https:\/\/secure.gravatar.com\/avatar\/?s=96&d=mm&r=g","contentUrl":"https:\/\/secure.gravatar.com\/avatar\/?s=96&d=mm&r=g","caption":"christian tirat"},"url":"https:\/\/blogs.thesocialmedia.com\/leblogmoto\/author\/christian-tirat\/"}]}},"_links":{"self":[{"href":"https:\/\/blogs.thesocialmedia.com\/leblogmoto\/wp-json\/wp\/v2\/posts\/1617","targetHints":{"allow":["GET"]}}],"collection":[{"href":"https:\/\/blogs.thesocialmedia.com\/leblogmoto\/wp-json\/wp\/v2\/posts"}],"about":[{"href":"https:\/\/blogs.thesocialmedia.com\/leblogmoto\/wp-json\/wp\/v2\/types\/post"}],"author":[{"embeddable":true,"href":"https:\/\/blogs.thesocialmedia.com\/leblogmoto\/wp-json\/wp\/v2\/users\/333"}],"replies":[{"embeddable":true,"href":"https:\/\/blogs.thesocialmedia.com\/leblogmoto\/wp-json\/wp\/v2\/comments?post=1617"}],"version-history":[{"count":2,"href":"https:\/\/blogs.thesocialmedia.com\/leblogmoto\/wp-json\/wp\/v2\/posts\/1617\/revisions"}],"predecessor-version":[{"id":7907,"href":"https:\/\/blogs.thesocialmedia.com\/leblogmoto\/wp-json\/wp\/v2\/posts\/1617\/revisions\/7907"}],"wp:attachment":[{"href":"https:\/\/blogs.thesocialmedia.com\/leblogmoto\/wp-json\/wp\/v2\/media?parent=1617"}],"wp:term":[{"taxonomy":"category","embeddable":true,"href":"https:\/\/blogs.thesocialmedia.com\/leblogmoto\/wp-json\/wp\/v2\/categories?post=1617"},{"taxonomy":"post_tag","embeddable":true,"href":"https:\/\/blogs.thesocialmedia.com\/leblogmoto\/wp-json\/wp\/v2\/tags?post=1617"}],"curies":[{"name":"wp","href":"https:\/\/api.w.org\/{rel}","templated":true}]}}