{"id":1619,"date":"2007-01-14T00:01:31","date_gmt":"2007-01-14T00:01:31","guid":{"rendered":"http:\/\/blogs.thesocialmedia.com\/leblogmoto\/2007\/01\/14\/la-moto-hybride\/"},"modified":"2012-07-11T14:29:55","modified_gmt":"2012-07-11T14:29:55","slug":"la-moto-hybride","status":"publish","type":"post","link":"https:\/\/blogs.thesocialmedia.com\/leblogmoto\/2007\/01\/14\/la-moto-hybride\/","title":{"rendered":"La moto Hybride : c\u2019est dans les cartons des designers"},"content":{"rendered":"<p><a href=\"http:\/\/blogs.thesocialmedia.com\/leblogmoto\/files\/2012\/07\/machineart1.jpg\"><img loading=\"lazy\" decoding=\"async\" width=\"250\" height=\"164\"  src=\"http:\/\/www.leblogmoto.com\/images\/machineart1.jpg\" alt=\"Machineart1\" style=\"margin: 0px 5px 5px 0px;float: left\" \/><\/a> L\u2019\u00e9quipe de <a href=\"http:\/\/www.machineart.com\/\">Machineart Industrial Design <\/a>vient de d\u00e9voiler les dessins d&rsquo;un nouveau concept de moto hybride. D\u00e9velopp\u00e9e pour&nbsp; la firme pensylvanienne <a href=\"http:\/\/www.ecycle.com\/\">eCycle<\/a>, cette &quot;plate-Forme&quot; destin\u00e9e au march\u00e9 du futur rec\u00e8le les moteurs <a href=\"http:\/\/www.ecycle.com\/motorgenerator.html\">eCycle SolidSlot\u2122,<\/a> des moteurs \u00e9lectriques de type Brushless (sans charbons) et Moteur\/g\u00e9n\u00e9rateur tournant au diesel ou \u00e0 l&rsquo;essence.<\/p>\n<p><a href=\"http:\/\/clabedan.typepad.com\/.shared\/image.html?\/photos\/uncategorized\/machineart2_1.jpg\"><img loading=\"lazy\" decoding=\"async\" width=\"250\" height=\"164\"  src=\"http:\/\/www.leblogmoto.com\/images\/machineart2_1.jpg\" alt=\"Machineart2_1\" style=\"margin: 0px 5px 5px 0px;float: left\" \/><\/a>L&rsquo;engin fonctionnerait un peu comme une automobile hybride avec soit un couplage des deux moteurs, soit une utilisation isol\u00e9e du moteur \u00e9lectrique pour de courts trajets. Ce dernier serait donc utilis\u00e9 pour son couple et le moteur essence ou diesel pour recharger les batteries et pour parcourir les longs trajets. La d\u00e9marche vise a pr\u00e9senter la <a href=\"http:\/\/www.ecycle.com\/\">eCycle<\/a>, pens\u00e9e pour \u00eatre rationnelle, fonctionnelle \u2026 et esth\u00e9tique ! (\u00e0 vous de juger)<br \/><a href=\"http:\/\/www.machineart.com\/\"> Machineart <\/a> esp\u00e8re ainsi s\u00e9duire les clients potentiels en leur montrant les possibilit\u00e9s qu&rsquo;offre le design de sa plate-forme \u00e0 l\u2019aide d\u2019une \u00ab r\u00e9alit\u00e9 visuelle \u00bb de ce que pourrait \u00eatre la technologie hybride.<\/p>\n<p> Pour ce faire les designers am\u00e9ricains nous donnent \u00e0 voir 3 dessins :<br \/> Le <strong>eC1 <\/strong>(en haut) qui se voudrait l\u2019h\u00e9riti\u00e8re de la Honda Super Club des ann\u00e9es 60, le <strong>eC2<\/strong> (au centre) dont le dessin plus agressif la rapproche d&rsquo;une sportive malgr\u00e9 sa large selle et son guidon plat. Enfin le <strong>eC3<\/strong> (en bas) serait un utilitaire dot\u00e9 d\u2019un saute-vent, de valises int\u00e9grables \u00e0 l&rsquo;arri\u00e8re et de la possibilit\u00e9 d\u2019adjoindre de multiples accessoires.<\/p>\n<p> C\u00f4t\u00e9 partie cycle ces machines du futur seraient support\u00e9es par un ch\u00e2ssis asym\u00e9trique, une suspension avant mono bras int\u00e9gr\u00e9e dans un cadre monocoque en aluminium, et des amortisseur r\u00e9glables <a href=\"http:\/\/www.penskeshocks.com\/\">Penske Racing<\/a> qui, \u00e0 l\u2019avant comme \u00e0 arri\u00e8re travaillent en torsion. Quand aux roues, chauss\u00e9es de pneus <a href=\"http:\/\/www.pirellicompetizioni.com\">Pirelli <\/a>MT75 (100\/80-16 \u00e0 l&rsquo;avant et 120\/80-16 \u00e0 l&rsquo;arri\u00e8re) elles pourraient \u00eatre les 13&#215;3, CNC en aluminium coul\u00e9 sous pression, fabriqu\u00e9es par <a href=\"http:\/\/www.americanwheelandtire.com\/\">American Wheel<\/a>.<\/p>\n<p><a href=\"http:\/\/clabedan.typepad.com\/.shared\/image.html?\/photos\/uncategorized\/machineart3.jpg\"><img loading=\"lazy\" decoding=\"async\" width=\"250\" height=\"164\"  src=\"http:\/\/www.leblogmoto.com\/images\/machineart3.jpg\" alt=\"Machineart3\" style=\"margin: 0px 5px 5px 0px;float: left\" \/><\/a> C\u00f4t\u00e9 s\u00e9curit\u00e9 active, le frein avant int\u00e9gr\u00e9 \u00e0 la suspension serait \u00e0 rotor invers\u00e9 avec pistons oppos\u00e9s et plaquettes. A l\u2019arri\u00e8re un unique piston suffira. <\/p>\n<p> C\u00f4t\u00e9 moteur\/g\u00e9n\u00e9rateur le <a href=\"http:\/\/www.ecycle.com\/motorgenerator.html\">Brushless <\/a><a href=\"http:\/\/www.ecycle.com\/motorgenerator.html\">SolidSlot\u2122 <\/a>dispose d&rsquo;une puissance de 42VDC et de plus de 400 Amp\u00e8res. l&rsquo;\u00e9lectricit\u00e9 produite serait stock\u00e9e dans 3 batteries 12 Volts de type non pr\u00e9cis\u00e9.<br \/> La transmission primaire sp\u00e9ciale eCycle comptera deux vitesses, la transmission secondaire se faisant par cha\u00eene \u00ab <a href=\"http:\/\/www.gates.com\/brochure.cfm?brochure=2813&amp;location_id=742\">Gates Polychain <\/a>\u00bb 30\/71.<\/p>\n<p> Bien entendu le syst\u00e8me de gestion du v\u00e9hicule sera totalement programmable (le pilote aussi ?)<\/p>\n<p> Enfin l\u2019empattement annonc\u00e9 serait de 1270mm tendis que le poids ne devrait pas d\u00e9passer la barre des 100Kg, batteries comprises.<\/p>\n<p> Je pr\u00e9f\u00e8re ne pas dire mes sentiments sur ce concept mais s\u2019il voit le jour, tel que pr\u00e9sent\u00e9 par <a href=\"http:\/\/www.machineart.com\/\">Machineart<\/a>,&nbsp; j\u2019arr\u00eate la moto et j\u2019ach\u00e8te un cheval &#8230;ou un \u00e2ne !<\/p>\n<p> sources : Communiqu\u00e9 de presse <a href=\"http:\/\/www.machineart.com\/\">Machineart<\/a> &amp; <a href=\"http:\/\/www.motards-online.com\/\">Motards online<\/a> <\/p>\n","protected":false},"excerpt":{"rendered":"<p>L\u2019\u00e9quipe de Machineart Industrial Design vient de d\u00e9voiler les dessins d&rsquo;un nouveau concept de moto hybride. D\u00e9velopp\u00e9e pour&nbsp; la firme pensylvanienne eCycle, cette &quot;plate-Forme&quot; destin\u00e9e au march\u00e9 du futur rec\u00e8le les moteurs eCycle SolidSlot\u2122, des moteurs \u00e9lectriques de type Brushless (sans charbons) et Moteur\/g\u00e9n\u00e9rateur tournant au diesel ou \u00e0 l&rsquo;essence. L&rsquo;engin fonctionnerait un peu comme [&hellip;]<\/p>\n","protected":false},"author":333,"featured_media":0,"comment_status":"open","ping_status":"open","sticky":false,"template":"","format":"standard","meta":{"footnotes":""},"categories":[30],"tags":[],"class_list":["post-1619","post","type-post","status-publish","format-standard","hentry","category-bio-carburantsvehicules-propres"],"yoast_head":"<!-- This site is optimized with the Yoast SEO plugin v26.0 - https:\/\/yoast.com\/wordpress\/plugins\/seo\/ -->\n<title>La moto Hybride : c\u2019est dans les cartons des designers - leblogmoto.com<\/title>\n<meta name=\"robots\" content=\"index, follow, max-snippet:-1, max-image-preview:large, max-video-preview:-1\" \/>\n<link rel=\"canonical\" href=\"https:\/\/blogs.thesocialmedia.com\/leblogmoto\/2007\/01\/14\/la-moto-hybride\/\" \/>\n<meta name=\"twitter:card\" content=\"summary_large_image\" \/>\n<meta name=\"twitter:title\" content=\"La moto Hybride : c\u2019est dans les cartons des designers - leblogmoto.com\" \/>\n<meta name=\"twitter:description\" content=\"L\u2019\u00e9quipe de Machineart Industrial Design vient de d\u00e9voiler les dessins d&rsquo;un nouveau concept de moto hybride. D\u00e9velopp\u00e9e pour&nbsp; la firme pensylvanienne eCycle, cette &quot;plate-Forme&quot; destin\u00e9e au march\u00e9 du futur rec\u00e8le les moteurs eCycle SolidSlot\u2122, des moteurs \u00e9lectriques de type Brushless (sans charbons) et Moteur\/g\u00e9n\u00e9rateur tournant au diesel ou \u00e0 l&rsquo;essence. L&rsquo;engin fonctionnerait un peu comme [&hellip;]\" \/>\n<meta name=\"twitter:image\" content=\"http:\/\/www.leblogmoto.com\/images\/machineart1.jpg\" \/>\n<meta name=\"twitter:label1\" content=\"\u00c9crit par\" \/>\n\t<meta name=\"twitter:data1\" content=\"christian tirat\" \/>\n\t<meta name=\"twitter:label2\" content=\"Dur\u00e9e de lecture estim\u00e9e\" \/>\n\t<meta name=\"twitter:data2\" content=\"2 minutes\" \/>\n<script type=\"application\/ld+json\" class=\"yoast-schema-graph\">{\"@context\":\"https:\/\/schema.org\",\"@graph\":[{\"@type\":\"WebPage\",\"@id\":\"https:\/\/blogs.thesocialmedia.com\/leblogmoto\/2007\/01\/14\/la-moto-hybride\/\",\"url\":\"https:\/\/blogs.thesocialmedia.com\/leblogmoto\/2007\/01\/14\/la-moto-hybride\/\",\"name\":\"La moto Hybride : c\u2019est dans les cartons des designers - leblogmoto.com\",\"isPartOf\":{\"@id\":\"https:\/\/blogs.thesocialmedia.com\/leblogmoto\/#website\"},\"primaryImageOfPage\":{\"@id\":\"https:\/\/blogs.thesocialmedia.com\/leblogmoto\/2007\/01\/14\/la-moto-hybride\/#primaryimage\"},\"image\":{\"@id\":\"https:\/\/blogs.thesocialmedia.com\/leblogmoto\/2007\/01\/14\/la-moto-hybride\/#primaryimage\"},\"thumbnailUrl\":\"http:\/\/www.leblogmoto.com\/images\/machineart1.jpg\",\"datePublished\":\"2007-01-14T00:01:31+00:00\",\"dateModified\":\"2012-07-11T14:29:55+00:00\",\"author\":{\"@id\":\"https:\/\/blogs.thesocialmedia.com\/leblogmoto\/#\/schema\/person\/90b2f8fd0d5a2cede2580e95fc79c6c0\"},\"breadcrumb\":{\"@id\":\"https:\/\/blogs.thesocialmedia.com\/leblogmoto\/2007\/01\/14\/la-moto-hybride\/#breadcrumb\"},\"inLanguage\":\"fr-FR\",\"potentialAction\":[{\"@type\":\"ReadAction\",\"target\":[\"https:\/\/blogs.thesocialmedia.com\/leblogmoto\/2007\/01\/14\/la-moto-hybride\/\"]}]},{\"@type\":\"ImageObject\",\"inLanguage\":\"fr-FR\",\"@id\":\"https:\/\/blogs.thesocialmedia.com\/leblogmoto\/2007\/01\/14\/la-moto-hybride\/#primaryimage\",\"url\":\"http:\/\/www.leblogmoto.com\/images\/machineart1.jpg\",\"contentUrl\":\"http:\/\/www.leblogmoto.com\/images\/machineart1.jpg\"},{\"@type\":\"BreadcrumbList\",\"@id\":\"https:\/\/blogs.thesocialmedia.com\/leblogmoto\/2007\/01\/14\/la-moto-hybride\/#breadcrumb\",\"itemListElement\":[{\"@type\":\"ListItem\",\"position\":1,\"name\":\"Accueil\",\"item\":\"https:\/\/blogs.thesocialmedia.com\/leblogmoto\/\"},{\"@type\":\"ListItem\",\"position\":2,\"name\":\"La moto Hybride : c\u2019est dans les cartons des designers\"}]},{\"@type\":\"WebSite\",\"@id\":\"https:\/\/blogs.thesocialmedia.com\/leblogmoto\/#website\",\"url\":\"https:\/\/blogs.thesocialmedia.com\/leblogmoto\/\",\"name\":\"leblogmoto\",\"description\":\"Toute l&#039;actualit\u00e9 des 2 roues\",\"potentialAction\":[{\"@type\":\"SearchAction\",\"target\":{\"@type\":\"EntryPoint\",\"urlTemplate\":\"https:\/\/blogs.thesocialmedia.com\/leblogmoto\/?s={search_term_string}\"},\"query-input\":{\"@type\":\"PropertyValueSpecification\",\"valueRequired\":true,\"valueName\":\"search_term_string\"}}],\"inLanguage\":\"fr-FR\"},{\"@type\":\"Person\",\"@id\":\"https:\/\/blogs.thesocialmedia.com\/leblogmoto\/#\/schema\/person\/90b2f8fd0d5a2cede2580e95fc79c6c0\",\"name\":\"christian tirat\",\"image\":{\"@type\":\"ImageObject\",\"inLanguage\":\"fr-FR\",\"@id\":\"https:\/\/blogs.thesocialmedia.com\/leblogmoto\/#\/schema\/person\/image\/\",\"url\":\"https:\/\/secure.gravatar.com\/avatar\/?s=96&d=mm&r=g\",\"contentUrl\":\"https:\/\/secure.gravatar.com\/avatar\/?s=96&d=mm&r=g\",\"caption\":\"christian tirat\"},\"url\":\"https:\/\/blogs.thesocialmedia.com\/leblogmoto\/author\/christian-tirat\/\"}]}<\/script>\n<!-- \/ Yoast SEO plugin. -->","yoast_head_json":{"title":"La moto Hybride : c\u2019est dans les cartons des designers - leblogmoto.com","robots":{"index":"index","follow":"follow","max-snippet":"max-snippet:-1","max-image-preview":"max-image-preview:large","max-video-preview":"max-video-preview:-1"},"canonical":"https:\/\/blogs.thesocialmedia.com\/leblogmoto\/2007\/01\/14\/la-moto-hybride\/","twitter_card":"summary_large_image","twitter_title":"La moto Hybride : c\u2019est dans les cartons des designers - leblogmoto.com","twitter_description":"L\u2019\u00e9quipe de Machineart Industrial Design vient de d\u00e9voiler les dessins d&rsquo;un nouveau concept de moto hybride. D\u00e9velopp\u00e9e pour&nbsp; la firme pensylvanienne eCycle, cette &quot;plate-Forme&quot; destin\u00e9e au march\u00e9 du futur rec\u00e8le les moteurs eCycle SolidSlot\u2122, des moteurs \u00e9lectriques de type Brushless (sans charbons) et Moteur\/g\u00e9n\u00e9rateur tournant au diesel ou \u00e0 l&rsquo;essence. L&rsquo;engin fonctionnerait un peu comme [&hellip;]","twitter_image":"http:\/\/www.leblogmoto.com\/images\/machineart1.jpg","twitter_misc":{"\u00c9crit par":"christian tirat","Dur\u00e9e de lecture estim\u00e9e":"2 minutes"},"schema":{"@context":"https:\/\/schema.org","@graph":[{"@type":"WebPage","@id":"https:\/\/blogs.thesocialmedia.com\/leblogmoto\/2007\/01\/14\/la-moto-hybride\/","url":"https:\/\/blogs.thesocialmedia.com\/leblogmoto\/2007\/01\/14\/la-moto-hybride\/","name":"La moto Hybride : c\u2019est dans les cartons des designers - leblogmoto.com","isPartOf":{"@id":"https:\/\/blogs.thesocialmedia.com\/leblogmoto\/#website"},"primaryImageOfPage":{"@id":"https:\/\/blogs.thesocialmedia.com\/leblogmoto\/2007\/01\/14\/la-moto-hybride\/#primaryimage"},"image":{"@id":"https:\/\/blogs.thesocialmedia.com\/leblogmoto\/2007\/01\/14\/la-moto-hybride\/#primaryimage"},"thumbnailUrl":"http:\/\/www.leblogmoto.com\/images\/machineart1.jpg","datePublished":"2007-01-14T00:01:31+00:00","dateModified":"2012-07-11T14:29:55+00:00","author":{"@id":"https:\/\/blogs.thesocialmedia.com\/leblogmoto\/#\/schema\/person\/90b2f8fd0d5a2cede2580e95fc79c6c0"},"breadcrumb":{"@id":"https:\/\/blogs.thesocialmedia.com\/leblogmoto\/2007\/01\/14\/la-moto-hybride\/#breadcrumb"},"inLanguage":"fr-FR","potentialAction":[{"@type":"ReadAction","target":["https:\/\/blogs.thesocialmedia.com\/leblogmoto\/2007\/01\/14\/la-moto-hybride\/"]}]},{"@type":"ImageObject","inLanguage":"fr-FR","@id":"https:\/\/blogs.thesocialmedia.com\/leblogmoto\/2007\/01\/14\/la-moto-hybride\/#primaryimage","url":"http:\/\/www.leblogmoto.com\/images\/machineart1.jpg","contentUrl":"http:\/\/www.leblogmoto.com\/images\/machineart1.jpg"},{"@type":"BreadcrumbList","@id":"https:\/\/blogs.thesocialmedia.com\/leblogmoto\/2007\/01\/14\/la-moto-hybride\/#breadcrumb","itemListElement":[{"@type":"ListItem","position":1,"name":"Accueil","item":"https:\/\/blogs.thesocialmedia.com\/leblogmoto\/"},{"@type":"ListItem","position":2,"name":"La moto Hybride : c\u2019est dans les cartons des designers"}]},{"@type":"WebSite","@id":"https:\/\/blogs.thesocialmedia.com\/leblogmoto\/#website","url":"https:\/\/blogs.thesocialmedia.com\/leblogmoto\/","name":"leblogmoto","description":"Toute l&#039;actualit\u00e9 des 2 roues","potentialAction":[{"@type":"SearchAction","target":{"@type":"EntryPoint","urlTemplate":"https:\/\/blogs.thesocialmedia.com\/leblogmoto\/?s={search_term_string}"},"query-input":{"@type":"PropertyValueSpecification","valueRequired":true,"valueName":"search_term_string"}}],"inLanguage":"fr-FR"},{"@type":"Person","@id":"https:\/\/blogs.thesocialmedia.com\/leblogmoto\/#\/schema\/person\/90b2f8fd0d5a2cede2580e95fc79c6c0","name":"christian tirat","image":{"@type":"ImageObject","inLanguage":"fr-FR","@id":"https:\/\/blogs.thesocialmedia.com\/leblogmoto\/#\/schema\/person\/image\/","url":"https:\/\/secure.gravatar.com\/avatar\/?s=96&d=mm&r=g","contentUrl":"https:\/\/secure.gravatar.com\/avatar\/?s=96&d=mm&r=g","caption":"christian tirat"},"url":"https:\/\/blogs.thesocialmedia.com\/leblogmoto\/author\/christian-tirat\/"}]}},"_links":{"self":[{"href":"https:\/\/blogs.thesocialmedia.com\/leblogmoto\/wp-json\/wp\/v2\/posts\/1619","targetHints":{"allow":["GET"]}}],"collection":[{"href":"https:\/\/blogs.thesocialmedia.com\/leblogmoto\/wp-json\/wp\/v2\/posts"}],"about":[{"href":"https:\/\/blogs.thesocialmedia.com\/leblogmoto\/wp-json\/wp\/v2\/types\/post"}],"author":[{"embeddable":true,"href":"https:\/\/blogs.thesocialmedia.com\/leblogmoto\/wp-json\/wp\/v2\/users\/333"}],"replies":[{"embeddable":true,"href":"https:\/\/blogs.thesocialmedia.com\/leblogmoto\/wp-json\/wp\/v2\/comments?post=1619"}],"version-history":[{"count":2,"href":"https:\/\/blogs.thesocialmedia.com\/leblogmoto\/wp-json\/wp\/v2\/posts\/1619\/revisions"}],"predecessor-version":[{"id":7902,"href":"https:\/\/blogs.thesocialmedia.com\/leblogmoto\/wp-json\/wp\/v2\/posts\/1619\/revisions\/7902"}],"wp:attachment":[{"href":"https:\/\/blogs.thesocialmedia.com\/leblogmoto\/wp-json\/wp\/v2\/media?parent=1619"}],"wp:term":[{"taxonomy":"category","embeddable":true,"href":"https:\/\/blogs.thesocialmedia.com\/leblogmoto\/wp-json\/wp\/v2\/categories?post=1619"},{"taxonomy":"post_tag","embeddable":true,"href":"https:\/\/blogs.thesocialmedia.com\/leblogmoto\/wp-json\/wp\/v2\/tags?post=1619"}],"curies":[{"name":"wp","href":"https:\/\/api.w.org\/{rel}","templated":true}]}}