{"id":162,"date":"2009-05-02T20:01:01","date_gmt":"2009-05-02T20:01:01","guid":{"rendered":"http:\/\/blogs.thesocialmedia.com\/leblogmoto\/2009\/05\/02\/motogp-jerez-lespagne-en-tete\/"},"modified":"2012-07-11T17:23:11","modified_gmt":"2012-07-11T17:23:11","slug":"motogp-jerez-lespagne-en-tete","status":"publish","type":"post","link":"https:\/\/blogs.thesocialmedia.com\/leblogmoto\/2009\/05\/02\/motogp-jerez-lespagne-en-tete\/","title":{"rendered":"MotoGP Jerez &#8211; L&rsquo;Espagne en t\u00eate"},"content":{"rendered":"<p><a href=\"http:\/\/blogs.thesocialmedia.com\/leblogmoto\/files\/2012\/07\/6a00d83451b18369e201156f7125b9970c-popup.png\"><img decoding=\"async\" alt=\"Jerez1\" class=\"at-xid-6a00d83451b18369e201156f7125b9970c \" src=\"http:\/\/blogs.thesocialmedia.com\/leblogmoto\/files\/2012\/07\/6a00d83451b18369e201156f7125b9970c-500wi.jpg\" style=\"width: 470px\" \/><\/a> <\/p>\n<p>Les forts vents \u00e0 <a href=\"http:\/\/fr.wikipedia.org\/wiki\/Circuit_de_Jerez\">Jerez<\/a> semblent avoir donn\u00e9 aux pilotes espagnols ce petit extra leur permettant de squatter la t\u00eate de l&#039;affiche pour ce troisi\u00e8me GP de la saison 2009 \u00e0 <a href=\"http:\/\/fr.wikipedia.org\/wiki\/Jerez_de_la_Frontera\">Jerez de la Frontera<\/a>.<br \/>C&#039;est un Jorge Lorenzo plus motiv\u00e9 que jamais qui s&#039;est empar\u00e9 de la pole avec un temps de 1 minute 38.933 secondes, mais \u00e0 peine quelques poussi\u00e8res de son compatriote Dani Pedrosa qui partira demain \u00e0 ses c\u00f4t\u00e9s. Et si les ailes que se donne le pilote Repsol Honda peuvent en surprendre plus d&#039;un, ce n&#039;est pas le seul, car le Fran\u00e7ais Randy de Puniet fait aussi tr\u00e8s bien avec une cinqui\u00e8me place sur la grille. Sans doute le petit lapin sur son car\u00e9nage qui lui donne une nouvelle agilit\u00e9 avec les courbes espagnoles.<\/p>\n<p> Casey Stoner fait bien sur sa Ducati, 3e, les tests pr\u00e9saison ayant port\u00e9 fruit, lui qui ne semblait pas le plus \u00e0 l&#039;aise sur ce circuit par les ann\u00e9es pass\u00e9es.<br \/>Mais les inqui\u00e9tudes vont vers l&#039;autre pilote Fiat Yamaha, un certain \u00abDoctor\u00bb qui semble en mal de diagnostiques. Rossi d\u00e9clarait que :\u00abPour le moment, je ne suis vraiment pas satisfait des r\u00e9glages de course et il va falloir travailler fort pour d\u00e9nouer la situation et s&#039;am\u00e9liorer parce que, pour demain, on a pas le choix, il faut faire mieux\u00bb. \u00abDemeure le r\u00e9chauffement de demain, mais d&#039;ici l\u00e0, il nous faut trouver de nouvelles pistes\u00bb.<br \/>Partant de la deuxi\u00e8me ligne, Rossi, d&#039;habitude un peu lent au d\u00e9part, risque d&#039;avoir une belle pente \u00e0 remonter. Mais s&#039;il parvient \u00e0 trouver la bonne combinaison avec sa machine, le spectacle de demain risque d&#039;\u00eatre captivant.<\/p>\n<p><a href=\"http:\/\/clabedan.typepad.com\/.a\/6a00d83451b18369e201156f712677970c-popup\"><img decoding=\"async\" alt=\"Jerez2\" class=\"at-xid-6a00d83451b18369e201156f712677970c\" src=\"http:\/\/blogs.thesocialmedia.com\/leblogmoto\/files\/2012\/07\/6a00d83451b18369e201156f712677970c-500wi.jpg\" style=\"width: 470px\" \/><\/a> <\/p>\n<p><a href=\"http:\/\/blogs.thesocialmedia.com\/leblogmoto\/files\/2012\/07\/6a00d83451b18369e201156f71265b970c-popup.png\"><img decoding=\"async\" alt=\"Jerez3\" class=\"at-xid-6a00d83451b18369e201156f71265b970c \" src=\"http:\/\/blogs.thesocialmedia.com\/leblogmoto\/files\/2012\/07\/6a00d83451b18369e201156f71265b970c-500wi.jpg\" style=\"width: 470px\" \/><\/a> <\/p>\n<p><a href=\"http:\/\/blogs.thesocialmedia.com\/leblogmoto\/files\/2012\/07\/6a00d83451b18369e201156f71261d970c-popup.png\"><img decoding=\"async\" alt=\"Jerez4\" class=\"at-xid-6a00d83451b18369e201156f71261d970c \" src=\"http:\/\/blogs.thesocialmedia.com\/leblogmoto\/files\/2012\/07\/6a00d83451b18369e201156f71261d970c-500wi.jpg\" style=\"width: 470px\" \/><\/a> <\/p>\n<p><a href=\"http:\/\/blogs.thesocialmedia.com\/leblogmoto\/files\/2012\/07\/6a00d83451b18369e201156f7125fc970c-popup.png\"><img decoding=\"async\" alt=\"Jerez5\" class=\"at-xid-6a00d83451b18369e201156f7125fc970c \" src=\"http:\/\/blogs.thesocialmedia.com\/leblogmoto\/files\/2012\/07\/6a00d83451b18369e201156f7125fc970c-500wi.jpg\" style=\"width: 470px\" \/><\/a> <\/p>\n<p>1. <strong>Jorge Lorenzo<\/strong> Fiat Yamaha Team <strong>1min 38.933<\/strong><br \/>2. <strong>Dani Pedrosa<\/strong> Repsol Honda Team <strong>1min 38.984<\/strong><br \/>3. <strong>Casey Stoner<\/strong> Ducati Marlboro Team <strong>1min 39.415<\/strong><br \/>4. Valentino Rossi Fiat Yamaha Team 1min 39.642<br \/>5. Randy de Puniet LCR Honda MotoGP 1min 39.806<br \/>6. Loris Capirossi Rizla Suzuki MotoGP 1min 39.862<br \/>7. Colin Edwards Monster Yamaha Tech 3 1min 39.926<br \/>8. Andrea Dovizioso Repsol Honda Team 1min 39.966<br \/>9. Toni Elias San Carlo Honda Gresini 1min 40.113<br \/>10. Chris Vermeulen Rizla Suzuki MotoGP 1min 40.185<br \/>11. Marco Melandri Hayate Racing Team 1min 40.381<br \/>12. Sete Gibernau Grupo Francisco Hernando 1min 40.440<br \/>13. Yuki Takahashi Scot Racing Team MotoGP 1min 40.599<br \/>14. James Toseland Monster Yamaha Tech 3 1min 40.670<br \/>15. Alex de Angelis San Carlo Honda Gresini 1min 40.796<br \/>16. Nicky Hayden Ducati Marlboro Team 1min 40.953<br \/>17. Mika Kallio Pramac Racing 1min 41.238<br \/>18. Niccolo Canepa Pramac Racing 1min 41.253<\/p>\n<p>Source: <a href=\"http:\/\/www.crash.net\/\">Crash.net<\/a><\/p>\n","protected":false},"excerpt":{"rendered":"<p>Les forts vents \u00e0 Jerez semblent avoir donn\u00e9 aux pilotes espagnols ce petit extra leur permettant de squatter la t\u00eate de l&#039;affiche pour ce troisi\u00e8me GP de la saison 2009 \u00e0 Jerez de la Frontera.C&#039;est un Jorge Lorenzo plus motiv\u00e9 que jamais qui s&#039;est empar\u00e9 de la pole avec un temps de 1 minute 38.933 [&hellip;]<\/p>\n","protected":false},"author":325,"featured_media":13445,"comment_status":"open","ping_status":"open","sticky":false,"template":"","format":"standard","meta":{"footnotes":""},"categories":[1],"tags":[],"class_list":["post-162","post","type-post","status-publish","format-standard","has-post-thumbnail","hentry","category-uncategorized"],"yoast_head":"<!-- This site is optimized with the Yoast SEO plugin v26.0 - https:\/\/yoast.com\/wordpress\/plugins\/seo\/ -->\n<title>MotoGP Jerez - L&#039;Espagne en t\u00eate - leblogmoto.com<\/title>\n<meta name=\"robots\" content=\"index, follow, max-snippet:-1, max-image-preview:large, max-video-preview:-1\" \/>\n<link rel=\"canonical\" href=\"https:\/\/blogs.thesocialmedia.com\/leblogmoto\/2009\/05\/02\/motogp-jerez-lespagne-en-tete\/\" \/>\n<meta name=\"twitter:card\" content=\"summary_large_image\" \/>\n<meta name=\"twitter:title\" content=\"MotoGP Jerez - L&#039;Espagne en t\u00eate - leblogmoto.com\" \/>\n<meta name=\"twitter:description\" content=\"Les forts vents \u00e0 Jerez semblent avoir donn\u00e9 aux pilotes espagnols ce petit extra leur permettant de squatter la t\u00eate de l&#039;affiche pour ce troisi\u00e8me GP de la saison 2009 \u00e0 Jerez de la Frontera.C&#039;est un Jorge Lorenzo plus motiv\u00e9 que jamais qui s&#039;est empar\u00e9 de la pole avec un temps de 1 minute 38.933 [&hellip;]\" \/>\n<meta name=\"twitter:image\" content=\"https:\/\/blogs.thesocialmedia.com\/leblogmoto\/files\/2012\/07\/6a00d83451b18369e201156f7125b9970c-500wi.jpg\" \/>\n<meta name=\"twitter:label1\" content=\"\u00c9crit par\" \/>\n\t<meta name=\"twitter:data1\" content=\"jacques lesage\" \/>\n\t<meta name=\"twitter:label2\" content=\"Dur\u00e9e de lecture estim\u00e9e\" \/>\n\t<meta name=\"twitter:data2\" content=\"2 minutes\" \/>\n<script type=\"application\/ld+json\" class=\"yoast-schema-graph\">{\"@context\":\"https:\/\/schema.org\",\"@graph\":[{\"@type\":\"WebPage\",\"@id\":\"https:\/\/blogs.thesocialmedia.com\/leblogmoto\/2009\/05\/02\/motogp-jerez-lespagne-en-tete\/\",\"url\":\"https:\/\/blogs.thesocialmedia.com\/leblogmoto\/2009\/05\/02\/motogp-jerez-lespagne-en-tete\/\",\"name\":\"MotoGP Jerez - L'Espagne en t\u00eate - leblogmoto.com\",\"isPartOf\":{\"@id\":\"https:\/\/blogs.thesocialmedia.com\/leblogmoto\/#website\"},\"primaryImageOfPage\":{\"@id\":\"https:\/\/blogs.thesocialmedia.com\/leblogmoto\/2009\/05\/02\/motogp-jerez-lespagne-en-tete\/#primaryimage\"},\"image\":{\"@id\":\"https:\/\/blogs.thesocialmedia.com\/leblogmoto\/2009\/05\/02\/motogp-jerez-lespagne-en-tete\/#primaryimage\"},\"thumbnailUrl\":\"https:\/\/blogs.thesocialmedia.com\/leblogmoto\/files\/2012\/07\/6a00d83451b18369e201156f7125b9970c-500wi.jpg\",\"datePublished\":\"2009-05-02T20:01:01+00:00\",\"dateModified\":\"2012-07-11T17:23:11+00:00\",\"author\":{\"@id\":\"https:\/\/blogs.thesocialmedia.com\/leblogmoto\/#\/schema\/person\/e82a0ca8a9a63d031586097a3ed58526\"},\"breadcrumb\":{\"@id\":\"https:\/\/blogs.thesocialmedia.com\/leblogmoto\/2009\/05\/02\/motogp-jerez-lespagne-en-tete\/#breadcrumb\"},\"inLanguage\":\"fr-FR\",\"potentialAction\":[{\"@type\":\"ReadAction\",\"target\":[\"https:\/\/blogs.thesocialmedia.com\/leblogmoto\/2009\/05\/02\/motogp-jerez-lespagne-en-tete\/\"]}]},{\"@type\":\"ImageObject\",\"inLanguage\":\"fr-FR\",\"@id\":\"https:\/\/blogs.thesocialmedia.com\/leblogmoto\/2009\/05\/02\/motogp-jerez-lespagne-en-tete\/#primaryimage\",\"url\":\"https:\/\/blogs.thesocialmedia.com\/leblogmoto\/files\/2012\/07\/6a00d83451b18369e201156f7125b9970c-500wi.jpg\",\"contentUrl\":\"https:\/\/blogs.thesocialmedia.com\/leblogmoto\/files\/2012\/07\/6a00d83451b18369e201156f7125b9970c-500wi.jpg\",\"width\":\"500\",\"height\":\"773\"},{\"@type\":\"BreadcrumbList\",\"@id\":\"https:\/\/blogs.thesocialmedia.com\/leblogmoto\/2009\/05\/02\/motogp-jerez-lespagne-en-tete\/#breadcrumb\",\"itemListElement\":[{\"@type\":\"ListItem\",\"position\":1,\"name\":\"Accueil\",\"item\":\"https:\/\/blogs.thesocialmedia.com\/leblogmoto\/\"},{\"@type\":\"ListItem\",\"position\":2,\"name\":\"MotoGP Jerez &#8211; L&rsquo;Espagne en t\u00eate\"}]},{\"@type\":\"WebSite\",\"@id\":\"https:\/\/blogs.thesocialmedia.com\/leblogmoto\/#website\",\"url\":\"https:\/\/blogs.thesocialmedia.com\/leblogmoto\/\",\"name\":\"leblogmoto\",\"description\":\"Toute l&#039;actualit\u00e9 des 2 roues\",\"potentialAction\":[{\"@type\":\"SearchAction\",\"target\":{\"@type\":\"EntryPoint\",\"urlTemplate\":\"https:\/\/blogs.thesocialmedia.com\/leblogmoto\/?s={search_term_string}\"},\"query-input\":{\"@type\":\"PropertyValueSpecification\",\"valueRequired\":true,\"valueName\":\"search_term_string\"}}],\"inLanguage\":\"fr-FR\"},{\"@type\":\"Person\",\"@id\":\"https:\/\/blogs.thesocialmedia.com\/leblogmoto\/#\/schema\/person\/e82a0ca8a9a63d031586097a3ed58526\",\"name\":\"jacques lesage\",\"image\":{\"@type\":\"ImageObject\",\"inLanguage\":\"fr-FR\",\"@id\":\"https:\/\/blogs.thesocialmedia.com\/leblogmoto\/#\/schema\/person\/image\/\",\"url\":\"https:\/\/secure.gravatar.com\/avatar\/?s=96&d=mm&r=g\",\"contentUrl\":\"https:\/\/secure.gravatar.com\/avatar\/?s=96&d=mm&r=g\",\"caption\":\"jacques lesage\"},\"url\":\"https:\/\/blogs.thesocialmedia.com\/leblogmoto\/author\/jacques-lesage\/\"}]}<\/script>\n<!-- \/ Yoast SEO plugin. -->","yoast_head_json":{"title":"MotoGP Jerez - L'Espagne en t\u00eate - leblogmoto.com","robots":{"index":"index","follow":"follow","max-snippet":"max-snippet:-1","max-image-preview":"max-image-preview:large","max-video-preview":"max-video-preview:-1"},"canonical":"https:\/\/blogs.thesocialmedia.com\/leblogmoto\/2009\/05\/02\/motogp-jerez-lespagne-en-tete\/","twitter_card":"summary_large_image","twitter_title":"MotoGP Jerez - L'Espagne en t\u00eate - leblogmoto.com","twitter_description":"Les forts vents \u00e0 Jerez semblent avoir donn\u00e9 aux pilotes espagnols ce petit extra leur permettant de squatter la t\u00eate de l&#039;affiche pour ce troisi\u00e8me GP de la saison 2009 \u00e0 Jerez de la Frontera.C&#039;est un Jorge Lorenzo plus motiv\u00e9 que jamais qui s&#039;est empar\u00e9 de la pole avec un temps de 1 minute 38.933 [&hellip;]","twitter_image":"https:\/\/blogs.thesocialmedia.com\/leblogmoto\/files\/2012\/07\/6a00d83451b18369e201156f7125b9970c-500wi.jpg","twitter_misc":{"\u00c9crit par":"jacques lesage","Dur\u00e9e de lecture estim\u00e9e":"2 minutes"},"schema":{"@context":"https:\/\/schema.org","@graph":[{"@type":"WebPage","@id":"https:\/\/blogs.thesocialmedia.com\/leblogmoto\/2009\/05\/02\/motogp-jerez-lespagne-en-tete\/","url":"https:\/\/blogs.thesocialmedia.com\/leblogmoto\/2009\/05\/02\/motogp-jerez-lespagne-en-tete\/","name":"MotoGP Jerez - L'Espagne en t\u00eate - leblogmoto.com","isPartOf":{"@id":"https:\/\/blogs.thesocialmedia.com\/leblogmoto\/#website"},"primaryImageOfPage":{"@id":"https:\/\/blogs.thesocialmedia.com\/leblogmoto\/2009\/05\/02\/motogp-jerez-lespagne-en-tete\/#primaryimage"},"image":{"@id":"https:\/\/blogs.thesocialmedia.com\/leblogmoto\/2009\/05\/02\/motogp-jerez-lespagne-en-tete\/#primaryimage"},"thumbnailUrl":"https:\/\/blogs.thesocialmedia.com\/leblogmoto\/files\/2012\/07\/6a00d83451b18369e201156f7125b9970c-500wi.jpg","datePublished":"2009-05-02T20:01:01+00:00","dateModified":"2012-07-11T17:23:11+00:00","author":{"@id":"https:\/\/blogs.thesocialmedia.com\/leblogmoto\/#\/schema\/person\/e82a0ca8a9a63d031586097a3ed58526"},"breadcrumb":{"@id":"https:\/\/blogs.thesocialmedia.com\/leblogmoto\/2009\/05\/02\/motogp-jerez-lespagne-en-tete\/#breadcrumb"},"inLanguage":"fr-FR","potentialAction":[{"@type":"ReadAction","target":["https:\/\/blogs.thesocialmedia.com\/leblogmoto\/2009\/05\/02\/motogp-jerez-lespagne-en-tete\/"]}]},{"@type":"ImageObject","inLanguage":"fr-FR","@id":"https:\/\/blogs.thesocialmedia.com\/leblogmoto\/2009\/05\/02\/motogp-jerez-lespagne-en-tete\/#primaryimage","url":"https:\/\/blogs.thesocialmedia.com\/leblogmoto\/files\/2012\/07\/6a00d83451b18369e201156f7125b9970c-500wi.jpg","contentUrl":"https:\/\/blogs.thesocialmedia.com\/leblogmoto\/files\/2012\/07\/6a00d83451b18369e201156f7125b9970c-500wi.jpg","width":"500","height":"773"},{"@type":"BreadcrumbList","@id":"https:\/\/blogs.thesocialmedia.com\/leblogmoto\/2009\/05\/02\/motogp-jerez-lespagne-en-tete\/#breadcrumb","itemListElement":[{"@type":"ListItem","position":1,"name":"Accueil","item":"https:\/\/blogs.thesocialmedia.com\/leblogmoto\/"},{"@type":"ListItem","position":2,"name":"MotoGP Jerez &#8211; L&rsquo;Espagne en t\u00eate"}]},{"@type":"WebSite","@id":"https:\/\/blogs.thesocialmedia.com\/leblogmoto\/#website","url":"https:\/\/blogs.thesocialmedia.com\/leblogmoto\/","name":"leblogmoto","description":"Toute l&#039;actualit\u00e9 des 2 roues","potentialAction":[{"@type":"SearchAction","target":{"@type":"EntryPoint","urlTemplate":"https:\/\/blogs.thesocialmedia.com\/leblogmoto\/?s={search_term_string}"},"query-input":{"@type":"PropertyValueSpecification","valueRequired":true,"valueName":"search_term_string"}}],"inLanguage":"fr-FR"},{"@type":"Person","@id":"https:\/\/blogs.thesocialmedia.com\/leblogmoto\/#\/schema\/person\/e82a0ca8a9a63d031586097a3ed58526","name":"jacques lesage","image":{"@type":"ImageObject","inLanguage":"fr-FR","@id":"https:\/\/blogs.thesocialmedia.com\/leblogmoto\/#\/schema\/person\/image\/","url":"https:\/\/secure.gravatar.com\/avatar\/?s=96&d=mm&r=g","contentUrl":"https:\/\/secure.gravatar.com\/avatar\/?s=96&d=mm&r=g","caption":"jacques lesage"},"url":"https:\/\/blogs.thesocialmedia.com\/leblogmoto\/author\/jacques-lesage\/"}]}},"_links":{"self":[{"href":"https:\/\/blogs.thesocialmedia.com\/leblogmoto\/wp-json\/wp\/v2\/posts\/162","targetHints":{"allow":["GET"]}}],"collection":[{"href":"https:\/\/blogs.thesocialmedia.com\/leblogmoto\/wp-json\/wp\/v2\/posts"}],"about":[{"href":"https:\/\/blogs.thesocialmedia.com\/leblogmoto\/wp-json\/wp\/v2\/types\/post"}],"author":[{"embeddable":true,"href":"https:\/\/blogs.thesocialmedia.com\/leblogmoto\/wp-json\/wp\/v2\/users\/325"}],"replies":[{"embeddable":true,"href":"https:\/\/blogs.thesocialmedia.com\/leblogmoto\/wp-json\/wp\/v2\/comments?post=162"}],"version-history":[{"count":2,"href":"https:\/\/blogs.thesocialmedia.com\/leblogmoto\/wp-json\/wp\/v2\/posts\/162\/revisions"}],"predecessor-version":[{"id":13454,"href":"https:\/\/blogs.thesocialmedia.com\/leblogmoto\/wp-json\/wp\/v2\/posts\/162\/revisions\/13454"}],"wp:featuredmedia":[{"embeddable":true,"href":"https:\/\/blogs.thesocialmedia.com\/leblogmoto\/wp-json\/wp\/v2\/media\/13445"}],"wp:attachment":[{"href":"https:\/\/blogs.thesocialmedia.com\/leblogmoto\/wp-json\/wp\/v2\/media?parent=162"}],"wp:term":[{"taxonomy":"category","embeddable":true,"href":"https:\/\/blogs.thesocialmedia.com\/leblogmoto\/wp-json\/wp\/v2\/categories?post=162"},{"taxonomy":"post_tag","embeddable":true,"href":"https:\/\/blogs.thesocialmedia.com\/leblogmoto\/wp-json\/wp\/v2\/tags?post=162"}],"curies":[{"name":"wp","href":"https:\/\/api.w.org\/{rel}","templated":true}]}}