{"id":1620,"date":"2007-01-13T21:20:29","date_gmt":"2007-01-13T21:20:29","guid":{"rendered":"http:\/\/blogs.thesocialmedia.com\/leblogmoto\/2007\/01\/13\/xxme-trial-indo\/"},"modified":"2012-07-11T13:21:54","modified_gmt":"2012-07-11T13:21:54","slug":"xxme-trial-indo","status":"publish","type":"post","link":"https:\/\/blogs.thesocialmedia.com\/leblogmoto\/2007\/01\/13\/xxme-trial-indo\/","title":{"rendered":"XX\u00e8me Trial Indoor de Toulouse: Toni Bou au sommet"},"content":{"rendered":"<p><a href=\"http:\/\/clabedan.typepad.com\/.shared\/image.html?\/photos\/uncategorized\/toni_bou1.jpeg\"><img loading=\"lazy\" decoding=\"async\" width=\"250\" height=\"166\"  src=\"http:\/\/www.leblogmoto.com\/images\/toni_bou1.jpeg\" alt=\"Toni_bou1\" style=\"margin: 0px 5px 5px 0px;float: left\" \/><\/a> Le 20\u00e8me Trial Indoor de Toulouse s\u2019est comme toujours d\u00e9roul\u00e9 \u00e0 guichets ferm\u00e9s , avec en coulisse quelques t\u00eates connues \u2026 et chenues telles Thierry Michaud , <a href=\"http:\/\/www.planetetrial.com\/\">Bruno Camozzi<\/a> ou Pascal Couturier, en fait tous les anciens vainqueurs invit\u00e9s pour l&rsquo;occasion.<\/p>\n<p>La salle du <a href=\"http:\/\/www.toulouse.fr\/fr-32\/culture-135\/salles-concert-145\/zenith-167.html\">Zenith<\/a> accueillait un public enthousiaste, dans un d\u00e9cor digne d\u2019un vingti\u00e8me anniversaire et de <a href=\"http:\/\/www.trial-club.com\/1607.0.html\">Bernard Estripeau<\/a>, le ma\u00eetre des zones et cr\u00e9ateur du premier Indoor de France. Une chute d\u2019eau culminant \u00e0 8 m\u00e8tres de haut aura tout particuli\u00e8rement impressionn\u00e9 les spectateurs comme les pilotes.<\/p>\n<p><a href=\"http:\/\/clabedan.typepad.com\/.shared\/image.html?\/photos\/uncategorized\/toni_bou3.jpeg\"><img loading=\"lazy\" decoding=\"async\" width=\"250\" height=\"376\"  src=\"http:\/\/www.leblogmoto.com\/images\/toni_bou3.jpeg\" alt=\"Toni_bou3\" style=\"margin: 0px 5px 5px 0px;float: left\" \/><\/a> Les prestations des 2 pilotes Espagnols <a href=\"http:\/\/www.tonibou.com\/\">Bou<\/a> (<a href=\"http:\/\/www.montesa.fr\/\">Montesa<\/a>) et Fajardo (<a href=\"http:\/\/www.gasgas.fr\/\">GazGaz<\/a>) qui \u00e9trennaient leurs nouvelles motos \u00e9taient bien s\u00fbr tr\u00e8s attendues .<\/p>\n<p><a href=\"http:\/\/www.tonibou.com\/\"> Antonio Bou<\/a> qui avec moins de 2 semaines de prise en main sur sa toute nouvelle <a href=\"http:\/\/www.montesa.fr\/index.php?option=com_content&amp;task=view&amp;id=70&amp;Itemid=9\">Montesa Cota 4RT (4 Temps)<\/a> vient donc de remporter haut la main le premier et l\u2019un des plus beaux indoors de la saison 2007 .<\/p>\n<p> Avec cette victoire \u00e9clatante , Tony prouve \u00e0 tous ses adversaires et surtout au pilote <a href=\"www.gasgasmotos.es\/esp\/frame.htm\">GazGaz<\/a> <a href=\"http:\/\/www.adamraga.com\/\">Adam Raga<\/a> &#8211; champion du Monde 2006 et triple champion du Monde outdoor &#8211; que ses ambitions pour 2007 sont les titres supr\u00eames !<\/p>\n<p> D\u00e8s le premier Tour, Bou \u00e9branlait le petit monde du trial circus en parvenant a conserver son style a\u00e9rien avec un moteur 4T, encha\u00eenant les 0 avec une facilit\u00e9 d\u00e9concertante. Seul Adam Raga \u00e0 1 point derri\u00e8re&nbsp; parvenait \u00e0 garder le contact .<\/p>\n<p> Mais au 2\u00e8me Tour , Tony Bou allait \u00e9craser la concurrence pour finir \u00e0 8 au g\u00e9n\u00e9ral, \u00e0 9 points de Raga et 11 points de Fujinami !<\/p>\n<p> 1 <a href=\"http:\/\/www.tonibou.com\/\">Tony Bou<\/a>&nbsp; 8pts<br \/> 2 <a href=\"http:\/\/www.adamraga.com\/\">Adam RAGA<\/a>&nbsp; 17pts<br \/> 3 Takashi FUJINAMI&nbsp; 19pts<br \/> 4 <a href=\"http:\/\/www.dougielampkin.co.uk\/\">Doug LAMPKIN<\/a>&nbsp; 24pts<br \/> 5 <a href=\"http:\/\/www.gasgasmotos.es\/eng\/competi\/trial\/equipo\/jeroni.htm\">Jeroni FAJARDO<\/a>&nbsp; 36pts<br \/> 6 <a href=\"http:\/\/www.tech-trial.com\/htm\/bruandchristophe.htm\">Christophe BRUAND<\/a>&nbsp; 44pts<\/p>\n<p> A noter la belle prestation de Christophe Bruand (18\u00e8me mondial) aussi volontaire que spectaculaire, qui malgr\u00e9 le score a \u00e9tonn\u00e9 l&rsquo;ensemble du public, tendis que Jeroni Fajardo, restait \u00e0 la peine tout au long de la soir\u00e9e. <\/p>\n<p> Voil\u00e0 qui augure bien pour la premi\u00e8re manche du Mondial Indoor ce dimanche \u00e0 <a href=\"http:\/\/www.granadaenjuego.com\/noticias-trial.htm\">Grenade<\/a> . <\/p>\n","protected":false},"excerpt":{"rendered":"<p>Le 20\u00e8me Trial Indoor de Toulouse s\u2019est comme toujours d\u00e9roul\u00e9 \u00e0 guichets ferm\u00e9s , avec en coulisse quelques t\u00eates connues \u2026 et chenues telles Thierry Michaud , Bruno Camozzi ou Pascal Couturier, en fait tous les anciens vainqueurs invit\u00e9s pour l&rsquo;occasion. La salle du Zenith accueillait un public enthousiaste, dans un d\u00e9cor digne d\u2019un vingti\u00e8me [&hellip;]<\/p>\n","protected":false},"author":333,"featured_media":0,"comment_status":"open","ping_status":"open","sticky":false,"template":"","format":"standard","meta":{"footnotes":""},"categories":[32],"tags":[],"class_list":["post-1620","post","type-post","status-publish","format-standard","hentry","category-sport-moto"],"yoast_head":"<!-- This site is optimized with the Yoast SEO plugin v26.0 - https:\/\/yoast.com\/wordpress\/plugins\/seo\/ -->\n<title>XX\u00e8me Trial Indoor de Toulouse: Toni Bou au sommet - leblogmoto.com<\/title>\n<meta name=\"robots\" content=\"index, follow, max-snippet:-1, max-image-preview:large, max-video-preview:-1\" \/>\n<link rel=\"canonical\" href=\"https:\/\/blogs.thesocialmedia.com\/leblogmoto\/2007\/01\/13\/xxme-trial-indo\/\" \/>\n<meta name=\"twitter:card\" content=\"summary_large_image\" \/>\n<meta name=\"twitter:title\" content=\"XX\u00e8me Trial Indoor de Toulouse: Toni Bou au sommet - leblogmoto.com\" \/>\n<meta name=\"twitter:description\" content=\"Le 20\u00e8me Trial Indoor de Toulouse s\u2019est comme toujours d\u00e9roul\u00e9 \u00e0 guichets ferm\u00e9s , avec en coulisse quelques t\u00eates connues \u2026 et chenues telles Thierry Michaud , Bruno Camozzi ou Pascal Couturier, en fait tous les anciens vainqueurs invit\u00e9s pour l&rsquo;occasion. La salle du Zenith accueillait un public enthousiaste, dans un d\u00e9cor digne d\u2019un vingti\u00e8me [&hellip;]\" \/>\n<meta name=\"twitter:image\" content=\"http:\/\/www.leblogmoto.com\/images\/toni_bou1.jpeg\" \/>\n<meta name=\"twitter:label1\" content=\"\u00c9crit par\" \/>\n\t<meta name=\"twitter:data1\" content=\"christian tirat\" \/>\n\t<meta name=\"twitter:label2\" content=\"Dur\u00e9e de lecture estim\u00e9e\" \/>\n\t<meta name=\"twitter:data2\" content=\"2 minutes\" \/>\n<script type=\"application\/ld+json\" class=\"yoast-schema-graph\">{\"@context\":\"https:\/\/schema.org\",\"@graph\":[{\"@type\":\"WebPage\",\"@id\":\"https:\/\/blogs.thesocialmedia.com\/leblogmoto\/2007\/01\/13\/xxme-trial-indo\/\",\"url\":\"https:\/\/blogs.thesocialmedia.com\/leblogmoto\/2007\/01\/13\/xxme-trial-indo\/\",\"name\":\"XX\u00e8me Trial Indoor de Toulouse: Toni Bou au sommet - leblogmoto.com\",\"isPartOf\":{\"@id\":\"https:\/\/blogs.thesocialmedia.com\/leblogmoto\/#website\"},\"primaryImageOfPage\":{\"@id\":\"https:\/\/blogs.thesocialmedia.com\/leblogmoto\/2007\/01\/13\/xxme-trial-indo\/#primaryimage\"},\"image\":{\"@id\":\"https:\/\/blogs.thesocialmedia.com\/leblogmoto\/2007\/01\/13\/xxme-trial-indo\/#primaryimage\"},\"thumbnailUrl\":\"http:\/\/www.leblogmoto.com\/images\/toni_bou1.jpeg\",\"datePublished\":\"2007-01-13T21:20:29+00:00\",\"dateModified\":\"2012-07-11T13:21:54+00:00\",\"author\":{\"@id\":\"https:\/\/blogs.thesocialmedia.com\/leblogmoto\/#\/schema\/person\/90b2f8fd0d5a2cede2580e95fc79c6c0\"},\"breadcrumb\":{\"@id\":\"https:\/\/blogs.thesocialmedia.com\/leblogmoto\/2007\/01\/13\/xxme-trial-indo\/#breadcrumb\"},\"inLanguage\":\"fr-FR\",\"potentialAction\":[{\"@type\":\"ReadAction\",\"target\":[\"https:\/\/blogs.thesocialmedia.com\/leblogmoto\/2007\/01\/13\/xxme-trial-indo\/\"]}]},{\"@type\":\"ImageObject\",\"inLanguage\":\"fr-FR\",\"@id\":\"https:\/\/blogs.thesocialmedia.com\/leblogmoto\/2007\/01\/13\/xxme-trial-indo\/#primaryimage\",\"url\":\"http:\/\/www.leblogmoto.com\/images\/toni_bou1.jpeg\",\"contentUrl\":\"http:\/\/www.leblogmoto.com\/images\/toni_bou1.jpeg\"},{\"@type\":\"BreadcrumbList\",\"@id\":\"https:\/\/blogs.thesocialmedia.com\/leblogmoto\/2007\/01\/13\/xxme-trial-indo\/#breadcrumb\",\"itemListElement\":[{\"@type\":\"ListItem\",\"position\":1,\"name\":\"Accueil\",\"item\":\"https:\/\/blogs.thesocialmedia.com\/leblogmoto\/\"},{\"@type\":\"ListItem\",\"position\":2,\"name\":\"XX\u00e8me Trial Indoor de Toulouse: Toni Bou au sommet\"}]},{\"@type\":\"WebSite\",\"@id\":\"https:\/\/blogs.thesocialmedia.com\/leblogmoto\/#website\",\"url\":\"https:\/\/blogs.thesocialmedia.com\/leblogmoto\/\",\"name\":\"leblogmoto\",\"description\":\"Toute l&#039;actualit\u00e9 des 2 roues\",\"potentialAction\":[{\"@type\":\"SearchAction\",\"target\":{\"@type\":\"EntryPoint\",\"urlTemplate\":\"https:\/\/blogs.thesocialmedia.com\/leblogmoto\/?s={search_term_string}\"},\"query-input\":{\"@type\":\"PropertyValueSpecification\",\"valueRequired\":true,\"valueName\":\"search_term_string\"}}],\"inLanguage\":\"fr-FR\"},{\"@type\":\"Person\",\"@id\":\"https:\/\/blogs.thesocialmedia.com\/leblogmoto\/#\/schema\/person\/90b2f8fd0d5a2cede2580e95fc79c6c0\",\"name\":\"christian tirat\",\"image\":{\"@type\":\"ImageObject\",\"inLanguage\":\"fr-FR\",\"@id\":\"https:\/\/blogs.thesocialmedia.com\/leblogmoto\/#\/schema\/person\/image\/\",\"url\":\"https:\/\/secure.gravatar.com\/avatar\/?s=96&d=mm&r=g\",\"contentUrl\":\"https:\/\/secure.gravatar.com\/avatar\/?s=96&d=mm&r=g\",\"caption\":\"christian tirat\"},\"url\":\"https:\/\/blogs.thesocialmedia.com\/leblogmoto\/author\/christian-tirat\/\"}]}<\/script>\n<!-- \/ Yoast SEO plugin. -->","yoast_head_json":{"title":"XX\u00e8me Trial Indoor de Toulouse: Toni Bou au sommet - leblogmoto.com","robots":{"index":"index","follow":"follow","max-snippet":"max-snippet:-1","max-image-preview":"max-image-preview:large","max-video-preview":"max-video-preview:-1"},"canonical":"https:\/\/blogs.thesocialmedia.com\/leblogmoto\/2007\/01\/13\/xxme-trial-indo\/","twitter_card":"summary_large_image","twitter_title":"XX\u00e8me Trial Indoor de Toulouse: Toni Bou au sommet - leblogmoto.com","twitter_description":"Le 20\u00e8me Trial Indoor de Toulouse s\u2019est comme toujours d\u00e9roul\u00e9 \u00e0 guichets ferm\u00e9s , avec en coulisse quelques t\u00eates connues \u2026 et chenues telles Thierry Michaud , Bruno Camozzi ou Pascal Couturier, en fait tous les anciens vainqueurs invit\u00e9s pour l&rsquo;occasion. La salle du Zenith accueillait un public enthousiaste, dans un d\u00e9cor digne d\u2019un vingti\u00e8me [&hellip;]","twitter_image":"http:\/\/www.leblogmoto.com\/images\/toni_bou1.jpeg","twitter_misc":{"\u00c9crit par":"christian tirat","Dur\u00e9e de lecture estim\u00e9e":"2 minutes"},"schema":{"@context":"https:\/\/schema.org","@graph":[{"@type":"WebPage","@id":"https:\/\/blogs.thesocialmedia.com\/leblogmoto\/2007\/01\/13\/xxme-trial-indo\/","url":"https:\/\/blogs.thesocialmedia.com\/leblogmoto\/2007\/01\/13\/xxme-trial-indo\/","name":"XX\u00e8me Trial Indoor de Toulouse: Toni Bou au sommet - leblogmoto.com","isPartOf":{"@id":"https:\/\/blogs.thesocialmedia.com\/leblogmoto\/#website"},"primaryImageOfPage":{"@id":"https:\/\/blogs.thesocialmedia.com\/leblogmoto\/2007\/01\/13\/xxme-trial-indo\/#primaryimage"},"image":{"@id":"https:\/\/blogs.thesocialmedia.com\/leblogmoto\/2007\/01\/13\/xxme-trial-indo\/#primaryimage"},"thumbnailUrl":"http:\/\/www.leblogmoto.com\/images\/toni_bou1.jpeg","datePublished":"2007-01-13T21:20:29+00:00","dateModified":"2012-07-11T13:21:54+00:00","author":{"@id":"https:\/\/blogs.thesocialmedia.com\/leblogmoto\/#\/schema\/person\/90b2f8fd0d5a2cede2580e95fc79c6c0"},"breadcrumb":{"@id":"https:\/\/blogs.thesocialmedia.com\/leblogmoto\/2007\/01\/13\/xxme-trial-indo\/#breadcrumb"},"inLanguage":"fr-FR","potentialAction":[{"@type":"ReadAction","target":["https:\/\/blogs.thesocialmedia.com\/leblogmoto\/2007\/01\/13\/xxme-trial-indo\/"]}]},{"@type":"ImageObject","inLanguage":"fr-FR","@id":"https:\/\/blogs.thesocialmedia.com\/leblogmoto\/2007\/01\/13\/xxme-trial-indo\/#primaryimage","url":"http:\/\/www.leblogmoto.com\/images\/toni_bou1.jpeg","contentUrl":"http:\/\/www.leblogmoto.com\/images\/toni_bou1.jpeg"},{"@type":"BreadcrumbList","@id":"https:\/\/blogs.thesocialmedia.com\/leblogmoto\/2007\/01\/13\/xxme-trial-indo\/#breadcrumb","itemListElement":[{"@type":"ListItem","position":1,"name":"Accueil","item":"https:\/\/blogs.thesocialmedia.com\/leblogmoto\/"},{"@type":"ListItem","position":2,"name":"XX\u00e8me Trial Indoor de Toulouse: Toni Bou au sommet"}]},{"@type":"WebSite","@id":"https:\/\/blogs.thesocialmedia.com\/leblogmoto\/#website","url":"https:\/\/blogs.thesocialmedia.com\/leblogmoto\/","name":"leblogmoto","description":"Toute l&#039;actualit\u00e9 des 2 roues","potentialAction":[{"@type":"SearchAction","target":{"@type":"EntryPoint","urlTemplate":"https:\/\/blogs.thesocialmedia.com\/leblogmoto\/?s={search_term_string}"},"query-input":{"@type":"PropertyValueSpecification","valueRequired":true,"valueName":"search_term_string"}}],"inLanguage":"fr-FR"},{"@type":"Person","@id":"https:\/\/blogs.thesocialmedia.com\/leblogmoto\/#\/schema\/person\/90b2f8fd0d5a2cede2580e95fc79c6c0","name":"christian tirat","image":{"@type":"ImageObject","inLanguage":"fr-FR","@id":"https:\/\/blogs.thesocialmedia.com\/leblogmoto\/#\/schema\/person\/image\/","url":"https:\/\/secure.gravatar.com\/avatar\/?s=96&d=mm&r=g","contentUrl":"https:\/\/secure.gravatar.com\/avatar\/?s=96&d=mm&r=g","caption":"christian tirat"},"url":"https:\/\/blogs.thesocialmedia.com\/leblogmoto\/author\/christian-tirat\/"}]}},"_links":{"self":[{"href":"https:\/\/blogs.thesocialmedia.com\/leblogmoto\/wp-json\/wp\/v2\/posts\/1620","targetHints":{"allow":["GET"]}}],"collection":[{"href":"https:\/\/blogs.thesocialmedia.com\/leblogmoto\/wp-json\/wp\/v2\/posts"}],"about":[{"href":"https:\/\/blogs.thesocialmedia.com\/leblogmoto\/wp-json\/wp\/v2\/types\/post"}],"author":[{"embeddable":true,"href":"https:\/\/blogs.thesocialmedia.com\/leblogmoto\/wp-json\/wp\/v2\/users\/333"}],"replies":[{"embeddable":true,"href":"https:\/\/blogs.thesocialmedia.com\/leblogmoto\/wp-json\/wp\/v2\/comments?post=1620"}],"version-history":[{"count":1,"href":"https:\/\/blogs.thesocialmedia.com\/leblogmoto\/wp-json\/wp\/v2\/posts\/1620\/revisions"}],"predecessor-version":[{"id":3552,"href":"https:\/\/blogs.thesocialmedia.com\/leblogmoto\/wp-json\/wp\/v2\/posts\/1620\/revisions\/3552"}],"wp:attachment":[{"href":"https:\/\/blogs.thesocialmedia.com\/leblogmoto\/wp-json\/wp\/v2\/media?parent=1620"}],"wp:term":[{"taxonomy":"category","embeddable":true,"href":"https:\/\/blogs.thesocialmedia.com\/leblogmoto\/wp-json\/wp\/v2\/categories?post=1620"},{"taxonomy":"post_tag","embeddable":true,"href":"https:\/\/blogs.thesocialmedia.com\/leblogmoto\/wp-json\/wp\/v2\/tags?post=1620"}],"curies":[{"name":"wp","href":"https:\/\/api.w.org\/{rel}","templated":true}]}}