{"id":1622,"date":"2007-01-13T12:39:00","date_gmt":"2007-01-13T12:39:00","guid":{"rendered":"http:\/\/blogs.thesocialmedia.com\/leblogmoto\/2007\/01\/13\/dakar-desprs-sa\/"},"modified":"2012-07-11T14:29:51","modified_gmt":"2012-07-11T14:29:51","slug":"dakar-desprs-sa","status":"publish","type":"post","link":"https:\/\/blogs.thesocialmedia.com\/leblogmoto\/2007\/01\/13\/dakar-desprs-sa\/","title":{"rendered":"Dakar: Despr\u00e8s s&rsquo;accroche, Vayssi\u00e8 remonte"},"content":{"rendered":"<p><a href=\"http:\/\/blogs.thesocialmedia.com\/leblogmoto\/files\/2012\/07\/070113_art48_vayssi_dakar_7_2.jpg\"><img loading=\"lazy\" decoding=\"async\" width=\"250\" height=\"308\"  src=\"http:\/\/www.leblogmoto.com\/images\/070113_art48_vayssi_dakar_7_2.jpg\" alt=\"070113_art48_vayssi_dakar_7_2\" style=\"margin: 0px 5px 5px 0px;float: left\" \/><\/a> Le fran\u00e7ais <a href=\"http:\/\/www.cyrildespres.com\/home.html\">Cyril Despr\u00e8s<\/a> sur <a href=\"http:\/\/www.ktmusa.com\/KTM-Ready-to-Race.1.7.html\">KTM <\/a>a remport\u00e9 la 7\u00e8me \u00e9tape du <a href=\"http:\/\/www.dakar.com\/\">Dakar<\/a> devant le Norv\u00e9gien Pal Anders Ullevalseter \u00e9galement sur <a href=\"http:\/\/www.ktmusa.com\/KTM-Ready-to-Race.1.7.html\">KTM<\/a>.&nbsp; <br \/>Disput\u00e9e entre Zouerat et Atar, en <a href=\"http:\/\/www.photos-voyages.com\/mauritanie\/\">Mauritanie<\/a>, l\u2019\u00e9tape a \u00e9t\u00e9 raccourcie en raison d&rsquo;une temp\u00eate de sable. <br \/>Le classement n\u2019est cependant pas d\u00e9finitif car le h\u00e9ros du jour, le pilote am\u00e9ricain <a href=\"http:\/\/www.blaisracing.com\/\">Chris Blais<\/a>, 5\u00e8me au g\u00e9n\u00e9ral, pourrait \u00eatre d\u00e9clar\u00e9 vainqueur par les organisateurs. Il a en effet attendu l&rsquo;arriv\u00e9e des secours aupr\u00e8s du co\u00e9quipier de <a href=\"http:\/\/www.marccoma.com\/\">Coma<\/a>, le catalan <a href=\"http:\/\/fr.sports.yahoo.com\/28122006\/43\/portrait-pro-jordi-viladoms-je-me-suis-senti-petit.html\">Jordi Viladoms<\/a>, victime d&rsquo;une chute. Au lendemain de sa premi\u00e8re victoire d\u2019\u00e9tape, le pilote espagnol souffre d\u2019une fracture du bras et se voit contraint \u00e0 l\u2019abandon.<\/p>\n<p><a href=\"http:\/\/clabedan.typepad.com\/.shared\/image.html?\/photos\/uncategorized\/2007_dakar_coma1_1.jpg\"><img loading=\"lazy\" decoding=\"async\" width=\"250\" height=\"167\"  src=\"http:\/\/www.leblogmoto.com\/images\/2007_dakar_coma1_1.jpg\" alt=\"2007_dakar_coma1_1\" style=\"margin: 0px 5px 5px 0px;float: left\" \/><\/a> <a href=\"http:\/\/www.cyrildespres.com\/home.html\">Despr\u00e8s<\/a> a repris 12 minutes \u00e0 l&rsquo;Espagnol <a href=\"http:\/\/www.marccoma.com\/\">Marc Coma<\/a> mais il reste \u00e0 45 minutes du leader. <a href=\"http:\/\/www.marccoma.com\/\">Coma<\/a> maintient aussi son avance de 11 minutes sur son poursuivant direct l\u2019espagnol Isidre Esteve Pujol (<a href=\"http:\/\/www.ktmusa.com\/KTM-Ready-to-Race.1.7.html\">KTM<\/a>) mais la perte de son co\u00e9quipier pourrait \u00eatre en handicap pour la suite de sa course. <\/p>\n<p> L\u2019amateur toulousain <a href=\"http:\/\/www.toulouse-bestof.com\">Michel Vayssi\u00e8 <\/a>sur <a href=\"http:\/\/www.yamaha-racing.com\/Racing\/dakar\/index.jsp\">Yamaha<\/a>, pilote \u00ab Blog Moto \u00bb 33\u00e8me au g\u00e9n\u00e9ral, continue sa remont\u00e9e r\u00e9guli\u00e8re vers le haut du classement en grignotant encore 4 places dans les dunes Mauritaniennes:<br \/> Scratch :<br \/> 38&nbsp; &nbsp;&nbsp; &nbsp;213&nbsp; &nbsp;&nbsp; &nbsp;<a href=\"http:\/\/www.toulouse-bestof.com\">VAYSSIE (FRA)<\/a>&nbsp; &nbsp;&nbsp; &nbsp;<a href=\"http:\/\/www.yamaha-racing.com\/Racing\/dakar\/index.jsp\">YAMAHA<\/a>&nbsp; &nbsp;&nbsp; &nbsp;05:52:45&nbsp; &nbsp;&nbsp; &nbsp;01:22:03<br \/> G\u00e9n\u00e9ral :<br \/> 33&nbsp; &nbsp;&nbsp; &nbsp;213&nbsp; &nbsp;&nbsp; &nbsp;<a href=\"http:\/\/www.toulouse-bestof.com\">VAYSSIE (FRA) <\/a>&nbsp; &nbsp;&nbsp; <a href=\"http:\/\/www.yamaha-racing.com\/Racing\/dakar\/index.jsp\">YAMAHA<\/a>&nbsp; &nbsp;&nbsp; &nbsp;28:25:31&nbsp; &nbsp;&nbsp; &nbsp;05:46:57<br \/> Contact\u00e9 hier soir par t\u00e9l\u00e9phone notre pilote manifestait cependant sa satisfaction de pouvoir marquer une pause aujourd\u2019hui<br \/> &quot;Une journ\u00e9e de repos m\u00e9rit\u00e9e apr\u00e8s 2 \u00e9tapes longues et difficiles !<br \/> Je fais attention \u00e0 la moto, la navigation est un vrai plaisir. Je n&rsquo;ai pas trop de difficult\u00e9s dans les dunes.<br \/> Ici pas le temps de fl\u00e2ner, le soir on pr\u00e9pare le road book et ensuite on dort.&quot;<\/p>\n","protected":false},"excerpt":{"rendered":"<p>Le fran\u00e7ais Cyril Despr\u00e8s sur KTM a remport\u00e9 la 7\u00e8me \u00e9tape du Dakar devant le Norv\u00e9gien Pal Anders Ullevalseter \u00e9galement sur KTM.&nbsp; Disput\u00e9e entre Zouerat et Atar, en Mauritanie, l\u2019\u00e9tape a \u00e9t\u00e9 raccourcie en raison d&rsquo;une temp\u00eate de sable. Le classement n\u2019est cependant pas d\u00e9finitif car le h\u00e9ros du jour, le pilote am\u00e9ricain Chris Blais, [&hellip;]<\/p>\n","protected":false},"author":333,"featured_media":0,"comment_status":"open","ping_status":"open","sticky":false,"template":"","format":"standard","meta":{"footnotes":""},"categories":[59],"tags":[],"class_list":["post-1622","post","type-post","status-publish","format-standard","hentry","category-dakar"],"yoast_head":"<!-- This site is optimized with the Yoast SEO plugin v26.0 - https:\/\/yoast.com\/wordpress\/plugins\/seo\/ -->\n<title>Dakar: Despr\u00e8s s&#039;accroche, Vayssi\u00e8 remonte - leblogmoto.com<\/title>\n<meta name=\"robots\" content=\"index, follow, max-snippet:-1, max-image-preview:large, max-video-preview:-1\" \/>\n<link rel=\"canonical\" href=\"https:\/\/blogs.thesocialmedia.com\/leblogmoto\/2007\/01\/13\/dakar-desprs-sa\/\" \/>\n<meta name=\"twitter:card\" content=\"summary_large_image\" \/>\n<meta name=\"twitter:title\" content=\"Dakar: Despr\u00e8s s&#039;accroche, Vayssi\u00e8 remonte - leblogmoto.com\" \/>\n<meta name=\"twitter:description\" content=\"Le fran\u00e7ais Cyril Despr\u00e8s sur KTM a remport\u00e9 la 7\u00e8me \u00e9tape du Dakar devant le Norv\u00e9gien Pal Anders Ullevalseter \u00e9galement sur KTM.&nbsp; Disput\u00e9e entre Zouerat et Atar, en Mauritanie, l\u2019\u00e9tape a \u00e9t\u00e9 raccourcie en raison d&rsquo;une temp\u00eate de sable. Le classement n\u2019est cependant pas d\u00e9finitif car le h\u00e9ros du jour, le pilote am\u00e9ricain Chris Blais, [&hellip;]\" \/>\n<meta name=\"twitter:image\" content=\"http:\/\/www.leblogmoto.com\/images\/070113_art48_vayssi_dakar_7_2.jpg\" \/>\n<meta name=\"twitter:label1\" content=\"\u00c9crit par\" \/>\n\t<meta name=\"twitter:data1\" content=\"christian tirat\" \/>\n\t<meta name=\"twitter:label2\" content=\"Dur\u00e9e de lecture estim\u00e9e\" \/>\n\t<meta name=\"twitter:data2\" content=\"2 minutes\" \/>\n<script type=\"application\/ld+json\" class=\"yoast-schema-graph\">{\"@context\":\"https:\/\/schema.org\",\"@graph\":[{\"@type\":\"WebPage\",\"@id\":\"https:\/\/blogs.thesocialmedia.com\/leblogmoto\/2007\/01\/13\/dakar-desprs-sa\/\",\"url\":\"https:\/\/blogs.thesocialmedia.com\/leblogmoto\/2007\/01\/13\/dakar-desprs-sa\/\",\"name\":\"Dakar: Despr\u00e8s s'accroche, Vayssi\u00e8 remonte - leblogmoto.com\",\"isPartOf\":{\"@id\":\"https:\/\/blogs.thesocialmedia.com\/leblogmoto\/#website\"},\"primaryImageOfPage\":{\"@id\":\"https:\/\/blogs.thesocialmedia.com\/leblogmoto\/2007\/01\/13\/dakar-desprs-sa\/#primaryimage\"},\"image\":{\"@id\":\"https:\/\/blogs.thesocialmedia.com\/leblogmoto\/2007\/01\/13\/dakar-desprs-sa\/#primaryimage\"},\"thumbnailUrl\":\"http:\/\/www.leblogmoto.com\/images\/070113_art48_vayssi_dakar_7_2.jpg\",\"datePublished\":\"2007-01-13T12:39:00+00:00\",\"dateModified\":\"2012-07-11T14:29:51+00:00\",\"author\":{\"@id\":\"https:\/\/blogs.thesocialmedia.com\/leblogmoto\/#\/schema\/person\/90b2f8fd0d5a2cede2580e95fc79c6c0\"},\"breadcrumb\":{\"@id\":\"https:\/\/blogs.thesocialmedia.com\/leblogmoto\/2007\/01\/13\/dakar-desprs-sa\/#breadcrumb\"},\"inLanguage\":\"fr-FR\",\"potentialAction\":[{\"@type\":\"ReadAction\",\"target\":[\"https:\/\/blogs.thesocialmedia.com\/leblogmoto\/2007\/01\/13\/dakar-desprs-sa\/\"]}]},{\"@type\":\"ImageObject\",\"inLanguage\":\"fr-FR\",\"@id\":\"https:\/\/blogs.thesocialmedia.com\/leblogmoto\/2007\/01\/13\/dakar-desprs-sa\/#primaryimage\",\"url\":\"http:\/\/www.leblogmoto.com\/images\/070113_art48_vayssi_dakar_7_2.jpg\",\"contentUrl\":\"http:\/\/www.leblogmoto.com\/images\/070113_art48_vayssi_dakar_7_2.jpg\"},{\"@type\":\"BreadcrumbList\",\"@id\":\"https:\/\/blogs.thesocialmedia.com\/leblogmoto\/2007\/01\/13\/dakar-desprs-sa\/#breadcrumb\",\"itemListElement\":[{\"@type\":\"ListItem\",\"position\":1,\"name\":\"Accueil\",\"item\":\"https:\/\/blogs.thesocialmedia.com\/leblogmoto\/\"},{\"@type\":\"ListItem\",\"position\":2,\"name\":\"Dakar: Despr\u00e8s s&rsquo;accroche, Vayssi\u00e8 remonte\"}]},{\"@type\":\"WebSite\",\"@id\":\"https:\/\/blogs.thesocialmedia.com\/leblogmoto\/#website\",\"url\":\"https:\/\/blogs.thesocialmedia.com\/leblogmoto\/\",\"name\":\"leblogmoto\",\"description\":\"Toute l&#039;actualit\u00e9 des 2 roues\",\"potentialAction\":[{\"@type\":\"SearchAction\",\"target\":{\"@type\":\"EntryPoint\",\"urlTemplate\":\"https:\/\/blogs.thesocialmedia.com\/leblogmoto\/?s={search_term_string}\"},\"query-input\":{\"@type\":\"PropertyValueSpecification\",\"valueRequired\":true,\"valueName\":\"search_term_string\"}}],\"inLanguage\":\"fr-FR\"},{\"@type\":\"Person\",\"@id\":\"https:\/\/blogs.thesocialmedia.com\/leblogmoto\/#\/schema\/person\/90b2f8fd0d5a2cede2580e95fc79c6c0\",\"name\":\"christian tirat\",\"image\":{\"@type\":\"ImageObject\",\"inLanguage\":\"fr-FR\",\"@id\":\"https:\/\/blogs.thesocialmedia.com\/leblogmoto\/#\/schema\/person\/image\/\",\"url\":\"https:\/\/secure.gravatar.com\/avatar\/?s=96&d=mm&r=g\",\"contentUrl\":\"https:\/\/secure.gravatar.com\/avatar\/?s=96&d=mm&r=g\",\"caption\":\"christian tirat\"},\"url\":\"https:\/\/blogs.thesocialmedia.com\/leblogmoto\/author\/christian-tirat\/\"}]}<\/script>\n<!-- \/ Yoast SEO plugin. -->","yoast_head_json":{"title":"Dakar: Despr\u00e8s s'accroche, Vayssi\u00e8 remonte - leblogmoto.com","robots":{"index":"index","follow":"follow","max-snippet":"max-snippet:-1","max-image-preview":"max-image-preview:large","max-video-preview":"max-video-preview:-1"},"canonical":"https:\/\/blogs.thesocialmedia.com\/leblogmoto\/2007\/01\/13\/dakar-desprs-sa\/","twitter_card":"summary_large_image","twitter_title":"Dakar: Despr\u00e8s s'accroche, Vayssi\u00e8 remonte - leblogmoto.com","twitter_description":"Le fran\u00e7ais Cyril Despr\u00e8s sur KTM a remport\u00e9 la 7\u00e8me \u00e9tape du Dakar devant le Norv\u00e9gien Pal Anders Ullevalseter \u00e9galement sur KTM.&nbsp; Disput\u00e9e entre Zouerat et Atar, en Mauritanie, l\u2019\u00e9tape a \u00e9t\u00e9 raccourcie en raison d&rsquo;une temp\u00eate de sable. Le classement n\u2019est cependant pas d\u00e9finitif car le h\u00e9ros du jour, le pilote am\u00e9ricain Chris Blais, [&hellip;]","twitter_image":"http:\/\/www.leblogmoto.com\/images\/070113_art48_vayssi_dakar_7_2.jpg","twitter_misc":{"\u00c9crit par":"christian tirat","Dur\u00e9e de lecture estim\u00e9e":"2 minutes"},"schema":{"@context":"https:\/\/schema.org","@graph":[{"@type":"WebPage","@id":"https:\/\/blogs.thesocialmedia.com\/leblogmoto\/2007\/01\/13\/dakar-desprs-sa\/","url":"https:\/\/blogs.thesocialmedia.com\/leblogmoto\/2007\/01\/13\/dakar-desprs-sa\/","name":"Dakar: Despr\u00e8s s'accroche, Vayssi\u00e8 remonte - leblogmoto.com","isPartOf":{"@id":"https:\/\/blogs.thesocialmedia.com\/leblogmoto\/#website"},"primaryImageOfPage":{"@id":"https:\/\/blogs.thesocialmedia.com\/leblogmoto\/2007\/01\/13\/dakar-desprs-sa\/#primaryimage"},"image":{"@id":"https:\/\/blogs.thesocialmedia.com\/leblogmoto\/2007\/01\/13\/dakar-desprs-sa\/#primaryimage"},"thumbnailUrl":"http:\/\/www.leblogmoto.com\/images\/070113_art48_vayssi_dakar_7_2.jpg","datePublished":"2007-01-13T12:39:00+00:00","dateModified":"2012-07-11T14:29:51+00:00","author":{"@id":"https:\/\/blogs.thesocialmedia.com\/leblogmoto\/#\/schema\/person\/90b2f8fd0d5a2cede2580e95fc79c6c0"},"breadcrumb":{"@id":"https:\/\/blogs.thesocialmedia.com\/leblogmoto\/2007\/01\/13\/dakar-desprs-sa\/#breadcrumb"},"inLanguage":"fr-FR","potentialAction":[{"@type":"ReadAction","target":["https:\/\/blogs.thesocialmedia.com\/leblogmoto\/2007\/01\/13\/dakar-desprs-sa\/"]}]},{"@type":"ImageObject","inLanguage":"fr-FR","@id":"https:\/\/blogs.thesocialmedia.com\/leblogmoto\/2007\/01\/13\/dakar-desprs-sa\/#primaryimage","url":"http:\/\/www.leblogmoto.com\/images\/070113_art48_vayssi_dakar_7_2.jpg","contentUrl":"http:\/\/www.leblogmoto.com\/images\/070113_art48_vayssi_dakar_7_2.jpg"},{"@type":"BreadcrumbList","@id":"https:\/\/blogs.thesocialmedia.com\/leblogmoto\/2007\/01\/13\/dakar-desprs-sa\/#breadcrumb","itemListElement":[{"@type":"ListItem","position":1,"name":"Accueil","item":"https:\/\/blogs.thesocialmedia.com\/leblogmoto\/"},{"@type":"ListItem","position":2,"name":"Dakar: Despr\u00e8s s&rsquo;accroche, Vayssi\u00e8 remonte"}]},{"@type":"WebSite","@id":"https:\/\/blogs.thesocialmedia.com\/leblogmoto\/#website","url":"https:\/\/blogs.thesocialmedia.com\/leblogmoto\/","name":"leblogmoto","description":"Toute l&#039;actualit\u00e9 des 2 roues","potentialAction":[{"@type":"SearchAction","target":{"@type":"EntryPoint","urlTemplate":"https:\/\/blogs.thesocialmedia.com\/leblogmoto\/?s={search_term_string}"},"query-input":{"@type":"PropertyValueSpecification","valueRequired":true,"valueName":"search_term_string"}}],"inLanguage":"fr-FR"},{"@type":"Person","@id":"https:\/\/blogs.thesocialmedia.com\/leblogmoto\/#\/schema\/person\/90b2f8fd0d5a2cede2580e95fc79c6c0","name":"christian tirat","image":{"@type":"ImageObject","inLanguage":"fr-FR","@id":"https:\/\/blogs.thesocialmedia.com\/leblogmoto\/#\/schema\/person\/image\/","url":"https:\/\/secure.gravatar.com\/avatar\/?s=96&d=mm&r=g","contentUrl":"https:\/\/secure.gravatar.com\/avatar\/?s=96&d=mm&r=g","caption":"christian tirat"},"url":"https:\/\/blogs.thesocialmedia.com\/leblogmoto\/author\/christian-tirat\/"}]}},"_links":{"self":[{"href":"https:\/\/blogs.thesocialmedia.com\/leblogmoto\/wp-json\/wp\/v2\/posts\/1622","targetHints":{"allow":["GET"]}}],"collection":[{"href":"https:\/\/blogs.thesocialmedia.com\/leblogmoto\/wp-json\/wp\/v2\/posts"}],"about":[{"href":"https:\/\/blogs.thesocialmedia.com\/leblogmoto\/wp-json\/wp\/v2\/types\/post"}],"author":[{"embeddable":true,"href":"https:\/\/blogs.thesocialmedia.com\/leblogmoto\/wp-json\/wp\/v2\/users\/333"}],"replies":[{"embeddable":true,"href":"https:\/\/blogs.thesocialmedia.com\/leblogmoto\/wp-json\/wp\/v2\/comments?post=1622"}],"version-history":[{"count":2,"href":"https:\/\/blogs.thesocialmedia.com\/leblogmoto\/wp-json\/wp\/v2\/posts\/1622\/revisions"}],"predecessor-version":[{"id":7898,"href":"https:\/\/blogs.thesocialmedia.com\/leblogmoto\/wp-json\/wp\/v2\/posts\/1622\/revisions\/7898"}],"wp:attachment":[{"href":"https:\/\/blogs.thesocialmedia.com\/leblogmoto\/wp-json\/wp\/v2\/media?parent=1622"}],"wp:term":[{"taxonomy":"category","embeddable":true,"href":"https:\/\/blogs.thesocialmedia.com\/leblogmoto\/wp-json\/wp\/v2\/categories?post=1622"},{"taxonomy":"post_tag","embeddable":true,"href":"https:\/\/blogs.thesocialmedia.com\/leblogmoto\/wp-json\/wp\/v2\/tags?post=1622"}],"curies":[{"name":"wp","href":"https:\/\/api.w.org\/{rel}","templated":true}]}}