{"id":1623,"date":"2007-01-12T11:05:27","date_gmt":"2007-01-12T11:05:27","guid":{"rendered":"http:\/\/blogs.thesocialmedia.com\/leblogmoto\/2007\/01\/12\/dakar-la-maurit\/"},"modified":"2012-07-11T14:29:50","modified_gmt":"2012-07-11T14:29:50","slug":"dakar-la-maurit","status":"publish","type":"post","link":"https:\/\/blogs.thesocialmedia.com\/leblogmoto\/2007\/01\/12\/dakar-la-maurit\/","title":{"rendered":"Dakar : la Mauritanie poign\u00e9e dans le coin"},"content":{"rendered":"<p><a href=\"http:\/\/blogs.thesocialmedia.com\/leblogmoto\/files\/2012\/07\/070112_art47_villadoms.jpg\"><img loading=\"lazy\" decoding=\"async\" width=\"250\" height=\"209\"  alt=\"070112_art47_villadoms\" src=\"http:\/\/www.leblogmoto.com\/images\/070112_art47_villadoms.jpg\" style=\"margin: 0px 5px 5px 0px;float: left\" \/><\/a> La sixi\u00e8me \u00e9tape du <a href=\"http:\/\/www.dakar.com\/\">Dakar<\/a>, Tan Tan \u2013 Zou\u00e9rat, premi\u00e8re journ\u00e9e Mauritanienne, marquait hier l\u2019entr\u00e9e des concurrents dans le \u00ab vrai \u00bb d\u00e9sert . Extr\u00eamement&nbsp; rapide, cette \u00e9tape n\u2019a pas eu d\u2019incidence fondamentale sur le classement g\u00e9n\u00e9ral. A Zouerat les \u00e9carts \u00e0 l\u2019arriv\u00e9e \u00e9taient infimes dans le haut du classement moto. <\/p>\n<p>   <\/p>\n<p><a href=\"http:\/\/clabedan.typepad.com\/.shared\/image.html?\/photos\/uncategorized\/070112_art47_vayssi.jpg\"><img loading=\"lazy\" decoding=\"async\" width=\"250\" height=\"167\"  alt=\"070112_art47_vayssi\" src=\"http:\/\/www.leblogmoto.com\/images\/070112_art47_vayssi.jpg\" style=\"margin: 0px 5px 5px 0px;float: left\" \/><\/a> Le co\u00e9quipier de <a href=\"http:\/\/www.marccoma.com\/\">Marc Coma<\/a>, le catalan Jordi Viladoms d\u00e9croche sa premi\u00e8re victoire en sp\u00e9ciale tendis que son leader reste en t\u00eate. Notons que <a href=\"http:\/\/www.cyrildespres.com\/home.html\">Cyril Despres<\/a>, p\u00e9nalis\u00e9 par un probl\u00e8me d\u2019embrayage en fin d\u2019\u00e9tape, a perdu plus de 10\u2019.<\/p>\n<p> Quand \u00e0 notre \u00ab mascotte \u00bb, le dentiste toulousain <a href=\"http:\/\/www.toulouse-bestof.com\">Michel Vayssi\u00e8<\/a>, que l&rsquo;on voit ici lors de la premi\u00e8re \u00e9tape, class\u00e9 39\u00e8me de l\u2019\u00e9tape d&rsquo;hier, il passe de la 46\u00e8me \u00e0 la 37\u00e8me position au classement g\u00e9n\u00e9ral<\/p>\n","protected":false},"excerpt":{"rendered":"<p>La sixi\u00e8me \u00e9tape du Dakar, Tan Tan \u2013 Zou\u00e9rat, premi\u00e8re journ\u00e9e Mauritanienne, marquait hier l\u2019entr\u00e9e des concurrents dans le \u00ab vrai \u00bb d\u00e9sert . Extr\u00eamement&nbsp; rapide, cette \u00e9tape n\u2019a pas eu d\u2019incidence fondamentale sur le classement g\u00e9n\u00e9ral. A Zouerat les \u00e9carts \u00e0 l\u2019arriv\u00e9e \u00e9taient infimes dans le haut du classement moto. Le co\u00e9quipier de Marc [&hellip;]<\/p>\n","protected":false},"author":333,"featured_media":0,"comment_status":"open","ping_status":"open","sticky":false,"template":"","format":"standard","meta":{"footnotes":""},"categories":[59],"tags":[],"class_list":["post-1623","post","type-post","status-publish","format-standard","hentry","category-dakar"],"yoast_head":"<!-- This site is optimized with the Yoast SEO plugin v26.0 - https:\/\/yoast.com\/wordpress\/plugins\/seo\/ -->\n<title>Dakar : la Mauritanie poign\u00e9e dans le coin - leblogmoto.com<\/title>\n<meta name=\"robots\" content=\"index, follow, max-snippet:-1, max-image-preview:large, max-video-preview:-1\" \/>\n<link rel=\"canonical\" href=\"https:\/\/blogs.thesocialmedia.com\/leblogmoto\/2007\/01\/12\/dakar-la-maurit\/\" \/>\n<meta name=\"twitter:card\" content=\"summary_large_image\" \/>\n<meta name=\"twitter:title\" content=\"Dakar : la Mauritanie poign\u00e9e dans le coin - leblogmoto.com\" \/>\n<meta name=\"twitter:description\" content=\"La sixi\u00e8me \u00e9tape du Dakar, Tan Tan \u2013 Zou\u00e9rat, premi\u00e8re journ\u00e9e Mauritanienne, marquait hier l\u2019entr\u00e9e des concurrents dans le \u00ab vrai \u00bb d\u00e9sert . Extr\u00eamement&nbsp; rapide, cette \u00e9tape n\u2019a pas eu d\u2019incidence fondamentale sur le classement g\u00e9n\u00e9ral. A Zouerat les \u00e9carts \u00e0 l\u2019arriv\u00e9e \u00e9taient infimes dans le haut du classement moto. Le co\u00e9quipier de Marc [&hellip;]\" \/>\n<meta name=\"twitter:image\" content=\"http:\/\/www.leblogmoto.com\/images\/070112_art47_villadoms.jpg\" \/>\n<meta name=\"twitter:label1\" content=\"\u00c9crit par\" \/>\n\t<meta name=\"twitter:data1\" content=\"christian tirat\" \/>\n\t<meta name=\"twitter:label2\" content=\"Dur\u00e9e de lecture estim\u00e9e\" \/>\n\t<meta name=\"twitter:data2\" content=\"1 minute\" \/>\n<script type=\"application\/ld+json\" class=\"yoast-schema-graph\">{\"@context\":\"https:\/\/schema.org\",\"@graph\":[{\"@type\":\"WebPage\",\"@id\":\"https:\/\/blogs.thesocialmedia.com\/leblogmoto\/2007\/01\/12\/dakar-la-maurit\/\",\"url\":\"https:\/\/blogs.thesocialmedia.com\/leblogmoto\/2007\/01\/12\/dakar-la-maurit\/\",\"name\":\"Dakar : la Mauritanie poign\u00e9e dans le coin - leblogmoto.com\",\"isPartOf\":{\"@id\":\"https:\/\/blogs.thesocialmedia.com\/leblogmoto\/#website\"},\"primaryImageOfPage\":{\"@id\":\"https:\/\/blogs.thesocialmedia.com\/leblogmoto\/2007\/01\/12\/dakar-la-maurit\/#primaryimage\"},\"image\":{\"@id\":\"https:\/\/blogs.thesocialmedia.com\/leblogmoto\/2007\/01\/12\/dakar-la-maurit\/#primaryimage\"},\"thumbnailUrl\":\"http:\/\/www.leblogmoto.com\/images\/070112_art47_villadoms.jpg\",\"datePublished\":\"2007-01-12T11:05:27+00:00\",\"dateModified\":\"2012-07-11T14:29:50+00:00\",\"author\":{\"@id\":\"https:\/\/blogs.thesocialmedia.com\/leblogmoto\/#\/schema\/person\/90b2f8fd0d5a2cede2580e95fc79c6c0\"},\"breadcrumb\":{\"@id\":\"https:\/\/blogs.thesocialmedia.com\/leblogmoto\/2007\/01\/12\/dakar-la-maurit\/#breadcrumb\"},\"inLanguage\":\"fr-FR\",\"potentialAction\":[{\"@type\":\"ReadAction\",\"target\":[\"https:\/\/blogs.thesocialmedia.com\/leblogmoto\/2007\/01\/12\/dakar-la-maurit\/\"]}]},{\"@type\":\"ImageObject\",\"inLanguage\":\"fr-FR\",\"@id\":\"https:\/\/blogs.thesocialmedia.com\/leblogmoto\/2007\/01\/12\/dakar-la-maurit\/#primaryimage\",\"url\":\"http:\/\/www.leblogmoto.com\/images\/070112_art47_villadoms.jpg\",\"contentUrl\":\"http:\/\/www.leblogmoto.com\/images\/070112_art47_villadoms.jpg\"},{\"@type\":\"BreadcrumbList\",\"@id\":\"https:\/\/blogs.thesocialmedia.com\/leblogmoto\/2007\/01\/12\/dakar-la-maurit\/#breadcrumb\",\"itemListElement\":[{\"@type\":\"ListItem\",\"position\":1,\"name\":\"Accueil\",\"item\":\"https:\/\/blogs.thesocialmedia.com\/leblogmoto\/\"},{\"@type\":\"ListItem\",\"position\":2,\"name\":\"Dakar : la Mauritanie poign\u00e9e dans le coin\"}]},{\"@type\":\"WebSite\",\"@id\":\"https:\/\/blogs.thesocialmedia.com\/leblogmoto\/#website\",\"url\":\"https:\/\/blogs.thesocialmedia.com\/leblogmoto\/\",\"name\":\"leblogmoto\",\"description\":\"Toute l&#039;actualit\u00e9 des 2 roues\",\"potentialAction\":[{\"@type\":\"SearchAction\",\"target\":{\"@type\":\"EntryPoint\",\"urlTemplate\":\"https:\/\/blogs.thesocialmedia.com\/leblogmoto\/?s={search_term_string}\"},\"query-input\":{\"@type\":\"PropertyValueSpecification\",\"valueRequired\":true,\"valueName\":\"search_term_string\"}}],\"inLanguage\":\"fr-FR\"},{\"@type\":\"Person\",\"@id\":\"https:\/\/blogs.thesocialmedia.com\/leblogmoto\/#\/schema\/person\/90b2f8fd0d5a2cede2580e95fc79c6c0\",\"name\":\"christian tirat\",\"image\":{\"@type\":\"ImageObject\",\"inLanguage\":\"fr-FR\",\"@id\":\"https:\/\/blogs.thesocialmedia.com\/leblogmoto\/#\/schema\/person\/image\/\",\"url\":\"https:\/\/secure.gravatar.com\/avatar\/?s=96&d=mm&r=g\",\"contentUrl\":\"https:\/\/secure.gravatar.com\/avatar\/?s=96&d=mm&r=g\",\"caption\":\"christian tirat\"},\"url\":\"https:\/\/blogs.thesocialmedia.com\/leblogmoto\/author\/christian-tirat\/\"}]}<\/script>\n<!-- \/ Yoast SEO plugin. -->","yoast_head_json":{"title":"Dakar : la Mauritanie poign\u00e9e dans le coin - leblogmoto.com","robots":{"index":"index","follow":"follow","max-snippet":"max-snippet:-1","max-image-preview":"max-image-preview:large","max-video-preview":"max-video-preview:-1"},"canonical":"https:\/\/blogs.thesocialmedia.com\/leblogmoto\/2007\/01\/12\/dakar-la-maurit\/","twitter_card":"summary_large_image","twitter_title":"Dakar : la Mauritanie poign\u00e9e dans le coin - leblogmoto.com","twitter_description":"La sixi\u00e8me \u00e9tape du Dakar, Tan Tan \u2013 Zou\u00e9rat, premi\u00e8re journ\u00e9e Mauritanienne, marquait hier l\u2019entr\u00e9e des concurrents dans le \u00ab vrai \u00bb d\u00e9sert . Extr\u00eamement&nbsp; rapide, cette \u00e9tape n\u2019a pas eu d\u2019incidence fondamentale sur le classement g\u00e9n\u00e9ral. A Zouerat les \u00e9carts \u00e0 l\u2019arriv\u00e9e \u00e9taient infimes dans le haut du classement moto. Le co\u00e9quipier de Marc [&hellip;]","twitter_image":"http:\/\/www.leblogmoto.com\/images\/070112_art47_villadoms.jpg","twitter_misc":{"\u00c9crit par":"christian tirat","Dur\u00e9e de lecture estim\u00e9e":"1 minute"},"schema":{"@context":"https:\/\/schema.org","@graph":[{"@type":"WebPage","@id":"https:\/\/blogs.thesocialmedia.com\/leblogmoto\/2007\/01\/12\/dakar-la-maurit\/","url":"https:\/\/blogs.thesocialmedia.com\/leblogmoto\/2007\/01\/12\/dakar-la-maurit\/","name":"Dakar : la Mauritanie poign\u00e9e dans le coin - leblogmoto.com","isPartOf":{"@id":"https:\/\/blogs.thesocialmedia.com\/leblogmoto\/#website"},"primaryImageOfPage":{"@id":"https:\/\/blogs.thesocialmedia.com\/leblogmoto\/2007\/01\/12\/dakar-la-maurit\/#primaryimage"},"image":{"@id":"https:\/\/blogs.thesocialmedia.com\/leblogmoto\/2007\/01\/12\/dakar-la-maurit\/#primaryimage"},"thumbnailUrl":"http:\/\/www.leblogmoto.com\/images\/070112_art47_villadoms.jpg","datePublished":"2007-01-12T11:05:27+00:00","dateModified":"2012-07-11T14:29:50+00:00","author":{"@id":"https:\/\/blogs.thesocialmedia.com\/leblogmoto\/#\/schema\/person\/90b2f8fd0d5a2cede2580e95fc79c6c0"},"breadcrumb":{"@id":"https:\/\/blogs.thesocialmedia.com\/leblogmoto\/2007\/01\/12\/dakar-la-maurit\/#breadcrumb"},"inLanguage":"fr-FR","potentialAction":[{"@type":"ReadAction","target":["https:\/\/blogs.thesocialmedia.com\/leblogmoto\/2007\/01\/12\/dakar-la-maurit\/"]}]},{"@type":"ImageObject","inLanguage":"fr-FR","@id":"https:\/\/blogs.thesocialmedia.com\/leblogmoto\/2007\/01\/12\/dakar-la-maurit\/#primaryimage","url":"http:\/\/www.leblogmoto.com\/images\/070112_art47_villadoms.jpg","contentUrl":"http:\/\/www.leblogmoto.com\/images\/070112_art47_villadoms.jpg"},{"@type":"BreadcrumbList","@id":"https:\/\/blogs.thesocialmedia.com\/leblogmoto\/2007\/01\/12\/dakar-la-maurit\/#breadcrumb","itemListElement":[{"@type":"ListItem","position":1,"name":"Accueil","item":"https:\/\/blogs.thesocialmedia.com\/leblogmoto\/"},{"@type":"ListItem","position":2,"name":"Dakar : la Mauritanie poign\u00e9e dans le coin"}]},{"@type":"WebSite","@id":"https:\/\/blogs.thesocialmedia.com\/leblogmoto\/#website","url":"https:\/\/blogs.thesocialmedia.com\/leblogmoto\/","name":"leblogmoto","description":"Toute l&#039;actualit\u00e9 des 2 roues","potentialAction":[{"@type":"SearchAction","target":{"@type":"EntryPoint","urlTemplate":"https:\/\/blogs.thesocialmedia.com\/leblogmoto\/?s={search_term_string}"},"query-input":{"@type":"PropertyValueSpecification","valueRequired":true,"valueName":"search_term_string"}}],"inLanguage":"fr-FR"},{"@type":"Person","@id":"https:\/\/blogs.thesocialmedia.com\/leblogmoto\/#\/schema\/person\/90b2f8fd0d5a2cede2580e95fc79c6c0","name":"christian tirat","image":{"@type":"ImageObject","inLanguage":"fr-FR","@id":"https:\/\/blogs.thesocialmedia.com\/leblogmoto\/#\/schema\/person\/image\/","url":"https:\/\/secure.gravatar.com\/avatar\/?s=96&d=mm&r=g","contentUrl":"https:\/\/secure.gravatar.com\/avatar\/?s=96&d=mm&r=g","caption":"christian tirat"},"url":"https:\/\/blogs.thesocialmedia.com\/leblogmoto\/author\/christian-tirat\/"}]}},"_links":{"self":[{"href":"https:\/\/blogs.thesocialmedia.com\/leblogmoto\/wp-json\/wp\/v2\/posts\/1623","targetHints":{"allow":["GET"]}}],"collection":[{"href":"https:\/\/blogs.thesocialmedia.com\/leblogmoto\/wp-json\/wp\/v2\/posts"}],"about":[{"href":"https:\/\/blogs.thesocialmedia.com\/leblogmoto\/wp-json\/wp\/v2\/types\/post"}],"author":[{"embeddable":true,"href":"https:\/\/blogs.thesocialmedia.com\/leblogmoto\/wp-json\/wp\/v2\/users\/333"}],"replies":[{"embeddable":true,"href":"https:\/\/blogs.thesocialmedia.com\/leblogmoto\/wp-json\/wp\/v2\/comments?post=1623"}],"version-history":[{"count":2,"href":"https:\/\/blogs.thesocialmedia.com\/leblogmoto\/wp-json\/wp\/v2\/posts\/1623\/revisions"}],"predecessor-version":[{"id":7896,"href":"https:\/\/blogs.thesocialmedia.com\/leblogmoto\/wp-json\/wp\/v2\/posts\/1623\/revisions\/7896"}],"wp:attachment":[{"href":"https:\/\/blogs.thesocialmedia.com\/leblogmoto\/wp-json\/wp\/v2\/media?parent=1623"}],"wp:term":[{"taxonomy":"category","embeddable":true,"href":"https:\/\/blogs.thesocialmedia.com\/leblogmoto\/wp-json\/wp\/v2\/categories?post=1623"},{"taxonomy":"post_tag","embeddable":true,"href":"https:\/\/blogs.thesocialmedia.com\/leblogmoto\/wp-json\/wp\/v2\/tags?post=1623"}],"curies":[{"name":"wp","href":"https:\/\/api.w.org\/{rel}","templated":true}]}}