{"id":1624,"date":"2007-01-11T00:25:03","date_gmt":"2007-01-11T00:25:03","guid":{"rendered":"http:\/\/blogs.thesocialmedia.com\/leblogmoto\/2007\/01\/11\/dakar-des-nouve\/"},"modified":"2012-07-11T14:29:48","modified_gmt":"2012-07-11T14:29:48","slug":"dakar-des-nouve","status":"publish","type":"post","link":"https:\/\/blogs.thesocialmedia.com\/leblogmoto\/2007\/01\/11\/dakar-des-nouve\/","title":{"rendered":"Dakar: des nouvelles du pilote Blog Moto"},"content":{"rendered":"<p><a href=\"http:\/\/blogs.thesocialmedia.com\/leblogmoto\/files\/2012\/07\/speciale_maroca_1.jpg\"><img loading=\"lazy\" decoding=\"async\" width=\"250\" height=\"167\"  alt=\"Speciale_maroca_1\" src=\"http:\/\/www.leblogmoto.com\/images\/speciale_maroca_1.jpg\" style=\"margin: 0px 5px 5px 0px;float: left\" \/><\/a> Le &quot;PC course&quot; du pilote toulousain&nbsp; <a href=\"http:\/\/www.toulouse-bestof.com\">Michel Vayssi\u00e9 <\/a>, en l&rsquo;occurence sa copine Annette, nous fait part ce soir des derni\u00e8re nouvelles de la mascotte du Blog Moto sur le <a href=\"http:\/\/www.dakar.com\/\">Dakar<\/a>. Tout va bien pour lui, il g\u00e8re sa couse avec raison et il &quot;s&rsquo;\u00e9clate un max&quot; selon Madame. Il s&rsquo;est m\u00eame offert le luxe de terminer la quatri\u00e8me \u00e9tape en 47\u00e8me position (2:49:04) derriere un certain <a href=\"http:\/\/www.marccoma.com\/\">Marc Coma<\/a>, 1er au classement general ! <\/p>\n<p>En bonus, Annette nous communique une superbe photo exclusive de Michel prise sur la sp\u00e9ciale marocaine.<br \/>En fin de journ\u00e9e, on pouvait noter sur le <a href=\"http:\/\/www.dakar.com\/\">site officiel du Dakar<\/a>:<\/p>\n<p><strong>Classement Scratch&nbsp; \u00e9tape 5 Ouarzazate &#8211; Tan tan: <\/strong><br \/><strong>62 <\/strong>&nbsp; &nbsp;&nbsp; 213&nbsp; &nbsp;&nbsp; &nbsp;<a href=\"http:\/\/www.toulouse-bestof.com\">VAYSSIE (FRA)<\/a>&nbsp; &nbsp;&nbsp; &nbsp;YAMAHA&nbsp; &nbsp;&nbsp; &nbsp;05:04:23&nbsp; &nbsp;&nbsp; &nbsp;01:08:01&nbsp; &nbsp;&nbsp; &nbsp;<\/p>\n<p><strong>G\u00e9n\u00e9ral :<\/strong><br \/><strong>46 <\/strong>&nbsp; &nbsp;&nbsp; 213&nbsp; &nbsp;&nbsp; &nbsp;<a href=\"http:\/\/www.toulouse-bestof.com\">VAYSSIE (FRA) <\/a>&nbsp; &nbsp;&nbsp; YAMAHA&nbsp; &nbsp;&nbsp; &nbsp;18:03:59&nbsp; &nbsp;&nbsp; &nbsp;03:55:11<\/p>\n<p>Pas mal pour un &quot;poireau&quot;, bon vent Michel, les lecteurs du blog moto te soutiennent !<\/p>\n","protected":false},"excerpt":{"rendered":"<p>Le &quot;PC course&quot; du pilote toulousain&nbsp; Michel Vayssi\u00e9 , en l&rsquo;occurence sa copine Annette, nous fait part ce soir des derni\u00e8re nouvelles de la mascotte du Blog Moto sur le Dakar. Tout va bien pour lui, il g\u00e8re sa couse avec raison et il &quot;s&rsquo;\u00e9clate un max&quot; selon Madame. Il s&rsquo;est m\u00eame offert le luxe [&hellip;]<\/p>\n","protected":false},"author":333,"featured_media":0,"comment_status":"open","ping_status":"open","sticky":false,"template":"","format":"standard","meta":{"footnotes":""},"categories":[59],"tags":[],"class_list":["post-1624","post","type-post","status-publish","format-standard","hentry","category-dakar"],"yoast_head":"<!-- This site is optimized with the Yoast SEO plugin v26.0 - https:\/\/yoast.com\/wordpress\/plugins\/seo\/ -->\n<title>Dakar: des nouvelles du pilote Blog Moto - leblogmoto.com<\/title>\n<meta name=\"robots\" content=\"index, follow, max-snippet:-1, max-image-preview:large, max-video-preview:-1\" \/>\n<link rel=\"canonical\" href=\"https:\/\/blogs.thesocialmedia.com\/leblogmoto\/2007\/01\/11\/dakar-des-nouve\/\" \/>\n<meta name=\"twitter:card\" content=\"summary_large_image\" \/>\n<meta name=\"twitter:title\" content=\"Dakar: des nouvelles du pilote Blog Moto - leblogmoto.com\" \/>\n<meta name=\"twitter:description\" content=\"Le &quot;PC course&quot; du pilote toulousain&nbsp; Michel Vayssi\u00e9 , en l&rsquo;occurence sa copine Annette, nous fait part ce soir des derni\u00e8re nouvelles de la mascotte du Blog Moto sur le Dakar. Tout va bien pour lui, il g\u00e8re sa couse avec raison et il &quot;s&rsquo;\u00e9clate un max&quot; selon Madame. Il s&rsquo;est m\u00eame offert le luxe [&hellip;]\" \/>\n<meta name=\"twitter:image\" content=\"http:\/\/www.leblogmoto.com\/images\/speciale_maroca_1.jpg\" \/>\n<meta name=\"twitter:label1\" content=\"\u00c9crit par\" \/>\n\t<meta name=\"twitter:data1\" content=\"christian tirat\" \/>\n\t<meta name=\"twitter:label2\" content=\"Dur\u00e9e de lecture estim\u00e9e\" \/>\n\t<meta name=\"twitter:data2\" content=\"1 minute\" \/>\n<script type=\"application\/ld+json\" class=\"yoast-schema-graph\">{\"@context\":\"https:\/\/schema.org\",\"@graph\":[{\"@type\":\"WebPage\",\"@id\":\"https:\/\/blogs.thesocialmedia.com\/leblogmoto\/2007\/01\/11\/dakar-des-nouve\/\",\"url\":\"https:\/\/blogs.thesocialmedia.com\/leblogmoto\/2007\/01\/11\/dakar-des-nouve\/\",\"name\":\"Dakar: des nouvelles du pilote Blog Moto - leblogmoto.com\",\"isPartOf\":{\"@id\":\"https:\/\/blogs.thesocialmedia.com\/leblogmoto\/#website\"},\"primaryImageOfPage\":{\"@id\":\"https:\/\/blogs.thesocialmedia.com\/leblogmoto\/2007\/01\/11\/dakar-des-nouve\/#primaryimage\"},\"image\":{\"@id\":\"https:\/\/blogs.thesocialmedia.com\/leblogmoto\/2007\/01\/11\/dakar-des-nouve\/#primaryimage\"},\"thumbnailUrl\":\"http:\/\/www.leblogmoto.com\/images\/speciale_maroca_1.jpg\",\"datePublished\":\"2007-01-11T00:25:03+00:00\",\"dateModified\":\"2012-07-11T14:29:48+00:00\",\"author\":{\"@id\":\"https:\/\/blogs.thesocialmedia.com\/leblogmoto\/#\/schema\/person\/90b2f8fd0d5a2cede2580e95fc79c6c0\"},\"breadcrumb\":{\"@id\":\"https:\/\/blogs.thesocialmedia.com\/leblogmoto\/2007\/01\/11\/dakar-des-nouve\/#breadcrumb\"},\"inLanguage\":\"fr-FR\",\"potentialAction\":[{\"@type\":\"ReadAction\",\"target\":[\"https:\/\/blogs.thesocialmedia.com\/leblogmoto\/2007\/01\/11\/dakar-des-nouve\/\"]}]},{\"@type\":\"ImageObject\",\"inLanguage\":\"fr-FR\",\"@id\":\"https:\/\/blogs.thesocialmedia.com\/leblogmoto\/2007\/01\/11\/dakar-des-nouve\/#primaryimage\",\"url\":\"http:\/\/www.leblogmoto.com\/images\/speciale_maroca_1.jpg\",\"contentUrl\":\"http:\/\/www.leblogmoto.com\/images\/speciale_maroca_1.jpg\"},{\"@type\":\"BreadcrumbList\",\"@id\":\"https:\/\/blogs.thesocialmedia.com\/leblogmoto\/2007\/01\/11\/dakar-des-nouve\/#breadcrumb\",\"itemListElement\":[{\"@type\":\"ListItem\",\"position\":1,\"name\":\"Accueil\",\"item\":\"https:\/\/blogs.thesocialmedia.com\/leblogmoto\/\"},{\"@type\":\"ListItem\",\"position\":2,\"name\":\"Dakar: des nouvelles du pilote Blog Moto\"}]},{\"@type\":\"WebSite\",\"@id\":\"https:\/\/blogs.thesocialmedia.com\/leblogmoto\/#website\",\"url\":\"https:\/\/blogs.thesocialmedia.com\/leblogmoto\/\",\"name\":\"leblogmoto\",\"description\":\"Toute l&#039;actualit\u00e9 des 2 roues\",\"potentialAction\":[{\"@type\":\"SearchAction\",\"target\":{\"@type\":\"EntryPoint\",\"urlTemplate\":\"https:\/\/blogs.thesocialmedia.com\/leblogmoto\/?s={search_term_string}\"},\"query-input\":{\"@type\":\"PropertyValueSpecification\",\"valueRequired\":true,\"valueName\":\"search_term_string\"}}],\"inLanguage\":\"fr-FR\"},{\"@type\":\"Person\",\"@id\":\"https:\/\/blogs.thesocialmedia.com\/leblogmoto\/#\/schema\/person\/90b2f8fd0d5a2cede2580e95fc79c6c0\",\"name\":\"christian tirat\",\"image\":{\"@type\":\"ImageObject\",\"inLanguage\":\"fr-FR\",\"@id\":\"https:\/\/blogs.thesocialmedia.com\/leblogmoto\/#\/schema\/person\/image\/\",\"url\":\"https:\/\/secure.gravatar.com\/avatar\/?s=96&d=mm&r=g\",\"contentUrl\":\"https:\/\/secure.gravatar.com\/avatar\/?s=96&d=mm&r=g\",\"caption\":\"christian tirat\"},\"url\":\"https:\/\/blogs.thesocialmedia.com\/leblogmoto\/author\/christian-tirat\/\"}]}<\/script>\n<!-- \/ Yoast SEO plugin. -->","yoast_head_json":{"title":"Dakar: des nouvelles du pilote Blog Moto - leblogmoto.com","robots":{"index":"index","follow":"follow","max-snippet":"max-snippet:-1","max-image-preview":"max-image-preview:large","max-video-preview":"max-video-preview:-1"},"canonical":"https:\/\/blogs.thesocialmedia.com\/leblogmoto\/2007\/01\/11\/dakar-des-nouve\/","twitter_card":"summary_large_image","twitter_title":"Dakar: des nouvelles du pilote Blog Moto - leblogmoto.com","twitter_description":"Le &quot;PC course&quot; du pilote toulousain&nbsp; Michel Vayssi\u00e9 , en l&rsquo;occurence sa copine Annette, nous fait part ce soir des derni\u00e8re nouvelles de la mascotte du Blog Moto sur le Dakar. Tout va bien pour lui, il g\u00e8re sa couse avec raison et il &quot;s&rsquo;\u00e9clate un max&quot; selon Madame. Il s&rsquo;est m\u00eame offert le luxe [&hellip;]","twitter_image":"http:\/\/www.leblogmoto.com\/images\/speciale_maroca_1.jpg","twitter_misc":{"\u00c9crit par":"christian tirat","Dur\u00e9e de lecture estim\u00e9e":"1 minute"},"schema":{"@context":"https:\/\/schema.org","@graph":[{"@type":"WebPage","@id":"https:\/\/blogs.thesocialmedia.com\/leblogmoto\/2007\/01\/11\/dakar-des-nouve\/","url":"https:\/\/blogs.thesocialmedia.com\/leblogmoto\/2007\/01\/11\/dakar-des-nouve\/","name":"Dakar: des nouvelles du pilote Blog Moto - leblogmoto.com","isPartOf":{"@id":"https:\/\/blogs.thesocialmedia.com\/leblogmoto\/#website"},"primaryImageOfPage":{"@id":"https:\/\/blogs.thesocialmedia.com\/leblogmoto\/2007\/01\/11\/dakar-des-nouve\/#primaryimage"},"image":{"@id":"https:\/\/blogs.thesocialmedia.com\/leblogmoto\/2007\/01\/11\/dakar-des-nouve\/#primaryimage"},"thumbnailUrl":"http:\/\/www.leblogmoto.com\/images\/speciale_maroca_1.jpg","datePublished":"2007-01-11T00:25:03+00:00","dateModified":"2012-07-11T14:29:48+00:00","author":{"@id":"https:\/\/blogs.thesocialmedia.com\/leblogmoto\/#\/schema\/person\/90b2f8fd0d5a2cede2580e95fc79c6c0"},"breadcrumb":{"@id":"https:\/\/blogs.thesocialmedia.com\/leblogmoto\/2007\/01\/11\/dakar-des-nouve\/#breadcrumb"},"inLanguage":"fr-FR","potentialAction":[{"@type":"ReadAction","target":["https:\/\/blogs.thesocialmedia.com\/leblogmoto\/2007\/01\/11\/dakar-des-nouve\/"]}]},{"@type":"ImageObject","inLanguage":"fr-FR","@id":"https:\/\/blogs.thesocialmedia.com\/leblogmoto\/2007\/01\/11\/dakar-des-nouve\/#primaryimage","url":"http:\/\/www.leblogmoto.com\/images\/speciale_maroca_1.jpg","contentUrl":"http:\/\/www.leblogmoto.com\/images\/speciale_maroca_1.jpg"},{"@type":"BreadcrumbList","@id":"https:\/\/blogs.thesocialmedia.com\/leblogmoto\/2007\/01\/11\/dakar-des-nouve\/#breadcrumb","itemListElement":[{"@type":"ListItem","position":1,"name":"Accueil","item":"https:\/\/blogs.thesocialmedia.com\/leblogmoto\/"},{"@type":"ListItem","position":2,"name":"Dakar: des nouvelles du pilote Blog Moto"}]},{"@type":"WebSite","@id":"https:\/\/blogs.thesocialmedia.com\/leblogmoto\/#website","url":"https:\/\/blogs.thesocialmedia.com\/leblogmoto\/","name":"leblogmoto","description":"Toute l&#039;actualit\u00e9 des 2 roues","potentialAction":[{"@type":"SearchAction","target":{"@type":"EntryPoint","urlTemplate":"https:\/\/blogs.thesocialmedia.com\/leblogmoto\/?s={search_term_string}"},"query-input":{"@type":"PropertyValueSpecification","valueRequired":true,"valueName":"search_term_string"}}],"inLanguage":"fr-FR"},{"@type":"Person","@id":"https:\/\/blogs.thesocialmedia.com\/leblogmoto\/#\/schema\/person\/90b2f8fd0d5a2cede2580e95fc79c6c0","name":"christian tirat","image":{"@type":"ImageObject","inLanguage":"fr-FR","@id":"https:\/\/blogs.thesocialmedia.com\/leblogmoto\/#\/schema\/person\/image\/","url":"https:\/\/secure.gravatar.com\/avatar\/?s=96&d=mm&r=g","contentUrl":"https:\/\/secure.gravatar.com\/avatar\/?s=96&d=mm&r=g","caption":"christian tirat"},"url":"https:\/\/blogs.thesocialmedia.com\/leblogmoto\/author\/christian-tirat\/"}]}},"_links":{"self":[{"href":"https:\/\/blogs.thesocialmedia.com\/leblogmoto\/wp-json\/wp\/v2\/posts\/1624","targetHints":{"allow":["GET"]}}],"collection":[{"href":"https:\/\/blogs.thesocialmedia.com\/leblogmoto\/wp-json\/wp\/v2\/posts"}],"about":[{"href":"https:\/\/blogs.thesocialmedia.com\/leblogmoto\/wp-json\/wp\/v2\/types\/post"}],"author":[{"embeddable":true,"href":"https:\/\/blogs.thesocialmedia.com\/leblogmoto\/wp-json\/wp\/v2\/users\/333"}],"replies":[{"embeddable":true,"href":"https:\/\/blogs.thesocialmedia.com\/leblogmoto\/wp-json\/wp\/v2\/comments?post=1624"}],"version-history":[{"count":2,"href":"https:\/\/blogs.thesocialmedia.com\/leblogmoto\/wp-json\/wp\/v2\/posts\/1624\/revisions"}],"predecessor-version":[{"id":7894,"href":"https:\/\/blogs.thesocialmedia.com\/leblogmoto\/wp-json\/wp\/v2\/posts\/1624\/revisions\/7894"}],"wp:attachment":[{"href":"https:\/\/blogs.thesocialmedia.com\/leblogmoto\/wp-json\/wp\/v2\/media?parent=1624"}],"wp:term":[{"taxonomy":"category","embeddable":true,"href":"https:\/\/blogs.thesocialmedia.com\/leblogmoto\/wp-json\/wp\/v2\/categories?post=1624"},{"taxonomy":"post_tag","embeddable":true,"href":"https:\/\/blogs.thesocialmedia.com\/leblogmoto\/wp-json\/wp\/v2\/tags?post=1624"}],"curies":[{"name":"wp","href":"https:\/\/api.w.org\/{rel}","templated":true}]}}