{"id":1625,"date":"2007-01-10T23:30:02","date_gmt":"2007-01-10T23:30:02","guid":{"rendered":"http:\/\/blogs.thesocialmedia.com\/leblogmoto\/2007\/01\/10\/mauritanie-troi\/"},"modified":"2012-07-11T14:29:47","modified_gmt":"2012-07-11T14:29:47","slug":"mauritanie-troi","status":"publish","type":"post","link":"https:\/\/blogs.thesocialmedia.com\/leblogmoto\/2007\/01\/10\/mauritanie-troi\/","title":{"rendered":"Mauritanie: trois membres pr\u00e9sum\u00e9s du GSPC arr\u00eat\u00e9s avant l&rsquo;arriv\u00e9e du Dakar"},"content":{"rendered":"<p><a href=\"http:\/\/blogs.thesocialmedia.com\/leblogmoto\/files\/2012\/07\/070110_art45_logodakarterro.jpg\"><img loading=\"lazy\" decoding=\"async\" width=\"250\" height=\"99\"  src=\"http:\/\/www.leblogmoto.com\/images\/070110_art45_logodakarterro.jpg\" alt=\"070110_art45_logodakarterro\" style=\"margin: 0px 5px 5px 0px;float: left\" \/><\/a> Comme nous l\u2019avions pressenti dans un <a href=\"http:\/\/www.leblogmoto.com\/2006\/12\/dakar_2007_le_r.html#c27444937\"><span style=\"color: #ff3300\">post paru le 6 d\u00e9cembre<\/span><\/a>, les menaces terroristes pesant sur le <a href=\"http:\/\/www.dakar.com\/\">Dakar<\/a> semblent se pr\u00e9ciser. Selon une d\u00e9p\u00eache du correspondant de l\u2019agence France Presse \u00e0 <a href=\"http:\/\/www.usmrbc.com\/mainfile.php?%20lang=fr&amp;page=174\">Nouakchott<\/a> tomb\u00e9e cet apr\u00e8s-midi,&nbsp; \u00ab trois membres pr\u00e9sum\u00e9s du Groupe salafiste pour la pr\u00e9dication et le combat (GSPC), un mouvement alg\u00e9rien alli\u00e9 \u00e0 al-Qa\u00efda, ont \u00e9t\u00e9 arr\u00eat\u00e9s lundi en Mauritanie, o\u00f9 doit arriver jeudi le rallye Dakar 2007, a-t-on appris mercredi de sources s\u00e9curitaires \u00e0 <a href=\"http:\/\/www.usmrbc.com\/mainfile.php?%20lang=fr&amp;page=174\">Nouakchott<\/a> \u00bb.<\/p>\n<p>Cette annonce intervient \u00e0 la veille de l&rsquo;arriv\u00e9e du rallye en Mauritanie et au lendemain d&rsquo;un appel du GSPC aux Alg\u00e9riens \u00e0 s&rsquo;en prendre aux Fran\u00e7ais.<\/p>\n<p> Les personnes arr\u00eat\u00e9es, dont l&rsquo;identit\u00e9 n&rsquo;a pas \u00e9t\u00e9 r\u00e9v\u00e9l\u00e9e, sont toutes de nationalit\u00e9 mauritanienne, ont affirm\u00e9 ces m\u00eames sources, sans toutefois pr\u00e9ciser si cette arrestation avait un lien avec le <a href=\"http:\/\/www.dakar.com\/\">rallye Dakar<\/a>.<\/p>\n<p> Le quotidien priv\u00e9 <a href=\"http:\/\/www.usmrbc.com\/mainfile.php?%20lang=fr&amp;page=174\">Nouaktchott<\/a> Infos avait indiqu\u00e9 mercredi que les trois pr\u00e9sum\u00e9s terroristes avaient \u00e9t\u00e9 formellement identifi\u00e9s par un d\u00e9tenu mauritanien, membre pr\u00e9sum\u00e9 du GSPC, arr\u00eat\u00e9 et inculp\u00e9 de terrorisme en juillet dernier apr\u00e8s un coup de filet dans les milieux &quot;salafistes jihadistes&quot;.<\/p>\n<p> Selon la presse locale, ils seraient impliqu\u00e9s dans l&rsquo;attaque meurtri\u00e8re contre une caserne de l&rsquo;arm\u00e9e mauritanienne en juin 2005, qui avait fait des dizaines de morts et de bless\u00e9s au sein des forces gouvernementales. Cette attaque avait \u00e9t\u00e9 revendiqu\u00e9e par le GSPC alg\u00e9rien.<\/p>\n<p> La Mauritanie, pays essentiellement d\u00e9sertique au carrefour entre le Maghreb et l&rsquo;Afrique sub-saharienne, est au coeur de l&rsquo;\u00e9dition 2007 du Rallye Dakar, qui ne passe pas par la <a href=\"http:\/\/www.usmrbc.com\/mainfile.php?%20lang=fr&amp;page=174\">capitale Nouakchott<\/a>.<\/p>\n<p> Les 10e et 11e \u00e9tapes du rallye, la boucle N\u00e9ma-Tombouctou-N\u00e9ma pr\u00e9vue les 16 et 17 janvier prochains, entre la Mauritanie et le Mali avaient \u00e9t\u00e9 annul\u00e9es fin d\u00e9cembre par les organisateurs sur recommandation du minist\u00e8re fran\u00e7ais des Affaires \u00e9trang\u00e8res, en raison de menaces du GSPC.<\/p>\n<p> Selon les services secrets fran\u00e7ais, le GSPC compte cinq cents hommes arm\u00e9s, dont 400 en Alg\u00e9rie et une centaine se d\u00e9pla\u00e7ant dans la zone sah\u00e9lienne entre la Mauritanie, le Mali et le Niger.<\/p>\n<p> Face \u00e0 cette menace, le gouvernement mauritanien a &quot;mis en alerte les forces arm\u00e9es et de s\u00e9curit\u00e9 dans les 5 r\u00e9gions travers\u00e9es par les concurrents jusqu&rsquo;\u00e0 la sortie vers le territoire malien&quot;, avait indiqu\u00e9 mardi une source au minist\u00e8re de l&rsquo;Int\u00e9rieur.<\/p>\n<p> La m\u00eame source avait pr\u00e9cis\u00e9 que tous les corps de s\u00e9curit\u00e9, y compris les forces sp\u00e9ciales et l&rsquo;arm\u00e9e de l&rsquo;air, seraient mobilis\u00e9s \u00e0 l&rsquo;occasion du passage du rallye.<\/p>\n<p> Source : AFP<\/p>\n","protected":false},"excerpt":{"rendered":"<p>Comme nous l\u2019avions pressenti dans un post paru le 6 d\u00e9cembre, les menaces terroristes pesant sur le Dakar semblent se pr\u00e9ciser. Selon une d\u00e9p\u00eache du correspondant de l\u2019agence France Presse \u00e0 Nouakchott tomb\u00e9e cet apr\u00e8s-midi,&nbsp; \u00ab trois membres pr\u00e9sum\u00e9s du Groupe salafiste pour la pr\u00e9dication et le combat (GSPC), un mouvement alg\u00e9rien alli\u00e9 \u00e0 al-Qa\u00efda, [&hellip;]<\/p>\n","protected":false},"author":333,"featured_media":0,"comment_status":"open","ping_status":"open","sticky":false,"template":"","format":"standard","meta":{"footnotes":""},"categories":[59],"tags":[],"class_list":["post-1625","post","type-post","status-publish","format-standard","hentry","category-dakar"],"yoast_head":"<!-- This site is optimized with the Yoast SEO plugin v26.0 - https:\/\/yoast.com\/wordpress\/plugins\/seo\/ -->\n<title>Mauritanie: trois membres pr\u00e9sum\u00e9s du GSPC arr\u00eat\u00e9s avant l&#039;arriv\u00e9e du Dakar - leblogmoto.com<\/title>\n<meta name=\"robots\" content=\"index, follow, max-snippet:-1, max-image-preview:large, max-video-preview:-1\" \/>\n<link rel=\"canonical\" href=\"https:\/\/blogs.thesocialmedia.com\/leblogmoto\/2007\/01\/10\/mauritanie-troi\/\" \/>\n<meta name=\"twitter:card\" content=\"summary_large_image\" \/>\n<meta name=\"twitter:title\" content=\"Mauritanie: trois membres pr\u00e9sum\u00e9s du GSPC arr\u00eat\u00e9s avant l&#039;arriv\u00e9e du Dakar - leblogmoto.com\" \/>\n<meta name=\"twitter:description\" content=\"Comme nous l\u2019avions pressenti dans un post paru le 6 d\u00e9cembre, les menaces terroristes pesant sur le Dakar semblent se pr\u00e9ciser. Selon une d\u00e9p\u00eache du correspondant de l\u2019agence France Presse \u00e0 Nouakchott tomb\u00e9e cet apr\u00e8s-midi,&nbsp; \u00ab trois membres pr\u00e9sum\u00e9s du Groupe salafiste pour la pr\u00e9dication et le combat (GSPC), un mouvement alg\u00e9rien alli\u00e9 \u00e0 al-Qa\u00efda, [&hellip;]\" \/>\n<meta name=\"twitter:image\" content=\"http:\/\/www.leblogmoto.com\/images\/070110_art45_logodakarterro.jpg\" \/>\n<meta name=\"twitter:label1\" content=\"\u00c9crit par\" \/>\n\t<meta name=\"twitter:data1\" content=\"christian tirat\" \/>\n\t<meta name=\"twitter:label2\" content=\"Dur\u00e9e de lecture estim\u00e9e\" \/>\n\t<meta name=\"twitter:data2\" content=\"2 minutes\" \/>\n<script type=\"application\/ld+json\" class=\"yoast-schema-graph\">{\"@context\":\"https:\/\/schema.org\",\"@graph\":[{\"@type\":\"WebPage\",\"@id\":\"https:\/\/blogs.thesocialmedia.com\/leblogmoto\/2007\/01\/10\/mauritanie-troi\/\",\"url\":\"https:\/\/blogs.thesocialmedia.com\/leblogmoto\/2007\/01\/10\/mauritanie-troi\/\",\"name\":\"Mauritanie: trois membres pr\u00e9sum\u00e9s du GSPC arr\u00eat\u00e9s avant l'arriv\u00e9e du Dakar - leblogmoto.com\",\"isPartOf\":{\"@id\":\"https:\/\/blogs.thesocialmedia.com\/leblogmoto\/#website\"},\"primaryImageOfPage\":{\"@id\":\"https:\/\/blogs.thesocialmedia.com\/leblogmoto\/2007\/01\/10\/mauritanie-troi\/#primaryimage\"},\"image\":{\"@id\":\"https:\/\/blogs.thesocialmedia.com\/leblogmoto\/2007\/01\/10\/mauritanie-troi\/#primaryimage\"},\"thumbnailUrl\":\"http:\/\/www.leblogmoto.com\/images\/070110_art45_logodakarterro.jpg\",\"datePublished\":\"2007-01-10T23:30:02+00:00\",\"dateModified\":\"2012-07-11T14:29:47+00:00\",\"author\":{\"@id\":\"https:\/\/blogs.thesocialmedia.com\/leblogmoto\/#\/schema\/person\/90b2f8fd0d5a2cede2580e95fc79c6c0\"},\"breadcrumb\":{\"@id\":\"https:\/\/blogs.thesocialmedia.com\/leblogmoto\/2007\/01\/10\/mauritanie-troi\/#breadcrumb\"},\"inLanguage\":\"fr-FR\",\"potentialAction\":[{\"@type\":\"ReadAction\",\"target\":[\"https:\/\/blogs.thesocialmedia.com\/leblogmoto\/2007\/01\/10\/mauritanie-troi\/\"]}]},{\"@type\":\"ImageObject\",\"inLanguage\":\"fr-FR\",\"@id\":\"https:\/\/blogs.thesocialmedia.com\/leblogmoto\/2007\/01\/10\/mauritanie-troi\/#primaryimage\",\"url\":\"http:\/\/www.leblogmoto.com\/images\/070110_art45_logodakarterro.jpg\",\"contentUrl\":\"http:\/\/www.leblogmoto.com\/images\/070110_art45_logodakarterro.jpg\"},{\"@type\":\"BreadcrumbList\",\"@id\":\"https:\/\/blogs.thesocialmedia.com\/leblogmoto\/2007\/01\/10\/mauritanie-troi\/#breadcrumb\",\"itemListElement\":[{\"@type\":\"ListItem\",\"position\":1,\"name\":\"Accueil\",\"item\":\"https:\/\/blogs.thesocialmedia.com\/leblogmoto\/\"},{\"@type\":\"ListItem\",\"position\":2,\"name\":\"Mauritanie: trois membres pr\u00e9sum\u00e9s du GSPC arr\u00eat\u00e9s avant l&rsquo;arriv\u00e9e du Dakar\"}]},{\"@type\":\"WebSite\",\"@id\":\"https:\/\/blogs.thesocialmedia.com\/leblogmoto\/#website\",\"url\":\"https:\/\/blogs.thesocialmedia.com\/leblogmoto\/\",\"name\":\"leblogmoto\",\"description\":\"Toute l&#039;actualit\u00e9 des 2 roues\",\"potentialAction\":[{\"@type\":\"SearchAction\",\"target\":{\"@type\":\"EntryPoint\",\"urlTemplate\":\"https:\/\/blogs.thesocialmedia.com\/leblogmoto\/?s={search_term_string}\"},\"query-input\":{\"@type\":\"PropertyValueSpecification\",\"valueRequired\":true,\"valueName\":\"search_term_string\"}}],\"inLanguage\":\"fr-FR\"},{\"@type\":\"Person\",\"@id\":\"https:\/\/blogs.thesocialmedia.com\/leblogmoto\/#\/schema\/person\/90b2f8fd0d5a2cede2580e95fc79c6c0\",\"name\":\"christian tirat\",\"image\":{\"@type\":\"ImageObject\",\"inLanguage\":\"fr-FR\",\"@id\":\"https:\/\/blogs.thesocialmedia.com\/leblogmoto\/#\/schema\/person\/image\/\",\"url\":\"https:\/\/secure.gravatar.com\/avatar\/?s=96&d=mm&r=g\",\"contentUrl\":\"https:\/\/secure.gravatar.com\/avatar\/?s=96&d=mm&r=g\",\"caption\":\"christian tirat\"},\"url\":\"https:\/\/blogs.thesocialmedia.com\/leblogmoto\/author\/christian-tirat\/\"}]}<\/script>\n<!-- \/ Yoast SEO plugin. -->","yoast_head_json":{"title":"Mauritanie: trois membres pr\u00e9sum\u00e9s du GSPC arr\u00eat\u00e9s avant l'arriv\u00e9e du Dakar - leblogmoto.com","robots":{"index":"index","follow":"follow","max-snippet":"max-snippet:-1","max-image-preview":"max-image-preview:large","max-video-preview":"max-video-preview:-1"},"canonical":"https:\/\/blogs.thesocialmedia.com\/leblogmoto\/2007\/01\/10\/mauritanie-troi\/","twitter_card":"summary_large_image","twitter_title":"Mauritanie: trois membres pr\u00e9sum\u00e9s du GSPC arr\u00eat\u00e9s avant l'arriv\u00e9e du Dakar - leblogmoto.com","twitter_description":"Comme nous l\u2019avions pressenti dans un post paru le 6 d\u00e9cembre, les menaces terroristes pesant sur le Dakar semblent se pr\u00e9ciser. Selon une d\u00e9p\u00eache du correspondant de l\u2019agence France Presse \u00e0 Nouakchott tomb\u00e9e cet apr\u00e8s-midi,&nbsp; \u00ab trois membres pr\u00e9sum\u00e9s du Groupe salafiste pour la pr\u00e9dication et le combat (GSPC), un mouvement alg\u00e9rien alli\u00e9 \u00e0 al-Qa\u00efda, [&hellip;]","twitter_image":"http:\/\/www.leblogmoto.com\/images\/070110_art45_logodakarterro.jpg","twitter_misc":{"\u00c9crit par":"christian tirat","Dur\u00e9e de lecture estim\u00e9e":"2 minutes"},"schema":{"@context":"https:\/\/schema.org","@graph":[{"@type":"WebPage","@id":"https:\/\/blogs.thesocialmedia.com\/leblogmoto\/2007\/01\/10\/mauritanie-troi\/","url":"https:\/\/blogs.thesocialmedia.com\/leblogmoto\/2007\/01\/10\/mauritanie-troi\/","name":"Mauritanie: trois membres pr\u00e9sum\u00e9s du GSPC arr\u00eat\u00e9s avant l'arriv\u00e9e du Dakar - leblogmoto.com","isPartOf":{"@id":"https:\/\/blogs.thesocialmedia.com\/leblogmoto\/#website"},"primaryImageOfPage":{"@id":"https:\/\/blogs.thesocialmedia.com\/leblogmoto\/2007\/01\/10\/mauritanie-troi\/#primaryimage"},"image":{"@id":"https:\/\/blogs.thesocialmedia.com\/leblogmoto\/2007\/01\/10\/mauritanie-troi\/#primaryimage"},"thumbnailUrl":"http:\/\/www.leblogmoto.com\/images\/070110_art45_logodakarterro.jpg","datePublished":"2007-01-10T23:30:02+00:00","dateModified":"2012-07-11T14:29:47+00:00","author":{"@id":"https:\/\/blogs.thesocialmedia.com\/leblogmoto\/#\/schema\/person\/90b2f8fd0d5a2cede2580e95fc79c6c0"},"breadcrumb":{"@id":"https:\/\/blogs.thesocialmedia.com\/leblogmoto\/2007\/01\/10\/mauritanie-troi\/#breadcrumb"},"inLanguage":"fr-FR","potentialAction":[{"@type":"ReadAction","target":["https:\/\/blogs.thesocialmedia.com\/leblogmoto\/2007\/01\/10\/mauritanie-troi\/"]}]},{"@type":"ImageObject","inLanguage":"fr-FR","@id":"https:\/\/blogs.thesocialmedia.com\/leblogmoto\/2007\/01\/10\/mauritanie-troi\/#primaryimage","url":"http:\/\/www.leblogmoto.com\/images\/070110_art45_logodakarterro.jpg","contentUrl":"http:\/\/www.leblogmoto.com\/images\/070110_art45_logodakarterro.jpg"},{"@type":"BreadcrumbList","@id":"https:\/\/blogs.thesocialmedia.com\/leblogmoto\/2007\/01\/10\/mauritanie-troi\/#breadcrumb","itemListElement":[{"@type":"ListItem","position":1,"name":"Accueil","item":"https:\/\/blogs.thesocialmedia.com\/leblogmoto\/"},{"@type":"ListItem","position":2,"name":"Mauritanie: trois membres pr\u00e9sum\u00e9s du GSPC arr\u00eat\u00e9s avant l&rsquo;arriv\u00e9e du Dakar"}]},{"@type":"WebSite","@id":"https:\/\/blogs.thesocialmedia.com\/leblogmoto\/#website","url":"https:\/\/blogs.thesocialmedia.com\/leblogmoto\/","name":"leblogmoto","description":"Toute l&#039;actualit\u00e9 des 2 roues","potentialAction":[{"@type":"SearchAction","target":{"@type":"EntryPoint","urlTemplate":"https:\/\/blogs.thesocialmedia.com\/leblogmoto\/?s={search_term_string}"},"query-input":{"@type":"PropertyValueSpecification","valueRequired":true,"valueName":"search_term_string"}}],"inLanguage":"fr-FR"},{"@type":"Person","@id":"https:\/\/blogs.thesocialmedia.com\/leblogmoto\/#\/schema\/person\/90b2f8fd0d5a2cede2580e95fc79c6c0","name":"christian tirat","image":{"@type":"ImageObject","inLanguage":"fr-FR","@id":"https:\/\/blogs.thesocialmedia.com\/leblogmoto\/#\/schema\/person\/image\/","url":"https:\/\/secure.gravatar.com\/avatar\/?s=96&d=mm&r=g","contentUrl":"https:\/\/secure.gravatar.com\/avatar\/?s=96&d=mm&r=g","caption":"christian tirat"},"url":"https:\/\/blogs.thesocialmedia.com\/leblogmoto\/author\/christian-tirat\/"}]}},"_links":{"self":[{"href":"https:\/\/blogs.thesocialmedia.com\/leblogmoto\/wp-json\/wp\/v2\/posts\/1625","targetHints":{"allow":["GET"]}}],"collection":[{"href":"https:\/\/blogs.thesocialmedia.com\/leblogmoto\/wp-json\/wp\/v2\/posts"}],"about":[{"href":"https:\/\/blogs.thesocialmedia.com\/leblogmoto\/wp-json\/wp\/v2\/types\/post"}],"author":[{"embeddable":true,"href":"https:\/\/blogs.thesocialmedia.com\/leblogmoto\/wp-json\/wp\/v2\/users\/333"}],"replies":[{"embeddable":true,"href":"https:\/\/blogs.thesocialmedia.com\/leblogmoto\/wp-json\/wp\/v2\/comments?post=1625"}],"version-history":[{"count":2,"href":"https:\/\/blogs.thesocialmedia.com\/leblogmoto\/wp-json\/wp\/v2\/posts\/1625\/revisions"}],"predecessor-version":[{"id":7892,"href":"https:\/\/blogs.thesocialmedia.com\/leblogmoto\/wp-json\/wp\/v2\/posts\/1625\/revisions\/7892"}],"wp:attachment":[{"href":"https:\/\/blogs.thesocialmedia.com\/leblogmoto\/wp-json\/wp\/v2\/media?parent=1625"}],"wp:term":[{"taxonomy":"category","embeddable":true,"href":"https:\/\/blogs.thesocialmedia.com\/leblogmoto\/wp-json\/wp\/v2\/categories?post=1625"},{"taxonomy":"post_tag","embeddable":true,"href":"https:\/\/blogs.thesocialmedia.com\/leblogmoto\/wp-json\/wp\/v2\/tags?post=1625"}],"curies":[{"name":"wp","href":"https:\/\/api.w.org\/{rel}","templated":true}]}}