{"id":1628,"date":"2007-01-03T16:39:20","date_gmt":"2007-01-03T16:39:20","guid":{"rendered":"http:\/\/blogs.thesocialmedia.com\/leblogmoto\/2007\/01\/03\/une-moto-lthano\/"},"modified":"2012-07-11T14:29:41","modified_gmt":"2012-07-11T14:29:41","slug":"une-moto-lthano","status":"publish","type":"post","link":"https:\/\/blogs.thesocialmedia.com\/leblogmoto\/2007\/01\/03\/une-moto-lthano\/","title":{"rendered":"Une moto \u00e0 l&rsquo;\u00e9thanol sur le DAKAR"},"content":{"rendered":"<p style=\"margin-bottom: 0cm\"><a href=\"http:\/\/blogs.thesocialmedia.com\/leblogmoto\/files\/2012\/07\/dakareyhanol.jpg\"><img loading=\"lazy\" decoding=\"async\" width=\"250\" height=\"263\"  src=\"http:\/\/www.leblogfinance.com\/images\/dakareyhanol.jpg\" alt=\"Dakareyhanol\" style=\"margin: 0px 5px 5px 0px;float: left\" \/><\/a>Le 6 janvier 2006, Christian Dequidt, agriculteur dans le Pas-de-Calais, prendra pour la 4\u00e8me fois le d\u00e9part <a href=\"http:\/\/www.leblogdudakar.com\/\">du Dakar<\/a>. Il affrontera ce nouveau d\u00e9fi avec sa &quot;moto v\u00e9g\u00e9tale&quot;, qui roule au <a href=\"http:\/\/www.leblogfinance.com\/2006\/11\/le_brsil_relve__1.html\">bio-\u00e9thanol<\/a>. En participant \u00e0 cet \u00e9v\u00e9nement, Christian Dequidt souhaite attirer l\u2019attention du public sur l\u2019importance de ce &quot;pacte homme-nature&quot; qui lui tient \u00e0 c\u0153ur. Il souhaite mettre en \u00e9vidence les \u00e9nergies renouvelables et <a href=\"http:\/\/www.leblogfinance.com\/2006\/11\/biocarburant_ma.html\">l\u2019avenir de l\u2019agriculture dans ce domaine<\/a>.<\/p>\n<p style=\"margin-bottom: 0cm\">Emamant d&rsquo;une personne impliqu\u00e9e dans le monde agricole, sa d\u00e9marche n&rsquo;en a qu&rsquo;encore plus de poids.<\/p>\n<p style=\"margin-bottom: 0cm\"><a href=\"http:\/\/www.leblogfinance.com\/2007\/01\/christian_dequi.html\">Lire la suite<\/a> (&#8230;)<\/p>\n<p style=\"margin-bottom: 0cm\">\n","protected":false},"excerpt":{"rendered":"<p>Le 6 janvier 2006, Christian Dequidt, agriculteur dans le Pas-de-Calais, prendra pour la 4\u00e8me fois le d\u00e9part du Dakar. Il affrontera ce nouveau d\u00e9fi avec sa &quot;moto v\u00e9g\u00e9tale&quot;, qui roule au bio-\u00e9thanol. En participant \u00e0 cet \u00e9v\u00e9nement, Christian Dequidt souhaite attirer l\u2019attention du public sur l\u2019importance de ce &quot;pacte homme-nature&quot; qui lui tient \u00e0 c\u0153ur. [&hellip;]<\/p>\n","protected":false},"author":219,"featured_media":0,"comment_status":"open","ping_status":"open","sticky":false,"template":"","format":"standard","meta":{"footnotes":""},"categories":[59],"tags":[],"class_list":["post-1628","post","type-post","status-publish","format-standard","hentry","category-dakar"],"yoast_head":"<!-- This site is optimized with the Yoast SEO plugin v26.0 - https:\/\/yoast.com\/wordpress\/plugins\/seo\/ -->\n<title>Une moto \u00e0 l&#039;\u00e9thanol sur le DAKAR - leblogmoto.com<\/title>\n<meta name=\"robots\" content=\"index, follow, max-snippet:-1, max-image-preview:large, max-video-preview:-1\" \/>\n<link rel=\"canonical\" href=\"https:\/\/blogs.thesocialmedia.com\/leblogmoto\/2007\/01\/03\/une-moto-lthano\/\" \/>\n<meta name=\"twitter:card\" content=\"summary_large_image\" \/>\n<meta name=\"twitter:title\" content=\"Une moto \u00e0 l&#039;\u00e9thanol sur le DAKAR - leblogmoto.com\" \/>\n<meta name=\"twitter:description\" content=\"Le 6 janvier 2006, Christian Dequidt, agriculteur dans le Pas-de-Calais, prendra pour la 4\u00e8me fois le d\u00e9part du Dakar. Il affrontera ce nouveau d\u00e9fi avec sa &quot;moto v\u00e9g\u00e9tale&quot;, qui roule au bio-\u00e9thanol. En participant \u00e0 cet \u00e9v\u00e9nement, Christian Dequidt souhaite attirer l\u2019attention du public sur l\u2019importance de ce &quot;pacte homme-nature&quot; qui lui tient \u00e0 c\u0153ur. [&hellip;]\" \/>\n<meta name=\"twitter:image\" content=\"http:\/\/www.leblogfinance.com\/images\/dakareyhanol.jpg\" \/>\n<meta name=\"twitter:label1\" content=\"\u00c9crit par\" \/>\n\t<meta name=\"twitter:data1\" content=\"David Christian Koskas\" \/>\n\t<meta name=\"twitter:label2\" content=\"Dur\u00e9e de lecture estim\u00e9e\" \/>\n\t<meta name=\"twitter:data2\" content=\"1 minute\" \/>\n<script type=\"application\/ld+json\" class=\"yoast-schema-graph\">{\"@context\":\"https:\/\/schema.org\",\"@graph\":[{\"@type\":\"WebPage\",\"@id\":\"https:\/\/blogs.thesocialmedia.com\/leblogmoto\/2007\/01\/03\/une-moto-lthano\/\",\"url\":\"https:\/\/blogs.thesocialmedia.com\/leblogmoto\/2007\/01\/03\/une-moto-lthano\/\",\"name\":\"Une moto \u00e0 l'\u00e9thanol sur le DAKAR - leblogmoto.com\",\"isPartOf\":{\"@id\":\"https:\/\/blogs.thesocialmedia.com\/leblogmoto\/#website\"},\"primaryImageOfPage\":{\"@id\":\"https:\/\/blogs.thesocialmedia.com\/leblogmoto\/2007\/01\/03\/une-moto-lthano\/#primaryimage\"},\"image\":{\"@id\":\"https:\/\/blogs.thesocialmedia.com\/leblogmoto\/2007\/01\/03\/une-moto-lthano\/#primaryimage\"},\"thumbnailUrl\":\"http:\/\/www.leblogfinance.com\/images\/dakareyhanol.jpg\",\"datePublished\":\"2007-01-03T16:39:20+00:00\",\"dateModified\":\"2012-07-11T14:29:41+00:00\",\"author\":{\"@id\":\"https:\/\/blogs.thesocialmedia.com\/leblogmoto\/#\/schema\/person\/deb0b0db470c11cf82cbc870c241f979\"},\"breadcrumb\":{\"@id\":\"https:\/\/blogs.thesocialmedia.com\/leblogmoto\/2007\/01\/03\/une-moto-lthano\/#breadcrumb\"},\"inLanguage\":\"fr-FR\",\"potentialAction\":[{\"@type\":\"ReadAction\",\"target\":[\"https:\/\/blogs.thesocialmedia.com\/leblogmoto\/2007\/01\/03\/une-moto-lthano\/\"]}]},{\"@type\":\"ImageObject\",\"inLanguage\":\"fr-FR\",\"@id\":\"https:\/\/blogs.thesocialmedia.com\/leblogmoto\/2007\/01\/03\/une-moto-lthano\/#primaryimage\",\"url\":\"http:\/\/www.leblogfinance.com\/images\/dakareyhanol.jpg\",\"contentUrl\":\"http:\/\/www.leblogfinance.com\/images\/dakareyhanol.jpg\"},{\"@type\":\"BreadcrumbList\",\"@id\":\"https:\/\/blogs.thesocialmedia.com\/leblogmoto\/2007\/01\/03\/une-moto-lthano\/#breadcrumb\",\"itemListElement\":[{\"@type\":\"ListItem\",\"position\":1,\"name\":\"Accueil\",\"item\":\"https:\/\/blogs.thesocialmedia.com\/leblogmoto\/\"},{\"@type\":\"ListItem\",\"position\":2,\"name\":\"Une moto \u00e0 l&rsquo;\u00e9thanol sur le DAKAR\"}]},{\"@type\":\"WebSite\",\"@id\":\"https:\/\/blogs.thesocialmedia.com\/leblogmoto\/#website\",\"url\":\"https:\/\/blogs.thesocialmedia.com\/leblogmoto\/\",\"name\":\"leblogmoto\",\"description\":\"Toute l&#039;actualit\u00e9 des 2 roues\",\"potentialAction\":[{\"@type\":\"SearchAction\",\"target\":{\"@type\":\"EntryPoint\",\"urlTemplate\":\"https:\/\/blogs.thesocialmedia.com\/leblogmoto\/?s={search_term_string}\"},\"query-input\":{\"@type\":\"PropertyValueSpecification\",\"valueRequired\":true,\"valueName\":\"search_term_string\"}}],\"inLanguage\":\"fr-FR\"},{\"@type\":\"Person\",\"@id\":\"https:\/\/blogs.thesocialmedia.com\/leblogmoto\/#\/schema\/person\/deb0b0db470c11cf82cbc870c241f979\",\"name\":\"David Christian Koskas\",\"image\":{\"@type\":\"ImageObject\",\"inLanguage\":\"fr-FR\",\"@id\":\"https:\/\/blogs.thesocialmedia.com\/leblogmoto\/#\/schema\/person\/image\/\",\"url\":\"https:\/\/secure.gravatar.com\/avatar\/3b119f8169c8019feae7e6b32a2a6c3a?s=96&d=mm&r=g\",\"contentUrl\":\"https:\/\/secure.gravatar.com\/avatar\/3b119f8169c8019feae7e6b32a2a6c3a?s=96&d=mm&r=g\",\"caption\":\"David Christian Koskas\"},\"url\":\"https:\/\/blogs.thesocialmedia.com\/leblogmoto\/author\/david-koskas\/\"}]}<\/script>\n<!-- \/ Yoast SEO plugin. -->","yoast_head_json":{"title":"Une moto \u00e0 l'\u00e9thanol sur le DAKAR - leblogmoto.com","robots":{"index":"index","follow":"follow","max-snippet":"max-snippet:-1","max-image-preview":"max-image-preview:large","max-video-preview":"max-video-preview:-1"},"canonical":"https:\/\/blogs.thesocialmedia.com\/leblogmoto\/2007\/01\/03\/une-moto-lthano\/","twitter_card":"summary_large_image","twitter_title":"Une moto \u00e0 l'\u00e9thanol sur le DAKAR - leblogmoto.com","twitter_description":"Le 6 janvier 2006, Christian Dequidt, agriculteur dans le Pas-de-Calais, prendra pour la 4\u00e8me fois le d\u00e9part du Dakar. Il affrontera ce nouveau d\u00e9fi avec sa &quot;moto v\u00e9g\u00e9tale&quot;, qui roule au bio-\u00e9thanol. En participant \u00e0 cet \u00e9v\u00e9nement, Christian Dequidt souhaite attirer l\u2019attention du public sur l\u2019importance de ce &quot;pacte homme-nature&quot; qui lui tient \u00e0 c\u0153ur. [&hellip;]","twitter_image":"http:\/\/www.leblogfinance.com\/images\/dakareyhanol.jpg","twitter_misc":{"\u00c9crit par":"David Christian Koskas","Dur\u00e9e de lecture estim\u00e9e":"1 minute"},"schema":{"@context":"https:\/\/schema.org","@graph":[{"@type":"WebPage","@id":"https:\/\/blogs.thesocialmedia.com\/leblogmoto\/2007\/01\/03\/une-moto-lthano\/","url":"https:\/\/blogs.thesocialmedia.com\/leblogmoto\/2007\/01\/03\/une-moto-lthano\/","name":"Une moto \u00e0 l'\u00e9thanol sur le DAKAR - leblogmoto.com","isPartOf":{"@id":"https:\/\/blogs.thesocialmedia.com\/leblogmoto\/#website"},"primaryImageOfPage":{"@id":"https:\/\/blogs.thesocialmedia.com\/leblogmoto\/2007\/01\/03\/une-moto-lthano\/#primaryimage"},"image":{"@id":"https:\/\/blogs.thesocialmedia.com\/leblogmoto\/2007\/01\/03\/une-moto-lthano\/#primaryimage"},"thumbnailUrl":"http:\/\/www.leblogfinance.com\/images\/dakareyhanol.jpg","datePublished":"2007-01-03T16:39:20+00:00","dateModified":"2012-07-11T14:29:41+00:00","author":{"@id":"https:\/\/blogs.thesocialmedia.com\/leblogmoto\/#\/schema\/person\/deb0b0db470c11cf82cbc870c241f979"},"breadcrumb":{"@id":"https:\/\/blogs.thesocialmedia.com\/leblogmoto\/2007\/01\/03\/une-moto-lthano\/#breadcrumb"},"inLanguage":"fr-FR","potentialAction":[{"@type":"ReadAction","target":["https:\/\/blogs.thesocialmedia.com\/leblogmoto\/2007\/01\/03\/une-moto-lthano\/"]}]},{"@type":"ImageObject","inLanguage":"fr-FR","@id":"https:\/\/blogs.thesocialmedia.com\/leblogmoto\/2007\/01\/03\/une-moto-lthano\/#primaryimage","url":"http:\/\/www.leblogfinance.com\/images\/dakareyhanol.jpg","contentUrl":"http:\/\/www.leblogfinance.com\/images\/dakareyhanol.jpg"},{"@type":"BreadcrumbList","@id":"https:\/\/blogs.thesocialmedia.com\/leblogmoto\/2007\/01\/03\/une-moto-lthano\/#breadcrumb","itemListElement":[{"@type":"ListItem","position":1,"name":"Accueil","item":"https:\/\/blogs.thesocialmedia.com\/leblogmoto\/"},{"@type":"ListItem","position":2,"name":"Une moto \u00e0 l&rsquo;\u00e9thanol sur le DAKAR"}]},{"@type":"WebSite","@id":"https:\/\/blogs.thesocialmedia.com\/leblogmoto\/#website","url":"https:\/\/blogs.thesocialmedia.com\/leblogmoto\/","name":"leblogmoto","description":"Toute l&#039;actualit\u00e9 des 2 roues","potentialAction":[{"@type":"SearchAction","target":{"@type":"EntryPoint","urlTemplate":"https:\/\/blogs.thesocialmedia.com\/leblogmoto\/?s={search_term_string}"},"query-input":{"@type":"PropertyValueSpecification","valueRequired":true,"valueName":"search_term_string"}}],"inLanguage":"fr-FR"},{"@type":"Person","@id":"https:\/\/blogs.thesocialmedia.com\/leblogmoto\/#\/schema\/person\/deb0b0db470c11cf82cbc870c241f979","name":"David Christian Koskas","image":{"@type":"ImageObject","inLanguage":"fr-FR","@id":"https:\/\/blogs.thesocialmedia.com\/leblogmoto\/#\/schema\/person\/image\/","url":"https:\/\/secure.gravatar.com\/avatar\/3b119f8169c8019feae7e6b32a2a6c3a?s=96&d=mm&r=g","contentUrl":"https:\/\/secure.gravatar.com\/avatar\/3b119f8169c8019feae7e6b32a2a6c3a?s=96&d=mm&r=g","caption":"David Christian Koskas"},"url":"https:\/\/blogs.thesocialmedia.com\/leblogmoto\/author\/david-koskas\/"}]}},"_links":{"self":[{"href":"https:\/\/blogs.thesocialmedia.com\/leblogmoto\/wp-json\/wp\/v2\/posts\/1628","targetHints":{"allow":["GET"]}}],"collection":[{"href":"https:\/\/blogs.thesocialmedia.com\/leblogmoto\/wp-json\/wp\/v2\/posts"}],"about":[{"href":"https:\/\/blogs.thesocialmedia.com\/leblogmoto\/wp-json\/wp\/v2\/types\/post"}],"author":[{"embeddable":true,"href":"https:\/\/blogs.thesocialmedia.com\/leblogmoto\/wp-json\/wp\/v2\/users\/219"}],"replies":[{"embeddable":true,"href":"https:\/\/blogs.thesocialmedia.com\/leblogmoto\/wp-json\/wp\/v2\/comments?post=1628"}],"version-history":[{"count":2,"href":"https:\/\/blogs.thesocialmedia.com\/leblogmoto\/wp-json\/wp\/v2\/posts\/1628\/revisions"}],"predecessor-version":[{"id":7886,"href":"https:\/\/blogs.thesocialmedia.com\/leblogmoto\/wp-json\/wp\/v2\/posts\/1628\/revisions\/7886"}],"wp:attachment":[{"href":"https:\/\/blogs.thesocialmedia.com\/leblogmoto\/wp-json\/wp\/v2\/media?parent=1628"}],"wp:term":[{"taxonomy":"category","embeddable":true,"href":"https:\/\/blogs.thesocialmedia.com\/leblogmoto\/wp-json\/wp\/v2\/categories?post=1628"},{"taxonomy":"post_tag","embeddable":true,"href":"https:\/\/blogs.thesocialmedia.com\/leblogmoto\/wp-json\/wp\/v2\/tags?post=1628"}],"curies":[{"name":"wp","href":"https:\/\/api.w.org\/{rel}","templated":true}]}}