{"id":1629,"date":"2006-12-30T12:43:38","date_gmt":"2006-12-30T12:43:38","guid":{"rendered":"http:\/\/blogs.thesocialmedia.com\/leblogmoto\/2006\/12\/30\/dakar-2007-le-p\/"},"modified":"2012-07-11T14:29:40","modified_gmt":"2012-07-11T14:29:40","slug":"dakar-2007-le-p","status":"publish","type":"post","link":"https:\/\/blogs.thesocialmedia.com\/leblogmoto\/2006\/12\/30\/dakar-2007-le-p\/","title":{"rendered":"Dakar 2007 : le point avant le d\u00e9part"},"content":{"rendered":"<p><a href=\"http:\/\/blogs.thesocialmedia.com\/leblogmoto\/files\/2012\/07\/marc_coma.jpg\"><img loading=\"lazy\" decoding=\"async\" width=\"250\" height=\"162\"  src=\"http:\/\/www.leblogmoto.com\/images\/marc_coma.jpg\" alt=\"Marc_coma\" style=\"margin: 0px 5px 5px 0px;float: left\" \/><\/a>La 29<sup>iem<\/sup> \u00e9dition du <a href=\"http:\/\/www.dakar.com\/\">Dakar<\/a> est dans les derniers pr\u00e9paratifs pour le 6 janvier, date officielle du d\u00e9part de Lisbonne au Portugal. Fort d\u2019une \u00e9dition 2006 r\u00e9ussie avec 508 engag\u00e9s, le Dakar 2007 se montre en pleine forme avec pas moins de 525 \u00e9quipages inscrits, toutes cat\u00e9gories confondues, et 42 nationalit\u00e9s diff\u00e9rentes.<\/p>\n<p class=\"MsoNormal\">Toujours plus de motards :<\/p>\n<p class=\"MsoNormal\">\n<p class=\"MsoNormal\">Les motards seront tr\u00e8s bien repr\u00e9sent\u00e9s avec 250 participants au d\u00e9part, dont 38% se lanceront pour la premi\u00e8re fois dans cette aventure. On retiendra la pr\u00e9sence habituelle des grands noms du Dakar moto avec la t\u00e8te du Dakar 2006 : COMA Marc, DESPRES Cyril, SALA Giovanni\u2026<\/p>\n<p>   <\/p>\n<p class=\"MsoNormal\"><a href=\"http:\/\/clabedan.typepad.com\/.shared\/image.html?\/photos\/uncategorized\/parcour_initial_1.jpg\"><img loading=\"lazy\" decoding=\"async\" width=\"250\" height=\"375\"  alt=\"Parcour_initial_1\" src=\"http:\/\/www.leblogmoto.com\/images\/parcour_initial_1.jpg\" style=\"margin: 0px 5px 5px 0px;float: left\" \/><\/a> Un parcours finalement modifi\u00e9<\/p>\n<p class=\"MsoNormal\">\n<p class=\"MsoNormal\">Du 6 au 21 janvier, les participants traverseront le Portugal, le sud de l\u2019Espagne, le Maroc, le Sahara Occidental, la Mauritanie avant de rejoindre le S\u00e9n\u00e9gal apr\u00e8s un rapide passage au Mali pour un total de <strong><span style=\"font-weight: normal\">5 030 km de sp\u00e9ciales.<\/span><\/strong><strong><\/strong><br \/>Ce parcours a d\u00fb \u00eatre modifi\u00e9 (sur recommendation du minist\u00e8re des Affaires \u00e9trang\u00e8res) et une boucle pr\u00e9vu \u00e0 Tombouctou au Mali a \u00e9t\u00e9 remplac\u00e9e par une boucle en Mauritanie.<\/p>\n<p class=\"MsoNormal\">\n<p class=\"MsoNormal\">Retrouvez toutes les informations sur le site officiel : <a href=\"http:\/\/www.dakar.com\">http:\/\/www.dakar.com<\/a> et sur le blog : <a href=\"http:\/\/www.leblogdudakar.com\">http:\/\/www.leblogdudakar.com<\/a><\/p>\n","protected":false},"excerpt":{"rendered":"<p>La 29iem \u00e9dition du Dakar est dans les derniers pr\u00e9paratifs pour le 6 janvier, date officielle du d\u00e9part de Lisbonne au Portugal. Fort d\u2019une \u00e9dition 2006 r\u00e9ussie avec 508 engag\u00e9s, le Dakar 2007 se montre en pleine forme avec pas moins de 525 \u00e9quipages inscrits, toutes cat\u00e9gories confondues, et 42 nationalit\u00e9s diff\u00e9rentes. Toujours plus de [&hellip;]<\/p>\n","protected":false},"author":331,"featured_media":0,"comment_status":"open","ping_status":"open","sticky":false,"template":"","format":"standard","meta":{"footnotes":""},"categories":[3],"tags":[59],"class_list":["post-1629","post","type-post","status-publish","format-standard","hentry","category-actualite","tag-dakar"],"yoast_head":"<!-- This site is optimized with the Yoast SEO plugin v26.0 - https:\/\/yoast.com\/wordpress\/plugins\/seo\/ -->\n<title>Dakar 2007 : le point avant le d\u00e9part - leblogmoto.com<\/title>\n<meta name=\"robots\" content=\"index, follow, max-snippet:-1, max-image-preview:large, max-video-preview:-1\" \/>\n<link rel=\"canonical\" href=\"https:\/\/blogs.thesocialmedia.com\/leblogmoto\/2006\/12\/30\/dakar-2007-le-p\/\" \/>\n<meta name=\"twitter:card\" content=\"summary_large_image\" \/>\n<meta name=\"twitter:title\" content=\"Dakar 2007 : le point avant le d\u00e9part - leblogmoto.com\" \/>\n<meta name=\"twitter:description\" content=\"La 29iem \u00e9dition du Dakar est dans les derniers pr\u00e9paratifs pour le 6 janvier, date officielle du d\u00e9part de Lisbonne au Portugal. Fort d\u2019une \u00e9dition 2006 r\u00e9ussie avec 508 engag\u00e9s, le Dakar 2007 se montre en pleine forme avec pas moins de 525 \u00e9quipages inscrits, toutes cat\u00e9gories confondues, et 42 nationalit\u00e9s diff\u00e9rentes. Toujours plus de [&hellip;]\" \/>\n<meta name=\"twitter:image\" content=\"http:\/\/www.leblogmoto.com\/images\/marc_coma.jpg\" \/>\n<meta name=\"twitter:label1\" content=\"\u00c9crit par\" \/>\n\t<meta name=\"twitter:data1\" content=\"nicolas gehin\" \/>\n\t<meta name=\"twitter:label2\" content=\"Dur\u00e9e de lecture estim\u00e9e\" \/>\n\t<meta name=\"twitter:data2\" content=\"1 minute\" \/>\n<script type=\"application\/ld+json\" class=\"yoast-schema-graph\">{\"@context\":\"https:\/\/schema.org\",\"@graph\":[{\"@type\":\"WebPage\",\"@id\":\"https:\/\/blogs.thesocialmedia.com\/leblogmoto\/2006\/12\/30\/dakar-2007-le-p\/\",\"url\":\"https:\/\/blogs.thesocialmedia.com\/leblogmoto\/2006\/12\/30\/dakar-2007-le-p\/\",\"name\":\"Dakar 2007 : le point avant le d\u00e9part - leblogmoto.com\",\"isPartOf\":{\"@id\":\"https:\/\/blogs.thesocialmedia.com\/leblogmoto\/#website\"},\"primaryImageOfPage\":{\"@id\":\"https:\/\/blogs.thesocialmedia.com\/leblogmoto\/2006\/12\/30\/dakar-2007-le-p\/#primaryimage\"},\"image\":{\"@id\":\"https:\/\/blogs.thesocialmedia.com\/leblogmoto\/2006\/12\/30\/dakar-2007-le-p\/#primaryimage\"},\"thumbnailUrl\":\"http:\/\/www.leblogmoto.com\/images\/marc_coma.jpg\",\"datePublished\":\"2006-12-30T12:43:38+00:00\",\"dateModified\":\"2012-07-11T14:29:40+00:00\",\"author\":{\"@id\":\"https:\/\/blogs.thesocialmedia.com\/leblogmoto\/#\/schema\/person\/46fe3ed364ad3153421e8604c6e3305f\"},\"breadcrumb\":{\"@id\":\"https:\/\/blogs.thesocialmedia.com\/leblogmoto\/2006\/12\/30\/dakar-2007-le-p\/#breadcrumb\"},\"inLanguage\":\"fr-FR\",\"potentialAction\":[{\"@type\":\"ReadAction\",\"target\":[\"https:\/\/blogs.thesocialmedia.com\/leblogmoto\/2006\/12\/30\/dakar-2007-le-p\/\"]}]},{\"@type\":\"ImageObject\",\"inLanguage\":\"fr-FR\",\"@id\":\"https:\/\/blogs.thesocialmedia.com\/leblogmoto\/2006\/12\/30\/dakar-2007-le-p\/#primaryimage\",\"url\":\"http:\/\/www.leblogmoto.com\/images\/marc_coma.jpg\",\"contentUrl\":\"http:\/\/www.leblogmoto.com\/images\/marc_coma.jpg\"},{\"@type\":\"BreadcrumbList\",\"@id\":\"https:\/\/blogs.thesocialmedia.com\/leblogmoto\/2006\/12\/30\/dakar-2007-le-p\/#breadcrumb\",\"itemListElement\":[{\"@type\":\"ListItem\",\"position\":1,\"name\":\"Accueil\",\"item\":\"https:\/\/blogs.thesocialmedia.com\/leblogmoto\/\"},{\"@type\":\"ListItem\",\"position\":2,\"name\":\"Dakar 2007 : le point avant le d\u00e9part\"}]},{\"@type\":\"WebSite\",\"@id\":\"https:\/\/blogs.thesocialmedia.com\/leblogmoto\/#website\",\"url\":\"https:\/\/blogs.thesocialmedia.com\/leblogmoto\/\",\"name\":\"leblogmoto\",\"description\":\"Toute l&#039;actualit\u00e9 des 2 roues\",\"potentialAction\":[{\"@type\":\"SearchAction\",\"target\":{\"@type\":\"EntryPoint\",\"urlTemplate\":\"https:\/\/blogs.thesocialmedia.com\/leblogmoto\/?s={search_term_string}\"},\"query-input\":{\"@type\":\"PropertyValueSpecification\",\"valueRequired\":true,\"valueName\":\"search_term_string\"}}],\"inLanguage\":\"fr-FR\"},{\"@type\":\"Person\",\"@id\":\"https:\/\/blogs.thesocialmedia.com\/leblogmoto\/#\/schema\/person\/46fe3ed364ad3153421e8604c6e3305f\",\"name\":\"nicolas gehin\",\"image\":{\"@type\":\"ImageObject\",\"inLanguage\":\"fr-FR\",\"@id\":\"https:\/\/blogs.thesocialmedia.com\/leblogmoto\/#\/schema\/person\/image\/\",\"url\":\"https:\/\/secure.gravatar.com\/avatar\/?s=96&d=mm&r=g\",\"contentUrl\":\"https:\/\/secure.gravatar.com\/avatar\/?s=96&d=mm&r=g\",\"caption\":\"nicolas gehin\"},\"url\":\"https:\/\/blogs.thesocialmedia.com\/leblogmoto\/author\/nicolas-gehin\/\"}]}<\/script>\n<!-- \/ Yoast SEO plugin. -->","yoast_head_json":{"title":"Dakar 2007 : le point avant le d\u00e9part - leblogmoto.com","robots":{"index":"index","follow":"follow","max-snippet":"max-snippet:-1","max-image-preview":"max-image-preview:large","max-video-preview":"max-video-preview:-1"},"canonical":"https:\/\/blogs.thesocialmedia.com\/leblogmoto\/2006\/12\/30\/dakar-2007-le-p\/","twitter_card":"summary_large_image","twitter_title":"Dakar 2007 : le point avant le d\u00e9part - leblogmoto.com","twitter_description":"La 29iem \u00e9dition du Dakar est dans les derniers pr\u00e9paratifs pour le 6 janvier, date officielle du d\u00e9part de Lisbonne au Portugal. Fort d\u2019une \u00e9dition 2006 r\u00e9ussie avec 508 engag\u00e9s, le Dakar 2007 se montre en pleine forme avec pas moins de 525 \u00e9quipages inscrits, toutes cat\u00e9gories confondues, et 42 nationalit\u00e9s diff\u00e9rentes. Toujours plus de [&hellip;]","twitter_image":"http:\/\/www.leblogmoto.com\/images\/marc_coma.jpg","twitter_misc":{"\u00c9crit par":"nicolas gehin","Dur\u00e9e de lecture estim\u00e9e":"1 minute"},"schema":{"@context":"https:\/\/schema.org","@graph":[{"@type":"WebPage","@id":"https:\/\/blogs.thesocialmedia.com\/leblogmoto\/2006\/12\/30\/dakar-2007-le-p\/","url":"https:\/\/blogs.thesocialmedia.com\/leblogmoto\/2006\/12\/30\/dakar-2007-le-p\/","name":"Dakar 2007 : le point avant le d\u00e9part - leblogmoto.com","isPartOf":{"@id":"https:\/\/blogs.thesocialmedia.com\/leblogmoto\/#website"},"primaryImageOfPage":{"@id":"https:\/\/blogs.thesocialmedia.com\/leblogmoto\/2006\/12\/30\/dakar-2007-le-p\/#primaryimage"},"image":{"@id":"https:\/\/blogs.thesocialmedia.com\/leblogmoto\/2006\/12\/30\/dakar-2007-le-p\/#primaryimage"},"thumbnailUrl":"http:\/\/www.leblogmoto.com\/images\/marc_coma.jpg","datePublished":"2006-12-30T12:43:38+00:00","dateModified":"2012-07-11T14:29:40+00:00","author":{"@id":"https:\/\/blogs.thesocialmedia.com\/leblogmoto\/#\/schema\/person\/46fe3ed364ad3153421e8604c6e3305f"},"breadcrumb":{"@id":"https:\/\/blogs.thesocialmedia.com\/leblogmoto\/2006\/12\/30\/dakar-2007-le-p\/#breadcrumb"},"inLanguage":"fr-FR","potentialAction":[{"@type":"ReadAction","target":["https:\/\/blogs.thesocialmedia.com\/leblogmoto\/2006\/12\/30\/dakar-2007-le-p\/"]}]},{"@type":"ImageObject","inLanguage":"fr-FR","@id":"https:\/\/blogs.thesocialmedia.com\/leblogmoto\/2006\/12\/30\/dakar-2007-le-p\/#primaryimage","url":"http:\/\/www.leblogmoto.com\/images\/marc_coma.jpg","contentUrl":"http:\/\/www.leblogmoto.com\/images\/marc_coma.jpg"},{"@type":"BreadcrumbList","@id":"https:\/\/blogs.thesocialmedia.com\/leblogmoto\/2006\/12\/30\/dakar-2007-le-p\/#breadcrumb","itemListElement":[{"@type":"ListItem","position":1,"name":"Accueil","item":"https:\/\/blogs.thesocialmedia.com\/leblogmoto\/"},{"@type":"ListItem","position":2,"name":"Dakar 2007 : le point avant le d\u00e9part"}]},{"@type":"WebSite","@id":"https:\/\/blogs.thesocialmedia.com\/leblogmoto\/#website","url":"https:\/\/blogs.thesocialmedia.com\/leblogmoto\/","name":"leblogmoto","description":"Toute l&#039;actualit\u00e9 des 2 roues","potentialAction":[{"@type":"SearchAction","target":{"@type":"EntryPoint","urlTemplate":"https:\/\/blogs.thesocialmedia.com\/leblogmoto\/?s={search_term_string}"},"query-input":{"@type":"PropertyValueSpecification","valueRequired":true,"valueName":"search_term_string"}}],"inLanguage":"fr-FR"},{"@type":"Person","@id":"https:\/\/blogs.thesocialmedia.com\/leblogmoto\/#\/schema\/person\/46fe3ed364ad3153421e8604c6e3305f","name":"nicolas gehin","image":{"@type":"ImageObject","inLanguage":"fr-FR","@id":"https:\/\/blogs.thesocialmedia.com\/leblogmoto\/#\/schema\/person\/image\/","url":"https:\/\/secure.gravatar.com\/avatar\/?s=96&d=mm&r=g","contentUrl":"https:\/\/secure.gravatar.com\/avatar\/?s=96&d=mm&r=g","caption":"nicolas gehin"},"url":"https:\/\/blogs.thesocialmedia.com\/leblogmoto\/author\/nicolas-gehin\/"}]}},"_links":{"self":[{"href":"https:\/\/blogs.thesocialmedia.com\/leblogmoto\/wp-json\/wp\/v2\/posts\/1629","targetHints":{"allow":["GET"]}}],"collection":[{"href":"https:\/\/blogs.thesocialmedia.com\/leblogmoto\/wp-json\/wp\/v2\/posts"}],"about":[{"href":"https:\/\/blogs.thesocialmedia.com\/leblogmoto\/wp-json\/wp\/v2\/types\/post"}],"author":[{"embeddable":true,"href":"https:\/\/blogs.thesocialmedia.com\/leblogmoto\/wp-json\/wp\/v2\/users\/331"}],"replies":[{"embeddable":true,"href":"https:\/\/blogs.thesocialmedia.com\/leblogmoto\/wp-json\/wp\/v2\/comments?post=1629"}],"version-history":[{"count":2,"href":"https:\/\/blogs.thesocialmedia.com\/leblogmoto\/wp-json\/wp\/v2\/posts\/1629\/revisions"}],"predecessor-version":[{"id":7884,"href":"https:\/\/blogs.thesocialmedia.com\/leblogmoto\/wp-json\/wp\/v2\/posts\/1629\/revisions\/7884"}],"wp:attachment":[{"href":"https:\/\/blogs.thesocialmedia.com\/leblogmoto\/wp-json\/wp\/v2\/media?parent=1629"}],"wp:term":[{"taxonomy":"category","embeddable":true,"href":"https:\/\/blogs.thesocialmedia.com\/leblogmoto\/wp-json\/wp\/v2\/categories?post=1629"},{"taxonomy":"post_tag","embeddable":true,"href":"https:\/\/blogs.thesocialmedia.com\/leblogmoto\/wp-json\/wp\/v2\/tags?post=1629"}],"curies":[{"name":"wp","href":"https:\/\/api.w.org\/{rel}","templated":true}]}}