{"id":163,"date":"2009-05-01T23:07:00","date_gmt":"2009-05-01T23:07:00","guid":{"rendered":"http:\/\/blogs.thesocialmedia.com\/leblogmoto\/2009\/05\/01\/la-camera-embarquee-du-jour-pikes-peak-2008\/"},"modified":"2012-07-11T17:22:59","modified_gmt":"2012-07-11T17:22:59","slug":"la-camera-embarquee-du-jour-pikes-peak-2008","status":"publish","type":"post","link":"https:\/\/blogs.thesocialmedia.com\/leblogmoto\/2009\/05\/01\/la-camera-embarquee-du-jour-pikes-peak-2008\/","title":{"rendered":"La cam\u00e9ra embarqu\u00e9e du jour: Pikes Peak 2008"},"content":{"rendered":"<p><a href=\"http:\/\/blogs.thesocialmedia.com\/leblogmoto\/files\/2012\/07\/6a00d83451b18369e201156f6ef62f970c-pi.jpg\"><img decoding=\"async\" alt=\"Jeff Grace\" class=\"at-xid-6a00d83451b18369e201156f6ef62f970c \" src=\"http:\/\/blogs.thesocialmedia.com\/leblogmoto\/files\/2012\/07\/6a00d83451b18369e201156f6ef62f970c-500wi.jpg\" \/><\/a> <\/p>\n<p>Aujourd&#039;hui nous vous emm\u00e8nons aux Etats Unis au pied de la c\u00e9l\u00e8bre montagne de Pikes Peak lors de la derni\u00e8re \u00e9dition de la mythique course en juillet 2008. Depuis 1916 pilotes de motos et voitures s&#039;efforcent de vaincre le plus rapidement possible l&#039;ascension des 20 km dont le rev\u00eatement alterne en permanence entre graviers, asphalte, pierres coupantes et terre. C&#039;est la &quot;<em>Race to the Clouds<\/em>&quot;, la course vers les nuages. Avant les nuages il y a plus de 160 virages, un d\u00e9nivel\u00e9 de 4300 m et une pente de 7% de moyenne&#8230; <\/p>\n<p>La cam\u00e9ra embarqu\u00e9e est offerte par Jeff Grace qui roulait en classe &quot;moins de 750 cm3&quot; sur une KTM 610 SMR. Les deux furieux adeptes de glisse apparaissant sur la vid\u00e9o sont Davey Durelle (Aprilia SM550) et Mickey Dimond (Husqvarna SMR 610), respectivement premier et second lors de l&#039;\u00e9dition 2008&#8230;<\/p>\n<p> <object height=\"365\" width=\"500\"><param name=\"movie\" value=\"http:\/\/www.youtube.com\/v\/d63rTOe3zCw&amp;hl=en&amp;fs=1\" \/><param name=\"allowFullScreen\" value=\"true\" \/><param name=\"allowscriptaccess\" value=\"always\" \/><embed height=\"365\" src=\"http:\/\/www.youtube.com\/v\/d63rTOe3zCw&amp;hl=en&amp;fs=1\" type=\"application\/x-shockwave-flash\" width=\"500\" \/><\/object><\/p>\n<\/p>\n<p>Prochaine course le 19 juillet prochain pour la 87\u00e8me \u00e9dition&#8230;<\/p>\n<p><strong>A voir \u00e9galement<\/strong>:<\/p>\n<p><a href=\"http:\/\/www.leblogmoto.com\/2008\/03\/la-camra-emba-1.html\" target=\"_blank\">Finale Supercross de Minneapolis en cam\u00e9ra embarqu\u00e9e<\/a><\/p>\n<p> <a href=\"http:\/\/www.leblogmoto.com\/2007\/07\/bmw-hp2-pikes-p.html\" target=\"_blank\">BMW HP2 en vid\u00e9o \u00e0 Pikes Peak<\/a><\/p>\n","protected":false},"excerpt":{"rendered":"<p>Aujourd&#039;hui nous vous emm\u00e8nons aux Etats Unis au pied de la c\u00e9l\u00e8bre montagne de Pikes Peak lors de la derni\u00e8re \u00e9dition de la mythique course en juillet 2008. Depuis 1916 pilotes de motos et voitures s&#039;efforcent de vaincre le plus rapidement possible l&#039;ascension des 20 km dont le rev\u00eatement alterne en permanence entre graviers, asphalte, [&hellip;]<\/p>\n","protected":false},"author":323,"featured_media":13442,"comment_status":"open","ping_status":"open","sticky":false,"template":"","format":"standard","meta":{"footnotes":""},"categories":[31,39,12],"tags":[],"class_list":["post-163","post","type-post","status-publish","format-standard","has-post-thumbnail","hentry","category-aprilia","category-ktm","category-videos"],"yoast_head":"<!-- This site is optimized with the Yoast SEO plugin v26.0 - https:\/\/yoast.com\/wordpress\/plugins\/seo\/ -->\n<title>La cam\u00e9ra embarqu\u00e9e du jour: Pikes Peak 2008 - leblogmoto.com<\/title>\n<meta name=\"robots\" content=\"index, follow, max-snippet:-1, max-image-preview:large, max-video-preview:-1\" \/>\n<link rel=\"canonical\" href=\"https:\/\/blogs.thesocialmedia.com\/leblogmoto\/2009\/05\/01\/la-camera-embarquee-du-jour-pikes-peak-2008\/\" \/>\n<meta name=\"twitter:card\" content=\"summary_large_image\" \/>\n<meta name=\"twitter:title\" content=\"La cam\u00e9ra embarqu\u00e9e du jour: Pikes Peak 2008 - leblogmoto.com\" \/>\n<meta name=\"twitter:description\" content=\"Aujourd&#039;hui nous vous emm\u00e8nons aux Etats Unis au pied de la c\u00e9l\u00e8bre montagne de Pikes Peak lors de la derni\u00e8re \u00e9dition de la mythique course en juillet 2008. Depuis 1916 pilotes de motos et voitures s&#039;efforcent de vaincre le plus rapidement possible l&#039;ascension des 20 km dont le rev\u00eatement alterne en permanence entre graviers, asphalte, [&hellip;]\" \/>\n<meta name=\"twitter:image\" content=\"https:\/\/blogs.thesocialmedia.com\/leblogmoto\/files\/2012\/07\/6a00d83451b18369e201156f6ef62f970c-500wi.jpg\" \/>\n<meta name=\"twitter:label1\" content=\"\u00c9crit par\" \/>\n\t<meta name=\"twitter:data1\" content=\"albin le guyader\" \/>\n\t<meta name=\"twitter:label2\" content=\"Dur\u00e9e de lecture estim\u00e9e\" \/>\n\t<meta name=\"twitter:data2\" content=\"1 minute\" \/>\n<script type=\"application\/ld+json\" class=\"yoast-schema-graph\">{\"@context\":\"https:\/\/schema.org\",\"@graph\":[{\"@type\":\"WebPage\",\"@id\":\"https:\/\/blogs.thesocialmedia.com\/leblogmoto\/2009\/05\/01\/la-camera-embarquee-du-jour-pikes-peak-2008\/\",\"url\":\"https:\/\/blogs.thesocialmedia.com\/leblogmoto\/2009\/05\/01\/la-camera-embarquee-du-jour-pikes-peak-2008\/\",\"name\":\"La cam\u00e9ra embarqu\u00e9e du jour: Pikes Peak 2008 - leblogmoto.com\",\"isPartOf\":{\"@id\":\"https:\/\/blogs.thesocialmedia.com\/leblogmoto\/#website\"},\"primaryImageOfPage\":{\"@id\":\"https:\/\/blogs.thesocialmedia.com\/leblogmoto\/2009\/05\/01\/la-camera-embarquee-du-jour-pikes-peak-2008\/#primaryimage\"},\"image\":{\"@id\":\"https:\/\/blogs.thesocialmedia.com\/leblogmoto\/2009\/05\/01\/la-camera-embarquee-du-jour-pikes-peak-2008\/#primaryimage\"},\"thumbnailUrl\":\"https:\/\/blogs.thesocialmedia.com\/leblogmoto\/files\/2012\/07\/6a00d83451b18369e201156f6ef62f970c-500wi.jpg\",\"datePublished\":\"2009-05-01T23:07:00+00:00\",\"dateModified\":\"2012-07-11T17:22:59+00:00\",\"author\":{\"@id\":\"https:\/\/blogs.thesocialmedia.com\/leblogmoto\/#\/schema\/person\/b496d27c898c29a39678e2425cafb9ae\"},\"breadcrumb\":{\"@id\":\"https:\/\/blogs.thesocialmedia.com\/leblogmoto\/2009\/05\/01\/la-camera-embarquee-du-jour-pikes-peak-2008\/#breadcrumb\"},\"inLanguage\":\"fr-FR\",\"potentialAction\":[{\"@type\":\"ReadAction\",\"target\":[\"https:\/\/blogs.thesocialmedia.com\/leblogmoto\/2009\/05\/01\/la-camera-embarquee-du-jour-pikes-peak-2008\/\"]}]},{\"@type\":\"ImageObject\",\"inLanguage\":\"fr-FR\",\"@id\":\"https:\/\/blogs.thesocialmedia.com\/leblogmoto\/2009\/05\/01\/la-camera-embarquee-du-jour-pikes-peak-2008\/#primaryimage\",\"url\":\"https:\/\/blogs.thesocialmedia.com\/leblogmoto\/files\/2012\/07\/6a00d83451b18369e201156f6ef62f970c-500wi.jpg\",\"contentUrl\":\"https:\/\/blogs.thesocialmedia.com\/leblogmoto\/files\/2012\/07\/6a00d83451b18369e201156f6ef62f970c-500wi.jpg\",\"width\":\"500\",\"height\":\"250\"},{\"@type\":\"BreadcrumbList\",\"@id\":\"https:\/\/blogs.thesocialmedia.com\/leblogmoto\/2009\/05\/01\/la-camera-embarquee-du-jour-pikes-peak-2008\/#breadcrumb\",\"itemListElement\":[{\"@type\":\"ListItem\",\"position\":1,\"name\":\"Accueil\",\"item\":\"https:\/\/blogs.thesocialmedia.com\/leblogmoto\/\"},{\"@type\":\"ListItem\",\"position\":2,\"name\":\"La cam\u00e9ra embarqu\u00e9e du jour: Pikes Peak 2008\"}]},{\"@type\":\"WebSite\",\"@id\":\"https:\/\/blogs.thesocialmedia.com\/leblogmoto\/#website\",\"url\":\"https:\/\/blogs.thesocialmedia.com\/leblogmoto\/\",\"name\":\"leblogmoto\",\"description\":\"Toute l&#039;actualit\u00e9 des 2 roues\",\"potentialAction\":[{\"@type\":\"SearchAction\",\"target\":{\"@type\":\"EntryPoint\",\"urlTemplate\":\"https:\/\/blogs.thesocialmedia.com\/leblogmoto\/?s={search_term_string}\"},\"query-input\":{\"@type\":\"PropertyValueSpecification\",\"valueRequired\":true,\"valueName\":\"search_term_string\"}}],\"inLanguage\":\"fr-FR\"},{\"@type\":\"Person\",\"@id\":\"https:\/\/blogs.thesocialmedia.com\/leblogmoto\/#\/schema\/person\/b496d27c898c29a39678e2425cafb9ae\",\"name\":\"albin le guyader\",\"image\":{\"@type\":\"ImageObject\",\"inLanguage\":\"fr-FR\",\"@id\":\"https:\/\/blogs.thesocialmedia.com\/leblogmoto\/#\/schema\/person\/image\/\",\"url\":\"https:\/\/secure.gravatar.com\/avatar\/?s=96&d=mm&r=g\",\"contentUrl\":\"https:\/\/secure.gravatar.com\/avatar\/?s=96&d=mm&r=g\",\"caption\":\"albin le guyader\"},\"url\":\"https:\/\/blogs.thesocialmedia.com\/leblogmoto\/author\/albin-le-guyader\/\"}]}<\/script>\n<!-- \/ Yoast SEO plugin. -->","yoast_head_json":{"title":"La cam\u00e9ra embarqu\u00e9e du jour: Pikes Peak 2008 - leblogmoto.com","robots":{"index":"index","follow":"follow","max-snippet":"max-snippet:-1","max-image-preview":"max-image-preview:large","max-video-preview":"max-video-preview:-1"},"canonical":"https:\/\/blogs.thesocialmedia.com\/leblogmoto\/2009\/05\/01\/la-camera-embarquee-du-jour-pikes-peak-2008\/","twitter_card":"summary_large_image","twitter_title":"La cam\u00e9ra embarqu\u00e9e du jour: Pikes Peak 2008 - leblogmoto.com","twitter_description":"Aujourd&#039;hui nous vous emm\u00e8nons aux Etats Unis au pied de la c\u00e9l\u00e8bre montagne de Pikes Peak lors de la derni\u00e8re \u00e9dition de la mythique course en juillet 2008. Depuis 1916 pilotes de motos et voitures s&#039;efforcent de vaincre le plus rapidement possible l&#039;ascension des 20 km dont le rev\u00eatement alterne en permanence entre graviers, asphalte, [&hellip;]","twitter_image":"https:\/\/blogs.thesocialmedia.com\/leblogmoto\/files\/2012\/07\/6a00d83451b18369e201156f6ef62f970c-500wi.jpg","twitter_misc":{"\u00c9crit par":"albin le guyader","Dur\u00e9e de lecture estim\u00e9e":"1 minute"},"schema":{"@context":"https:\/\/schema.org","@graph":[{"@type":"WebPage","@id":"https:\/\/blogs.thesocialmedia.com\/leblogmoto\/2009\/05\/01\/la-camera-embarquee-du-jour-pikes-peak-2008\/","url":"https:\/\/blogs.thesocialmedia.com\/leblogmoto\/2009\/05\/01\/la-camera-embarquee-du-jour-pikes-peak-2008\/","name":"La cam\u00e9ra embarqu\u00e9e du jour: Pikes Peak 2008 - leblogmoto.com","isPartOf":{"@id":"https:\/\/blogs.thesocialmedia.com\/leblogmoto\/#website"},"primaryImageOfPage":{"@id":"https:\/\/blogs.thesocialmedia.com\/leblogmoto\/2009\/05\/01\/la-camera-embarquee-du-jour-pikes-peak-2008\/#primaryimage"},"image":{"@id":"https:\/\/blogs.thesocialmedia.com\/leblogmoto\/2009\/05\/01\/la-camera-embarquee-du-jour-pikes-peak-2008\/#primaryimage"},"thumbnailUrl":"https:\/\/blogs.thesocialmedia.com\/leblogmoto\/files\/2012\/07\/6a00d83451b18369e201156f6ef62f970c-500wi.jpg","datePublished":"2009-05-01T23:07:00+00:00","dateModified":"2012-07-11T17:22:59+00:00","author":{"@id":"https:\/\/blogs.thesocialmedia.com\/leblogmoto\/#\/schema\/person\/b496d27c898c29a39678e2425cafb9ae"},"breadcrumb":{"@id":"https:\/\/blogs.thesocialmedia.com\/leblogmoto\/2009\/05\/01\/la-camera-embarquee-du-jour-pikes-peak-2008\/#breadcrumb"},"inLanguage":"fr-FR","potentialAction":[{"@type":"ReadAction","target":["https:\/\/blogs.thesocialmedia.com\/leblogmoto\/2009\/05\/01\/la-camera-embarquee-du-jour-pikes-peak-2008\/"]}]},{"@type":"ImageObject","inLanguage":"fr-FR","@id":"https:\/\/blogs.thesocialmedia.com\/leblogmoto\/2009\/05\/01\/la-camera-embarquee-du-jour-pikes-peak-2008\/#primaryimage","url":"https:\/\/blogs.thesocialmedia.com\/leblogmoto\/files\/2012\/07\/6a00d83451b18369e201156f6ef62f970c-500wi.jpg","contentUrl":"https:\/\/blogs.thesocialmedia.com\/leblogmoto\/files\/2012\/07\/6a00d83451b18369e201156f6ef62f970c-500wi.jpg","width":"500","height":"250"},{"@type":"BreadcrumbList","@id":"https:\/\/blogs.thesocialmedia.com\/leblogmoto\/2009\/05\/01\/la-camera-embarquee-du-jour-pikes-peak-2008\/#breadcrumb","itemListElement":[{"@type":"ListItem","position":1,"name":"Accueil","item":"https:\/\/blogs.thesocialmedia.com\/leblogmoto\/"},{"@type":"ListItem","position":2,"name":"La cam\u00e9ra embarqu\u00e9e du jour: Pikes Peak 2008"}]},{"@type":"WebSite","@id":"https:\/\/blogs.thesocialmedia.com\/leblogmoto\/#website","url":"https:\/\/blogs.thesocialmedia.com\/leblogmoto\/","name":"leblogmoto","description":"Toute l&#039;actualit\u00e9 des 2 roues","potentialAction":[{"@type":"SearchAction","target":{"@type":"EntryPoint","urlTemplate":"https:\/\/blogs.thesocialmedia.com\/leblogmoto\/?s={search_term_string}"},"query-input":{"@type":"PropertyValueSpecification","valueRequired":true,"valueName":"search_term_string"}}],"inLanguage":"fr-FR"},{"@type":"Person","@id":"https:\/\/blogs.thesocialmedia.com\/leblogmoto\/#\/schema\/person\/b496d27c898c29a39678e2425cafb9ae","name":"albin le guyader","image":{"@type":"ImageObject","inLanguage":"fr-FR","@id":"https:\/\/blogs.thesocialmedia.com\/leblogmoto\/#\/schema\/person\/image\/","url":"https:\/\/secure.gravatar.com\/avatar\/?s=96&d=mm&r=g","contentUrl":"https:\/\/secure.gravatar.com\/avatar\/?s=96&d=mm&r=g","caption":"albin le guyader"},"url":"https:\/\/blogs.thesocialmedia.com\/leblogmoto\/author\/albin-le-guyader\/"}]}},"_links":{"self":[{"href":"https:\/\/blogs.thesocialmedia.com\/leblogmoto\/wp-json\/wp\/v2\/posts\/163","targetHints":{"allow":["GET"]}}],"collection":[{"href":"https:\/\/blogs.thesocialmedia.com\/leblogmoto\/wp-json\/wp\/v2\/posts"}],"about":[{"href":"https:\/\/blogs.thesocialmedia.com\/leblogmoto\/wp-json\/wp\/v2\/types\/post"}],"author":[{"embeddable":true,"href":"https:\/\/blogs.thesocialmedia.com\/leblogmoto\/wp-json\/wp\/v2\/users\/323"}],"replies":[{"embeddable":true,"href":"https:\/\/blogs.thesocialmedia.com\/leblogmoto\/wp-json\/wp\/v2\/comments?post=163"}],"version-history":[{"count":2,"href":"https:\/\/blogs.thesocialmedia.com\/leblogmoto\/wp-json\/wp\/v2\/posts\/163\/revisions"}],"predecessor-version":[{"id":13444,"href":"https:\/\/blogs.thesocialmedia.com\/leblogmoto\/wp-json\/wp\/v2\/posts\/163\/revisions\/13444"}],"wp:featuredmedia":[{"embeddable":true,"href":"https:\/\/blogs.thesocialmedia.com\/leblogmoto\/wp-json\/wp\/v2\/media\/13442"}],"wp:attachment":[{"href":"https:\/\/blogs.thesocialmedia.com\/leblogmoto\/wp-json\/wp\/v2\/media?parent=163"}],"wp:term":[{"taxonomy":"category","embeddable":true,"href":"https:\/\/blogs.thesocialmedia.com\/leblogmoto\/wp-json\/wp\/v2\/categories?post=163"},{"taxonomy":"post_tag","embeddable":true,"href":"https:\/\/blogs.thesocialmedia.com\/leblogmoto\/wp-json\/wp\/v2\/tags?post=163"}],"curies":[{"name":"wp","href":"https:\/\/api.w.org\/{rel}","templated":true}]}}