{"id":1630,"date":"2006-12-10T18:19:23","date_gmt":"2006-12-10T18:19:23","guid":{"rendered":"http:\/\/blogs.thesocialmedia.com\/leblogmoto\/2006\/12\/10\/buell-100000-mo\/"},"modified":"2012-07-11T14:29:37","modified_gmt":"2012-07-11T14:29:37","slug":"buell-100000-mo","status":"publish","type":"post","link":"https:\/\/blogs.thesocialmedia.com\/leblogmoto\/2006\/12\/10\/buell-100000-mo\/","title":{"rendered":"Buell : 100.000 motos produites"},"content":{"rendered":"<p><a href=\"http:\/\/blogs.thesocialmedia.com\/leblogmoto\/files\/2012\/07\/xb12xulysses.jpg\"><img loading=\"lazy\" decoding=\"async\" width=\"250\" height=\"226\"  alt=\"Xb12xulysses\" src=\"http:\/\/www.leblogmoto.com\/images\/xb12xulysses.jpg\" style=\"margin: 0px 5px 5px 0px;float: left\" \/><\/a> Au d\u00e9but, comme souvent, il y avait un passionn\u00e9 a l\u2019imagination fertile du nom de <a href=\"http:\/\/www.buell.com\/fr_fr\/home.asp\">Erik Buell<\/a>. Nous \u00e9tions en 1983. Fana de comp\u00e9tition l\u2019am\u00e9ricain que rien n\u2019arr\u00eate se lan\u00e7ait dans la conception, la production et la commercialisation de motos de course. Il commen\u00e7a par la RW 750, dot\u00e9e d\u2019un 4 cylindre 2-temps destin\u00e9e \u00e0 la cat\u00e9gorie Roadracing de l\u2019AMA Formula One US.<\/p>\n<p>Dix ans plus tard, en 1994, la marque passait au stade industriel avec sa S2 Thunderbolt, anim\u00e9e par un bicylindre en V de chez <a href=\"http:\/\/www.harley-davidson.com\/wcm\/Content\/Pages\/home.jsp?locale=fr_FR\">Harley-Davidson<\/a>. Depuis, c\u2019est la marque de Milwaukee qui motorise les Buell \u00e0 l\u2019aide de&nbsp; diff\u00e9rentes cylindr\u00e9es. Rapidement <a href=\"http:\/\/www.buell.com\/fr_fr\/home.asp\">Buell<\/a> devient le premier fabriquant am\u00e9ricain de motos sportives, et son&nbsp; succ\u00e8s foudroyant \u00e0 l\u2019international d\u00e9montre le go\u00fbt de la client\u00e8le pour des motos originales et bien pens\u00e9es. <\/p>\n<p>Motos atypiques<\/p>\n<p><a href=\"http:\/\/clabedan.typepad.com\/.shared\/image.html?\/photos\/uncategorized\/616064765.jpg\"><img loading=\"lazy\" decoding=\"async\" width=\"250\" height=\"333\"  alt=\"616064765\" src=\"http:\/\/www.leblogmoto.com\/images\/616064765.jpg\" style=\"margin: 0px 5px 5px 0px;float: left\" \/><\/a> Depuis <a href=\"http:\/\/www.harley-davidson.com\/wcm\/Content\/Pages\/home.jsp?locale=fr_FR\">Harley-Davidson<\/a>, c\u2019est bien une particularit\u00e9 am\u00e9ricaine que de produire des motos atypiques et de caract\u00e8re. Les sublimes <a href=\"http:\/\/www.cannondaler.com\/gallery\/bikes\">Cannondale<\/a> avec leur \u00e9chappement \u00e0 l\u2019arri\u00e8re du cylindre en sont un bel exemple. <a href=\"http:\/\/www.buell.com\/fr_fr\/home.asp\">Buell<\/a> confirme cette tendance sur toute sa gamme et c\u2019est sans doute la raison de son succ\u00e8s mondial.<\/p>\n<p> 100.000\u00e8me moto<\/p>\n<p> C\u2019est sur la base de sa XB 12 souple et coupleuse en diable que <a href=\"http:\/\/www.buell.com\/fr_fr\/home.asp\">Buell<\/a> a cr\u00e9e son gros trail routier, un peu comme la <a href=\"http:\/\/perso.orange.fr\/prowler2000\/essais\/Multistrada.html\">Ducati Multistrada<\/a>. Pour ce faire le bicylindre de la XB 12 a \u00e9t\u00e9 port\u00e9 \u00e0 100 ch et la boite am\u00e9lior\u00e9e. La partie cycle, chauss\u00e9e de pneus mixtes \u2013qui ne font pas l\u2019unanimit\u00e9- a vu son d\u00e9battement de suspensions et son empattement augment\u00e9s. Le cadre p\u00e9rim\u00e9trique en alu fait aussi office de r\u00e9servoir de carburant tendis que le bras oscillant renferme l\u2019huile. Malgr\u00e9 son guidon droit (\u00e9quip\u00e9 de prot\u00e8ge-main), sa faible maniabilit\u00e9 et son poids la r\u00e9serve aux pilotes exp\u00e9riment\u00e9s amateurs de grands espaces, de routes sinueuses et de pistes roulantes.<\/p>\n<p> C\u2019est cette <a href=\"http:\/\/www.motorcycle-usa.com\/Article_Page.aspx?ArticleID=2368\">Buell Ulysses XB12X<\/a> \u00e0 la gueule d\u2019enfer qui aura \u00e9t\u00e9 le 30 novembre 2006 la 100.000\u00e8me moto produite par la marque.<\/p>\n<p> Dans un communiqu\u00e9 <a href=\"http:\/\/www.buell.com\/fr_fr\/home.asp\">Erik Buell<\/a> se r\u00e9jouit:<\/p>\n<p> \u00ab Nous sommes tr\u00e8s fiers d\u2019avoir atteint le chiffre de 100.000 motos produites et d\u2019avoir apport\u00e9 autant de belles exp\u00e9riences \u00e0 nos clients. Nous esp\u00e9rons satisfaire et faire r\u00eaver encore beaucoup de motards dans les ann\u00e9es \u00e0 venir. \u00bb<\/p>\n<p><a href=\"http:\/\/www.buell.com\/fr_fr\/home.asp\">Buell Motorcycle Company<\/a>, est une filiale d\u2019<a href=\"http:\/\/www.harley-davidson.com\/wcm\/Content\/Pages\/home.jsp?locale=fr_FR\">Harley Davidson Inc<\/a>. Elle produit aussi des accessoires et des v\u00eatements.<\/p>\n<p> A quand une <a href=\"http:\/\/www.motorcycle-usa.com\/Article_Page.aspx?ArticleID=2368\">Ulysses<\/a> sur le podium du Dakar ?<\/p>\n<p> <\/p>\n","protected":false},"excerpt":{"rendered":"<p>Au d\u00e9but, comme souvent, il y avait un passionn\u00e9 a l\u2019imagination fertile du nom de Erik Buell. Nous \u00e9tions en 1983. Fana de comp\u00e9tition l\u2019am\u00e9ricain que rien n\u2019arr\u00eate se lan\u00e7ait dans la conception, la production et la commercialisation de motos de course. Il commen\u00e7a par la RW 750, dot\u00e9e d\u2019un 4 cylindre 2-temps destin\u00e9e \u00e0 [&hellip;]<\/p>\n","protected":false},"author":333,"featured_media":0,"comment_status":"open","ping_status":"open","sticky":false,"template":"","format":"standard","meta":{"footnotes":""},"categories":[47],"tags":[],"class_list":["post-1630","post","type-post","status-publish","format-standard","hentry","category-buell"],"yoast_head":"<!-- This site is optimized with the Yoast SEO plugin v26.0 - https:\/\/yoast.com\/wordpress\/plugins\/seo\/ -->\n<title>Buell : 100.000 motos produites - leblogmoto.com<\/title>\n<meta name=\"robots\" content=\"index, follow, max-snippet:-1, max-image-preview:large, max-video-preview:-1\" \/>\n<link rel=\"canonical\" href=\"https:\/\/blogs.thesocialmedia.com\/leblogmoto\/2006\/12\/10\/buell-100000-mo\/\" \/>\n<meta name=\"twitter:card\" content=\"summary_large_image\" \/>\n<meta name=\"twitter:title\" content=\"Buell : 100.000 motos produites - leblogmoto.com\" \/>\n<meta name=\"twitter:description\" content=\"Au d\u00e9but, comme souvent, il y avait un passionn\u00e9 a l\u2019imagination fertile du nom de Erik Buell. Nous \u00e9tions en 1983. Fana de comp\u00e9tition l\u2019am\u00e9ricain que rien n\u2019arr\u00eate se lan\u00e7ait dans la conception, la production et la commercialisation de motos de course. Il commen\u00e7a par la RW 750, dot\u00e9e d\u2019un 4 cylindre 2-temps destin\u00e9e \u00e0 [&hellip;]\" \/>\n<meta name=\"twitter:image\" content=\"http:\/\/www.leblogmoto.com\/images\/xb12xulysses.jpg\" \/>\n<meta name=\"twitter:label1\" content=\"\u00c9crit par\" \/>\n\t<meta name=\"twitter:data1\" content=\"christian tirat\" \/>\n\t<meta name=\"twitter:label2\" content=\"Dur\u00e9e de lecture estim\u00e9e\" \/>\n\t<meta name=\"twitter:data2\" content=\"2 minutes\" \/>\n<script type=\"application\/ld+json\" class=\"yoast-schema-graph\">{\"@context\":\"https:\/\/schema.org\",\"@graph\":[{\"@type\":\"WebPage\",\"@id\":\"https:\/\/blogs.thesocialmedia.com\/leblogmoto\/2006\/12\/10\/buell-100000-mo\/\",\"url\":\"https:\/\/blogs.thesocialmedia.com\/leblogmoto\/2006\/12\/10\/buell-100000-mo\/\",\"name\":\"Buell : 100.000 motos produites - leblogmoto.com\",\"isPartOf\":{\"@id\":\"https:\/\/blogs.thesocialmedia.com\/leblogmoto\/#website\"},\"primaryImageOfPage\":{\"@id\":\"https:\/\/blogs.thesocialmedia.com\/leblogmoto\/2006\/12\/10\/buell-100000-mo\/#primaryimage\"},\"image\":{\"@id\":\"https:\/\/blogs.thesocialmedia.com\/leblogmoto\/2006\/12\/10\/buell-100000-mo\/#primaryimage\"},\"thumbnailUrl\":\"http:\/\/www.leblogmoto.com\/images\/xb12xulysses.jpg\",\"datePublished\":\"2006-12-10T18:19:23+00:00\",\"dateModified\":\"2012-07-11T14:29:37+00:00\",\"author\":{\"@id\":\"https:\/\/blogs.thesocialmedia.com\/leblogmoto\/#\/schema\/person\/90b2f8fd0d5a2cede2580e95fc79c6c0\"},\"breadcrumb\":{\"@id\":\"https:\/\/blogs.thesocialmedia.com\/leblogmoto\/2006\/12\/10\/buell-100000-mo\/#breadcrumb\"},\"inLanguage\":\"fr-FR\",\"potentialAction\":[{\"@type\":\"ReadAction\",\"target\":[\"https:\/\/blogs.thesocialmedia.com\/leblogmoto\/2006\/12\/10\/buell-100000-mo\/\"]}]},{\"@type\":\"ImageObject\",\"inLanguage\":\"fr-FR\",\"@id\":\"https:\/\/blogs.thesocialmedia.com\/leblogmoto\/2006\/12\/10\/buell-100000-mo\/#primaryimage\",\"url\":\"http:\/\/www.leblogmoto.com\/images\/xb12xulysses.jpg\",\"contentUrl\":\"http:\/\/www.leblogmoto.com\/images\/xb12xulysses.jpg\"},{\"@type\":\"BreadcrumbList\",\"@id\":\"https:\/\/blogs.thesocialmedia.com\/leblogmoto\/2006\/12\/10\/buell-100000-mo\/#breadcrumb\",\"itemListElement\":[{\"@type\":\"ListItem\",\"position\":1,\"name\":\"Accueil\",\"item\":\"https:\/\/blogs.thesocialmedia.com\/leblogmoto\/\"},{\"@type\":\"ListItem\",\"position\":2,\"name\":\"Buell : 100.000 motos produites\"}]},{\"@type\":\"WebSite\",\"@id\":\"https:\/\/blogs.thesocialmedia.com\/leblogmoto\/#website\",\"url\":\"https:\/\/blogs.thesocialmedia.com\/leblogmoto\/\",\"name\":\"leblogmoto\",\"description\":\"Toute l&#039;actualit\u00e9 des 2 roues\",\"potentialAction\":[{\"@type\":\"SearchAction\",\"target\":{\"@type\":\"EntryPoint\",\"urlTemplate\":\"https:\/\/blogs.thesocialmedia.com\/leblogmoto\/?s={search_term_string}\"},\"query-input\":{\"@type\":\"PropertyValueSpecification\",\"valueRequired\":true,\"valueName\":\"search_term_string\"}}],\"inLanguage\":\"fr-FR\"},{\"@type\":\"Person\",\"@id\":\"https:\/\/blogs.thesocialmedia.com\/leblogmoto\/#\/schema\/person\/90b2f8fd0d5a2cede2580e95fc79c6c0\",\"name\":\"christian tirat\",\"image\":{\"@type\":\"ImageObject\",\"inLanguage\":\"fr-FR\",\"@id\":\"https:\/\/blogs.thesocialmedia.com\/leblogmoto\/#\/schema\/person\/image\/\",\"url\":\"https:\/\/secure.gravatar.com\/avatar\/?s=96&d=mm&r=g\",\"contentUrl\":\"https:\/\/secure.gravatar.com\/avatar\/?s=96&d=mm&r=g\",\"caption\":\"christian tirat\"},\"url\":\"https:\/\/blogs.thesocialmedia.com\/leblogmoto\/author\/christian-tirat\/\"}]}<\/script>\n<!-- \/ Yoast SEO plugin. -->","yoast_head_json":{"title":"Buell : 100.000 motos produites - leblogmoto.com","robots":{"index":"index","follow":"follow","max-snippet":"max-snippet:-1","max-image-preview":"max-image-preview:large","max-video-preview":"max-video-preview:-1"},"canonical":"https:\/\/blogs.thesocialmedia.com\/leblogmoto\/2006\/12\/10\/buell-100000-mo\/","twitter_card":"summary_large_image","twitter_title":"Buell : 100.000 motos produites - leblogmoto.com","twitter_description":"Au d\u00e9but, comme souvent, il y avait un passionn\u00e9 a l\u2019imagination fertile du nom de Erik Buell. Nous \u00e9tions en 1983. Fana de comp\u00e9tition l\u2019am\u00e9ricain que rien n\u2019arr\u00eate se lan\u00e7ait dans la conception, la production et la commercialisation de motos de course. Il commen\u00e7a par la RW 750, dot\u00e9e d\u2019un 4 cylindre 2-temps destin\u00e9e \u00e0 [&hellip;]","twitter_image":"http:\/\/www.leblogmoto.com\/images\/xb12xulysses.jpg","twitter_misc":{"\u00c9crit par":"christian tirat","Dur\u00e9e de lecture estim\u00e9e":"2 minutes"},"schema":{"@context":"https:\/\/schema.org","@graph":[{"@type":"WebPage","@id":"https:\/\/blogs.thesocialmedia.com\/leblogmoto\/2006\/12\/10\/buell-100000-mo\/","url":"https:\/\/blogs.thesocialmedia.com\/leblogmoto\/2006\/12\/10\/buell-100000-mo\/","name":"Buell : 100.000 motos produites - leblogmoto.com","isPartOf":{"@id":"https:\/\/blogs.thesocialmedia.com\/leblogmoto\/#website"},"primaryImageOfPage":{"@id":"https:\/\/blogs.thesocialmedia.com\/leblogmoto\/2006\/12\/10\/buell-100000-mo\/#primaryimage"},"image":{"@id":"https:\/\/blogs.thesocialmedia.com\/leblogmoto\/2006\/12\/10\/buell-100000-mo\/#primaryimage"},"thumbnailUrl":"http:\/\/www.leblogmoto.com\/images\/xb12xulysses.jpg","datePublished":"2006-12-10T18:19:23+00:00","dateModified":"2012-07-11T14:29:37+00:00","author":{"@id":"https:\/\/blogs.thesocialmedia.com\/leblogmoto\/#\/schema\/person\/90b2f8fd0d5a2cede2580e95fc79c6c0"},"breadcrumb":{"@id":"https:\/\/blogs.thesocialmedia.com\/leblogmoto\/2006\/12\/10\/buell-100000-mo\/#breadcrumb"},"inLanguage":"fr-FR","potentialAction":[{"@type":"ReadAction","target":["https:\/\/blogs.thesocialmedia.com\/leblogmoto\/2006\/12\/10\/buell-100000-mo\/"]}]},{"@type":"ImageObject","inLanguage":"fr-FR","@id":"https:\/\/blogs.thesocialmedia.com\/leblogmoto\/2006\/12\/10\/buell-100000-mo\/#primaryimage","url":"http:\/\/www.leblogmoto.com\/images\/xb12xulysses.jpg","contentUrl":"http:\/\/www.leblogmoto.com\/images\/xb12xulysses.jpg"},{"@type":"BreadcrumbList","@id":"https:\/\/blogs.thesocialmedia.com\/leblogmoto\/2006\/12\/10\/buell-100000-mo\/#breadcrumb","itemListElement":[{"@type":"ListItem","position":1,"name":"Accueil","item":"https:\/\/blogs.thesocialmedia.com\/leblogmoto\/"},{"@type":"ListItem","position":2,"name":"Buell : 100.000 motos produites"}]},{"@type":"WebSite","@id":"https:\/\/blogs.thesocialmedia.com\/leblogmoto\/#website","url":"https:\/\/blogs.thesocialmedia.com\/leblogmoto\/","name":"leblogmoto","description":"Toute l&#039;actualit\u00e9 des 2 roues","potentialAction":[{"@type":"SearchAction","target":{"@type":"EntryPoint","urlTemplate":"https:\/\/blogs.thesocialmedia.com\/leblogmoto\/?s={search_term_string}"},"query-input":{"@type":"PropertyValueSpecification","valueRequired":true,"valueName":"search_term_string"}}],"inLanguage":"fr-FR"},{"@type":"Person","@id":"https:\/\/blogs.thesocialmedia.com\/leblogmoto\/#\/schema\/person\/90b2f8fd0d5a2cede2580e95fc79c6c0","name":"christian tirat","image":{"@type":"ImageObject","inLanguage":"fr-FR","@id":"https:\/\/blogs.thesocialmedia.com\/leblogmoto\/#\/schema\/person\/image\/","url":"https:\/\/secure.gravatar.com\/avatar\/?s=96&d=mm&r=g","contentUrl":"https:\/\/secure.gravatar.com\/avatar\/?s=96&d=mm&r=g","caption":"christian tirat"},"url":"https:\/\/blogs.thesocialmedia.com\/leblogmoto\/author\/christian-tirat\/"}]}},"_links":{"self":[{"href":"https:\/\/blogs.thesocialmedia.com\/leblogmoto\/wp-json\/wp\/v2\/posts\/1630","targetHints":{"allow":["GET"]}}],"collection":[{"href":"https:\/\/blogs.thesocialmedia.com\/leblogmoto\/wp-json\/wp\/v2\/posts"}],"about":[{"href":"https:\/\/blogs.thesocialmedia.com\/leblogmoto\/wp-json\/wp\/v2\/types\/post"}],"author":[{"embeddable":true,"href":"https:\/\/blogs.thesocialmedia.com\/leblogmoto\/wp-json\/wp\/v2\/users\/333"}],"replies":[{"embeddable":true,"href":"https:\/\/blogs.thesocialmedia.com\/leblogmoto\/wp-json\/wp\/v2\/comments?post=1630"}],"version-history":[{"count":2,"href":"https:\/\/blogs.thesocialmedia.com\/leblogmoto\/wp-json\/wp\/v2\/posts\/1630\/revisions"}],"predecessor-version":[{"id":7882,"href":"https:\/\/blogs.thesocialmedia.com\/leblogmoto\/wp-json\/wp\/v2\/posts\/1630\/revisions\/7882"}],"wp:attachment":[{"href":"https:\/\/blogs.thesocialmedia.com\/leblogmoto\/wp-json\/wp\/v2\/media?parent=1630"}],"wp:term":[{"taxonomy":"category","embeddable":true,"href":"https:\/\/blogs.thesocialmedia.com\/leblogmoto\/wp-json\/wp\/v2\/categories?post=1630"},{"taxonomy":"post_tag","embeddable":true,"href":"https:\/\/blogs.thesocialmedia.com\/leblogmoto\/wp-json\/wp\/v2\/tags?post=1630"}],"curies":[{"name":"wp","href":"https:\/\/api.w.org\/{rel}","templated":true}]}}