{"id":1633,"date":"2006-12-08T23:36:29","date_gmt":"2006-12-08T23:36:29","guid":{"rendered":"http:\/\/blogs.thesocialmedia.com\/leblogmoto\/2006\/12\/08\/le-livre-dor-de\/"},"modified":"2012-07-11T14:29:31","modified_gmt":"2012-07-11T14:29:31","slug":"le-livre-dor-de","status":"publish","type":"post","link":"https:\/\/blogs.thesocialmedia.com\/leblogmoto\/2006\/12\/08\/le-livre-dor-de\/","title":{"rendered":"Le Livre d&rsquo;Or de la Moto: une saison \u00e0 la loupe"},"content":{"rendered":"<p><a href=\"http:\/\/blogs.thesocialmedia.com\/leblogmoto\/files\/2012\/07\/livre_moto_2005_s.jpg\"><\/a><a href=\"http:\/\/clabedan.typepad.com\/.shared\/image.html?\/photos\/uncategorized\/mamola.jpg\"><img loading=\"lazy\" decoding=\"async\" width=\"250\" height=\"166\"  src=\"http:\/\/www.leblogmoto.com\/images\/mamola.jpg\" alt=\"Mamola\" style=\"margin: 0px 5px 5px 0px;float: left\" \/><\/a> C\u2019est une tradition, chaque fin de saison, Bertrand Busillet, grand reporter \u00e0 <a href=\"http:\/\/www.moto-journal.fr\/accueilBoutique.jsp?lg=fr&amp;id=1\">Moto journal<\/a>, publie aux \u00e9ditions <a href=\"http:\/\/www.solar.tm.fr\/\">Solar <\/a>un beau livre de 128 pages retra\u00e7ant l\u2019ann\u00e9e de MotoGP : <strong>Le Livre d\u2019Or de la Moto 2006.<\/strong><\/p>\n<p>Le couronnement surprise de l\u2019am\u00e9ricain <a href=\"http:\/\/www.nickyhayden.com\/site\/home.php\">Nicky Hayden<\/a><a href=\"http:\/\/kenny.roberts.free.fr\/sommaire.html\">&nbsp;<\/a> apr\u00e8s une bagarre d\u00e9j\u00e0 l\u00e9gendaire et la chute inattendue de <a href=\"http:\/\/www.fanclubvalentinorossi.com\/\">Valentino Rossi<\/a>&#8230; Digne successeur de son compatriote <a href=\"http:\/\/kenny.roberts.free.fr\/sommaire.html\">Kenny Roberts Jr<\/a>, le Nicky&#8230;<\/p>\n<p>l\u2019ouvrage superbement illustr\u00e9 par 270 photos fourmille de r\u00e9v\u00e9lations sur cette bataille \u00e9pique en 17 \u00e9pisodes mais il revient aussi sur le triomphe de l\u2019\u00e9cole espagnole en petite et moyenne cylindr\u00e9e avec Alvaro Bautista en125cc&nbsp; et Jorge Lorenzo en 250cc.<\/p>\n<p><a href=\"http:\/\/clabedan.typepad.com\/.shared\/image.html?\/photos\/uncategorized\/livre_moto_2005_s_1.jpg\"><img loading=\"lazy\" decoding=\"async\" width=\"250\" height=\"187\"  src=\"http:\/\/www.leblogmoto.com\/images\/livre_moto_2005_s_1.jpg\" alt=\"Livre_moto_2005_s_1\" style=\"margin: 0px 5px 5px 0px;float: left\" \/><\/a> B. Busillet nous rappelle enfin l\u2019 \u00ab ann\u00e9e blanche \u00bb des pilotes tricolores. Un beau moyen de revivre la saison pass\u00e9e, au fil des grand prix, avant d\u2019appr\u00e9hender la prochaine qui sera marqu\u00e9e c\u00f4t\u00e9 tricolore par le retour d\u2019<a href=\"http:\/\/www.olivierjacque.com\/\">Olivier Jacque<\/a> au guidon d&rsquo;une Kawasaki et au plan technique par le passage \u00e0 des \u00ab petits \u00bb moteurs de 800cc, conform\u00e9ment au r\u00e8glement 2007.<\/p>\n<p> En hommage \u00e0 <a href=\"http:\/\/www.nickyhayden.com\/site\/home.php\">Nicky Hayden<\/a>, le Livre d\u2019Or est pr\u00e9fac\u00e9 par un autre Am\u00e9ricain, le tr\u00e8s spectaculaire <a href=\"http:\/\/www.tontons-chicaneurs.com\/sport\/crash\/sportcrash.htm\">Randy Mamola<\/a>, qui fut vice-champion du monde et qui illustre ce post.<\/p>\n<p> L\u2019ouvrage vous lib\u00e8rera de 27.90 euros mais c\u2019est un superbe cadeau de No\u00ebl.<\/p>\n<p>Signalons enfin que la <a href=\"http:\/\/www.fim.ch\/fr\/default.asp?item=73#\">F\u00e9d\u00e9ration Internationale de Motocyclisme<\/a> propose pour 21 \u20ac une encyclop\u00e9die comptant pas moins de 2000 pages dans lesquelles sont consign\u00e9s tous les classement motoGP de 1949 \u00e0 2005. Une &quot;bible&quot; a r\u00e9server aux fanatiques et aux pros.<\/p>\n","protected":false},"excerpt":{"rendered":"<p>C\u2019est une tradition, chaque fin de saison, Bertrand Busillet, grand reporter \u00e0 Moto journal, publie aux \u00e9ditions Solar un beau livre de 128 pages retra\u00e7ant l\u2019ann\u00e9e de MotoGP : Le Livre d\u2019Or de la Moto 2006. Le couronnement surprise de l\u2019am\u00e9ricain Nicky Hayden&nbsp; apr\u00e8s une bagarre d\u00e9j\u00e0 l\u00e9gendaire et la chute inattendue de Valentino Rossi&#8230; [&hellip;]<\/p>\n","protected":false},"author":333,"featured_media":0,"comment_status":"open","ping_status":"open","sticky":false,"template":"","format":"standard","meta":{"footnotes":""},"categories":[22],"tags":[],"class_list":["post-1633","post","type-post","status-publish","format-standard","hentry","category-motogp"],"yoast_head":"<!-- This site is optimized with the Yoast SEO plugin v26.0 - https:\/\/yoast.com\/wordpress\/plugins\/seo\/ -->\n<title>Le Livre d&#039;Or de la Moto: une saison \u00e0 la loupe - leblogmoto.com<\/title>\n<meta name=\"robots\" content=\"index, follow, max-snippet:-1, max-image-preview:large, max-video-preview:-1\" \/>\n<link rel=\"canonical\" href=\"https:\/\/blogs.thesocialmedia.com\/leblogmoto\/2006\/12\/08\/le-livre-dor-de\/\" \/>\n<meta name=\"twitter:card\" content=\"summary_large_image\" \/>\n<meta name=\"twitter:title\" content=\"Le Livre d&#039;Or de la Moto: une saison \u00e0 la loupe - leblogmoto.com\" \/>\n<meta name=\"twitter:description\" content=\"C\u2019est une tradition, chaque fin de saison, Bertrand Busillet, grand reporter \u00e0 Moto journal, publie aux \u00e9ditions Solar un beau livre de 128 pages retra\u00e7ant l\u2019ann\u00e9e de MotoGP : Le Livre d\u2019Or de la Moto 2006. Le couronnement surprise de l\u2019am\u00e9ricain Nicky Hayden&nbsp; apr\u00e8s une bagarre d\u00e9j\u00e0 l\u00e9gendaire et la chute inattendue de Valentino Rossi&#8230; [&hellip;]\" \/>\n<meta name=\"twitter:image\" content=\"http:\/\/www.leblogmoto.com\/images\/mamola.jpg\" \/>\n<meta name=\"twitter:label1\" content=\"\u00c9crit par\" \/>\n\t<meta name=\"twitter:data1\" content=\"christian tirat\" \/>\n\t<meta name=\"twitter:label2\" content=\"Dur\u00e9e de lecture estim\u00e9e\" \/>\n\t<meta name=\"twitter:data2\" content=\"1 minute\" \/>\n<script type=\"application\/ld+json\" class=\"yoast-schema-graph\">{\"@context\":\"https:\/\/schema.org\",\"@graph\":[{\"@type\":\"WebPage\",\"@id\":\"https:\/\/blogs.thesocialmedia.com\/leblogmoto\/2006\/12\/08\/le-livre-dor-de\/\",\"url\":\"https:\/\/blogs.thesocialmedia.com\/leblogmoto\/2006\/12\/08\/le-livre-dor-de\/\",\"name\":\"Le Livre d'Or de la Moto: une saison \u00e0 la loupe - leblogmoto.com\",\"isPartOf\":{\"@id\":\"https:\/\/blogs.thesocialmedia.com\/leblogmoto\/#website\"},\"primaryImageOfPage\":{\"@id\":\"https:\/\/blogs.thesocialmedia.com\/leblogmoto\/2006\/12\/08\/le-livre-dor-de\/#primaryimage\"},\"image\":{\"@id\":\"https:\/\/blogs.thesocialmedia.com\/leblogmoto\/2006\/12\/08\/le-livre-dor-de\/#primaryimage\"},\"thumbnailUrl\":\"http:\/\/www.leblogmoto.com\/images\/mamola.jpg\",\"datePublished\":\"2006-12-08T23:36:29+00:00\",\"dateModified\":\"2012-07-11T14:29:31+00:00\",\"author\":{\"@id\":\"https:\/\/blogs.thesocialmedia.com\/leblogmoto\/#\/schema\/person\/90b2f8fd0d5a2cede2580e95fc79c6c0\"},\"breadcrumb\":{\"@id\":\"https:\/\/blogs.thesocialmedia.com\/leblogmoto\/2006\/12\/08\/le-livre-dor-de\/#breadcrumb\"},\"inLanguage\":\"fr-FR\",\"potentialAction\":[{\"@type\":\"ReadAction\",\"target\":[\"https:\/\/blogs.thesocialmedia.com\/leblogmoto\/2006\/12\/08\/le-livre-dor-de\/\"]}]},{\"@type\":\"ImageObject\",\"inLanguage\":\"fr-FR\",\"@id\":\"https:\/\/blogs.thesocialmedia.com\/leblogmoto\/2006\/12\/08\/le-livre-dor-de\/#primaryimage\",\"url\":\"http:\/\/www.leblogmoto.com\/images\/mamola.jpg\",\"contentUrl\":\"http:\/\/www.leblogmoto.com\/images\/mamola.jpg\"},{\"@type\":\"BreadcrumbList\",\"@id\":\"https:\/\/blogs.thesocialmedia.com\/leblogmoto\/2006\/12\/08\/le-livre-dor-de\/#breadcrumb\",\"itemListElement\":[{\"@type\":\"ListItem\",\"position\":1,\"name\":\"Accueil\",\"item\":\"https:\/\/blogs.thesocialmedia.com\/leblogmoto\/\"},{\"@type\":\"ListItem\",\"position\":2,\"name\":\"Le Livre d&rsquo;Or de la Moto: une saison \u00e0 la loupe\"}]},{\"@type\":\"WebSite\",\"@id\":\"https:\/\/blogs.thesocialmedia.com\/leblogmoto\/#website\",\"url\":\"https:\/\/blogs.thesocialmedia.com\/leblogmoto\/\",\"name\":\"leblogmoto\",\"description\":\"Toute l&#039;actualit\u00e9 des 2 roues\",\"potentialAction\":[{\"@type\":\"SearchAction\",\"target\":{\"@type\":\"EntryPoint\",\"urlTemplate\":\"https:\/\/blogs.thesocialmedia.com\/leblogmoto\/?s={search_term_string}\"},\"query-input\":{\"@type\":\"PropertyValueSpecification\",\"valueRequired\":true,\"valueName\":\"search_term_string\"}}],\"inLanguage\":\"fr-FR\"},{\"@type\":\"Person\",\"@id\":\"https:\/\/blogs.thesocialmedia.com\/leblogmoto\/#\/schema\/person\/90b2f8fd0d5a2cede2580e95fc79c6c0\",\"name\":\"christian tirat\",\"image\":{\"@type\":\"ImageObject\",\"inLanguage\":\"fr-FR\",\"@id\":\"https:\/\/blogs.thesocialmedia.com\/leblogmoto\/#\/schema\/person\/image\/\",\"url\":\"https:\/\/secure.gravatar.com\/avatar\/?s=96&d=mm&r=g\",\"contentUrl\":\"https:\/\/secure.gravatar.com\/avatar\/?s=96&d=mm&r=g\",\"caption\":\"christian tirat\"},\"url\":\"https:\/\/blogs.thesocialmedia.com\/leblogmoto\/author\/christian-tirat\/\"}]}<\/script>\n<!-- \/ Yoast SEO plugin. -->","yoast_head_json":{"title":"Le Livre d'Or de la Moto: une saison \u00e0 la loupe - leblogmoto.com","robots":{"index":"index","follow":"follow","max-snippet":"max-snippet:-1","max-image-preview":"max-image-preview:large","max-video-preview":"max-video-preview:-1"},"canonical":"https:\/\/blogs.thesocialmedia.com\/leblogmoto\/2006\/12\/08\/le-livre-dor-de\/","twitter_card":"summary_large_image","twitter_title":"Le Livre d'Or de la Moto: une saison \u00e0 la loupe - leblogmoto.com","twitter_description":"C\u2019est une tradition, chaque fin de saison, Bertrand Busillet, grand reporter \u00e0 Moto journal, publie aux \u00e9ditions Solar un beau livre de 128 pages retra\u00e7ant l\u2019ann\u00e9e de MotoGP : Le Livre d\u2019Or de la Moto 2006. Le couronnement surprise de l\u2019am\u00e9ricain Nicky Hayden&nbsp; apr\u00e8s une bagarre d\u00e9j\u00e0 l\u00e9gendaire et la chute inattendue de Valentino Rossi&#8230; [&hellip;]","twitter_image":"http:\/\/www.leblogmoto.com\/images\/mamola.jpg","twitter_misc":{"\u00c9crit par":"christian tirat","Dur\u00e9e de lecture estim\u00e9e":"1 minute"},"schema":{"@context":"https:\/\/schema.org","@graph":[{"@type":"WebPage","@id":"https:\/\/blogs.thesocialmedia.com\/leblogmoto\/2006\/12\/08\/le-livre-dor-de\/","url":"https:\/\/blogs.thesocialmedia.com\/leblogmoto\/2006\/12\/08\/le-livre-dor-de\/","name":"Le Livre d'Or de la Moto: une saison \u00e0 la loupe - leblogmoto.com","isPartOf":{"@id":"https:\/\/blogs.thesocialmedia.com\/leblogmoto\/#website"},"primaryImageOfPage":{"@id":"https:\/\/blogs.thesocialmedia.com\/leblogmoto\/2006\/12\/08\/le-livre-dor-de\/#primaryimage"},"image":{"@id":"https:\/\/blogs.thesocialmedia.com\/leblogmoto\/2006\/12\/08\/le-livre-dor-de\/#primaryimage"},"thumbnailUrl":"http:\/\/www.leblogmoto.com\/images\/mamola.jpg","datePublished":"2006-12-08T23:36:29+00:00","dateModified":"2012-07-11T14:29:31+00:00","author":{"@id":"https:\/\/blogs.thesocialmedia.com\/leblogmoto\/#\/schema\/person\/90b2f8fd0d5a2cede2580e95fc79c6c0"},"breadcrumb":{"@id":"https:\/\/blogs.thesocialmedia.com\/leblogmoto\/2006\/12\/08\/le-livre-dor-de\/#breadcrumb"},"inLanguage":"fr-FR","potentialAction":[{"@type":"ReadAction","target":["https:\/\/blogs.thesocialmedia.com\/leblogmoto\/2006\/12\/08\/le-livre-dor-de\/"]}]},{"@type":"ImageObject","inLanguage":"fr-FR","@id":"https:\/\/blogs.thesocialmedia.com\/leblogmoto\/2006\/12\/08\/le-livre-dor-de\/#primaryimage","url":"http:\/\/www.leblogmoto.com\/images\/mamola.jpg","contentUrl":"http:\/\/www.leblogmoto.com\/images\/mamola.jpg"},{"@type":"BreadcrumbList","@id":"https:\/\/blogs.thesocialmedia.com\/leblogmoto\/2006\/12\/08\/le-livre-dor-de\/#breadcrumb","itemListElement":[{"@type":"ListItem","position":1,"name":"Accueil","item":"https:\/\/blogs.thesocialmedia.com\/leblogmoto\/"},{"@type":"ListItem","position":2,"name":"Le Livre d&rsquo;Or de la Moto: une saison \u00e0 la loupe"}]},{"@type":"WebSite","@id":"https:\/\/blogs.thesocialmedia.com\/leblogmoto\/#website","url":"https:\/\/blogs.thesocialmedia.com\/leblogmoto\/","name":"leblogmoto","description":"Toute l&#039;actualit\u00e9 des 2 roues","potentialAction":[{"@type":"SearchAction","target":{"@type":"EntryPoint","urlTemplate":"https:\/\/blogs.thesocialmedia.com\/leblogmoto\/?s={search_term_string}"},"query-input":{"@type":"PropertyValueSpecification","valueRequired":true,"valueName":"search_term_string"}}],"inLanguage":"fr-FR"},{"@type":"Person","@id":"https:\/\/blogs.thesocialmedia.com\/leblogmoto\/#\/schema\/person\/90b2f8fd0d5a2cede2580e95fc79c6c0","name":"christian tirat","image":{"@type":"ImageObject","inLanguage":"fr-FR","@id":"https:\/\/blogs.thesocialmedia.com\/leblogmoto\/#\/schema\/person\/image\/","url":"https:\/\/secure.gravatar.com\/avatar\/?s=96&d=mm&r=g","contentUrl":"https:\/\/secure.gravatar.com\/avatar\/?s=96&d=mm&r=g","caption":"christian tirat"},"url":"https:\/\/blogs.thesocialmedia.com\/leblogmoto\/author\/christian-tirat\/"}]}},"_links":{"self":[{"href":"https:\/\/blogs.thesocialmedia.com\/leblogmoto\/wp-json\/wp\/v2\/posts\/1633","targetHints":{"allow":["GET"]}}],"collection":[{"href":"https:\/\/blogs.thesocialmedia.com\/leblogmoto\/wp-json\/wp\/v2\/posts"}],"about":[{"href":"https:\/\/blogs.thesocialmedia.com\/leblogmoto\/wp-json\/wp\/v2\/types\/post"}],"author":[{"embeddable":true,"href":"https:\/\/blogs.thesocialmedia.com\/leblogmoto\/wp-json\/wp\/v2\/users\/333"}],"replies":[{"embeddable":true,"href":"https:\/\/blogs.thesocialmedia.com\/leblogmoto\/wp-json\/wp\/v2\/comments?post=1633"}],"version-history":[{"count":2,"href":"https:\/\/blogs.thesocialmedia.com\/leblogmoto\/wp-json\/wp\/v2\/posts\/1633\/revisions"}],"predecessor-version":[{"id":7876,"href":"https:\/\/blogs.thesocialmedia.com\/leblogmoto\/wp-json\/wp\/v2\/posts\/1633\/revisions\/7876"}],"wp:attachment":[{"href":"https:\/\/blogs.thesocialmedia.com\/leblogmoto\/wp-json\/wp\/v2\/media?parent=1633"}],"wp:term":[{"taxonomy":"category","embeddable":true,"href":"https:\/\/blogs.thesocialmedia.com\/leblogmoto\/wp-json\/wp\/v2\/categories?post=1633"},{"taxonomy":"post_tag","embeddable":true,"href":"https:\/\/blogs.thesocialmedia.com\/leblogmoto\/wp-json\/wp\/v2\/tags?post=1633"}],"curies":[{"name":"wp","href":"https:\/\/api.w.org\/{rel}","templated":true}]}}