{"id":1634,"date":"2006-12-08T21:09:03","date_gmt":"2006-12-08T21:09:03","guid":{"rendered":"http:\/\/blogs.thesocialmedia.com\/leblogmoto\/2006\/12\/08\/toulouse-nol-de\/"},"modified":"2012-07-11T14:29:30","modified_gmt":"2012-07-11T14:29:30","slug":"toulouse-nol-de","status":"publish","type":"post","link":"https:\/\/blogs.thesocialmedia.com\/leblogmoto\/2006\/12\/08\/toulouse-nol-de\/","title":{"rendered":"Toulouse : No\u00ebl des motards \u00e0 Candie"},"content":{"rendered":"<p><a href=\"http:\/\/blogs.thesocialmedia.com\/leblogmoto\/files\/2012\/07\/noelmotcandie.jpg\"><img loading=\"lazy\" decoding=\"async\" width=\"250\" height=\"358\"  src=\"http:\/\/www.leblogmoto.com\/images\/noelmotcandie.jpg\" alt=\"Noelmotcandie\" style=\"margin: 0px 5px 5px 0px;float: left\" \/><\/a> Dimanche 10 d\u00e9cembre, de 10h \u00e0 19h, le <a href=\"http:\/\/www.lerepairedesmotards.com\/circuits.htm\">circuit municipal de Candie <\/a>accueillera le \u00ab No\u00ebl des Motards \u00bb. Organis\u00e9 par la <a href=\"http:\/\/www.toulouse.fr\/\">mairie de Toulouse<\/a>, en partenariat avec la Police Nationale, la F\u00e9d\u00e9ration Fran\u00e7aise des Motards en Col\u00e8re (<a href=\"http:\/\/ffmc31.free.fr\/\">FFMC 31<\/a> ) et l\u2019Union Fran\u00e7aise des \u0153uvres La\u00efques d\u2019Education Physique (<a href=\"http:\/\/www.ufolep.org\/\">UFOLEP<\/a>), cette manifestation devenue traditionnelle, regroupe des passionn\u00e9s de motos et de belles m\u00e9caniques.<\/p>\n<p>Au programme de la journ\u00e9e : des expositions de motos de l\u00e9gende, des pr\u00e9sentations de nouveaux mod\u00e8les &#8211; avec 10 exposants -, des d\u00e9mos de trial, des acrobaties, des pr\u00e9sentations d\u2019actions de la Police Nationale\u2026 Les motards pourront \u00e9galement se restaurer sur place et faire rugir leur machine sur un circuit dont l\u2019acc\u00e8s est gratuit.<\/p>\n<p>On regrettera cependant que l\u2019affreuse affiche, <a href=\"http:\/\/www.toulouse.fr\/fr-32\/actualite-206\/tete-les-jambes-272\/candie-accueille-1652.html\">diffus\u00e9e notamment par la mairie de Toulouse<\/a>, pr\u00e9sente un p\u00e8re No\u00ebl d\u00e9pourvu de casque, juch\u00e9 sur un \u00ab bitza \u00bb certainement plus apte au \u00ab burn-out \u00bb qu\u2019a s\u00e9curiser son pilote. Dommage pour un circuit dont la vocation initiale se voulait p\u00e9dagogique et pr\u00e9ventive.<\/p>\n<p> A vos casques donc !<\/p>\n","protected":false},"excerpt":{"rendered":"<p>Dimanche 10 d\u00e9cembre, de 10h \u00e0 19h, le circuit municipal de Candie accueillera le \u00ab No\u00ebl des Motards \u00bb. Organis\u00e9 par la mairie de Toulouse, en partenariat avec la Police Nationale, la F\u00e9d\u00e9ration Fran\u00e7aise des Motards en Col\u00e8re (FFMC 31 ) et l\u2019Union Fran\u00e7aise des \u0153uvres La\u00efques d\u2019Education Physique (UFOLEP), cette manifestation devenue traditionnelle, regroupe [&hellip;]<\/p>\n","protected":false},"author":333,"featured_media":0,"comment_status":"open","ping_status":"open","sticky":false,"template":"","format":"standard","meta":{"footnotes":""},"categories":[3],"tags":[],"class_list":["post-1634","post","type-post","status-publish","format-standard","hentry","category-actualite"],"yoast_head":"<!-- This site is optimized with the Yoast SEO plugin v26.0 - https:\/\/yoast.com\/wordpress\/plugins\/seo\/ -->\n<title>Toulouse : No\u00ebl des motards \u00e0 Candie - leblogmoto.com<\/title>\n<meta name=\"robots\" content=\"index, follow, max-snippet:-1, max-image-preview:large, max-video-preview:-1\" \/>\n<link rel=\"canonical\" href=\"https:\/\/blogs.thesocialmedia.com\/leblogmoto\/2006\/12\/08\/toulouse-nol-de\/\" \/>\n<meta name=\"twitter:card\" content=\"summary_large_image\" \/>\n<meta name=\"twitter:title\" content=\"Toulouse : No\u00ebl des motards \u00e0 Candie - leblogmoto.com\" \/>\n<meta name=\"twitter:description\" content=\"Dimanche 10 d\u00e9cembre, de 10h \u00e0 19h, le circuit municipal de Candie accueillera le \u00ab No\u00ebl des Motards \u00bb. Organis\u00e9 par la mairie de Toulouse, en partenariat avec la Police Nationale, la F\u00e9d\u00e9ration Fran\u00e7aise des Motards en Col\u00e8re (FFMC 31 ) et l\u2019Union Fran\u00e7aise des \u0153uvres La\u00efques d\u2019Education Physique (UFOLEP), cette manifestation devenue traditionnelle, regroupe [&hellip;]\" \/>\n<meta name=\"twitter:image\" content=\"http:\/\/www.leblogmoto.com\/images\/noelmotcandie.jpg\" \/>\n<meta name=\"twitter:label1\" content=\"\u00c9crit par\" \/>\n\t<meta name=\"twitter:data1\" content=\"christian tirat\" \/>\n\t<meta name=\"twitter:label2\" content=\"Dur\u00e9e de lecture estim\u00e9e\" \/>\n\t<meta name=\"twitter:data2\" content=\"1 minute\" \/>\n<script type=\"application\/ld+json\" class=\"yoast-schema-graph\">{\"@context\":\"https:\/\/schema.org\",\"@graph\":[{\"@type\":\"WebPage\",\"@id\":\"https:\/\/blogs.thesocialmedia.com\/leblogmoto\/2006\/12\/08\/toulouse-nol-de\/\",\"url\":\"https:\/\/blogs.thesocialmedia.com\/leblogmoto\/2006\/12\/08\/toulouse-nol-de\/\",\"name\":\"Toulouse : No\u00ebl des motards \u00e0 Candie - leblogmoto.com\",\"isPartOf\":{\"@id\":\"https:\/\/blogs.thesocialmedia.com\/leblogmoto\/#website\"},\"primaryImageOfPage\":{\"@id\":\"https:\/\/blogs.thesocialmedia.com\/leblogmoto\/2006\/12\/08\/toulouse-nol-de\/#primaryimage\"},\"image\":{\"@id\":\"https:\/\/blogs.thesocialmedia.com\/leblogmoto\/2006\/12\/08\/toulouse-nol-de\/#primaryimage\"},\"thumbnailUrl\":\"http:\/\/www.leblogmoto.com\/images\/noelmotcandie.jpg\",\"datePublished\":\"2006-12-08T21:09:03+00:00\",\"dateModified\":\"2012-07-11T14:29:30+00:00\",\"author\":{\"@id\":\"https:\/\/blogs.thesocialmedia.com\/leblogmoto\/#\/schema\/person\/90b2f8fd0d5a2cede2580e95fc79c6c0\"},\"breadcrumb\":{\"@id\":\"https:\/\/blogs.thesocialmedia.com\/leblogmoto\/2006\/12\/08\/toulouse-nol-de\/#breadcrumb\"},\"inLanguage\":\"fr-FR\",\"potentialAction\":[{\"@type\":\"ReadAction\",\"target\":[\"https:\/\/blogs.thesocialmedia.com\/leblogmoto\/2006\/12\/08\/toulouse-nol-de\/\"]}]},{\"@type\":\"ImageObject\",\"inLanguage\":\"fr-FR\",\"@id\":\"https:\/\/blogs.thesocialmedia.com\/leblogmoto\/2006\/12\/08\/toulouse-nol-de\/#primaryimage\",\"url\":\"http:\/\/www.leblogmoto.com\/images\/noelmotcandie.jpg\",\"contentUrl\":\"http:\/\/www.leblogmoto.com\/images\/noelmotcandie.jpg\"},{\"@type\":\"BreadcrumbList\",\"@id\":\"https:\/\/blogs.thesocialmedia.com\/leblogmoto\/2006\/12\/08\/toulouse-nol-de\/#breadcrumb\",\"itemListElement\":[{\"@type\":\"ListItem\",\"position\":1,\"name\":\"Accueil\",\"item\":\"https:\/\/blogs.thesocialmedia.com\/leblogmoto\/\"},{\"@type\":\"ListItem\",\"position\":2,\"name\":\"Toulouse : No\u00ebl des motards \u00e0 Candie\"}]},{\"@type\":\"WebSite\",\"@id\":\"https:\/\/blogs.thesocialmedia.com\/leblogmoto\/#website\",\"url\":\"https:\/\/blogs.thesocialmedia.com\/leblogmoto\/\",\"name\":\"leblogmoto\",\"description\":\"Toute l&#039;actualit\u00e9 des 2 roues\",\"potentialAction\":[{\"@type\":\"SearchAction\",\"target\":{\"@type\":\"EntryPoint\",\"urlTemplate\":\"https:\/\/blogs.thesocialmedia.com\/leblogmoto\/?s={search_term_string}\"},\"query-input\":{\"@type\":\"PropertyValueSpecification\",\"valueRequired\":true,\"valueName\":\"search_term_string\"}}],\"inLanguage\":\"fr-FR\"},{\"@type\":\"Person\",\"@id\":\"https:\/\/blogs.thesocialmedia.com\/leblogmoto\/#\/schema\/person\/90b2f8fd0d5a2cede2580e95fc79c6c0\",\"name\":\"christian tirat\",\"image\":{\"@type\":\"ImageObject\",\"inLanguage\":\"fr-FR\",\"@id\":\"https:\/\/blogs.thesocialmedia.com\/leblogmoto\/#\/schema\/person\/image\/\",\"url\":\"https:\/\/secure.gravatar.com\/avatar\/?s=96&d=mm&r=g\",\"contentUrl\":\"https:\/\/secure.gravatar.com\/avatar\/?s=96&d=mm&r=g\",\"caption\":\"christian tirat\"},\"url\":\"https:\/\/blogs.thesocialmedia.com\/leblogmoto\/author\/christian-tirat\/\"}]}<\/script>\n<!-- \/ Yoast SEO plugin. -->","yoast_head_json":{"title":"Toulouse : No\u00ebl des motards \u00e0 Candie - leblogmoto.com","robots":{"index":"index","follow":"follow","max-snippet":"max-snippet:-1","max-image-preview":"max-image-preview:large","max-video-preview":"max-video-preview:-1"},"canonical":"https:\/\/blogs.thesocialmedia.com\/leblogmoto\/2006\/12\/08\/toulouse-nol-de\/","twitter_card":"summary_large_image","twitter_title":"Toulouse : No\u00ebl des motards \u00e0 Candie - leblogmoto.com","twitter_description":"Dimanche 10 d\u00e9cembre, de 10h \u00e0 19h, le circuit municipal de Candie accueillera le \u00ab No\u00ebl des Motards \u00bb. Organis\u00e9 par la mairie de Toulouse, en partenariat avec la Police Nationale, la F\u00e9d\u00e9ration Fran\u00e7aise des Motards en Col\u00e8re (FFMC 31 ) et l\u2019Union Fran\u00e7aise des \u0153uvres La\u00efques d\u2019Education Physique (UFOLEP), cette manifestation devenue traditionnelle, regroupe [&hellip;]","twitter_image":"http:\/\/www.leblogmoto.com\/images\/noelmotcandie.jpg","twitter_misc":{"\u00c9crit par":"christian tirat","Dur\u00e9e de lecture estim\u00e9e":"1 minute"},"schema":{"@context":"https:\/\/schema.org","@graph":[{"@type":"WebPage","@id":"https:\/\/blogs.thesocialmedia.com\/leblogmoto\/2006\/12\/08\/toulouse-nol-de\/","url":"https:\/\/blogs.thesocialmedia.com\/leblogmoto\/2006\/12\/08\/toulouse-nol-de\/","name":"Toulouse : No\u00ebl des motards \u00e0 Candie - leblogmoto.com","isPartOf":{"@id":"https:\/\/blogs.thesocialmedia.com\/leblogmoto\/#website"},"primaryImageOfPage":{"@id":"https:\/\/blogs.thesocialmedia.com\/leblogmoto\/2006\/12\/08\/toulouse-nol-de\/#primaryimage"},"image":{"@id":"https:\/\/blogs.thesocialmedia.com\/leblogmoto\/2006\/12\/08\/toulouse-nol-de\/#primaryimage"},"thumbnailUrl":"http:\/\/www.leblogmoto.com\/images\/noelmotcandie.jpg","datePublished":"2006-12-08T21:09:03+00:00","dateModified":"2012-07-11T14:29:30+00:00","author":{"@id":"https:\/\/blogs.thesocialmedia.com\/leblogmoto\/#\/schema\/person\/90b2f8fd0d5a2cede2580e95fc79c6c0"},"breadcrumb":{"@id":"https:\/\/blogs.thesocialmedia.com\/leblogmoto\/2006\/12\/08\/toulouse-nol-de\/#breadcrumb"},"inLanguage":"fr-FR","potentialAction":[{"@type":"ReadAction","target":["https:\/\/blogs.thesocialmedia.com\/leblogmoto\/2006\/12\/08\/toulouse-nol-de\/"]}]},{"@type":"ImageObject","inLanguage":"fr-FR","@id":"https:\/\/blogs.thesocialmedia.com\/leblogmoto\/2006\/12\/08\/toulouse-nol-de\/#primaryimage","url":"http:\/\/www.leblogmoto.com\/images\/noelmotcandie.jpg","contentUrl":"http:\/\/www.leblogmoto.com\/images\/noelmotcandie.jpg"},{"@type":"BreadcrumbList","@id":"https:\/\/blogs.thesocialmedia.com\/leblogmoto\/2006\/12\/08\/toulouse-nol-de\/#breadcrumb","itemListElement":[{"@type":"ListItem","position":1,"name":"Accueil","item":"https:\/\/blogs.thesocialmedia.com\/leblogmoto\/"},{"@type":"ListItem","position":2,"name":"Toulouse : No\u00ebl des motards \u00e0 Candie"}]},{"@type":"WebSite","@id":"https:\/\/blogs.thesocialmedia.com\/leblogmoto\/#website","url":"https:\/\/blogs.thesocialmedia.com\/leblogmoto\/","name":"leblogmoto","description":"Toute l&#039;actualit\u00e9 des 2 roues","potentialAction":[{"@type":"SearchAction","target":{"@type":"EntryPoint","urlTemplate":"https:\/\/blogs.thesocialmedia.com\/leblogmoto\/?s={search_term_string}"},"query-input":{"@type":"PropertyValueSpecification","valueRequired":true,"valueName":"search_term_string"}}],"inLanguage":"fr-FR"},{"@type":"Person","@id":"https:\/\/blogs.thesocialmedia.com\/leblogmoto\/#\/schema\/person\/90b2f8fd0d5a2cede2580e95fc79c6c0","name":"christian tirat","image":{"@type":"ImageObject","inLanguage":"fr-FR","@id":"https:\/\/blogs.thesocialmedia.com\/leblogmoto\/#\/schema\/person\/image\/","url":"https:\/\/secure.gravatar.com\/avatar\/?s=96&d=mm&r=g","contentUrl":"https:\/\/secure.gravatar.com\/avatar\/?s=96&d=mm&r=g","caption":"christian tirat"},"url":"https:\/\/blogs.thesocialmedia.com\/leblogmoto\/author\/christian-tirat\/"}]}},"_links":{"self":[{"href":"https:\/\/blogs.thesocialmedia.com\/leblogmoto\/wp-json\/wp\/v2\/posts\/1634","targetHints":{"allow":["GET"]}}],"collection":[{"href":"https:\/\/blogs.thesocialmedia.com\/leblogmoto\/wp-json\/wp\/v2\/posts"}],"about":[{"href":"https:\/\/blogs.thesocialmedia.com\/leblogmoto\/wp-json\/wp\/v2\/types\/post"}],"author":[{"embeddable":true,"href":"https:\/\/blogs.thesocialmedia.com\/leblogmoto\/wp-json\/wp\/v2\/users\/333"}],"replies":[{"embeddable":true,"href":"https:\/\/blogs.thesocialmedia.com\/leblogmoto\/wp-json\/wp\/v2\/comments?post=1634"}],"version-history":[{"count":2,"href":"https:\/\/blogs.thesocialmedia.com\/leblogmoto\/wp-json\/wp\/v2\/posts\/1634\/revisions"}],"predecessor-version":[{"id":7874,"href":"https:\/\/blogs.thesocialmedia.com\/leblogmoto\/wp-json\/wp\/v2\/posts\/1634\/revisions\/7874"}],"wp:attachment":[{"href":"https:\/\/blogs.thesocialmedia.com\/leblogmoto\/wp-json\/wp\/v2\/media?parent=1634"}],"wp:term":[{"taxonomy":"category","embeddable":true,"href":"https:\/\/blogs.thesocialmedia.com\/leblogmoto\/wp-json\/wp\/v2\/categories?post=1634"},{"taxonomy":"post_tag","embeddable":true,"href":"https:\/\/blogs.thesocialmedia.com\/leblogmoto\/wp-json\/wp\/v2\/tags?post=1634"}],"curies":[{"name":"wp","href":"https:\/\/api.w.org\/{rel}","templated":true}]}}