{"id":1636,"date":"2006-12-08T12:14:03","date_gmt":"2006-12-08T12:14:03","guid":{"rendered":"http:\/\/blogs.thesocialmedia.com\/leblogmoto\/2006\/12\/08\/dakar-2007-le-c\/"},"modified":"2012-07-11T14:29:25","modified_gmt":"2012-07-11T14:29:25","slug":"dakar-2007-le-c","status":"publish","type":"post","link":"https:\/\/blogs.thesocialmedia.com\/leblogmoto\/2006\/12\/08\/dakar-2007-le-c\/","title":{"rendered":"Dakar 2007: Le calendrier de Michel vayssi\u00e9"},"content":{"rendered":"<p><a href=\"http:\/\/blogs.thesocialmedia.com\/leblogmoto\/files\/2012\/07\/etappe_3__3.jpg\"><img loading=\"lazy\" decoding=\"async\" width=\"250\" height=\"164\"  alt=\"Etappe_3__3\" src=\"http:\/\/www.leblogmoto.com\/images\/etappe_3__3.jpg\" style=\"margin: 0px 5px 5px 0px;float: left\" \/><\/a> Nous vous pr\u00e9sentions hier le pilote <a href=\"http:\/\/www.toulouse-bestof.com\">Michel Vayssi\u00e9<\/a> qui sera la &quot;mascotte&quot; du blog moto sur le prochain <a href=\"http:\/\/www.dakar.com\/\">Dakar<\/a>. Il pilotera une <a href=\"http:\/\/www.yamaha-motor.fr\/produits\/motos\/enduros\/wr450f.jsp\">WR 450 F Yamaha<\/a> pr\u00e9par\u00e9e chez <a href=\"http:\/\/www.yamservice.com\/\">Yam Service \u00e0 Blagnac<\/a> . Quand au car\u00e9nage, rouge et noir comme les couleurs du <a href=\"http:\/\/www.stadetoulousain.fr\/\">Stade Toulousain<\/a>, il a \u00e9t\u00e9 d\u00e9cor\u00e9 par le talentueux <a href=\"http:\/\/www.momo-bikes-service.com\/momo_bikes_service.htm\">&quot;MOMO&quot;.<\/a> Voici ce que vient de m&rsquo;\u00e9crire Michel, je crois que son message s&rsquo;adresse aussi \u00e0 vous, nos lecteurs, je vous le livre donc avec le programme de pr\u00e9sentation de sa machine:<\/p>\n<p><em><a href=\"http:\/\/clabedan.typepad.com\/.shared\/image.html?\/photos\/uncategorized\/etappe_2_2.jpg\"><img loading=\"lazy\" decoding=\"async\" width=\"250\" height=\"164\"  alt=\"Etappe_2_2\" src=\"http:\/\/www.leblogmoto.com\/images\/etappe_2_2.jpg\" style=\"margin: 0px 5px 5px 0px;float: left\" \/><\/a><\/em>&quot;Je vais vous raconter l&rsquo;histoire d&rsquo;une rencontre fortuite. J&rsquo;\u00e9tais au fond des ateliers de <a href=\"http:\/\/www.yamservice.com\/\">Yam Service<\/a> \u00e0 c\u00f4t\u00e9 de mon ami et pr\u00e9parateur Pascal afin de monter mon car\u00e9nage flambant neuf sorti des ateliers de <a href=\"http:\/\/www.momo-bikes-service.com\/momo_bikes_service.htm\">MOMO<\/a> www.momo-bikes-service.com pour pr\u00e9senter la belle au stade toulousain,quand Jo\u00ebl ( le boss de mon&nbsp; fid\u00e8le partenaire ,un peu speed\u00e9 en ce moment car l&rsquo;ouverture de l&rsquo;immense complexe <a href=\"http:\/\/www.yamservice.com\/complex.html\">&quot;univers moto&quot;<\/a> est proche) me pr\u00e9sente un gars int\u00e9ress\u00e9 par ma petite aventure , passionn\u00e9 et authentique.<br \/>Ce &quot;gars&quot; se nomme Christian TIRAT et il est l&rsquo;animateur du blog moto www.leblogmoto.com . A ce titre ,Christian me fait l&rsquo;immense honneur de me d\u00e9signer &quot;mascotte du blog sur le <a href=\"http:\/\/www.dakar.com\/\">Dakar 2007<\/a>&quot; mais \u00e0 la fois me donne la grande responsabilit\u00e9 de repr\u00e9senter la masse des anonymes passionn\u00e9s qui ont toujours \u00e9crit les plus belles pages de ces grandes chevauch\u00e9es. Le blog moto c&rsquo;est aussi toute l&rsquo;actualit\u00e9 moto avec un grand A.&quot;<\/p>\n<p><strong>O\u00f9 et quand voir la moto d&rsquo;un amateur qui sait agir en pro:<\/strong><\/p>\n<p><strong>Dimanche 10 D\u00e9cembre<\/strong> 14h \u00e0 <a href=\"http:\/\/www.lerepairedesmotards.com\/circuits.htm\">CANDIE<\/a> (circuit moto chemin de la Saudrune, \u00e0 c\u00f4t\u00e9 de Carrefour Portet) \u00e0 l&rsquo;occasion du No\u00ebl des Motards et du T\u00e9l\u00e9thon.<\/p>\n<p><strong>Samedi 16 D\u00e9cembre<\/strong> 14h au <a href=\"http:\/\/www.stadetoulousain.fr\/\">Stade Toulousain<\/a> match de coupe Europe contre LLANELLI<\/p>\n","protected":false},"excerpt":{"rendered":"<p>Nous vous pr\u00e9sentions hier le pilote Michel Vayssi\u00e9 qui sera la &quot;mascotte&quot; du blog moto sur le prochain Dakar. Il pilotera une WR 450 F Yamaha pr\u00e9par\u00e9e chez Yam Service \u00e0 Blagnac . Quand au car\u00e9nage, rouge et noir comme les couleurs du Stade Toulousain, il a \u00e9t\u00e9 d\u00e9cor\u00e9 par le talentueux &quot;MOMO&quot;. Voici ce [&hellip;]<\/p>\n","protected":false},"author":333,"featured_media":0,"comment_status":"open","ping_status":"open","sticky":false,"template":"","format":"standard","meta":{"footnotes":""},"categories":[59],"tags":[],"class_list":["post-1636","post","type-post","status-publish","format-standard","hentry","category-dakar"],"yoast_head":"<!-- This site is optimized with the Yoast SEO plugin v26.0 - https:\/\/yoast.com\/wordpress\/plugins\/seo\/ -->\n<title>Dakar 2007: Le calendrier de Michel vayssi\u00e9 - leblogmoto.com<\/title>\n<meta name=\"robots\" content=\"index, follow, max-snippet:-1, max-image-preview:large, max-video-preview:-1\" \/>\n<link rel=\"canonical\" href=\"https:\/\/blogs.thesocialmedia.com\/leblogmoto\/2006\/12\/08\/dakar-2007-le-c\/\" \/>\n<meta name=\"twitter:card\" content=\"summary_large_image\" \/>\n<meta name=\"twitter:title\" content=\"Dakar 2007: Le calendrier de Michel vayssi\u00e9 - leblogmoto.com\" \/>\n<meta name=\"twitter:description\" content=\"Nous vous pr\u00e9sentions hier le pilote Michel Vayssi\u00e9 qui sera la &quot;mascotte&quot; du blog moto sur le prochain Dakar. Il pilotera une WR 450 F Yamaha pr\u00e9par\u00e9e chez Yam Service \u00e0 Blagnac . Quand au car\u00e9nage, rouge et noir comme les couleurs du Stade Toulousain, il a \u00e9t\u00e9 d\u00e9cor\u00e9 par le talentueux &quot;MOMO&quot;. Voici ce [&hellip;]\" \/>\n<meta name=\"twitter:image\" content=\"http:\/\/www.leblogmoto.com\/images\/etappe_3__3.jpg\" \/>\n<meta name=\"twitter:label1\" content=\"\u00c9crit par\" \/>\n\t<meta name=\"twitter:data1\" content=\"christian tirat\" \/>\n\t<meta name=\"twitter:label2\" content=\"Dur\u00e9e de lecture estim\u00e9e\" \/>\n\t<meta name=\"twitter:data2\" content=\"2 minutes\" \/>\n<script type=\"application\/ld+json\" class=\"yoast-schema-graph\">{\"@context\":\"https:\/\/schema.org\",\"@graph\":[{\"@type\":\"WebPage\",\"@id\":\"https:\/\/blogs.thesocialmedia.com\/leblogmoto\/2006\/12\/08\/dakar-2007-le-c\/\",\"url\":\"https:\/\/blogs.thesocialmedia.com\/leblogmoto\/2006\/12\/08\/dakar-2007-le-c\/\",\"name\":\"Dakar 2007: Le calendrier de Michel vayssi\u00e9 - leblogmoto.com\",\"isPartOf\":{\"@id\":\"https:\/\/blogs.thesocialmedia.com\/leblogmoto\/#website\"},\"primaryImageOfPage\":{\"@id\":\"https:\/\/blogs.thesocialmedia.com\/leblogmoto\/2006\/12\/08\/dakar-2007-le-c\/#primaryimage\"},\"image\":{\"@id\":\"https:\/\/blogs.thesocialmedia.com\/leblogmoto\/2006\/12\/08\/dakar-2007-le-c\/#primaryimage\"},\"thumbnailUrl\":\"http:\/\/www.leblogmoto.com\/images\/etappe_3__3.jpg\",\"datePublished\":\"2006-12-08T12:14:03+00:00\",\"dateModified\":\"2012-07-11T14:29:25+00:00\",\"author\":{\"@id\":\"https:\/\/blogs.thesocialmedia.com\/leblogmoto\/#\/schema\/person\/90b2f8fd0d5a2cede2580e95fc79c6c0\"},\"breadcrumb\":{\"@id\":\"https:\/\/blogs.thesocialmedia.com\/leblogmoto\/2006\/12\/08\/dakar-2007-le-c\/#breadcrumb\"},\"inLanguage\":\"fr-FR\",\"potentialAction\":[{\"@type\":\"ReadAction\",\"target\":[\"https:\/\/blogs.thesocialmedia.com\/leblogmoto\/2006\/12\/08\/dakar-2007-le-c\/\"]}]},{\"@type\":\"ImageObject\",\"inLanguage\":\"fr-FR\",\"@id\":\"https:\/\/blogs.thesocialmedia.com\/leblogmoto\/2006\/12\/08\/dakar-2007-le-c\/#primaryimage\",\"url\":\"http:\/\/www.leblogmoto.com\/images\/etappe_3__3.jpg\",\"contentUrl\":\"http:\/\/www.leblogmoto.com\/images\/etappe_3__3.jpg\"},{\"@type\":\"BreadcrumbList\",\"@id\":\"https:\/\/blogs.thesocialmedia.com\/leblogmoto\/2006\/12\/08\/dakar-2007-le-c\/#breadcrumb\",\"itemListElement\":[{\"@type\":\"ListItem\",\"position\":1,\"name\":\"Accueil\",\"item\":\"https:\/\/blogs.thesocialmedia.com\/leblogmoto\/\"},{\"@type\":\"ListItem\",\"position\":2,\"name\":\"Dakar 2007: Le calendrier de Michel vayssi\u00e9\"}]},{\"@type\":\"WebSite\",\"@id\":\"https:\/\/blogs.thesocialmedia.com\/leblogmoto\/#website\",\"url\":\"https:\/\/blogs.thesocialmedia.com\/leblogmoto\/\",\"name\":\"leblogmoto\",\"description\":\"Toute l&#039;actualit\u00e9 des 2 roues\",\"potentialAction\":[{\"@type\":\"SearchAction\",\"target\":{\"@type\":\"EntryPoint\",\"urlTemplate\":\"https:\/\/blogs.thesocialmedia.com\/leblogmoto\/?s={search_term_string}\"},\"query-input\":{\"@type\":\"PropertyValueSpecification\",\"valueRequired\":true,\"valueName\":\"search_term_string\"}}],\"inLanguage\":\"fr-FR\"},{\"@type\":\"Person\",\"@id\":\"https:\/\/blogs.thesocialmedia.com\/leblogmoto\/#\/schema\/person\/90b2f8fd0d5a2cede2580e95fc79c6c0\",\"name\":\"christian tirat\",\"image\":{\"@type\":\"ImageObject\",\"inLanguage\":\"fr-FR\",\"@id\":\"https:\/\/blogs.thesocialmedia.com\/leblogmoto\/#\/schema\/person\/image\/\",\"url\":\"https:\/\/secure.gravatar.com\/avatar\/?s=96&d=mm&r=g\",\"contentUrl\":\"https:\/\/secure.gravatar.com\/avatar\/?s=96&d=mm&r=g\",\"caption\":\"christian tirat\"},\"url\":\"https:\/\/blogs.thesocialmedia.com\/leblogmoto\/author\/christian-tirat\/\"}]}<\/script>\n<!-- \/ Yoast SEO plugin. -->","yoast_head_json":{"title":"Dakar 2007: Le calendrier de Michel vayssi\u00e9 - leblogmoto.com","robots":{"index":"index","follow":"follow","max-snippet":"max-snippet:-1","max-image-preview":"max-image-preview:large","max-video-preview":"max-video-preview:-1"},"canonical":"https:\/\/blogs.thesocialmedia.com\/leblogmoto\/2006\/12\/08\/dakar-2007-le-c\/","twitter_card":"summary_large_image","twitter_title":"Dakar 2007: Le calendrier de Michel vayssi\u00e9 - leblogmoto.com","twitter_description":"Nous vous pr\u00e9sentions hier le pilote Michel Vayssi\u00e9 qui sera la &quot;mascotte&quot; du blog moto sur le prochain Dakar. Il pilotera une WR 450 F Yamaha pr\u00e9par\u00e9e chez Yam Service \u00e0 Blagnac . Quand au car\u00e9nage, rouge et noir comme les couleurs du Stade Toulousain, il a \u00e9t\u00e9 d\u00e9cor\u00e9 par le talentueux &quot;MOMO&quot;. Voici ce [&hellip;]","twitter_image":"http:\/\/www.leblogmoto.com\/images\/etappe_3__3.jpg","twitter_misc":{"\u00c9crit par":"christian tirat","Dur\u00e9e de lecture estim\u00e9e":"2 minutes"},"schema":{"@context":"https:\/\/schema.org","@graph":[{"@type":"WebPage","@id":"https:\/\/blogs.thesocialmedia.com\/leblogmoto\/2006\/12\/08\/dakar-2007-le-c\/","url":"https:\/\/blogs.thesocialmedia.com\/leblogmoto\/2006\/12\/08\/dakar-2007-le-c\/","name":"Dakar 2007: Le calendrier de Michel vayssi\u00e9 - leblogmoto.com","isPartOf":{"@id":"https:\/\/blogs.thesocialmedia.com\/leblogmoto\/#website"},"primaryImageOfPage":{"@id":"https:\/\/blogs.thesocialmedia.com\/leblogmoto\/2006\/12\/08\/dakar-2007-le-c\/#primaryimage"},"image":{"@id":"https:\/\/blogs.thesocialmedia.com\/leblogmoto\/2006\/12\/08\/dakar-2007-le-c\/#primaryimage"},"thumbnailUrl":"http:\/\/www.leblogmoto.com\/images\/etappe_3__3.jpg","datePublished":"2006-12-08T12:14:03+00:00","dateModified":"2012-07-11T14:29:25+00:00","author":{"@id":"https:\/\/blogs.thesocialmedia.com\/leblogmoto\/#\/schema\/person\/90b2f8fd0d5a2cede2580e95fc79c6c0"},"breadcrumb":{"@id":"https:\/\/blogs.thesocialmedia.com\/leblogmoto\/2006\/12\/08\/dakar-2007-le-c\/#breadcrumb"},"inLanguage":"fr-FR","potentialAction":[{"@type":"ReadAction","target":["https:\/\/blogs.thesocialmedia.com\/leblogmoto\/2006\/12\/08\/dakar-2007-le-c\/"]}]},{"@type":"ImageObject","inLanguage":"fr-FR","@id":"https:\/\/blogs.thesocialmedia.com\/leblogmoto\/2006\/12\/08\/dakar-2007-le-c\/#primaryimage","url":"http:\/\/www.leblogmoto.com\/images\/etappe_3__3.jpg","contentUrl":"http:\/\/www.leblogmoto.com\/images\/etappe_3__3.jpg"},{"@type":"BreadcrumbList","@id":"https:\/\/blogs.thesocialmedia.com\/leblogmoto\/2006\/12\/08\/dakar-2007-le-c\/#breadcrumb","itemListElement":[{"@type":"ListItem","position":1,"name":"Accueil","item":"https:\/\/blogs.thesocialmedia.com\/leblogmoto\/"},{"@type":"ListItem","position":2,"name":"Dakar 2007: Le calendrier de Michel vayssi\u00e9"}]},{"@type":"WebSite","@id":"https:\/\/blogs.thesocialmedia.com\/leblogmoto\/#website","url":"https:\/\/blogs.thesocialmedia.com\/leblogmoto\/","name":"leblogmoto","description":"Toute l&#039;actualit\u00e9 des 2 roues","potentialAction":[{"@type":"SearchAction","target":{"@type":"EntryPoint","urlTemplate":"https:\/\/blogs.thesocialmedia.com\/leblogmoto\/?s={search_term_string}"},"query-input":{"@type":"PropertyValueSpecification","valueRequired":true,"valueName":"search_term_string"}}],"inLanguage":"fr-FR"},{"@type":"Person","@id":"https:\/\/blogs.thesocialmedia.com\/leblogmoto\/#\/schema\/person\/90b2f8fd0d5a2cede2580e95fc79c6c0","name":"christian tirat","image":{"@type":"ImageObject","inLanguage":"fr-FR","@id":"https:\/\/blogs.thesocialmedia.com\/leblogmoto\/#\/schema\/person\/image\/","url":"https:\/\/secure.gravatar.com\/avatar\/?s=96&d=mm&r=g","contentUrl":"https:\/\/secure.gravatar.com\/avatar\/?s=96&d=mm&r=g","caption":"christian tirat"},"url":"https:\/\/blogs.thesocialmedia.com\/leblogmoto\/author\/christian-tirat\/"}]}},"_links":{"self":[{"href":"https:\/\/blogs.thesocialmedia.com\/leblogmoto\/wp-json\/wp\/v2\/posts\/1636","targetHints":{"allow":["GET"]}}],"collection":[{"href":"https:\/\/blogs.thesocialmedia.com\/leblogmoto\/wp-json\/wp\/v2\/posts"}],"about":[{"href":"https:\/\/blogs.thesocialmedia.com\/leblogmoto\/wp-json\/wp\/v2\/types\/post"}],"author":[{"embeddable":true,"href":"https:\/\/blogs.thesocialmedia.com\/leblogmoto\/wp-json\/wp\/v2\/users\/333"}],"replies":[{"embeddable":true,"href":"https:\/\/blogs.thesocialmedia.com\/leblogmoto\/wp-json\/wp\/v2\/comments?post=1636"}],"version-history":[{"count":2,"href":"https:\/\/blogs.thesocialmedia.com\/leblogmoto\/wp-json\/wp\/v2\/posts\/1636\/revisions"}],"predecessor-version":[{"id":7869,"href":"https:\/\/blogs.thesocialmedia.com\/leblogmoto\/wp-json\/wp\/v2\/posts\/1636\/revisions\/7869"}],"wp:attachment":[{"href":"https:\/\/blogs.thesocialmedia.com\/leblogmoto\/wp-json\/wp\/v2\/media?parent=1636"}],"wp:term":[{"taxonomy":"category","embeddable":true,"href":"https:\/\/blogs.thesocialmedia.com\/leblogmoto\/wp-json\/wp\/v2\/categories?post=1636"},{"taxonomy":"post_tag","embeddable":true,"href":"https:\/\/blogs.thesocialmedia.com\/leblogmoto\/wp-json\/wp\/v2\/tags?post=1636"}],"curies":[{"name":"wp","href":"https:\/\/api.w.org\/{rel}","templated":true}]}}