{"id":1637,"date":"2006-12-07T21:27:09","date_gmt":"2006-12-07T21:27:09","guid":{"rendered":"http:\/\/blogs.thesocialmedia.com\/leblogmoto\/2006\/12\/07\/dakar-2007-mich\/"},"modified":"2012-07-11T14:29:23","modified_gmt":"2012-07-11T14:29:23","slug":"dakar-2007-mich","status":"publish","type":"post","link":"https:\/\/blogs.thesocialmedia.com\/leblogmoto\/2006\/12\/07\/dakar-2007-mich\/","title":{"rendered":"Dakar 2007 : Michel Vayssi\u00e9, le pilote Blog Moto"},"content":{"rendered":"<p><a href=\"http:\/\/blogs.thesocialmedia.com\/leblogmoto\/files\/2012\/07\/3429567_1.jpg\"><img loading=\"lazy\" decoding=\"async\" width=\"250\" height=\"167\"  src=\"http:\/\/www.leblogmoto.com\/images\/3429567_1.jpg\" alt=\"3429567_1\" style=\"margin: 0px 5px 5px 0px;float: left\" \/><\/a> Le rouge et le noir, telles seront les couleurs arbor\u00e9es par <a href=\"http:\/\/www.mobalpa.fr\/\">Michel Vayssi\u00e9<\/a> sur l\u2019<a href=\"http:\/\/www.dakar.com\/\">Euromilhoes Lisbonne Dakar 2007<\/a>. Michel le toulousain n\u2019est ni un fanatique de Stendhal (encore que) ni un \u00ab bobo \u00bb nostalgique des manifs de 1968. Non, le rouge et le noir sont aussi les couleurs du <a href=\"http:\/\/www.stadetoulousain.fr\/\">Stade Toulousain <\/a>qui abrite le c\u00e9l\u00e8bre club de rugby, phare sportif de la cit\u00e9e gasconne et l\u2019un de ses plus solides partenaires (pilier, serait-on tent\u00e9 de dire) pour le <a href=\"http:\/\/www.dakar.com\/\">Dakar 2007<\/a>.<\/p>\n<p><a href=\"http:\/\/www.toulouse-bestof.com\">Michel Vayssi\u00e9<\/a> sera la \u00ab mascotte \u00bb du blog moto tout au long du <a href=\"http:\/\/www.dakar.com\/\">Dakar 2007<\/a>. <br \/>Pourquoi lui ? parce que c\u2019est un amateur de talent, un pur passionn\u00e9 qui peut repr\u00e9senter bon nombre d\u2019entre nous. <br \/>Il y en \u00e0 &quot;mille&quot; autres mais il fallait en choisir un. Il sera celui l\u00e0.<\/p>\n<p><a href=\"http:\/\/clabedan.typepad.com\/.shared\/image.html?\/photos\/uncategorized\/qe9h6426.jpg\"><img loading=\"lazy\" decoding=\"async\" width=\"250\" height=\"167\"  src=\"http:\/\/www.leblogmoto.com\/images\/qe9h6426.jpg\" alt=\"Qe9h6426\" style=\"margin: 0px 5px 5px 0px;float: left\" \/><\/a> N\u00e9 en 1961, <a href=\"http:\/\/www.toulouse-bestof.com\">M. Vayssi\u00e9<\/a> est d\u00e9j\u00e0 un v\u00e9t\u00e9ran qui a d\u00e9couvert le deux roues motoris\u00e9 (2RM) tout gamin, au guidon d\u2019une Mobylette. Il aurait pu en rester l\u00e0 si \u00e0 l\u2019\u00e9poque le Dakar ne traversait pas la France et si un contr\u00f4le de passage n\u2019\u00e9tait pas organis\u00e9 \u00e0 Toulouse. Or <a href=\"http:\/\/www.eurosport.fr\/home\/pages\/v4\/l3\/s239\/e11728\/sport_lng3_spo239_evt11728_sto813368.shtml\">au d\u00e9but des ann\u00e9es 1980<\/a>, c\u2019\u00e9tait le cas, et il a vu passer les pionniers : Serge Bacou, Hubert Auriol, Gaston Rahier, Philippe Vassard\u2026 et tant d\u2019autres. Un r\u00eave est n\u00e9 mais Michel est pragmatique : un bon m\u00e9tier d\u2019abord, chirurgien dentiste, profession qu\u2019il abandonnera plus tard avec un petit capital, pour se consacrer int\u00e9gralement \u00e0 ses passions sportives, la voile et la moto verte, et \u00e0 la clef un vrai palmar\u00e8s :<\/p>\n<p> 15\u00e8me au G\u00e9n\u00e9ral du Quadruple Aveyronnais (pas mal !)<br \/> 5 GLC, toujours qualifi\u00e9, jamais finisseur (rinc\u00e9 au pied du Corbeau mort, \u00e7a se comprend !)<br \/> 4 titres de champion de ligue Midi-Pyr\u00e9n\u00e9es en 97, 98, 2004 et 2005 (joli !)<br \/> Abandon sur blessure au dernier Dakar (premi\u00e8re exp\u00e9rience africaine &#8230;)<br \/><strong> 1er priv\u00e9 au dernier <a href=\"http:\/\/www.npo.fr\/\">Optic 2000 de Tunisie<\/a> (L&rsquo;exploit !)<\/strong><\/p>\n<p><a href=\"http:\/\/www.toulouse-bestof.com\"> Michel <\/a>pilotera une Yamaha 450 WRF (rouge &amp; noire), pr\u00e9par\u00e9e chez <a href=\"http:\/\/www.yamservice.com\/\">Yam Service Blagnac<\/a>. Il sera notamment soutenu par Mobalpa, le <a href=\"http:\/\/www.stadetoulousain.fr\/\">Stade Toulousain<\/a> \u2026 et le blog moto.<\/p>\n<p> Du rouge &amp; noir au Lac rose, tel est son (notre) objectif !<\/p>\n<p> On lui (nous) souhaite de l\u2019atteindre.<\/p>\n","protected":false},"excerpt":{"rendered":"<p>Le rouge et le noir, telles seront les couleurs arbor\u00e9es par Michel Vayssi\u00e9 sur l\u2019Euromilhoes Lisbonne Dakar 2007. Michel le toulousain n\u2019est ni un fanatique de Stendhal (encore que) ni un \u00ab bobo \u00bb nostalgique des manifs de 1968. Non, le rouge et le noir sont aussi les couleurs du Stade Toulousain qui abrite le [&hellip;]<\/p>\n","protected":false},"author":333,"featured_media":0,"comment_status":"open","ping_status":"open","sticky":false,"template":"","format":"standard","meta":{"footnotes":""},"categories":[59],"tags":[],"class_list":["post-1637","post","type-post","status-publish","format-standard","hentry","category-dakar"],"yoast_head":"<!-- This site is optimized with the Yoast SEO plugin v26.0 - https:\/\/yoast.com\/wordpress\/plugins\/seo\/ -->\n<title>Dakar 2007 : Michel Vayssi\u00e9, le pilote Blog Moto - leblogmoto.com<\/title>\n<meta name=\"robots\" content=\"index, follow, max-snippet:-1, max-image-preview:large, max-video-preview:-1\" \/>\n<link rel=\"canonical\" href=\"https:\/\/blogs.thesocialmedia.com\/leblogmoto\/2006\/12\/07\/dakar-2007-mich\/\" \/>\n<meta name=\"twitter:card\" content=\"summary_large_image\" \/>\n<meta name=\"twitter:title\" content=\"Dakar 2007 : Michel Vayssi\u00e9, le pilote Blog Moto - leblogmoto.com\" \/>\n<meta name=\"twitter:description\" content=\"Le rouge et le noir, telles seront les couleurs arbor\u00e9es par Michel Vayssi\u00e9 sur l\u2019Euromilhoes Lisbonne Dakar 2007. Michel le toulousain n\u2019est ni un fanatique de Stendhal (encore que) ni un \u00ab bobo \u00bb nostalgique des manifs de 1968. Non, le rouge et le noir sont aussi les couleurs du Stade Toulousain qui abrite le [&hellip;]\" \/>\n<meta name=\"twitter:image\" content=\"http:\/\/www.leblogmoto.com\/images\/3429567_1.jpg\" \/>\n<meta name=\"twitter:label1\" content=\"\u00c9crit par\" \/>\n\t<meta name=\"twitter:data1\" content=\"christian tirat\" \/>\n\t<meta name=\"twitter:label2\" content=\"Dur\u00e9e de lecture estim\u00e9e\" \/>\n\t<meta name=\"twitter:data2\" content=\"2 minutes\" \/>\n<script type=\"application\/ld+json\" class=\"yoast-schema-graph\">{\"@context\":\"https:\/\/schema.org\",\"@graph\":[{\"@type\":\"WebPage\",\"@id\":\"https:\/\/blogs.thesocialmedia.com\/leblogmoto\/2006\/12\/07\/dakar-2007-mich\/\",\"url\":\"https:\/\/blogs.thesocialmedia.com\/leblogmoto\/2006\/12\/07\/dakar-2007-mich\/\",\"name\":\"Dakar 2007 : Michel Vayssi\u00e9, le pilote Blog Moto - leblogmoto.com\",\"isPartOf\":{\"@id\":\"https:\/\/blogs.thesocialmedia.com\/leblogmoto\/#website\"},\"primaryImageOfPage\":{\"@id\":\"https:\/\/blogs.thesocialmedia.com\/leblogmoto\/2006\/12\/07\/dakar-2007-mich\/#primaryimage\"},\"image\":{\"@id\":\"https:\/\/blogs.thesocialmedia.com\/leblogmoto\/2006\/12\/07\/dakar-2007-mich\/#primaryimage\"},\"thumbnailUrl\":\"http:\/\/www.leblogmoto.com\/images\/3429567_1.jpg\",\"datePublished\":\"2006-12-07T21:27:09+00:00\",\"dateModified\":\"2012-07-11T14:29:23+00:00\",\"author\":{\"@id\":\"https:\/\/blogs.thesocialmedia.com\/leblogmoto\/#\/schema\/person\/90b2f8fd0d5a2cede2580e95fc79c6c0\"},\"breadcrumb\":{\"@id\":\"https:\/\/blogs.thesocialmedia.com\/leblogmoto\/2006\/12\/07\/dakar-2007-mich\/#breadcrumb\"},\"inLanguage\":\"fr-FR\",\"potentialAction\":[{\"@type\":\"ReadAction\",\"target\":[\"https:\/\/blogs.thesocialmedia.com\/leblogmoto\/2006\/12\/07\/dakar-2007-mich\/\"]}]},{\"@type\":\"ImageObject\",\"inLanguage\":\"fr-FR\",\"@id\":\"https:\/\/blogs.thesocialmedia.com\/leblogmoto\/2006\/12\/07\/dakar-2007-mich\/#primaryimage\",\"url\":\"http:\/\/www.leblogmoto.com\/images\/3429567_1.jpg\",\"contentUrl\":\"http:\/\/www.leblogmoto.com\/images\/3429567_1.jpg\"},{\"@type\":\"BreadcrumbList\",\"@id\":\"https:\/\/blogs.thesocialmedia.com\/leblogmoto\/2006\/12\/07\/dakar-2007-mich\/#breadcrumb\",\"itemListElement\":[{\"@type\":\"ListItem\",\"position\":1,\"name\":\"Accueil\",\"item\":\"https:\/\/blogs.thesocialmedia.com\/leblogmoto\/\"},{\"@type\":\"ListItem\",\"position\":2,\"name\":\"Dakar 2007 : Michel Vayssi\u00e9, le pilote Blog Moto\"}]},{\"@type\":\"WebSite\",\"@id\":\"https:\/\/blogs.thesocialmedia.com\/leblogmoto\/#website\",\"url\":\"https:\/\/blogs.thesocialmedia.com\/leblogmoto\/\",\"name\":\"leblogmoto\",\"description\":\"Toute l&#039;actualit\u00e9 des 2 roues\",\"potentialAction\":[{\"@type\":\"SearchAction\",\"target\":{\"@type\":\"EntryPoint\",\"urlTemplate\":\"https:\/\/blogs.thesocialmedia.com\/leblogmoto\/?s={search_term_string}\"},\"query-input\":{\"@type\":\"PropertyValueSpecification\",\"valueRequired\":true,\"valueName\":\"search_term_string\"}}],\"inLanguage\":\"fr-FR\"},{\"@type\":\"Person\",\"@id\":\"https:\/\/blogs.thesocialmedia.com\/leblogmoto\/#\/schema\/person\/90b2f8fd0d5a2cede2580e95fc79c6c0\",\"name\":\"christian tirat\",\"image\":{\"@type\":\"ImageObject\",\"inLanguage\":\"fr-FR\",\"@id\":\"https:\/\/blogs.thesocialmedia.com\/leblogmoto\/#\/schema\/person\/image\/\",\"url\":\"https:\/\/secure.gravatar.com\/avatar\/?s=96&d=mm&r=g\",\"contentUrl\":\"https:\/\/secure.gravatar.com\/avatar\/?s=96&d=mm&r=g\",\"caption\":\"christian tirat\"},\"url\":\"https:\/\/blogs.thesocialmedia.com\/leblogmoto\/author\/christian-tirat\/\"}]}<\/script>\n<!-- \/ Yoast SEO plugin. -->","yoast_head_json":{"title":"Dakar 2007 : Michel Vayssi\u00e9, le pilote Blog Moto - leblogmoto.com","robots":{"index":"index","follow":"follow","max-snippet":"max-snippet:-1","max-image-preview":"max-image-preview:large","max-video-preview":"max-video-preview:-1"},"canonical":"https:\/\/blogs.thesocialmedia.com\/leblogmoto\/2006\/12\/07\/dakar-2007-mich\/","twitter_card":"summary_large_image","twitter_title":"Dakar 2007 : Michel Vayssi\u00e9, le pilote Blog Moto - leblogmoto.com","twitter_description":"Le rouge et le noir, telles seront les couleurs arbor\u00e9es par Michel Vayssi\u00e9 sur l\u2019Euromilhoes Lisbonne Dakar 2007. Michel le toulousain n\u2019est ni un fanatique de Stendhal (encore que) ni un \u00ab bobo \u00bb nostalgique des manifs de 1968. Non, le rouge et le noir sont aussi les couleurs du Stade Toulousain qui abrite le [&hellip;]","twitter_image":"http:\/\/www.leblogmoto.com\/images\/3429567_1.jpg","twitter_misc":{"\u00c9crit par":"christian tirat","Dur\u00e9e de lecture estim\u00e9e":"2 minutes"},"schema":{"@context":"https:\/\/schema.org","@graph":[{"@type":"WebPage","@id":"https:\/\/blogs.thesocialmedia.com\/leblogmoto\/2006\/12\/07\/dakar-2007-mich\/","url":"https:\/\/blogs.thesocialmedia.com\/leblogmoto\/2006\/12\/07\/dakar-2007-mich\/","name":"Dakar 2007 : Michel Vayssi\u00e9, le pilote Blog Moto - leblogmoto.com","isPartOf":{"@id":"https:\/\/blogs.thesocialmedia.com\/leblogmoto\/#website"},"primaryImageOfPage":{"@id":"https:\/\/blogs.thesocialmedia.com\/leblogmoto\/2006\/12\/07\/dakar-2007-mich\/#primaryimage"},"image":{"@id":"https:\/\/blogs.thesocialmedia.com\/leblogmoto\/2006\/12\/07\/dakar-2007-mich\/#primaryimage"},"thumbnailUrl":"http:\/\/www.leblogmoto.com\/images\/3429567_1.jpg","datePublished":"2006-12-07T21:27:09+00:00","dateModified":"2012-07-11T14:29:23+00:00","author":{"@id":"https:\/\/blogs.thesocialmedia.com\/leblogmoto\/#\/schema\/person\/90b2f8fd0d5a2cede2580e95fc79c6c0"},"breadcrumb":{"@id":"https:\/\/blogs.thesocialmedia.com\/leblogmoto\/2006\/12\/07\/dakar-2007-mich\/#breadcrumb"},"inLanguage":"fr-FR","potentialAction":[{"@type":"ReadAction","target":["https:\/\/blogs.thesocialmedia.com\/leblogmoto\/2006\/12\/07\/dakar-2007-mich\/"]}]},{"@type":"ImageObject","inLanguage":"fr-FR","@id":"https:\/\/blogs.thesocialmedia.com\/leblogmoto\/2006\/12\/07\/dakar-2007-mich\/#primaryimage","url":"http:\/\/www.leblogmoto.com\/images\/3429567_1.jpg","contentUrl":"http:\/\/www.leblogmoto.com\/images\/3429567_1.jpg"},{"@type":"BreadcrumbList","@id":"https:\/\/blogs.thesocialmedia.com\/leblogmoto\/2006\/12\/07\/dakar-2007-mich\/#breadcrumb","itemListElement":[{"@type":"ListItem","position":1,"name":"Accueil","item":"https:\/\/blogs.thesocialmedia.com\/leblogmoto\/"},{"@type":"ListItem","position":2,"name":"Dakar 2007 : Michel Vayssi\u00e9, le pilote Blog Moto"}]},{"@type":"WebSite","@id":"https:\/\/blogs.thesocialmedia.com\/leblogmoto\/#website","url":"https:\/\/blogs.thesocialmedia.com\/leblogmoto\/","name":"leblogmoto","description":"Toute l&#039;actualit\u00e9 des 2 roues","potentialAction":[{"@type":"SearchAction","target":{"@type":"EntryPoint","urlTemplate":"https:\/\/blogs.thesocialmedia.com\/leblogmoto\/?s={search_term_string}"},"query-input":{"@type":"PropertyValueSpecification","valueRequired":true,"valueName":"search_term_string"}}],"inLanguage":"fr-FR"},{"@type":"Person","@id":"https:\/\/blogs.thesocialmedia.com\/leblogmoto\/#\/schema\/person\/90b2f8fd0d5a2cede2580e95fc79c6c0","name":"christian tirat","image":{"@type":"ImageObject","inLanguage":"fr-FR","@id":"https:\/\/blogs.thesocialmedia.com\/leblogmoto\/#\/schema\/person\/image\/","url":"https:\/\/secure.gravatar.com\/avatar\/?s=96&d=mm&r=g","contentUrl":"https:\/\/secure.gravatar.com\/avatar\/?s=96&d=mm&r=g","caption":"christian tirat"},"url":"https:\/\/blogs.thesocialmedia.com\/leblogmoto\/author\/christian-tirat\/"}]}},"_links":{"self":[{"href":"https:\/\/blogs.thesocialmedia.com\/leblogmoto\/wp-json\/wp\/v2\/posts\/1637","targetHints":{"allow":["GET"]}}],"collection":[{"href":"https:\/\/blogs.thesocialmedia.com\/leblogmoto\/wp-json\/wp\/v2\/posts"}],"about":[{"href":"https:\/\/blogs.thesocialmedia.com\/leblogmoto\/wp-json\/wp\/v2\/types\/post"}],"author":[{"embeddable":true,"href":"https:\/\/blogs.thesocialmedia.com\/leblogmoto\/wp-json\/wp\/v2\/users\/333"}],"replies":[{"embeddable":true,"href":"https:\/\/blogs.thesocialmedia.com\/leblogmoto\/wp-json\/wp\/v2\/comments?post=1637"}],"version-history":[{"count":2,"href":"https:\/\/blogs.thesocialmedia.com\/leblogmoto\/wp-json\/wp\/v2\/posts\/1637\/revisions"}],"predecessor-version":[{"id":7867,"href":"https:\/\/blogs.thesocialmedia.com\/leblogmoto\/wp-json\/wp\/v2\/posts\/1637\/revisions\/7867"}],"wp:attachment":[{"href":"https:\/\/blogs.thesocialmedia.com\/leblogmoto\/wp-json\/wp\/v2\/media?parent=1637"}],"wp:term":[{"taxonomy":"category","embeddable":true,"href":"https:\/\/blogs.thesocialmedia.com\/leblogmoto\/wp-json\/wp\/v2\/categories?post=1637"},{"taxonomy":"post_tag","embeddable":true,"href":"https:\/\/blogs.thesocialmedia.com\/leblogmoto\/wp-json\/wp\/v2\/tags?post=1637"}],"curies":[{"name":"wp","href":"https:\/\/api.w.org\/{rel}","templated":true}]}}