{"id":1638,"date":"2006-12-07T16:28:15","date_gmt":"2006-12-07T16:28:15","guid":{"rendered":"http:\/\/blogs.thesocialmedia.com\/leblogmoto\/2006\/12\/07\/dakar-2007-le-r\/"},"modified":"2012-07-11T14:29:22","modified_gmt":"2012-07-11T14:29:22","slug":"dakar-2007-le-r","status":"publish","type":"post","link":"https:\/\/blogs.thesocialmedia.com\/leblogmoto\/2006\/12\/07\/dakar-2007-le-r\/","title":{"rendered":"Dakar 2007 : le rallye-raid menac\u00e9 ?"},"content":{"rendered":"<p><a href=\"http:\/\/blogs.thesocialmedia.com\/leblogmoto\/files\/2012\/07\/3444798.jpg\"><img loading=\"lazy\" decoding=\"async\" width=\"250\" height=\"167\"  alt=\"3444798\" src=\"http:\/\/www.leblogmoto.com\/images\/3444798.jpg\" style=\"margin: 0px 5px 5px 0px;float: left\" \/><\/a> Selon des sources africaines reprises par le Monde, apr\u00e8s les menaces qui auraient \u00e9t\u00e9 per\u00e7ues par les services secrets fran\u00e7ais de la Direction G\u00e9n\u00e9rale des Services Ext\u00e9rieurs (DGSE), <a href=\"http:\/\/www.dakar.com\/\">l\u2019Euromilho?es Lisboa-Dakar 2007<\/a> dont le d\u00e9part est pr\u00e9vu le 6 janvier \u00e0 Lisbonne (Portugal) pourrait \u00eatre purement et simplement supprim\u00e9, si une modification du trac\u00e9 en Mauritanie et au Mali n\u2019intervenait pas ces jours-ci.<\/p>\n<p><strong>Menaces du Gspc<\/strong><\/p>\n<p>A en croire le Monde, la DGSE aurait alert\u00e9 d\u00e9but novembre par note \u00e9crite, le gouvernement fran\u00e7ais et les organisateurs de la course, mettant en avant la \u00abn\u00e9cessit\u00e9 de corriger le trac\u00e9 du raid\u00bb. Cette note ferait \u00e9tat de menaces sur le rallye du Groupe salafiste pour la pr\u00e9dication et le combat (Gspc). Les services fran\u00e7ais auraient sugg\u00e9r\u00e9 la suppression de <a href=\"http:\/\/www.dakar.com\/2007\/DAK\/presentation\/fr\/r3_5-le-parcours.html\">la boucle N\u00e9ma-Tombouctou-N\u00e9ma<\/a>, entre la Mauritanie et le Mali qui est pr\u00e9vue les 16 et 17 janvier prochains.<\/p>\n<p><strong><a href=\"http:\/\/clabedan.typepad.com\/.shared\/image.html?\/photos\/uncategorized\/3447385_1.jpg\"><img loading=\"lazy\" decoding=\"async\" width=\"250\" height=\"167\"  alt=\"3447385_1\" src=\"http:\/\/www.leblogmoto.com\/images\/3447385_1.jpg\" style=\"margin: 0px 5px 5px 0px;float: left\" \/><\/a> Deux groupes actifs<\/strong><\/p>\n<p> La boucle en cause est magnifique mais elle est situ\u00e9e dans une zone o\u00f9 le Gspc serait actif et tr\u00e8s mobile ; ce n\u2019est pas nouveau. D\u00e9j\u00e0 l\u2019ann\u00e9e derni\u00e8re, sur la base de renseignements \u00e9tablissant la pr\u00e9sence de groupes arm\u00e9s, toujours dans la bande sah\u00e9lo-saharienne, le<span style=\"font-weight: bold\"> Quai d&rsquo;Orsay <\/span>avait demand\u00e9 la suppression de certaines \u00e9tapes ce qui avait n\u00e9cessit\u00e9 la mise en place d\u2019un v\u00e9ritable pont a\u00e9rien. C&rsquo;est pour cette m\u00eame raison que le rallye ne traverse plus le territoire alg\u00e9rien.Selon le site malien <a href=\"http:\/\/www.maliweb.net\/\">Maliweb<\/a> \u00ables services secrets fran\u00e7ais semblent prendre en compte cette ann\u00e9e, \u00e0 la fois, la pr\u00e9sence des membres du Gspc sur le territoire national, mais aussi ceux de l\u2019Alliance des insurg\u00e9s de Kidal, retranch\u00e9s depuis le mois de mai 2006 dans les montagnes de Tegharghat\u00bb. Depuis quelques ann\u00e9es, ce groupe alg\u00e9rien comptant quelque 200 combattants s\u2019est repli\u00e9 au sud de la fronti\u00e8re alg\u00e9ro-malienne. Au-del\u00e0 du Mali, le Gspc se manifeste sur toute la bande sah\u00e9lienne de la Mauritanie au Tchad. Depuis qu\u2019il a pr\u00eat\u00e9 all\u00e9geance \u00e0 Al Qa\u00efda, le Gspc tente de se donner une envergure internationale, afin de justifier sa connexion avec l\u2019organisation de Ben Laden et de frapper <em>&quot;m\u00eame symboliquement&quot;<\/em> la France. Aymane al-Zawahiri, le n\u00b02 d\u2019Al Qa\u00efda avait d\u00e9clar\u00e9 \u00e0 cette occasion que le Gspc serait <em>\u00abl\u2019os dans la gorge des crois\u00e9s am\u00e9ricains et fran\u00e7ais\u00bb<\/em>.&nbsp; <br \/> Le fait est que la vaste bande saharo-sah\u00e9lienne, est abandonn\u00e9e par les gouvernements locaux car difficilement contr\u00f4lable. Elle sert notamment de base arri\u00e8re aux trafiquants ce qui sous-tend une guerre pour le contr\u00f4le des trafics. Constatant que la zone est largement contr\u00f4l\u00e9e par les \u00ab\u00e9mirs du d\u00e9sert\u00bb, <a href=\"http:\/\/www.maliweb.net\/\">Maliweb<\/a> s\u2019interroge : <em>\u00abLe nord du pays serait-il sur le point d\u2019\u00e9chapper au contr\u00f4le de l\u2019Etat malien?\u00bb<\/em>&nbsp; <br \/><strong><br \/>L&rsquo;organisation seraine<\/strong><strong><\/strong><\/p>\n<p>De son c\u00f4t\u00e9, l&rsquo;organisation manifeste une relative s\u00e9r\u00e9nit\u00e9 \u00e0 travers son dernier communiqu\u00e9 que nous vous livrons ici:<br \/> <strong><\/strong><br \/><strong><em>&quot;Les organisateurs en contact avec le minist\u00e8re des affaires \u00e9trang\u00e8res<\/em><\/strong><\/p>\n<div class=\"article\">\n<p class=\"spip\"><em>En r\u00e9ponse \u00e0 une s\u00e9rie d\u2019articles faisant \u00e9tat de menaces pr\u00e9sum\u00e9es sur la s\u00e9curit\u00e9 de l\u2019\u00e9preuve, les organisateurs tiennent \u00e0 pr\u00e9ciser que les informations officielles fournies par le Minist\u00e8re des Affaires \u00e9trang\u00e8res fran\u00e7ais d\u2019une part, et par les autorit\u00e9s des pays concern\u00e9s d\u2019autre part, ne sugg\u00e8rent en aucun cas l\u2019annulation ou la modification d\u2019une ou plusieurs \u00e9tapes.<\/em><\/p>\n<p class=\"spip\"><em>D\u2019une mani\u00e8re g\u00e9n\u00e9rale, le parcours du rallye est soumis pour avis et accord aux administrations comp\u00e9tentes \u00e0 la fois en France et dans les pays concern\u00e9s. Des r\u00e9unions de travail r\u00e9guli\u00e8res avec les responsables des questions de s\u00e9curit\u00e9 internationale permettent aux organisateurs d\u2019avoir une vision claire de la situation et de son \u00e9volution. Selon les informations qui pourraient \u00eatre transmises ult\u00e9rieurement, les mesures appropri\u00e9es seraient naturellement prises pour pr\u00e9server la s\u00e9curit\u00e9 du rallye et des concurrents.&quot;<\/em><\/p>\n<\/p><\/div>\n<p>Il est en tout cas \u00e9vident que la mise en garde des agents du renseignement fran\u00e7ais est prise au s\u00e9rieux par Paris et les organisateurs. C\u2019est la s\u00e9curit\u00e9 du Rallye qui est en jeu et au-del\u00e0 c\u2019est son avenir qui pourrait \u00eatre compromis. <\/p>\n","protected":false},"excerpt":{"rendered":"<p>Selon des sources africaines reprises par le Monde, apr\u00e8s les menaces qui auraient \u00e9t\u00e9 per\u00e7ues par les services secrets fran\u00e7ais de la Direction G\u00e9n\u00e9rale des Services Ext\u00e9rieurs (DGSE), l\u2019Euromilho?es Lisboa-Dakar 2007 dont le d\u00e9part est pr\u00e9vu le 6 janvier \u00e0 Lisbonne (Portugal) pourrait \u00eatre purement et simplement supprim\u00e9, si une modification du trac\u00e9 en Mauritanie [&hellip;]<\/p>\n","protected":false},"author":333,"featured_media":0,"comment_status":"open","ping_status":"open","sticky":false,"template":"","format":"standard","meta":{"footnotes":""},"categories":[59],"tags":[],"class_list":["post-1638","post","type-post","status-publish","format-standard","hentry","category-dakar"],"yoast_head":"<!-- This site is optimized with the Yoast SEO plugin v26.0 - https:\/\/yoast.com\/wordpress\/plugins\/seo\/ -->\n<title>Dakar 2007 : le rallye-raid menac\u00e9 ? - leblogmoto.com<\/title>\n<meta name=\"robots\" content=\"index, follow, max-snippet:-1, max-image-preview:large, max-video-preview:-1\" \/>\n<link rel=\"canonical\" href=\"https:\/\/blogs.thesocialmedia.com\/leblogmoto\/2006\/12\/07\/dakar-2007-le-r\/\" \/>\n<meta name=\"twitter:card\" content=\"summary_large_image\" \/>\n<meta name=\"twitter:title\" content=\"Dakar 2007 : le rallye-raid menac\u00e9 ? - leblogmoto.com\" \/>\n<meta name=\"twitter:description\" content=\"Selon des sources africaines reprises par le Monde, apr\u00e8s les menaces qui auraient \u00e9t\u00e9 per\u00e7ues par les services secrets fran\u00e7ais de la Direction G\u00e9n\u00e9rale des Services Ext\u00e9rieurs (DGSE), l\u2019Euromilho?es Lisboa-Dakar 2007 dont le d\u00e9part est pr\u00e9vu le 6 janvier \u00e0 Lisbonne (Portugal) pourrait \u00eatre purement et simplement supprim\u00e9, si une modification du trac\u00e9 en Mauritanie [&hellip;]\" \/>\n<meta name=\"twitter:image\" content=\"http:\/\/www.leblogmoto.com\/images\/3444798.jpg\" \/>\n<meta name=\"twitter:label1\" content=\"\u00c9crit par\" \/>\n\t<meta name=\"twitter:data1\" content=\"christian tirat\" \/>\n\t<meta name=\"twitter:label2\" content=\"Dur\u00e9e de lecture estim\u00e9e\" \/>\n\t<meta name=\"twitter:data2\" content=\"4 minutes\" \/>\n<script type=\"application\/ld+json\" class=\"yoast-schema-graph\">{\"@context\":\"https:\/\/schema.org\",\"@graph\":[{\"@type\":\"WebPage\",\"@id\":\"https:\/\/blogs.thesocialmedia.com\/leblogmoto\/2006\/12\/07\/dakar-2007-le-r\/\",\"url\":\"https:\/\/blogs.thesocialmedia.com\/leblogmoto\/2006\/12\/07\/dakar-2007-le-r\/\",\"name\":\"Dakar 2007 : le rallye-raid menac\u00e9 ? - leblogmoto.com\",\"isPartOf\":{\"@id\":\"https:\/\/blogs.thesocialmedia.com\/leblogmoto\/#website\"},\"primaryImageOfPage\":{\"@id\":\"https:\/\/blogs.thesocialmedia.com\/leblogmoto\/2006\/12\/07\/dakar-2007-le-r\/#primaryimage\"},\"image\":{\"@id\":\"https:\/\/blogs.thesocialmedia.com\/leblogmoto\/2006\/12\/07\/dakar-2007-le-r\/#primaryimage\"},\"thumbnailUrl\":\"http:\/\/www.leblogmoto.com\/images\/3444798.jpg\",\"datePublished\":\"2006-12-07T16:28:15+00:00\",\"dateModified\":\"2012-07-11T14:29:22+00:00\",\"author\":{\"@id\":\"https:\/\/blogs.thesocialmedia.com\/leblogmoto\/#\/schema\/person\/90b2f8fd0d5a2cede2580e95fc79c6c0\"},\"breadcrumb\":{\"@id\":\"https:\/\/blogs.thesocialmedia.com\/leblogmoto\/2006\/12\/07\/dakar-2007-le-r\/#breadcrumb\"},\"inLanguage\":\"fr-FR\",\"potentialAction\":[{\"@type\":\"ReadAction\",\"target\":[\"https:\/\/blogs.thesocialmedia.com\/leblogmoto\/2006\/12\/07\/dakar-2007-le-r\/\"]}]},{\"@type\":\"ImageObject\",\"inLanguage\":\"fr-FR\",\"@id\":\"https:\/\/blogs.thesocialmedia.com\/leblogmoto\/2006\/12\/07\/dakar-2007-le-r\/#primaryimage\",\"url\":\"http:\/\/www.leblogmoto.com\/images\/3444798.jpg\",\"contentUrl\":\"http:\/\/www.leblogmoto.com\/images\/3444798.jpg\"},{\"@type\":\"BreadcrumbList\",\"@id\":\"https:\/\/blogs.thesocialmedia.com\/leblogmoto\/2006\/12\/07\/dakar-2007-le-r\/#breadcrumb\",\"itemListElement\":[{\"@type\":\"ListItem\",\"position\":1,\"name\":\"Accueil\",\"item\":\"https:\/\/blogs.thesocialmedia.com\/leblogmoto\/\"},{\"@type\":\"ListItem\",\"position\":2,\"name\":\"Dakar 2007 : le rallye-raid menac\u00e9 ?\"}]},{\"@type\":\"WebSite\",\"@id\":\"https:\/\/blogs.thesocialmedia.com\/leblogmoto\/#website\",\"url\":\"https:\/\/blogs.thesocialmedia.com\/leblogmoto\/\",\"name\":\"leblogmoto\",\"description\":\"Toute l&#039;actualit\u00e9 des 2 roues\",\"potentialAction\":[{\"@type\":\"SearchAction\",\"target\":{\"@type\":\"EntryPoint\",\"urlTemplate\":\"https:\/\/blogs.thesocialmedia.com\/leblogmoto\/?s={search_term_string}\"},\"query-input\":{\"@type\":\"PropertyValueSpecification\",\"valueRequired\":true,\"valueName\":\"search_term_string\"}}],\"inLanguage\":\"fr-FR\"},{\"@type\":\"Person\",\"@id\":\"https:\/\/blogs.thesocialmedia.com\/leblogmoto\/#\/schema\/person\/90b2f8fd0d5a2cede2580e95fc79c6c0\",\"name\":\"christian tirat\",\"image\":{\"@type\":\"ImageObject\",\"inLanguage\":\"fr-FR\",\"@id\":\"https:\/\/blogs.thesocialmedia.com\/leblogmoto\/#\/schema\/person\/image\/\",\"url\":\"https:\/\/secure.gravatar.com\/avatar\/?s=96&d=mm&r=g\",\"contentUrl\":\"https:\/\/secure.gravatar.com\/avatar\/?s=96&d=mm&r=g\",\"caption\":\"christian tirat\"},\"url\":\"https:\/\/blogs.thesocialmedia.com\/leblogmoto\/author\/christian-tirat\/\"}]}<\/script>\n<!-- \/ Yoast SEO plugin. -->","yoast_head_json":{"title":"Dakar 2007 : le rallye-raid menac\u00e9 ? - leblogmoto.com","robots":{"index":"index","follow":"follow","max-snippet":"max-snippet:-1","max-image-preview":"max-image-preview:large","max-video-preview":"max-video-preview:-1"},"canonical":"https:\/\/blogs.thesocialmedia.com\/leblogmoto\/2006\/12\/07\/dakar-2007-le-r\/","twitter_card":"summary_large_image","twitter_title":"Dakar 2007 : le rallye-raid menac\u00e9 ? - leblogmoto.com","twitter_description":"Selon des sources africaines reprises par le Monde, apr\u00e8s les menaces qui auraient \u00e9t\u00e9 per\u00e7ues par les services secrets fran\u00e7ais de la Direction G\u00e9n\u00e9rale des Services Ext\u00e9rieurs (DGSE), l\u2019Euromilho?es Lisboa-Dakar 2007 dont le d\u00e9part est pr\u00e9vu le 6 janvier \u00e0 Lisbonne (Portugal) pourrait \u00eatre purement et simplement supprim\u00e9, si une modification du trac\u00e9 en Mauritanie [&hellip;]","twitter_image":"http:\/\/www.leblogmoto.com\/images\/3444798.jpg","twitter_misc":{"\u00c9crit par":"christian tirat","Dur\u00e9e de lecture estim\u00e9e":"4 minutes"},"schema":{"@context":"https:\/\/schema.org","@graph":[{"@type":"WebPage","@id":"https:\/\/blogs.thesocialmedia.com\/leblogmoto\/2006\/12\/07\/dakar-2007-le-r\/","url":"https:\/\/blogs.thesocialmedia.com\/leblogmoto\/2006\/12\/07\/dakar-2007-le-r\/","name":"Dakar 2007 : le rallye-raid menac\u00e9 ? - leblogmoto.com","isPartOf":{"@id":"https:\/\/blogs.thesocialmedia.com\/leblogmoto\/#website"},"primaryImageOfPage":{"@id":"https:\/\/blogs.thesocialmedia.com\/leblogmoto\/2006\/12\/07\/dakar-2007-le-r\/#primaryimage"},"image":{"@id":"https:\/\/blogs.thesocialmedia.com\/leblogmoto\/2006\/12\/07\/dakar-2007-le-r\/#primaryimage"},"thumbnailUrl":"http:\/\/www.leblogmoto.com\/images\/3444798.jpg","datePublished":"2006-12-07T16:28:15+00:00","dateModified":"2012-07-11T14:29:22+00:00","author":{"@id":"https:\/\/blogs.thesocialmedia.com\/leblogmoto\/#\/schema\/person\/90b2f8fd0d5a2cede2580e95fc79c6c0"},"breadcrumb":{"@id":"https:\/\/blogs.thesocialmedia.com\/leblogmoto\/2006\/12\/07\/dakar-2007-le-r\/#breadcrumb"},"inLanguage":"fr-FR","potentialAction":[{"@type":"ReadAction","target":["https:\/\/blogs.thesocialmedia.com\/leblogmoto\/2006\/12\/07\/dakar-2007-le-r\/"]}]},{"@type":"ImageObject","inLanguage":"fr-FR","@id":"https:\/\/blogs.thesocialmedia.com\/leblogmoto\/2006\/12\/07\/dakar-2007-le-r\/#primaryimage","url":"http:\/\/www.leblogmoto.com\/images\/3444798.jpg","contentUrl":"http:\/\/www.leblogmoto.com\/images\/3444798.jpg"},{"@type":"BreadcrumbList","@id":"https:\/\/blogs.thesocialmedia.com\/leblogmoto\/2006\/12\/07\/dakar-2007-le-r\/#breadcrumb","itemListElement":[{"@type":"ListItem","position":1,"name":"Accueil","item":"https:\/\/blogs.thesocialmedia.com\/leblogmoto\/"},{"@type":"ListItem","position":2,"name":"Dakar 2007 : le rallye-raid menac\u00e9 ?"}]},{"@type":"WebSite","@id":"https:\/\/blogs.thesocialmedia.com\/leblogmoto\/#website","url":"https:\/\/blogs.thesocialmedia.com\/leblogmoto\/","name":"leblogmoto","description":"Toute l&#039;actualit\u00e9 des 2 roues","potentialAction":[{"@type":"SearchAction","target":{"@type":"EntryPoint","urlTemplate":"https:\/\/blogs.thesocialmedia.com\/leblogmoto\/?s={search_term_string}"},"query-input":{"@type":"PropertyValueSpecification","valueRequired":true,"valueName":"search_term_string"}}],"inLanguage":"fr-FR"},{"@type":"Person","@id":"https:\/\/blogs.thesocialmedia.com\/leblogmoto\/#\/schema\/person\/90b2f8fd0d5a2cede2580e95fc79c6c0","name":"christian tirat","image":{"@type":"ImageObject","inLanguage":"fr-FR","@id":"https:\/\/blogs.thesocialmedia.com\/leblogmoto\/#\/schema\/person\/image\/","url":"https:\/\/secure.gravatar.com\/avatar\/?s=96&d=mm&r=g","contentUrl":"https:\/\/secure.gravatar.com\/avatar\/?s=96&d=mm&r=g","caption":"christian tirat"},"url":"https:\/\/blogs.thesocialmedia.com\/leblogmoto\/author\/christian-tirat\/"}]}},"_links":{"self":[{"href":"https:\/\/blogs.thesocialmedia.com\/leblogmoto\/wp-json\/wp\/v2\/posts\/1638","targetHints":{"allow":["GET"]}}],"collection":[{"href":"https:\/\/blogs.thesocialmedia.com\/leblogmoto\/wp-json\/wp\/v2\/posts"}],"about":[{"href":"https:\/\/blogs.thesocialmedia.com\/leblogmoto\/wp-json\/wp\/v2\/types\/post"}],"author":[{"embeddable":true,"href":"https:\/\/blogs.thesocialmedia.com\/leblogmoto\/wp-json\/wp\/v2\/users\/333"}],"replies":[{"embeddable":true,"href":"https:\/\/blogs.thesocialmedia.com\/leblogmoto\/wp-json\/wp\/v2\/comments?post=1638"}],"version-history":[{"count":2,"href":"https:\/\/blogs.thesocialmedia.com\/leblogmoto\/wp-json\/wp\/v2\/posts\/1638\/revisions"}],"predecessor-version":[{"id":7865,"href":"https:\/\/blogs.thesocialmedia.com\/leblogmoto\/wp-json\/wp\/v2\/posts\/1638\/revisions\/7865"}],"wp:attachment":[{"href":"https:\/\/blogs.thesocialmedia.com\/leblogmoto\/wp-json\/wp\/v2\/media?parent=1638"}],"wp:term":[{"taxonomy":"category","embeddable":true,"href":"https:\/\/blogs.thesocialmedia.com\/leblogmoto\/wp-json\/wp\/v2\/categories?post=1638"},{"taxonomy":"post_tag","embeddable":true,"href":"https:\/\/blogs.thesocialmedia.com\/leblogmoto\/wp-json\/wp\/v2\/tags?post=1638"}],"curies":[{"name":"wp","href":"https:\/\/api.w.org\/{rel}","templated":true}]}}