{"id":1639,"date":"2006-12-07T11:34:05","date_gmt":"2006-12-07T11:34:05","guid":{"rendered":"http:\/\/blogs.thesocialmedia.com\/leblogmoto\/2006\/12\/07\/toulouse-la-mot\/"},"modified":"2012-07-11T14:29:21","modified_gmt":"2012-07-11T14:29:21","slug":"toulouse-la-mot","status":"publish","type":"post","link":"https:\/\/blogs.thesocialmedia.com\/leblogmoto\/2006\/12\/07\/toulouse-la-mot\/","title":{"rendered":"Toulouse : la moto cr\u00e9e 60 emplois"},"content":{"rendered":"<p><a href=\"http:\/\/blogs.thesocialmedia.com\/leblogmoto\/files\/2012\/07\/complex3.jpg\"><img loading=\"lazy\" decoding=\"async\" width=\"250\" height=\"64\"  src=\"http:\/\/www.leblogmoto.com\/images\/complex3.jpg\" alt=\"Complex3\" style=\"margin: 0px 5px 5px 0px;float: left\" \/><\/a> Alors que Toulouse, meurtrie par la catastrophe d\u2019AZF a perdu des milliers d\u2019emplois, que le fiasco (passager ?) de l\u2019Airbus A380 en co\u00fbte au moins autant, le monde de la moto toulousaine, embauche.<\/p>\n<p>A l\u2019initiative de la famille Ginesta et de Jo\u00ebl Grazide, les sympathiques animateurs de <a href=\"http:\/\/www.yamservice.com\/\">Yam Service Blagnac<\/a> et concessionnaires historiques de la marque <a href=\"http:\/\/www.yamaha-motor.fr\/index.jsp\">Yamaha<\/a> en banlieue toulousaine, un <a href=\"http:\/\/www.yamservice.com\/complex.html\">\u00ab P\u00f4le Moto \u00bb<\/a> est en construction au nord-ouest de Toulouse, \u00e0 deux pas du <a href=\"http:\/\/www.stadetoulousain.fr\/\">Stade Toulousain<\/a> tant aim\u00e9 des amateurs de rugby.<\/p>\n<p><a href=\"http:\/\/clabedan.typepad.com\/.shared\/image.html?\/photos\/uncategorized\/img2.jpg\"><img loading=\"lazy\" decoding=\"async\" width=\"250\" height=\"120\"  src=\"http:\/\/www.leblogmoto.com\/images\/img2.jpg\" alt=\"Img2\" style=\"margin: 0px 5px 5px 0px;float: left\" \/><\/a> Excellente id\u00e9e consistant a regrouper sur un m\u00eame site la <a href=\"http:\/\/www.amdm.fr\/internet2005\/\">Mutuelle des Motards<\/a>, une <a href=\"http:\/\/www.ecf.asso.fr\/\">moto-\u00e9cole<\/a>, un restaurant avec grand \u00e9cran pour la retransmission des comp\u00e9titions, et bien entendu des surfaces commerciales repr\u00e9sentant <a href=\"http:\/\/moto.honda.fr\/hm\/index.php\">Honda<\/a>, <a href=\"http:\/\/www.kawasaki.fr\/\">Kawasaki<\/a>, <a href=\"http:\/\/www.ktmcycles.com\/\">KTM<\/a>, <a href=\"http:\/\/www.motoguzzi.fr\/new\/\">Moto Guzzi<\/a>, <a href=\"http:\/\/www.yamaha-motor.fr\/index.jsp\">Yamaha<\/a>, <a href=\"http:\/\/www.voxan.com\/voxan\/\">Voxan<\/a> ainsi que&nbsp; <a href=\"http:\/\/www.maxxess-occasions.com\/\">Maxxess<\/a> le sp\u00e9cialiste de l&rsquo;occasion, d\u00e9j\u00e0 implant\u00e9 \u00e0 Bordeaux, Caen, Clermont-Ferrand,Lyon et Reims .<\/p>\n<p> Le p\u00f4le <a href=\"http:\/\/www.yamservice.com\/complex.html\">\u00ab Univers Moto \u00bb<\/a>, tel est son nom, repr\u00e9sente un investissement de 4,5 millions d\u2019Euros. B\u00e2ti sur un terrain de 1,5 hectare, il offrira 6.000m2 de surface commerciale couverte o\u00f9 seront employ\u00e9es soixante personnes.<br \/> L\u2019inauguration est pr\u00e9vue en f\u00e9vrier 2007.<br \/><a href=\"http:\/\/www.yamservice.com\/complex.html\"> \u00ab Univers Moto \u00bb<\/a>, 6, rue Louis Bonin, 31200 Toulouse<\/p>\n","protected":false},"excerpt":{"rendered":"<p>Alors que Toulouse, meurtrie par la catastrophe d\u2019AZF a perdu des milliers d\u2019emplois, que le fiasco (passager ?) de l\u2019Airbus A380 en co\u00fbte au moins autant, le monde de la moto toulousaine, embauche. A l\u2019initiative de la famille Ginesta et de Jo\u00ebl Grazide, les sympathiques animateurs de Yam Service Blagnac et concessionnaires historiques de la [&hellip;]<\/p>\n","protected":false},"author":333,"featured_media":0,"comment_status":"open","ping_status":"open","sticky":false,"template":"","format":"standard","meta":{"footnotes":""},"categories":[3],"tags":[],"class_list":["post-1639","post","type-post","status-publish","format-standard","hentry","category-actualite"],"yoast_head":"<!-- This site is optimized with the Yoast SEO plugin v26.0 - https:\/\/yoast.com\/wordpress\/plugins\/seo\/ -->\n<title>Toulouse : la moto cr\u00e9e 60 emplois - leblogmoto.com<\/title>\n<meta name=\"robots\" content=\"index, follow, max-snippet:-1, max-image-preview:large, max-video-preview:-1\" \/>\n<link rel=\"canonical\" href=\"https:\/\/blogs.thesocialmedia.com\/leblogmoto\/2006\/12\/07\/toulouse-la-mot\/\" \/>\n<meta name=\"twitter:card\" content=\"summary_large_image\" \/>\n<meta name=\"twitter:title\" content=\"Toulouse : la moto cr\u00e9e 60 emplois - leblogmoto.com\" \/>\n<meta name=\"twitter:description\" content=\"Alors que Toulouse, meurtrie par la catastrophe d\u2019AZF a perdu des milliers d\u2019emplois, que le fiasco (passager ?) de l\u2019Airbus A380 en co\u00fbte au moins autant, le monde de la moto toulousaine, embauche. A l\u2019initiative de la famille Ginesta et de Jo\u00ebl Grazide, les sympathiques animateurs de Yam Service Blagnac et concessionnaires historiques de la [&hellip;]\" \/>\n<meta name=\"twitter:image\" content=\"http:\/\/www.leblogmoto.com\/images\/complex3.jpg\" \/>\n<meta name=\"twitter:label1\" content=\"\u00c9crit par\" \/>\n\t<meta name=\"twitter:data1\" content=\"christian tirat\" \/>\n\t<meta name=\"twitter:label2\" content=\"Dur\u00e9e de lecture estim\u00e9e\" \/>\n\t<meta name=\"twitter:data2\" content=\"1 minute\" \/>\n<script type=\"application\/ld+json\" class=\"yoast-schema-graph\">{\"@context\":\"https:\/\/schema.org\",\"@graph\":[{\"@type\":\"WebPage\",\"@id\":\"https:\/\/blogs.thesocialmedia.com\/leblogmoto\/2006\/12\/07\/toulouse-la-mot\/\",\"url\":\"https:\/\/blogs.thesocialmedia.com\/leblogmoto\/2006\/12\/07\/toulouse-la-mot\/\",\"name\":\"Toulouse : la moto cr\u00e9e 60 emplois - leblogmoto.com\",\"isPartOf\":{\"@id\":\"https:\/\/blogs.thesocialmedia.com\/leblogmoto\/#website\"},\"primaryImageOfPage\":{\"@id\":\"https:\/\/blogs.thesocialmedia.com\/leblogmoto\/2006\/12\/07\/toulouse-la-mot\/#primaryimage\"},\"image\":{\"@id\":\"https:\/\/blogs.thesocialmedia.com\/leblogmoto\/2006\/12\/07\/toulouse-la-mot\/#primaryimage\"},\"thumbnailUrl\":\"http:\/\/www.leblogmoto.com\/images\/complex3.jpg\",\"datePublished\":\"2006-12-07T11:34:05+00:00\",\"dateModified\":\"2012-07-11T14:29:21+00:00\",\"author\":{\"@id\":\"https:\/\/blogs.thesocialmedia.com\/leblogmoto\/#\/schema\/person\/90b2f8fd0d5a2cede2580e95fc79c6c0\"},\"breadcrumb\":{\"@id\":\"https:\/\/blogs.thesocialmedia.com\/leblogmoto\/2006\/12\/07\/toulouse-la-mot\/#breadcrumb\"},\"inLanguage\":\"fr-FR\",\"potentialAction\":[{\"@type\":\"ReadAction\",\"target\":[\"https:\/\/blogs.thesocialmedia.com\/leblogmoto\/2006\/12\/07\/toulouse-la-mot\/\"]}]},{\"@type\":\"ImageObject\",\"inLanguage\":\"fr-FR\",\"@id\":\"https:\/\/blogs.thesocialmedia.com\/leblogmoto\/2006\/12\/07\/toulouse-la-mot\/#primaryimage\",\"url\":\"http:\/\/www.leblogmoto.com\/images\/complex3.jpg\",\"contentUrl\":\"http:\/\/www.leblogmoto.com\/images\/complex3.jpg\"},{\"@type\":\"BreadcrumbList\",\"@id\":\"https:\/\/blogs.thesocialmedia.com\/leblogmoto\/2006\/12\/07\/toulouse-la-mot\/#breadcrumb\",\"itemListElement\":[{\"@type\":\"ListItem\",\"position\":1,\"name\":\"Accueil\",\"item\":\"https:\/\/blogs.thesocialmedia.com\/leblogmoto\/\"},{\"@type\":\"ListItem\",\"position\":2,\"name\":\"Toulouse : la moto cr\u00e9e 60 emplois\"}]},{\"@type\":\"WebSite\",\"@id\":\"https:\/\/blogs.thesocialmedia.com\/leblogmoto\/#website\",\"url\":\"https:\/\/blogs.thesocialmedia.com\/leblogmoto\/\",\"name\":\"leblogmoto\",\"description\":\"Toute l&#039;actualit\u00e9 des 2 roues\",\"potentialAction\":[{\"@type\":\"SearchAction\",\"target\":{\"@type\":\"EntryPoint\",\"urlTemplate\":\"https:\/\/blogs.thesocialmedia.com\/leblogmoto\/?s={search_term_string}\"},\"query-input\":{\"@type\":\"PropertyValueSpecification\",\"valueRequired\":true,\"valueName\":\"search_term_string\"}}],\"inLanguage\":\"fr-FR\"},{\"@type\":\"Person\",\"@id\":\"https:\/\/blogs.thesocialmedia.com\/leblogmoto\/#\/schema\/person\/90b2f8fd0d5a2cede2580e95fc79c6c0\",\"name\":\"christian tirat\",\"image\":{\"@type\":\"ImageObject\",\"inLanguage\":\"fr-FR\",\"@id\":\"https:\/\/blogs.thesocialmedia.com\/leblogmoto\/#\/schema\/person\/image\/\",\"url\":\"https:\/\/secure.gravatar.com\/avatar\/?s=96&d=mm&r=g\",\"contentUrl\":\"https:\/\/secure.gravatar.com\/avatar\/?s=96&d=mm&r=g\",\"caption\":\"christian tirat\"},\"url\":\"https:\/\/blogs.thesocialmedia.com\/leblogmoto\/author\/christian-tirat\/\"}]}<\/script>\n<!-- \/ Yoast SEO plugin. -->","yoast_head_json":{"title":"Toulouse : la moto cr\u00e9e 60 emplois - leblogmoto.com","robots":{"index":"index","follow":"follow","max-snippet":"max-snippet:-1","max-image-preview":"max-image-preview:large","max-video-preview":"max-video-preview:-1"},"canonical":"https:\/\/blogs.thesocialmedia.com\/leblogmoto\/2006\/12\/07\/toulouse-la-mot\/","twitter_card":"summary_large_image","twitter_title":"Toulouse : la moto cr\u00e9e 60 emplois - leblogmoto.com","twitter_description":"Alors que Toulouse, meurtrie par la catastrophe d\u2019AZF a perdu des milliers d\u2019emplois, que le fiasco (passager ?) de l\u2019Airbus A380 en co\u00fbte au moins autant, le monde de la moto toulousaine, embauche. A l\u2019initiative de la famille Ginesta et de Jo\u00ebl Grazide, les sympathiques animateurs de Yam Service Blagnac et concessionnaires historiques de la [&hellip;]","twitter_image":"http:\/\/www.leblogmoto.com\/images\/complex3.jpg","twitter_misc":{"\u00c9crit par":"christian tirat","Dur\u00e9e de lecture estim\u00e9e":"1 minute"},"schema":{"@context":"https:\/\/schema.org","@graph":[{"@type":"WebPage","@id":"https:\/\/blogs.thesocialmedia.com\/leblogmoto\/2006\/12\/07\/toulouse-la-mot\/","url":"https:\/\/blogs.thesocialmedia.com\/leblogmoto\/2006\/12\/07\/toulouse-la-mot\/","name":"Toulouse : la moto cr\u00e9e 60 emplois - leblogmoto.com","isPartOf":{"@id":"https:\/\/blogs.thesocialmedia.com\/leblogmoto\/#website"},"primaryImageOfPage":{"@id":"https:\/\/blogs.thesocialmedia.com\/leblogmoto\/2006\/12\/07\/toulouse-la-mot\/#primaryimage"},"image":{"@id":"https:\/\/blogs.thesocialmedia.com\/leblogmoto\/2006\/12\/07\/toulouse-la-mot\/#primaryimage"},"thumbnailUrl":"http:\/\/www.leblogmoto.com\/images\/complex3.jpg","datePublished":"2006-12-07T11:34:05+00:00","dateModified":"2012-07-11T14:29:21+00:00","author":{"@id":"https:\/\/blogs.thesocialmedia.com\/leblogmoto\/#\/schema\/person\/90b2f8fd0d5a2cede2580e95fc79c6c0"},"breadcrumb":{"@id":"https:\/\/blogs.thesocialmedia.com\/leblogmoto\/2006\/12\/07\/toulouse-la-mot\/#breadcrumb"},"inLanguage":"fr-FR","potentialAction":[{"@type":"ReadAction","target":["https:\/\/blogs.thesocialmedia.com\/leblogmoto\/2006\/12\/07\/toulouse-la-mot\/"]}]},{"@type":"ImageObject","inLanguage":"fr-FR","@id":"https:\/\/blogs.thesocialmedia.com\/leblogmoto\/2006\/12\/07\/toulouse-la-mot\/#primaryimage","url":"http:\/\/www.leblogmoto.com\/images\/complex3.jpg","contentUrl":"http:\/\/www.leblogmoto.com\/images\/complex3.jpg"},{"@type":"BreadcrumbList","@id":"https:\/\/blogs.thesocialmedia.com\/leblogmoto\/2006\/12\/07\/toulouse-la-mot\/#breadcrumb","itemListElement":[{"@type":"ListItem","position":1,"name":"Accueil","item":"https:\/\/blogs.thesocialmedia.com\/leblogmoto\/"},{"@type":"ListItem","position":2,"name":"Toulouse : la moto cr\u00e9e 60 emplois"}]},{"@type":"WebSite","@id":"https:\/\/blogs.thesocialmedia.com\/leblogmoto\/#website","url":"https:\/\/blogs.thesocialmedia.com\/leblogmoto\/","name":"leblogmoto","description":"Toute l&#039;actualit\u00e9 des 2 roues","potentialAction":[{"@type":"SearchAction","target":{"@type":"EntryPoint","urlTemplate":"https:\/\/blogs.thesocialmedia.com\/leblogmoto\/?s={search_term_string}"},"query-input":{"@type":"PropertyValueSpecification","valueRequired":true,"valueName":"search_term_string"}}],"inLanguage":"fr-FR"},{"@type":"Person","@id":"https:\/\/blogs.thesocialmedia.com\/leblogmoto\/#\/schema\/person\/90b2f8fd0d5a2cede2580e95fc79c6c0","name":"christian tirat","image":{"@type":"ImageObject","inLanguage":"fr-FR","@id":"https:\/\/blogs.thesocialmedia.com\/leblogmoto\/#\/schema\/person\/image\/","url":"https:\/\/secure.gravatar.com\/avatar\/?s=96&d=mm&r=g","contentUrl":"https:\/\/secure.gravatar.com\/avatar\/?s=96&d=mm&r=g","caption":"christian tirat"},"url":"https:\/\/blogs.thesocialmedia.com\/leblogmoto\/author\/christian-tirat\/"}]}},"_links":{"self":[{"href":"https:\/\/blogs.thesocialmedia.com\/leblogmoto\/wp-json\/wp\/v2\/posts\/1639","targetHints":{"allow":["GET"]}}],"collection":[{"href":"https:\/\/blogs.thesocialmedia.com\/leblogmoto\/wp-json\/wp\/v2\/posts"}],"about":[{"href":"https:\/\/blogs.thesocialmedia.com\/leblogmoto\/wp-json\/wp\/v2\/types\/post"}],"author":[{"embeddable":true,"href":"https:\/\/blogs.thesocialmedia.com\/leblogmoto\/wp-json\/wp\/v2\/users\/333"}],"replies":[{"embeddable":true,"href":"https:\/\/blogs.thesocialmedia.com\/leblogmoto\/wp-json\/wp\/v2\/comments?post=1639"}],"version-history":[{"count":2,"href":"https:\/\/blogs.thesocialmedia.com\/leblogmoto\/wp-json\/wp\/v2\/posts\/1639\/revisions"}],"predecessor-version":[{"id":7863,"href":"https:\/\/blogs.thesocialmedia.com\/leblogmoto\/wp-json\/wp\/v2\/posts\/1639\/revisions\/7863"}],"wp:attachment":[{"href":"https:\/\/blogs.thesocialmedia.com\/leblogmoto\/wp-json\/wp\/v2\/media?parent=1639"}],"wp:term":[{"taxonomy":"category","embeddable":true,"href":"https:\/\/blogs.thesocialmedia.com\/leblogmoto\/wp-json\/wp\/v2\/categories?post=1639"},{"taxonomy":"post_tag","embeddable":true,"href":"https:\/\/blogs.thesocialmedia.com\/leblogmoto\/wp-json\/wp\/v2\/tags?post=1639"}],"curies":[{"name":"wp","href":"https:\/\/api.w.org\/{rel}","templated":true}]}}