{"id":164,"date":"2009-05-01T14:58:24","date_gmt":"2009-05-01T14:58:24","guid":{"rendered":"http:\/\/blogs.thesocialmedia.com\/leblogmoto\/2009\/05\/01\/album-du-vendredi-films-de-saison\/"},"modified":"2012-07-11T17:22:55","modified_gmt":"2012-07-11T17:22:55","slug":"album-du-vendredi-films-de-saison","status":"publish","type":"post","link":"https:\/\/blogs.thesocialmedia.com\/leblogmoto\/2009\/05\/01\/album-du-vendredi-films-de-saison\/","title":{"rendered":"Album du vendredi &#8211; Films de saison"},"content":{"rendered":"<p><a href=\"http:\/\/blogs.thesocialmedia.com\/leblogmoto\/files\/2012\/07\/6a00d83451b18369e201157063563a970b-popup.png\"><img decoding=\"async\" alt=\"Vend01\" class=\"at-xid-6a00d83451b18369e201157063563a970b \" src=\"http:\/\/blogs.thesocialmedia.com\/leblogmoto\/files\/2012\/07\/6a00d83451b18369e201157063563a970b-500wi.jpg\" style=\"width: 470px\" \/><\/a> <\/p>\n<p>Avec la sortie en salle du dernier X-Men \u00ab<a href=\"http:\/\/www.x-menorigins.com\/\">X-Men Origins Wolverine<\/a>\u00bb, et l&#039;autre toute proche de \u00ab<a href=\"http:\/\/www.transformersmovie.com\/\">Transformers: Revenge of the Fallen<\/a>\u00bb, c&#039;est le moment, parce qu&#039;apr\u00e8s il sera trop tard et ces deux films n&#039;int\u00e9resseront plus personne, trop de sucre c&#039;est comme pas assez, c&#039;est le moment donc d&#039;y jeter un dernier coup d&#039;oeil.<br \/>Et parce que ce qu&#039;il y a de mieux dans la s\u00e9rie des Transformers, sauf peut-\u00eatre si vous avez moins de 8 ans, et encore, est Megan Fox, alors on va braquer le projecteur en sa direction. Vous remarquerez l&#039;image o\u00f9 elle verse une larme, quelle \u00e9motion! Si elle ne remporte pas un Oscar pour ce film, c&#039;est que le syst\u00e8me est pourri&#8230; ou le contraire. Allez donc savoir avec Hollywood. Bon cin\u00e9ma cet \u00e9t\u00e9.<\/p>\n<p><a href=\"http:\/\/clabedan.typepad.com\/.a\/6a00d83451b18369e201156f6d11a4970c-popup\"><img decoding=\"async\" alt=\"Vend02\" class=\"at-xid-6a00d83451b18369e201156f6d11a4970c \" src=\"http:\/\/blogs.thesocialmedia.com\/leblogmoto\/files\/2012\/07\/6a00d83451b18369e201156f6d11a4970c-500wi.jpg\" style=\"width: 470px\" \/><\/a> <\/p>\n<p><a href=\"http:\/\/blogs.thesocialmedia.com\/leblogmoto\/files\/2012\/07\/6a00d83451b18369e201156f6d118a970c-popup.png\"><img decoding=\"async\" alt=\"Vend03\" class=\"at-xid-6a00d83451b18369e201156f6d118a970c \" src=\"http:\/\/blogs.thesocialmedia.com\/leblogmoto\/files\/2012\/07\/6a00d83451b18369e201156f6d118a970c-500wi.jpg\" style=\"width: 470px\" \/><\/a> <\/p>\n<p><a href=\"http:\/\/blogs.thesocialmedia.com\/leblogmoto\/files\/2012\/07\/6a00d83451b18369e20115706357b1970b-popup.png\"><img decoding=\"async\" alt=\"Vend04\" class=\"at-xid-6a00d83451b18369e20115706357b1970b \" src=\"http:\/\/blogs.thesocialmedia.com\/leblogmoto\/files\/2012\/07\/6a00d83451b18369e20115706357b1970b-500wi.jpg\" style=\"width: 470px\" \/><\/a> <\/p>\n<p><a href=\"http:\/\/blogs.thesocialmedia.com\/leblogmoto\/files\/2012\/07\/6a00d83451b18369e2011570635784970b-popup.png\"><img decoding=\"async\" alt=\"Vend05\" class=\"at-xid-6a00d83451b18369e2011570635784970b \" src=\"http:\/\/blogs.thesocialmedia.com\/leblogmoto\/files\/2012\/07\/6a00d83451b18369e2011570635784970b-500wi.jpg\" style=\"width: 470px\" \/><\/a> <\/p>\n<p><a href=\"http:\/\/blogs.thesocialmedia.com\/leblogmoto\/files\/2012\/07\/6a00d83451b18369e201156f6d1105970c-popup.png\"><img decoding=\"async\" alt=\"Vend06\" class=\"at-xid-6a00d83451b18369e201156f6d1105970c \" src=\"http:\/\/blogs.thesocialmedia.com\/leblogmoto\/files\/2012\/07\/6a00d83451b18369e201156f6d1105970c-500wi.jpg\" style=\"width: 470px\" \/><\/a> <\/p>\n<p><a href=\"http:\/\/blogs.thesocialmedia.com\/leblogmoto\/files\/2012\/07\/6a00d83451b18369e2011570635736970b-popup.png\"><img decoding=\"async\" alt=\"Vend07\" class=\"at-xid-6a00d83451b18369e2011570635736970b \" src=\"http:\/\/blogs.thesocialmedia.com\/leblogmoto\/files\/2012\/07\/6a00d83451b18369e2011570635736970b-500wi.jpg\" style=\"width: 470px\" \/><\/a> <\/p>\n<p><a href=\"http:\/\/blogs.thesocialmedia.com\/leblogmoto\/files\/2012\/07\/6a00d83451b18369e201156f6d109c970c-popup.png\"><img decoding=\"async\" alt=\"Vend08\" class=\"at-xid-6a00d83451b18369e201156f6d109c970c \" src=\"http:\/\/blogs.thesocialmedia.com\/leblogmoto\/files\/2012\/07\/6a00d83451b18369e201156f6d109c970c-500wi.jpg\" style=\"width: 470px\" \/><\/a> <\/p>\n<p><a href=\"http:\/\/blogs.thesocialmedia.com\/leblogmoto\/files\/2012\/07\/6a00d83451b18369e20115706356d6970b-popup.png\"><img decoding=\"async\" alt=\"Vend09\" class=\"at-xid-6a00d83451b18369e20115706356d6970b \" src=\"http:\/\/blogs.thesocialmedia.com\/leblogmoto\/files\/2012\/07\/6a00d83451b18369e20115706356d6970b-500wi.jpg\" style=\"width: 470px\" \/><\/a> <\/p>\n<p><a href=\"http:\/\/blogs.thesocialmedia.com\/leblogmoto\/files\/2012\/07\/6a00d83451b18369e201157063569e970b-popup.png\"><img decoding=\"async\" alt=\"Vend10\" class=\"at-xid-6a00d83451b18369e201157063569e970b \" src=\"http:\/\/blogs.thesocialmedia.com\/leblogmoto\/files\/2012\/07\/6a00d83451b18369e201157063569e970b-500wi.jpg\" style=\"width: 470px\" \/><\/a> <\/p>\n<p><a href=\"http:\/\/blogs.thesocialmedia.com\/leblogmoto\/files\/2012\/07\/6a00d83451b18369e201156f6d1034970c-popup.png\"><img decoding=\"async\" alt=\"Vend11\" class=\"at-xid-6a00d83451b18369e201156f6d1034970c \" src=\"http:\/\/blogs.thesocialmedia.com\/leblogmoto\/files\/2012\/07\/6a00d83451b18369e201156f6d1034970c-500wi.jpg\" style=\"width: 470px\" \/><\/a> <\/p>\n<p><a href=\"http:\/\/blogs.thesocialmedia.com\/leblogmoto\/files\/2012\/07\/6a00d83451b18369e201156f6d0fda970c-popup.png\"><img decoding=\"async\" alt=\"Vend12\" class=\"at-xid-6a00d83451b18369e201156f6d0fda970c \" src=\"http:\/\/blogs.thesocialmedia.com\/leblogmoto\/files\/2012\/07\/6a00d83451b18369e201156f6d0fda970c-500wi.jpg\" style=\"width: 470px\" \/><\/a> <\/p>\n","protected":false},"excerpt":{"rendered":"<p>Avec la sortie en salle du dernier X-Men \u00abX-Men Origins Wolverine\u00bb, et l&#039;autre toute proche de \u00abTransformers: Revenge of the Fallen\u00bb, c&#039;est le moment, parce qu&#039;apr\u00e8s il sera trop tard et ces deux films n&#039;int\u00e9resseront plus personne, trop de sucre c&#039;est comme pas assez, c&#039;est le moment donc d&#039;y jeter un dernier coup d&#039;oeil.Et parce [&hellip;]<\/p>\n","protected":false},"author":325,"featured_media":13418,"comment_status":"open","ping_status":"open","sticky":false,"template":"","format":"standard","meta":{"footnotes":""},"categories":[3,28,17],"tags":[],"class_list":["post-164","post","type-post","status-publish","format-standard","has-post-thumbnail","hentry","category-actualite","category-cinema","category-divers"],"yoast_head":"<!-- This site is optimized with the Yoast SEO plugin v26.0 - https:\/\/yoast.com\/wordpress\/plugins\/seo\/ -->\n<title>Album du vendredi - Films de saison - leblogmoto.com<\/title>\n<meta name=\"robots\" content=\"index, follow, max-snippet:-1, max-image-preview:large, max-video-preview:-1\" \/>\n<link rel=\"canonical\" href=\"https:\/\/blogs.thesocialmedia.com\/leblogmoto\/2009\/05\/01\/album-du-vendredi-films-de-saison\/\" \/>\n<meta name=\"twitter:card\" content=\"summary_large_image\" \/>\n<meta name=\"twitter:title\" content=\"Album du vendredi - Films de saison - leblogmoto.com\" \/>\n<meta name=\"twitter:description\" content=\"Avec la sortie en salle du dernier X-Men \u00abX-Men Origins Wolverine\u00bb, et l&#039;autre toute proche de \u00abTransformers: Revenge of the Fallen\u00bb, c&#039;est le moment, parce qu&#039;apr\u00e8s il sera trop tard et ces deux films n&#039;int\u00e9resseront plus personne, trop de sucre c&#039;est comme pas assez, c&#039;est le moment donc d&#039;y jeter un dernier coup d&#039;oeil.Et parce [&hellip;]\" \/>\n<meta name=\"twitter:image\" content=\"https:\/\/blogs.thesocialmedia.com\/leblogmoto\/files\/2012\/07\/6a00d83451b18369e201157063563a970b-500wi.jpg\" \/>\n<meta name=\"twitter:label1\" content=\"\u00c9crit par\" \/>\n\t<meta name=\"twitter:data1\" content=\"jacques lesage\" \/>\n\t<meta name=\"twitter:label2\" content=\"Dur\u00e9e de lecture estim\u00e9e\" \/>\n\t<meta name=\"twitter:data2\" content=\"1 minute\" \/>\n<script type=\"application\/ld+json\" class=\"yoast-schema-graph\">{\"@context\":\"https:\/\/schema.org\",\"@graph\":[{\"@type\":\"WebPage\",\"@id\":\"https:\/\/blogs.thesocialmedia.com\/leblogmoto\/2009\/05\/01\/album-du-vendredi-films-de-saison\/\",\"url\":\"https:\/\/blogs.thesocialmedia.com\/leblogmoto\/2009\/05\/01\/album-du-vendredi-films-de-saison\/\",\"name\":\"Album du vendredi - Films de saison - leblogmoto.com\",\"isPartOf\":{\"@id\":\"https:\/\/blogs.thesocialmedia.com\/leblogmoto\/#website\"},\"primaryImageOfPage\":{\"@id\":\"https:\/\/blogs.thesocialmedia.com\/leblogmoto\/2009\/05\/01\/album-du-vendredi-films-de-saison\/#primaryimage\"},\"image\":{\"@id\":\"https:\/\/blogs.thesocialmedia.com\/leblogmoto\/2009\/05\/01\/album-du-vendredi-films-de-saison\/#primaryimage\"},\"thumbnailUrl\":\"https:\/\/blogs.thesocialmedia.com\/leblogmoto\/files\/2012\/07\/6a00d83451b18369e201157063563a970b-500wi.jpg\",\"datePublished\":\"2009-05-01T14:58:24+00:00\",\"dateModified\":\"2012-07-11T17:22:55+00:00\",\"author\":{\"@id\":\"https:\/\/blogs.thesocialmedia.com\/leblogmoto\/#\/schema\/person\/e82a0ca8a9a63d031586097a3ed58526\"},\"breadcrumb\":{\"@id\":\"https:\/\/blogs.thesocialmedia.com\/leblogmoto\/2009\/05\/01\/album-du-vendredi-films-de-saison\/#breadcrumb\"},\"inLanguage\":\"fr-FR\",\"potentialAction\":[{\"@type\":\"ReadAction\",\"target\":[\"https:\/\/blogs.thesocialmedia.com\/leblogmoto\/2009\/05\/01\/album-du-vendredi-films-de-saison\/\"]}]},{\"@type\":\"ImageObject\",\"inLanguage\":\"fr-FR\",\"@id\":\"https:\/\/blogs.thesocialmedia.com\/leblogmoto\/2009\/05\/01\/album-du-vendredi-films-de-saison\/#primaryimage\",\"url\":\"https:\/\/blogs.thesocialmedia.com\/leblogmoto\/files\/2012\/07\/6a00d83451b18369e201157063563a970b-500wi.jpg\",\"contentUrl\":\"https:\/\/blogs.thesocialmedia.com\/leblogmoto\/files\/2012\/07\/6a00d83451b18369e201157063563a970b-500wi.jpg\",\"width\":\"500\",\"height\":\"209\"},{\"@type\":\"BreadcrumbList\",\"@id\":\"https:\/\/blogs.thesocialmedia.com\/leblogmoto\/2009\/05\/01\/album-du-vendredi-films-de-saison\/#breadcrumb\",\"itemListElement\":[{\"@type\":\"ListItem\",\"position\":1,\"name\":\"Accueil\",\"item\":\"https:\/\/blogs.thesocialmedia.com\/leblogmoto\/\"},{\"@type\":\"ListItem\",\"position\":2,\"name\":\"Album du vendredi &#8211; Films de saison\"}]},{\"@type\":\"WebSite\",\"@id\":\"https:\/\/blogs.thesocialmedia.com\/leblogmoto\/#website\",\"url\":\"https:\/\/blogs.thesocialmedia.com\/leblogmoto\/\",\"name\":\"leblogmoto\",\"description\":\"Toute l&#039;actualit\u00e9 des 2 roues\",\"potentialAction\":[{\"@type\":\"SearchAction\",\"target\":{\"@type\":\"EntryPoint\",\"urlTemplate\":\"https:\/\/blogs.thesocialmedia.com\/leblogmoto\/?s={search_term_string}\"},\"query-input\":{\"@type\":\"PropertyValueSpecification\",\"valueRequired\":true,\"valueName\":\"search_term_string\"}}],\"inLanguage\":\"fr-FR\"},{\"@type\":\"Person\",\"@id\":\"https:\/\/blogs.thesocialmedia.com\/leblogmoto\/#\/schema\/person\/e82a0ca8a9a63d031586097a3ed58526\",\"name\":\"jacques lesage\",\"image\":{\"@type\":\"ImageObject\",\"inLanguage\":\"fr-FR\",\"@id\":\"https:\/\/blogs.thesocialmedia.com\/leblogmoto\/#\/schema\/person\/image\/\",\"url\":\"https:\/\/secure.gravatar.com\/avatar\/?s=96&d=mm&r=g\",\"contentUrl\":\"https:\/\/secure.gravatar.com\/avatar\/?s=96&d=mm&r=g\",\"caption\":\"jacques lesage\"},\"url\":\"https:\/\/blogs.thesocialmedia.com\/leblogmoto\/author\/jacques-lesage\/\"}]}<\/script>\n<!-- \/ Yoast SEO plugin. -->","yoast_head_json":{"title":"Album du vendredi - Films de saison - leblogmoto.com","robots":{"index":"index","follow":"follow","max-snippet":"max-snippet:-1","max-image-preview":"max-image-preview:large","max-video-preview":"max-video-preview:-1"},"canonical":"https:\/\/blogs.thesocialmedia.com\/leblogmoto\/2009\/05\/01\/album-du-vendredi-films-de-saison\/","twitter_card":"summary_large_image","twitter_title":"Album du vendredi - Films de saison - leblogmoto.com","twitter_description":"Avec la sortie en salle du dernier X-Men \u00abX-Men Origins Wolverine\u00bb, et l&#039;autre toute proche de \u00abTransformers: Revenge of the Fallen\u00bb, c&#039;est le moment, parce qu&#039;apr\u00e8s il sera trop tard et ces deux films n&#039;int\u00e9resseront plus personne, trop de sucre c&#039;est comme pas assez, c&#039;est le moment donc d&#039;y jeter un dernier coup d&#039;oeil.Et parce [&hellip;]","twitter_image":"https:\/\/blogs.thesocialmedia.com\/leblogmoto\/files\/2012\/07\/6a00d83451b18369e201157063563a970b-500wi.jpg","twitter_misc":{"\u00c9crit par":"jacques lesage","Dur\u00e9e de lecture estim\u00e9e":"1 minute"},"schema":{"@context":"https:\/\/schema.org","@graph":[{"@type":"WebPage","@id":"https:\/\/blogs.thesocialmedia.com\/leblogmoto\/2009\/05\/01\/album-du-vendredi-films-de-saison\/","url":"https:\/\/blogs.thesocialmedia.com\/leblogmoto\/2009\/05\/01\/album-du-vendredi-films-de-saison\/","name":"Album du vendredi - Films de saison - leblogmoto.com","isPartOf":{"@id":"https:\/\/blogs.thesocialmedia.com\/leblogmoto\/#website"},"primaryImageOfPage":{"@id":"https:\/\/blogs.thesocialmedia.com\/leblogmoto\/2009\/05\/01\/album-du-vendredi-films-de-saison\/#primaryimage"},"image":{"@id":"https:\/\/blogs.thesocialmedia.com\/leblogmoto\/2009\/05\/01\/album-du-vendredi-films-de-saison\/#primaryimage"},"thumbnailUrl":"https:\/\/blogs.thesocialmedia.com\/leblogmoto\/files\/2012\/07\/6a00d83451b18369e201157063563a970b-500wi.jpg","datePublished":"2009-05-01T14:58:24+00:00","dateModified":"2012-07-11T17:22:55+00:00","author":{"@id":"https:\/\/blogs.thesocialmedia.com\/leblogmoto\/#\/schema\/person\/e82a0ca8a9a63d031586097a3ed58526"},"breadcrumb":{"@id":"https:\/\/blogs.thesocialmedia.com\/leblogmoto\/2009\/05\/01\/album-du-vendredi-films-de-saison\/#breadcrumb"},"inLanguage":"fr-FR","potentialAction":[{"@type":"ReadAction","target":["https:\/\/blogs.thesocialmedia.com\/leblogmoto\/2009\/05\/01\/album-du-vendredi-films-de-saison\/"]}]},{"@type":"ImageObject","inLanguage":"fr-FR","@id":"https:\/\/blogs.thesocialmedia.com\/leblogmoto\/2009\/05\/01\/album-du-vendredi-films-de-saison\/#primaryimage","url":"https:\/\/blogs.thesocialmedia.com\/leblogmoto\/files\/2012\/07\/6a00d83451b18369e201157063563a970b-500wi.jpg","contentUrl":"https:\/\/blogs.thesocialmedia.com\/leblogmoto\/files\/2012\/07\/6a00d83451b18369e201157063563a970b-500wi.jpg","width":"500","height":"209"},{"@type":"BreadcrumbList","@id":"https:\/\/blogs.thesocialmedia.com\/leblogmoto\/2009\/05\/01\/album-du-vendredi-films-de-saison\/#breadcrumb","itemListElement":[{"@type":"ListItem","position":1,"name":"Accueil","item":"https:\/\/blogs.thesocialmedia.com\/leblogmoto\/"},{"@type":"ListItem","position":2,"name":"Album du vendredi &#8211; Films de saison"}]},{"@type":"WebSite","@id":"https:\/\/blogs.thesocialmedia.com\/leblogmoto\/#website","url":"https:\/\/blogs.thesocialmedia.com\/leblogmoto\/","name":"leblogmoto","description":"Toute l&#039;actualit\u00e9 des 2 roues","potentialAction":[{"@type":"SearchAction","target":{"@type":"EntryPoint","urlTemplate":"https:\/\/blogs.thesocialmedia.com\/leblogmoto\/?s={search_term_string}"},"query-input":{"@type":"PropertyValueSpecification","valueRequired":true,"valueName":"search_term_string"}}],"inLanguage":"fr-FR"},{"@type":"Person","@id":"https:\/\/blogs.thesocialmedia.com\/leblogmoto\/#\/schema\/person\/e82a0ca8a9a63d031586097a3ed58526","name":"jacques lesage","image":{"@type":"ImageObject","inLanguage":"fr-FR","@id":"https:\/\/blogs.thesocialmedia.com\/leblogmoto\/#\/schema\/person\/image\/","url":"https:\/\/secure.gravatar.com\/avatar\/?s=96&d=mm&r=g","contentUrl":"https:\/\/secure.gravatar.com\/avatar\/?s=96&d=mm&r=g","caption":"jacques lesage"},"url":"https:\/\/blogs.thesocialmedia.com\/leblogmoto\/author\/jacques-lesage\/"}]}},"_links":{"self":[{"href":"https:\/\/blogs.thesocialmedia.com\/leblogmoto\/wp-json\/wp\/v2\/posts\/164","targetHints":{"allow":["GET"]}}],"collection":[{"href":"https:\/\/blogs.thesocialmedia.com\/leblogmoto\/wp-json\/wp\/v2\/posts"}],"about":[{"href":"https:\/\/blogs.thesocialmedia.com\/leblogmoto\/wp-json\/wp\/v2\/types\/post"}],"author":[{"embeddable":true,"href":"https:\/\/blogs.thesocialmedia.com\/leblogmoto\/wp-json\/wp\/v2\/users\/325"}],"replies":[{"embeddable":true,"href":"https:\/\/blogs.thesocialmedia.com\/leblogmoto\/wp-json\/wp\/v2\/comments?post=164"}],"version-history":[{"count":2,"href":"https:\/\/blogs.thesocialmedia.com\/leblogmoto\/wp-json\/wp\/v2\/posts\/164\/revisions"}],"predecessor-version":[{"id":13441,"href":"https:\/\/blogs.thesocialmedia.com\/leblogmoto\/wp-json\/wp\/v2\/posts\/164\/revisions\/13441"}],"wp:featuredmedia":[{"embeddable":true,"href":"https:\/\/blogs.thesocialmedia.com\/leblogmoto\/wp-json\/wp\/v2\/media\/13418"}],"wp:attachment":[{"href":"https:\/\/blogs.thesocialmedia.com\/leblogmoto\/wp-json\/wp\/v2\/media?parent=164"}],"wp:term":[{"taxonomy":"category","embeddable":true,"href":"https:\/\/blogs.thesocialmedia.com\/leblogmoto\/wp-json\/wp\/v2\/categories?post=164"},{"taxonomy":"post_tag","embeddable":true,"href":"https:\/\/blogs.thesocialmedia.com\/leblogmoto\/wp-json\/wp\/v2\/tags?post=164"}],"curies":[{"name":"wp","href":"https:\/\/api.w.org\/{rel}","templated":true}]}}