{"id":1643,"date":"2006-11-06T11:30:35","date_gmt":"2006-11-06T11:30:35","guid":{"rendered":"http:\/\/blogs.thesocialmedia.com\/leblogmoto\/2006\/11\/06\/subaru-console\/"},"modified":"2012-07-11T14:29:14","modified_gmt":"2012-07-11T14:29:14","slug":"subaru-console","status":"publish","type":"post","link":"https:\/\/blogs.thesocialmedia.com\/leblogmoto\/2006\/11\/06\/subaru-console\/","title":{"rendered":"Subaru console \u00ab Il Dottore \u00bb"},"content":{"rendered":"<p><a href=\"http:\/\/blogs.thesocialmedia.com\/leblogmoto\/files\/2012\/07\/subarupsolberg.jpg\"><img loading=\"lazy\" decoding=\"async\" width=\"250\" height=\"167\"  src=\"http:\/\/www.leblogmoto.com\/images\/subarupsolberg.jpg\" alt=\"Subarupsolberg\" style=\"margin: 0px 5px 5px 0px;float: left\" \/><\/a> <a href=\"http:\/\/www.valentinorossinet.com\/\">Valentino Rossi<\/a> le septuple roi r\u00e9cemment d\u00e9chu en MotoGP va pouvoir se consoler au volant d\u2019une <a href=\"http:\/\/www.pirellicompetizioni.com\/en_41\/products\/pzero.jhtml;jsessionid=FCZ3C3PS14VRJFYKJO4SFEY\">Subaru Impreza<\/a>, \u00e0 l\u2019occasion de la 15e et avant-derni\u00e8re \u00e9preuve du <a href=\"http:\/\/www.wrc-fr.premiumtv.co.uk\/page\/Home\/0,,10110,00.html\">World Rally Championship (WRC)<\/a> qui se disputera du 17 au 19 novembre en Nouvelle Z\u00e9lande. Le <a href=\"http:\/\/www.rallynz.org.nz\/\">Propecia Rally New Zealand<\/a> sera la seconde exp\u00e9rience du pilote italien en rallye. Fera t\u2019il mieux qu&rsquo;en 2002 au Pays de Galles, o\u00f9 au volant d&rsquo;une <a href=\"http:\/\/peugeotrallye.free.fr\/accueil\/\">Peugeot 2006<\/a>, il n&rsquo;avait boucl\u00e9 que deux sp\u00e9ciales du <a href=\"http:\/\/www.rallytravel.com\/index.php?page=francais\">RAC<\/a> ?<\/p>\n<p>Histoire de voir si la Formule 1 pouvait \u00eatre pour lui une opportune \u00e9volution de carri\u00e8re, le &quot;Docteur&quot; avait aussi effectu\u00e9 en d\u00e9but d\u2019ann\u00e9e 2006 quelques s\u00e9ances d&rsquo;essais priv\u00e9s au volant d&rsquo;une <a href=\"http:\/\/www.ferrariworld.com\/FWorld\/fw\/index.jsp\">Ferrari<\/a> de Formule 1, sur ce circuit espagnol de Valence qui vient de lui co\u00fbter sa couronne en MotoGP. Finalement Rossi avait renonc\u00e9 \u00e0 son projet de F1 \u2026 provisoirement ?<\/p>\n<p> Richard Taylor, le manager g\u00e9n\u00e9ral de <a href=\"http:\/\/www.swrt.com\/\">l&rsquo;\u00e9curie Subaru,<\/a> a pr\u00e9cis\u00e9 que <a href=\"http:\/\/www.rossifiles.com\">Rossi<\/a> disputera cette \u00e9preuve du Championnat du Monde des Rallyes \u00e0 titre individuel, ajoutant qu&rsquo;il &quot;piloterait une voiture confi\u00e9e et pr\u00e9par\u00e9e par nos soins, mais qui ne sera pas une voiture officielle du <a href=\"http:\/\/www.swrt.com\/\">Subaru World Rally Team<\/a> (SWRT)&quot;.<\/p>\n<p> Valentino Rossi b\u00e9n\u00e9ficiera du soutien du manufacturier italien <a href=\"http:\/\/www.pirellicompetizioni.com\">Pirelli.<\/a><\/p>\n","protected":false},"excerpt":{"rendered":"<p>Valentino Rossi le septuple roi r\u00e9cemment d\u00e9chu en MotoGP va pouvoir se consoler au volant d\u2019une Subaru Impreza, \u00e0 l\u2019occasion de la 15e et avant-derni\u00e8re \u00e9preuve du World Rally Championship (WRC) qui se disputera du 17 au 19 novembre en Nouvelle Z\u00e9lande. Le Propecia Rally New Zealand sera la seconde exp\u00e9rience du pilote italien en [&hellip;]<\/p>\n","protected":false},"author":333,"featured_media":0,"comment_status":"open","ping_status":"open","sticky":false,"template":"","format":"standard","meta":{"footnotes":""},"categories":[3],"tags":[],"class_list":["post-1643","post","type-post","status-publish","format-standard","hentry","category-actualite"],"yoast_head":"<!-- This site is optimized with the Yoast SEO plugin v26.0 - https:\/\/yoast.com\/wordpress\/plugins\/seo\/ -->\n<title>Subaru console \u00ab Il Dottore \u00bb - leblogmoto.com<\/title>\n<meta name=\"robots\" content=\"index, follow, max-snippet:-1, max-image-preview:large, max-video-preview:-1\" \/>\n<link rel=\"canonical\" href=\"https:\/\/blogs.thesocialmedia.com\/leblogmoto\/2006\/11\/06\/subaru-console\/\" \/>\n<meta name=\"twitter:card\" content=\"summary_large_image\" \/>\n<meta name=\"twitter:title\" content=\"Subaru console \u00ab Il Dottore \u00bb - leblogmoto.com\" \/>\n<meta name=\"twitter:description\" content=\"Valentino Rossi le septuple roi r\u00e9cemment d\u00e9chu en MotoGP va pouvoir se consoler au volant d\u2019une Subaru Impreza, \u00e0 l\u2019occasion de la 15e et avant-derni\u00e8re \u00e9preuve du World Rally Championship (WRC) qui se disputera du 17 au 19 novembre en Nouvelle Z\u00e9lande. Le Propecia Rally New Zealand sera la seconde exp\u00e9rience du pilote italien en [&hellip;]\" \/>\n<meta name=\"twitter:image\" content=\"http:\/\/www.leblogmoto.com\/images\/subarupsolberg.jpg\" \/>\n<meta name=\"twitter:label1\" content=\"\u00c9crit par\" \/>\n\t<meta name=\"twitter:data1\" content=\"christian tirat\" \/>\n\t<meta name=\"twitter:label2\" content=\"Dur\u00e9e de lecture estim\u00e9e\" \/>\n\t<meta name=\"twitter:data2\" content=\"1 minute\" \/>\n<script type=\"application\/ld+json\" class=\"yoast-schema-graph\">{\"@context\":\"https:\/\/schema.org\",\"@graph\":[{\"@type\":\"WebPage\",\"@id\":\"https:\/\/blogs.thesocialmedia.com\/leblogmoto\/2006\/11\/06\/subaru-console\/\",\"url\":\"https:\/\/blogs.thesocialmedia.com\/leblogmoto\/2006\/11\/06\/subaru-console\/\",\"name\":\"Subaru console \u00ab Il Dottore \u00bb - leblogmoto.com\",\"isPartOf\":{\"@id\":\"https:\/\/blogs.thesocialmedia.com\/leblogmoto\/#website\"},\"primaryImageOfPage\":{\"@id\":\"https:\/\/blogs.thesocialmedia.com\/leblogmoto\/2006\/11\/06\/subaru-console\/#primaryimage\"},\"image\":{\"@id\":\"https:\/\/blogs.thesocialmedia.com\/leblogmoto\/2006\/11\/06\/subaru-console\/#primaryimage\"},\"thumbnailUrl\":\"http:\/\/www.leblogmoto.com\/images\/subarupsolberg.jpg\",\"datePublished\":\"2006-11-06T11:30:35+00:00\",\"dateModified\":\"2012-07-11T14:29:14+00:00\",\"author\":{\"@id\":\"https:\/\/blogs.thesocialmedia.com\/leblogmoto\/#\/schema\/person\/90b2f8fd0d5a2cede2580e95fc79c6c0\"},\"breadcrumb\":{\"@id\":\"https:\/\/blogs.thesocialmedia.com\/leblogmoto\/2006\/11\/06\/subaru-console\/#breadcrumb\"},\"inLanguage\":\"fr-FR\",\"potentialAction\":[{\"@type\":\"ReadAction\",\"target\":[\"https:\/\/blogs.thesocialmedia.com\/leblogmoto\/2006\/11\/06\/subaru-console\/\"]}]},{\"@type\":\"ImageObject\",\"inLanguage\":\"fr-FR\",\"@id\":\"https:\/\/blogs.thesocialmedia.com\/leblogmoto\/2006\/11\/06\/subaru-console\/#primaryimage\",\"url\":\"http:\/\/www.leblogmoto.com\/images\/subarupsolberg.jpg\",\"contentUrl\":\"http:\/\/www.leblogmoto.com\/images\/subarupsolberg.jpg\"},{\"@type\":\"BreadcrumbList\",\"@id\":\"https:\/\/blogs.thesocialmedia.com\/leblogmoto\/2006\/11\/06\/subaru-console\/#breadcrumb\",\"itemListElement\":[{\"@type\":\"ListItem\",\"position\":1,\"name\":\"Accueil\",\"item\":\"https:\/\/blogs.thesocialmedia.com\/leblogmoto\/\"},{\"@type\":\"ListItem\",\"position\":2,\"name\":\"Subaru console \u00ab Il Dottore \u00bb\"}]},{\"@type\":\"WebSite\",\"@id\":\"https:\/\/blogs.thesocialmedia.com\/leblogmoto\/#website\",\"url\":\"https:\/\/blogs.thesocialmedia.com\/leblogmoto\/\",\"name\":\"leblogmoto\",\"description\":\"Toute l&#039;actualit\u00e9 des 2 roues\",\"potentialAction\":[{\"@type\":\"SearchAction\",\"target\":{\"@type\":\"EntryPoint\",\"urlTemplate\":\"https:\/\/blogs.thesocialmedia.com\/leblogmoto\/?s={search_term_string}\"},\"query-input\":{\"@type\":\"PropertyValueSpecification\",\"valueRequired\":true,\"valueName\":\"search_term_string\"}}],\"inLanguage\":\"fr-FR\"},{\"@type\":\"Person\",\"@id\":\"https:\/\/blogs.thesocialmedia.com\/leblogmoto\/#\/schema\/person\/90b2f8fd0d5a2cede2580e95fc79c6c0\",\"name\":\"christian tirat\",\"image\":{\"@type\":\"ImageObject\",\"inLanguage\":\"fr-FR\",\"@id\":\"https:\/\/blogs.thesocialmedia.com\/leblogmoto\/#\/schema\/person\/image\/\",\"url\":\"https:\/\/secure.gravatar.com\/avatar\/?s=96&d=mm&r=g\",\"contentUrl\":\"https:\/\/secure.gravatar.com\/avatar\/?s=96&d=mm&r=g\",\"caption\":\"christian tirat\"},\"url\":\"https:\/\/blogs.thesocialmedia.com\/leblogmoto\/author\/christian-tirat\/\"}]}<\/script>\n<!-- \/ Yoast SEO plugin. -->","yoast_head_json":{"title":"Subaru console \u00ab Il Dottore \u00bb - leblogmoto.com","robots":{"index":"index","follow":"follow","max-snippet":"max-snippet:-1","max-image-preview":"max-image-preview:large","max-video-preview":"max-video-preview:-1"},"canonical":"https:\/\/blogs.thesocialmedia.com\/leblogmoto\/2006\/11\/06\/subaru-console\/","twitter_card":"summary_large_image","twitter_title":"Subaru console \u00ab Il Dottore \u00bb - leblogmoto.com","twitter_description":"Valentino Rossi le septuple roi r\u00e9cemment d\u00e9chu en MotoGP va pouvoir se consoler au volant d\u2019une Subaru Impreza, \u00e0 l\u2019occasion de la 15e et avant-derni\u00e8re \u00e9preuve du World Rally Championship (WRC) qui se disputera du 17 au 19 novembre en Nouvelle Z\u00e9lande. Le Propecia Rally New Zealand sera la seconde exp\u00e9rience du pilote italien en [&hellip;]","twitter_image":"http:\/\/www.leblogmoto.com\/images\/subarupsolberg.jpg","twitter_misc":{"\u00c9crit par":"christian tirat","Dur\u00e9e de lecture estim\u00e9e":"1 minute"},"schema":{"@context":"https:\/\/schema.org","@graph":[{"@type":"WebPage","@id":"https:\/\/blogs.thesocialmedia.com\/leblogmoto\/2006\/11\/06\/subaru-console\/","url":"https:\/\/blogs.thesocialmedia.com\/leblogmoto\/2006\/11\/06\/subaru-console\/","name":"Subaru console \u00ab Il Dottore \u00bb - leblogmoto.com","isPartOf":{"@id":"https:\/\/blogs.thesocialmedia.com\/leblogmoto\/#website"},"primaryImageOfPage":{"@id":"https:\/\/blogs.thesocialmedia.com\/leblogmoto\/2006\/11\/06\/subaru-console\/#primaryimage"},"image":{"@id":"https:\/\/blogs.thesocialmedia.com\/leblogmoto\/2006\/11\/06\/subaru-console\/#primaryimage"},"thumbnailUrl":"http:\/\/www.leblogmoto.com\/images\/subarupsolberg.jpg","datePublished":"2006-11-06T11:30:35+00:00","dateModified":"2012-07-11T14:29:14+00:00","author":{"@id":"https:\/\/blogs.thesocialmedia.com\/leblogmoto\/#\/schema\/person\/90b2f8fd0d5a2cede2580e95fc79c6c0"},"breadcrumb":{"@id":"https:\/\/blogs.thesocialmedia.com\/leblogmoto\/2006\/11\/06\/subaru-console\/#breadcrumb"},"inLanguage":"fr-FR","potentialAction":[{"@type":"ReadAction","target":["https:\/\/blogs.thesocialmedia.com\/leblogmoto\/2006\/11\/06\/subaru-console\/"]}]},{"@type":"ImageObject","inLanguage":"fr-FR","@id":"https:\/\/blogs.thesocialmedia.com\/leblogmoto\/2006\/11\/06\/subaru-console\/#primaryimage","url":"http:\/\/www.leblogmoto.com\/images\/subarupsolberg.jpg","contentUrl":"http:\/\/www.leblogmoto.com\/images\/subarupsolberg.jpg"},{"@type":"BreadcrumbList","@id":"https:\/\/blogs.thesocialmedia.com\/leblogmoto\/2006\/11\/06\/subaru-console\/#breadcrumb","itemListElement":[{"@type":"ListItem","position":1,"name":"Accueil","item":"https:\/\/blogs.thesocialmedia.com\/leblogmoto\/"},{"@type":"ListItem","position":2,"name":"Subaru console \u00ab Il Dottore \u00bb"}]},{"@type":"WebSite","@id":"https:\/\/blogs.thesocialmedia.com\/leblogmoto\/#website","url":"https:\/\/blogs.thesocialmedia.com\/leblogmoto\/","name":"leblogmoto","description":"Toute l&#039;actualit\u00e9 des 2 roues","potentialAction":[{"@type":"SearchAction","target":{"@type":"EntryPoint","urlTemplate":"https:\/\/blogs.thesocialmedia.com\/leblogmoto\/?s={search_term_string}"},"query-input":{"@type":"PropertyValueSpecification","valueRequired":true,"valueName":"search_term_string"}}],"inLanguage":"fr-FR"},{"@type":"Person","@id":"https:\/\/blogs.thesocialmedia.com\/leblogmoto\/#\/schema\/person\/90b2f8fd0d5a2cede2580e95fc79c6c0","name":"christian tirat","image":{"@type":"ImageObject","inLanguage":"fr-FR","@id":"https:\/\/blogs.thesocialmedia.com\/leblogmoto\/#\/schema\/person\/image\/","url":"https:\/\/secure.gravatar.com\/avatar\/?s=96&d=mm&r=g","contentUrl":"https:\/\/secure.gravatar.com\/avatar\/?s=96&d=mm&r=g","caption":"christian tirat"},"url":"https:\/\/blogs.thesocialmedia.com\/leblogmoto\/author\/christian-tirat\/"}]}},"_links":{"self":[{"href":"https:\/\/blogs.thesocialmedia.com\/leblogmoto\/wp-json\/wp\/v2\/posts\/1643","targetHints":{"allow":["GET"]}}],"collection":[{"href":"https:\/\/blogs.thesocialmedia.com\/leblogmoto\/wp-json\/wp\/v2\/posts"}],"about":[{"href":"https:\/\/blogs.thesocialmedia.com\/leblogmoto\/wp-json\/wp\/v2\/types\/post"}],"author":[{"embeddable":true,"href":"https:\/\/blogs.thesocialmedia.com\/leblogmoto\/wp-json\/wp\/v2\/users\/333"}],"replies":[{"embeddable":true,"href":"https:\/\/blogs.thesocialmedia.com\/leblogmoto\/wp-json\/wp\/v2\/comments?post=1643"}],"version-history":[{"count":2,"href":"https:\/\/blogs.thesocialmedia.com\/leblogmoto\/wp-json\/wp\/v2\/posts\/1643\/revisions"}],"predecessor-version":[{"id":7855,"href":"https:\/\/blogs.thesocialmedia.com\/leblogmoto\/wp-json\/wp\/v2\/posts\/1643\/revisions\/7855"}],"wp:attachment":[{"href":"https:\/\/blogs.thesocialmedia.com\/leblogmoto\/wp-json\/wp\/v2\/media?parent=1643"}],"wp:term":[{"taxonomy":"category","embeddable":true,"href":"https:\/\/blogs.thesocialmedia.com\/leblogmoto\/wp-json\/wp\/v2\/categories?post=1643"},{"taxonomy":"post_tag","embeddable":true,"href":"https:\/\/blogs.thesocialmedia.com\/leblogmoto\/wp-json\/wp\/v2\/tags?post=1643"}],"curies":[{"name":"wp","href":"https:\/\/api.w.org\/{rel}","templated":true}]}}