{"id":1644,"date":"2006-11-06T00:42:12","date_gmt":"2006-11-06T00:42:12","guid":{"rendered":"http:\/\/blogs.thesocialmedia.com\/leblogmoto\/2006\/11\/06\/rallye-amvshamr\/"},"modified":"2012-07-11T14:29:13","modified_gmt":"2012-07-11T14:29:13","slug":"rallye-amvshamr","status":"publish","type":"post","link":"https:\/\/blogs.thesocialmedia.com\/leblogmoto\/2006\/11\/06\/rallye-amvshamr\/","title":{"rendered":"Rallye AMV-Shamrock : Victoire de Bethys"},"content":{"rendered":"<p><a href=\"http:\/\/blogs.thesocialmedia.com\/leblogmoto\/files\/2012\/07\/bethys_1.jpg\"><img loading=\"lazy\" decoding=\"async\" width=\"250\" height=\"167\"  src=\"http:\/\/www.leblogmoto.com\/images\/bethys_1.jpg\" alt=\"Bethys_1\" style=\"margin: 0px 5px 5px 0px;float: left\" \/><\/a> Le rallye <a href=\"http:\/\/www.amvshamrock.com\/\">AMV-Shamrock<\/a> du Maroc qui vient de prendre fin a vu la cons\u00e9cration d\u2019un <a href=\"http:\/\/www.thierrybethys.com\/resultats.php\">Thierry Bethys<\/a> qui a parfaitement contr\u00f4l\u00e9 cette \u00e9preuve de r\u00e9gularit\u00e9 durant toute la semaine.<br \/>Apr\u00e8s l&rsquo;annulation de la sp\u00e9ciale de jeudi en raison d&rsquo;un point GPS erron\u00e9 au premier ravitaillement d&rsquo;essence &#8211; entra\u00eenant une multitude de panne s\u00e8che &#8211; il restait donc, deux \u00e9tapes \u00e0 disputer avant le verdict. Celle de vendredi comprenait plusieurs franchissements de dunes toujours spectaculaires mais \u00e9puisantes pour les pilotes et leurs machines. Une sp\u00e9cialit\u00e9 de <a href=\"http:\/\/www.thierrybethys.com\/resultats.php\">Thierry Bethys<\/a> qui rappelons le a remport\u00e9 l\u2019\u00e9preuve enduristique du Touquet en 2000, 2001 et 2003. <\/p>\n<p>Le sable, il conna\u00eet ! Il aurait bien pu cependant ruiner toutes ses chances de victoire au cours de la derni\u00e8re \u00e9tape : un probl\u00e8me de point GPS, un demi-tour et quelques \u00e9nervements plus tard, perdu, il chute dans les pierres et fissure son r\u00e9servoir*. Heureusement pour le pilote <a href=\"http:\/\/www.thierrybethys.com\/resultats.php\">Honda<\/a>, son avance au classement g\u00e9n\u00e9ral lui permit d\u2019empocher cette premi\u00e8re victoire en rallye-raid. \u00ab Je ressens une progression ce qui est positif en pr\u00e9vision du Dakar. Le fait d&rsquo;avoir ouvert la piste m&rsquo;a fait prendre confiance et mieux appr\u00e9hender la navigation \u00bb commentait le pilote \u00e0 l\u2019arriv\u00e9e.<\/p>\n<p><a href=\"http:\/\/www.aiofrance.com\/AMV-Shamrock\/Shamrock-2006\/classements\/Classlg%E9n%E9rmoto6.pdf\">Le classement moto<\/a><\/p>\n<p> *S\u00e9quence \u00ab Atelier de Brousse \u00bb<\/p>\n<p> En cas de fissure du r\u00e9servoir, faire une p\u00e2te avec du savon de Marseille m\u00e9lang\u00e9 \u00e0 quelques gouttes de jus d\u2019orange et boucher le trou ou la fissure avec cette mixture. Elle r\u00e9sistera au moins 24 h au contact du carburant et s\u2019av\u00e8rera parfaitement \u00e9tanche et adh\u00e9sive sur tous les types de r\u00e9servoirs.<\/p>\n","protected":false},"excerpt":{"rendered":"<p>Le rallye AMV-Shamrock du Maroc qui vient de prendre fin a vu la cons\u00e9cration d\u2019un Thierry Bethys qui a parfaitement contr\u00f4l\u00e9 cette \u00e9preuve de r\u00e9gularit\u00e9 durant toute la semaine.Apr\u00e8s l&rsquo;annulation de la sp\u00e9ciale de jeudi en raison d&rsquo;un point GPS erron\u00e9 au premier ravitaillement d&rsquo;essence &#8211; entra\u00eenant une multitude de panne s\u00e8che &#8211; il restait [&hellip;]<\/p>\n","protected":false},"author":333,"featured_media":0,"comment_status":"open","ping_status":"open","sticky":false,"template":"","format":"standard","meta":{"footnotes":""},"categories":[80],"tags":[],"class_list":["post-1644","post","type-post","status-publish","format-standard","hentry","category-trucs-et-astuces"],"yoast_head":"<!-- This site is optimized with the Yoast SEO plugin v26.0 - https:\/\/yoast.com\/wordpress\/plugins\/seo\/ -->\n<title>Rallye AMV-Shamrock : Victoire de Bethys - leblogmoto.com<\/title>\n<meta name=\"robots\" content=\"index, follow, max-snippet:-1, max-image-preview:large, max-video-preview:-1\" \/>\n<link rel=\"canonical\" href=\"https:\/\/blogs.thesocialmedia.com\/leblogmoto\/2006\/11\/06\/rallye-amvshamr\/\" \/>\n<meta name=\"twitter:card\" content=\"summary_large_image\" \/>\n<meta name=\"twitter:title\" content=\"Rallye AMV-Shamrock : Victoire de Bethys - leblogmoto.com\" \/>\n<meta name=\"twitter:description\" content=\"Le rallye AMV-Shamrock du Maroc qui vient de prendre fin a vu la cons\u00e9cration d\u2019un Thierry Bethys qui a parfaitement contr\u00f4l\u00e9 cette \u00e9preuve de r\u00e9gularit\u00e9 durant toute la semaine.Apr\u00e8s l&rsquo;annulation de la sp\u00e9ciale de jeudi en raison d&rsquo;un point GPS erron\u00e9 au premier ravitaillement d&rsquo;essence &#8211; entra\u00eenant une multitude de panne s\u00e8che &#8211; il restait [&hellip;]\" \/>\n<meta name=\"twitter:image\" content=\"http:\/\/www.leblogmoto.com\/images\/bethys_1.jpg\" \/>\n<meta name=\"twitter:label1\" content=\"\u00c9crit par\" \/>\n\t<meta name=\"twitter:data1\" content=\"christian tirat\" \/>\n\t<meta name=\"twitter:label2\" content=\"Dur\u00e9e de lecture estim\u00e9e\" \/>\n\t<meta name=\"twitter:data2\" content=\"1 minute\" \/>\n<script type=\"application\/ld+json\" class=\"yoast-schema-graph\">{\"@context\":\"https:\/\/schema.org\",\"@graph\":[{\"@type\":\"WebPage\",\"@id\":\"https:\/\/blogs.thesocialmedia.com\/leblogmoto\/2006\/11\/06\/rallye-amvshamr\/\",\"url\":\"https:\/\/blogs.thesocialmedia.com\/leblogmoto\/2006\/11\/06\/rallye-amvshamr\/\",\"name\":\"Rallye AMV-Shamrock : Victoire de Bethys - leblogmoto.com\",\"isPartOf\":{\"@id\":\"https:\/\/blogs.thesocialmedia.com\/leblogmoto\/#website\"},\"primaryImageOfPage\":{\"@id\":\"https:\/\/blogs.thesocialmedia.com\/leblogmoto\/2006\/11\/06\/rallye-amvshamr\/#primaryimage\"},\"image\":{\"@id\":\"https:\/\/blogs.thesocialmedia.com\/leblogmoto\/2006\/11\/06\/rallye-amvshamr\/#primaryimage\"},\"thumbnailUrl\":\"http:\/\/www.leblogmoto.com\/images\/bethys_1.jpg\",\"datePublished\":\"2006-11-06T00:42:12+00:00\",\"dateModified\":\"2012-07-11T14:29:13+00:00\",\"author\":{\"@id\":\"https:\/\/blogs.thesocialmedia.com\/leblogmoto\/#\/schema\/person\/90b2f8fd0d5a2cede2580e95fc79c6c0\"},\"breadcrumb\":{\"@id\":\"https:\/\/blogs.thesocialmedia.com\/leblogmoto\/2006\/11\/06\/rallye-amvshamr\/#breadcrumb\"},\"inLanguage\":\"fr-FR\",\"potentialAction\":[{\"@type\":\"ReadAction\",\"target\":[\"https:\/\/blogs.thesocialmedia.com\/leblogmoto\/2006\/11\/06\/rallye-amvshamr\/\"]}]},{\"@type\":\"ImageObject\",\"inLanguage\":\"fr-FR\",\"@id\":\"https:\/\/blogs.thesocialmedia.com\/leblogmoto\/2006\/11\/06\/rallye-amvshamr\/#primaryimage\",\"url\":\"http:\/\/www.leblogmoto.com\/images\/bethys_1.jpg\",\"contentUrl\":\"http:\/\/www.leblogmoto.com\/images\/bethys_1.jpg\"},{\"@type\":\"BreadcrumbList\",\"@id\":\"https:\/\/blogs.thesocialmedia.com\/leblogmoto\/2006\/11\/06\/rallye-amvshamr\/#breadcrumb\",\"itemListElement\":[{\"@type\":\"ListItem\",\"position\":1,\"name\":\"Accueil\",\"item\":\"https:\/\/blogs.thesocialmedia.com\/leblogmoto\/\"},{\"@type\":\"ListItem\",\"position\":2,\"name\":\"Rallye AMV-Shamrock : Victoire de Bethys\"}]},{\"@type\":\"WebSite\",\"@id\":\"https:\/\/blogs.thesocialmedia.com\/leblogmoto\/#website\",\"url\":\"https:\/\/blogs.thesocialmedia.com\/leblogmoto\/\",\"name\":\"leblogmoto\",\"description\":\"Toute l&#039;actualit\u00e9 des 2 roues\",\"potentialAction\":[{\"@type\":\"SearchAction\",\"target\":{\"@type\":\"EntryPoint\",\"urlTemplate\":\"https:\/\/blogs.thesocialmedia.com\/leblogmoto\/?s={search_term_string}\"},\"query-input\":{\"@type\":\"PropertyValueSpecification\",\"valueRequired\":true,\"valueName\":\"search_term_string\"}}],\"inLanguage\":\"fr-FR\"},{\"@type\":\"Person\",\"@id\":\"https:\/\/blogs.thesocialmedia.com\/leblogmoto\/#\/schema\/person\/90b2f8fd0d5a2cede2580e95fc79c6c0\",\"name\":\"christian tirat\",\"image\":{\"@type\":\"ImageObject\",\"inLanguage\":\"fr-FR\",\"@id\":\"https:\/\/blogs.thesocialmedia.com\/leblogmoto\/#\/schema\/person\/image\/\",\"url\":\"https:\/\/secure.gravatar.com\/avatar\/?s=96&d=mm&r=g\",\"contentUrl\":\"https:\/\/secure.gravatar.com\/avatar\/?s=96&d=mm&r=g\",\"caption\":\"christian tirat\"},\"url\":\"https:\/\/blogs.thesocialmedia.com\/leblogmoto\/author\/christian-tirat\/\"}]}<\/script>\n<!-- \/ Yoast SEO plugin. -->","yoast_head_json":{"title":"Rallye AMV-Shamrock : Victoire de Bethys - leblogmoto.com","robots":{"index":"index","follow":"follow","max-snippet":"max-snippet:-1","max-image-preview":"max-image-preview:large","max-video-preview":"max-video-preview:-1"},"canonical":"https:\/\/blogs.thesocialmedia.com\/leblogmoto\/2006\/11\/06\/rallye-amvshamr\/","twitter_card":"summary_large_image","twitter_title":"Rallye AMV-Shamrock : Victoire de Bethys - leblogmoto.com","twitter_description":"Le rallye AMV-Shamrock du Maroc qui vient de prendre fin a vu la cons\u00e9cration d\u2019un Thierry Bethys qui a parfaitement contr\u00f4l\u00e9 cette \u00e9preuve de r\u00e9gularit\u00e9 durant toute la semaine.Apr\u00e8s l&rsquo;annulation de la sp\u00e9ciale de jeudi en raison d&rsquo;un point GPS erron\u00e9 au premier ravitaillement d&rsquo;essence &#8211; entra\u00eenant une multitude de panne s\u00e8che &#8211; il restait [&hellip;]","twitter_image":"http:\/\/www.leblogmoto.com\/images\/bethys_1.jpg","twitter_misc":{"\u00c9crit par":"christian tirat","Dur\u00e9e de lecture estim\u00e9e":"1 minute"},"schema":{"@context":"https:\/\/schema.org","@graph":[{"@type":"WebPage","@id":"https:\/\/blogs.thesocialmedia.com\/leblogmoto\/2006\/11\/06\/rallye-amvshamr\/","url":"https:\/\/blogs.thesocialmedia.com\/leblogmoto\/2006\/11\/06\/rallye-amvshamr\/","name":"Rallye AMV-Shamrock : Victoire de Bethys - leblogmoto.com","isPartOf":{"@id":"https:\/\/blogs.thesocialmedia.com\/leblogmoto\/#website"},"primaryImageOfPage":{"@id":"https:\/\/blogs.thesocialmedia.com\/leblogmoto\/2006\/11\/06\/rallye-amvshamr\/#primaryimage"},"image":{"@id":"https:\/\/blogs.thesocialmedia.com\/leblogmoto\/2006\/11\/06\/rallye-amvshamr\/#primaryimage"},"thumbnailUrl":"http:\/\/www.leblogmoto.com\/images\/bethys_1.jpg","datePublished":"2006-11-06T00:42:12+00:00","dateModified":"2012-07-11T14:29:13+00:00","author":{"@id":"https:\/\/blogs.thesocialmedia.com\/leblogmoto\/#\/schema\/person\/90b2f8fd0d5a2cede2580e95fc79c6c0"},"breadcrumb":{"@id":"https:\/\/blogs.thesocialmedia.com\/leblogmoto\/2006\/11\/06\/rallye-amvshamr\/#breadcrumb"},"inLanguage":"fr-FR","potentialAction":[{"@type":"ReadAction","target":["https:\/\/blogs.thesocialmedia.com\/leblogmoto\/2006\/11\/06\/rallye-amvshamr\/"]}]},{"@type":"ImageObject","inLanguage":"fr-FR","@id":"https:\/\/blogs.thesocialmedia.com\/leblogmoto\/2006\/11\/06\/rallye-amvshamr\/#primaryimage","url":"http:\/\/www.leblogmoto.com\/images\/bethys_1.jpg","contentUrl":"http:\/\/www.leblogmoto.com\/images\/bethys_1.jpg"},{"@type":"BreadcrumbList","@id":"https:\/\/blogs.thesocialmedia.com\/leblogmoto\/2006\/11\/06\/rallye-amvshamr\/#breadcrumb","itemListElement":[{"@type":"ListItem","position":1,"name":"Accueil","item":"https:\/\/blogs.thesocialmedia.com\/leblogmoto\/"},{"@type":"ListItem","position":2,"name":"Rallye AMV-Shamrock : Victoire de Bethys"}]},{"@type":"WebSite","@id":"https:\/\/blogs.thesocialmedia.com\/leblogmoto\/#website","url":"https:\/\/blogs.thesocialmedia.com\/leblogmoto\/","name":"leblogmoto","description":"Toute l&#039;actualit\u00e9 des 2 roues","potentialAction":[{"@type":"SearchAction","target":{"@type":"EntryPoint","urlTemplate":"https:\/\/blogs.thesocialmedia.com\/leblogmoto\/?s={search_term_string}"},"query-input":{"@type":"PropertyValueSpecification","valueRequired":true,"valueName":"search_term_string"}}],"inLanguage":"fr-FR"},{"@type":"Person","@id":"https:\/\/blogs.thesocialmedia.com\/leblogmoto\/#\/schema\/person\/90b2f8fd0d5a2cede2580e95fc79c6c0","name":"christian tirat","image":{"@type":"ImageObject","inLanguage":"fr-FR","@id":"https:\/\/blogs.thesocialmedia.com\/leblogmoto\/#\/schema\/person\/image\/","url":"https:\/\/secure.gravatar.com\/avatar\/?s=96&d=mm&r=g","contentUrl":"https:\/\/secure.gravatar.com\/avatar\/?s=96&d=mm&r=g","caption":"christian tirat"},"url":"https:\/\/blogs.thesocialmedia.com\/leblogmoto\/author\/christian-tirat\/"}]}},"_links":{"self":[{"href":"https:\/\/blogs.thesocialmedia.com\/leblogmoto\/wp-json\/wp\/v2\/posts\/1644","targetHints":{"allow":["GET"]}}],"collection":[{"href":"https:\/\/blogs.thesocialmedia.com\/leblogmoto\/wp-json\/wp\/v2\/posts"}],"about":[{"href":"https:\/\/blogs.thesocialmedia.com\/leblogmoto\/wp-json\/wp\/v2\/types\/post"}],"author":[{"embeddable":true,"href":"https:\/\/blogs.thesocialmedia.com\/leblogmoto\/wp-json\/wp\/v2\/users\/333"}],"replies":[{"embeddable":true,"href":"https:\/\/blogs.thesocialmedia.com\/leblogmoto\/wp-json\/wp\/v2\/comments?post=1644"}],"version-history":[{"count":2,"href":"https:\/\/blogs.thesocialmedia.com\/leblogmoto\/wp-json\/wp\/v2\/posts\/1644\/revisions"}],"predecessor-version":[{"id":7853,"href":"https:\/\/blogs.thesocialmedia.com\/leblogmoto\/wp-json\/wp\/v2\/posts\/1644\/revisions\/7853"}],"wp:attachment":[{"href":"https:\/\/blogs.thesocialmedia.com\/leblogmoto\/wp-json\/wp\/v2\/media?parent=1644"}],"wp:term":[{"taxonomy":"category","embeddable":true,"href":"https:\/\/blogs.thesocialmedia.com\/leblogmoto\/wp-json\/wp\/v2\/categories?post=1644"},{"taxonomy":"post_tag","embeddable":true,"href":"https:\/\/blogs.thesocialmedia.com\/leblogmoto\/wp-json\/wp\/v2\/tags?post=1644"}],"curies":[{"name":"wp","href":"https:\/\/api.w.org\/{rel}","templated":true}]}}