{"id":165,"date":"2009-04-30T04:07:47","date_gmt":"2009-04-30T04:07:47","guid":{"rendered":"http:\/\/blogs.thesocialmedia.com\/leblogmoto\/2009\/04\/30\/fatales-beautees-japon-top-3\/"},"modified":"2012-07-11T17:22:31","modified_gmt":"2012-07-11T17:22:31","slug":"fatales-beautees-japon-top-3","status":"publish","type":"post","link":"https:\/\/blogs.thesocialmedia.com\/leblogmoto\/2009\/04\/30\/fatales-beautees-japon-top-3\/","title":{"rendered":"Fatales beaut\u00e9s, Japon &#8211; Top 3"},"content":{"rendered":"<p><a href=\"http:\/\/blogs.thesocialmedia.com\/leblogmoto\/files\/2012\/07\/6a00d83451b18369e20115705f3783970b-pi.jpg\"><img decoding=\"async\" alt=\"Japon\" class=\"at-xid-6a00d83451b18369e20115705f3783970b \" src=\"http:\/\/blogs.thesocialmedia.com\/leblogmoto\/files\/2012\/07\/6a00d83451b18369e20115705f3783970b-500wi.jpg\" style=\"width: 470px\" \/><\/a> <\/p>\n<p>La beaut\u00e9 est culturelle dit-on, mais c\u2019est un peu trop froid \u00e0 mon go\u00fbt, je pr\u00e9f\u00e8re l\u2019\u00e9motion. Le beau g\u00e9n\u00e8re une r\u00e9action \u00e9pidermique, pas comptable, et ce faisant, devient subjectif. Les canons peuvent bien servir de gabarit, l\u2019Orient, l\u2019Occident, l\u2019Asie, n\u2019ont pas les m\u00eames, mais \u00e0 l\u2019int\u00e9rieur de ces param\u00e8tres, il appartient \u00e0 chaque individu de d\u00e9finir ses pr\u00e9f\u00e9rences.<br \/>Et puisque nous parlons toujours de motos ici, je vous dois de pr\u00e9senter ma d\u00e9finition de ce qu\u2019est une belle moto. Vos crit\u00e8res risquent d\u2019\u00eatre diff\u00e9rents, et c\u2019est tr\u00e8s bien sinon, il n\u2019y aurait qu\u2019une moto pour tous, et qui ne ferait l\u2019affaire de personne. Le vrai \u00e9galitarisme n\u2019\u00e9tant pas le bonheur pour tous, impossible \u00e0 atteindre, mais bien le malheur pour tous, beaucoup plus accessible.<\/p>\n<p>Alors, une belle moto se doit d\u2019avoir des lignes harmonieuses et \u00e9l\u00e9gantes sans chichi et fla-fla, o\u00f9 moins est plus. Je pr\u00e9f\u00e8re le classicisme au futurisme, ce qui ne veut pas dire que je sois contre l\u2019innovation, il faut juste que la coh\u00e9rence n\u2019y soit pas sacrifi\u00e9e. Coh\u00e9rence donc, puret\u00e9, fluidit\u00e9 et qualit\u00e9. Le pire, c\u2019est qu\u2019ils sont utilis\u00e9s dans \u00e0 peu pr\u00e8s toutes les publicit\u00e9s, mais dans le monde du marketing, ils ne sont que suggestion, et comme on ne roule pas sur les mots, mais bien sur une moto, on constate rapidement qu\u2019ils sont plus difficiles \u00e0 mettre en application qu\u2019\u00e0 dire.<\/p>\n<p><a href=\"http:\/\/blogs.thesocialmedia.com\/leblogmoto\/files\/2012\/07\/6a00d83451b18369e201156f690f29970c-popup.png\"><img decoding=\"async\" alt=\"Japon1\" class=\"at-xid-6a00d83451b18369e201156f690f29970c \" src=\"http:\/\/blogs.thesocialmedia.com\/leblogmoto\/files\/2012\/07\/6a00d83451b18369e201156f690f29970c-500wi.jpg\" style=\"width: 470px\" \/><\/a> <\/p>\n<p>Et parlant de formes d\u00e9coulant de la fonction, la <a href=\"http:\/\/www.suzuki-moto.com\/pages\/gamme\/modele.php?idmodele=160&amp;id=9\">Suzuki Hayabusa<\/a> en est un exemple des plus \u00e9loquent. Cette Suzuki est une des motos de grandes productions les plus rapides qui soient, et elle semble avoir \u00e9t\u00e9 fa\u00e7onn\u00e9e par les \u00e9l\u00e9ments m\u00eames qu\u2019elle fend \u00e0 toute vitesse. Ce n\u2019est pas tant une moto qu\u2019une sculpture \u00e0 laquelle on aurait greff\u00e9 moteur et roues pour le simple plaisir de voir bouger les formes.<br \/>Son allure a peu chang\u00e9 avec les ann\u00e9es, mais elle s\u2019est raffin\u00e9e, et la 2009 offre un positionnement plus bas du r\u00e9servoir et un coupe-vent un peu plus relev\u00e9, permettant au pilote de dispara\u00eetre au creux de la machine.<br \/>Pour aller vite, tr\u00e8s vite m\u00eame, les candidates ne manquent pas, mais aucune n\u2019int\u00e8gre cette notion de vitesse pure dans ses g\u00eanes et son enveloppe comme la Hayabusa.<\/p>\n<p><a href=\"http:\/\/clabedan.typepad.com\/.a\/6a00d83451b18369e20115705f384c970b-popup\"><img decoding=\"async\" alt=\"Japon2\" class=\"at-xid-6a00d83451b18369e20115705f384c970b \" src=\"http:\/\/blogs.thesocialmedia.com\/leblogmoto\/files\/2012\/07\/6a00d83451b18369e20115705f384c970b-500wi.jpg\" style=\"width: 470px\" \/><\/a> <\/p>\n<p>Je n\u2019ai pas toujours \u00e9t\u00e9 tendre envers Honda, et une aussi grosse bo\u00eete donne souvent le meilleur comme le pire. Mais ce prototype de 2005, devenu 3 ans plus tard la <a href=\"http:\/\/moto.honda.fr\/fiche_technique_DN-01_61.html\">Honda DN-01<\/a>, offre le meilleur de Honda. Ce n\u2019est peut-\u00eatre pas une moto parfaite, sa fiche technique divise, mais puisqu\u2019il n\u2019est question ici que de style, force est d\u2019admettre qu\u2019on a l\u00e0 un objet hors de l\u2019ordinaire.<br \/>L\u2019attention m\u00e9diatique autour du DN-01 s\u2019est concentr\u00e9e sur la bo\u00eete automatique, mais son allure post n\u00e9o-futuriste (non, je n\u2019ai aucune id\u00e9e de ce que \u00e7a veut dire, sinon que c\u2019est bizarre et nouveau, mais avec un je ne sais quoi de l\u2019id\u00e9e que l\u2019on se faisait du futur) enveloppe le concept de mani\u00e8re inattendu. On est donc bien en pr\u00e9sence d\u2019une b\u00eate totalement in\u00e9dite, dans sa fa\u00e7on de faire, comme de para\u00eetre.<br \/>On peut trouver l\u2019id\u00e9e d\u2019un cruiser \u00e0 bo\u00eete automatique sans int\u00e9r\u00eats, mais qu\u2019importe, puisque l\u2019objet est r\u00e9ussi et communique avec panache sa diff\u00e9rence. On sera reconnaissant du jusqu&#039;au-boutisme des ing\u00e9nieurs et designers de Honda, ne chipotant pas sur le radicalisme de certaines lignes, comme cette bulle agressive en forme de t\u00eate de requin, et l\u2019\u00e9chappement anguleux et organique.<br \/>Le DN-01 est bien seul de sa race, un ovni dans le paysage actuel, et en tant que tel, il ne risque pas de sa reproduire rapidement. Mais il est peut-\u00eatre le cha\u00eenon manquant d\u2019une race en devenir.<\/p>\n<p><a href=\"http:\/\/clabedan.typepad.com\/.a\/6a00d83451b18369e201156f691028970c-popup\"><img decoding=\"async\" alt=\"Japon3\" class=\"at-xid-6a00d83451b18369e201156f691028970c \" src=\"http:\/\/blogs.thesocialmedia.com\/leblogmoto\/files\/2012\/07\/6a00d83451b18369e201156f691028970c-500wi.jpg\" style=\"width: 470px\" \/><\/a> <\/p>\n<p>Il n\u2019y a rien comme la premi\u00e8re fois, l\u2019excitation, les grandes esp\u00e9rances, la nervosit\u00e9, la peur m\u00eame parfois, mais quand l\u2019objet de nos d\u00e9sirs sait se faire rassurant, l\u2019apprentissage apporte alors de grandes satisfactions.<br \/>La petite <a href=\"http:\/\/www.yamaha-motor.fr\/produits\/motos\/motos_pour_enfants\/pw50.jsp\">PW50 de Yamaha<\/a> est tout cela, et elle le fait depuis pr\u00e8s de 30 ans. Sa long\u00e9vit\u00e9 \u00e0 elle seule garantit que le produit offre les bonnes r\u00e9ponses, le faisant le plus simplement du&#160;&#160;monde, et avec style.<br \/>Vu de loin, on dirait un jouet, un jouet paresseux car sans ornements, mais c\u2019est bel et bien une moto, une premi\u00e8re moto. Et parce que la PW50 est un outil d\u2019apprentissage, la moindre d\u00e9ficience serait d\u00e9plorable, mais elle ne se paie pas ce luxe.<br \/>Pour ce qu\u2019elle est, on est pas loin de la perfection, on pourrait chipoter sur le fait qu\u2019il n\u2019y a pas grand-chose \u00e0 rater, mais la simplicit\u00e9 n\u2019est pas toujours un but facile \u00e0 atteindre, surtout lorsqu\u2019on veut en conserver l\u2019efficacit\u00e9. La ligne est belle, les jantes en alliage superbe, le petit 2 temps de 49 cm3 efficace, et les \u00e9l\u00e9ments de s\u00e9curit\u00e9 comme la protection de l\u2019\u00e9chappement et le contr\u00f4le de la puissance font de la Yamaha une machine id\u00e9ale pour les enfants.<br \/>Et il ne suffit pas de passer une moto pour grand gar\u00e7on au \u00abr\u00e9ducteur de particules\u00bb pour qu\u2019automatiquement, elle devienne une moto junior. La PW50 n\u2019est pas une grosse moto en miniature, elle poss\u00e8de ses propres g\u00e8nes, et ils furent bien n\u00e9s. <\/p>\n","protected":false},"excerpt":{"rendered":"<p>La beaut\u00e9 est culturelle dit-on, mais c\u2019est un peu trop froid \u00e0 mon go\u00fbt, je pr\u00e9f\u00e8re l\u2019\u00e9motion. Le beau g\u00e9n\u00e8re une r\u00e9action \u00e9pidermique, pas comptable, et ce faisant, devient subjectif. Les canons peuvent bien servir de gabarit, l\u2019Orient, l\u2019Occident, l\u2019Asie, n\u2019ont pas les m\u00eames, mais \u00e0 l\u2019int\u00e9rieur de ces param\u00e8tres, il appartient \u00e0 chaque individu [&hellip;]<\/p>\n","protected":false},"author":325,"featured_media":13411,"comment_status":"open","ping_status":"open","sticky":false,"template":"","format":"standard","meta":{"footnotes":""},"categories":[17,14,51,44],"tags":[],"class_list":["post-165","post","type-post","status-publish","format-standard","has-post-thumbnail","hentry","category-divers","category-honda","category-suzuki","category-yamaha"],"yoast_head":"<!-- This site is optimized with the Yoast SEO plugin v26.0 - https:\/\/yoast.com\/wordpress\/plugins\/seo\/ -->\n<title>Fatales beaut\u00e9s, Japon - Top 3 - leblogmoto.com<\/title>\n<meta name=\"robots\" content=\"index, follow, max-snippet:-1, max-image-preview:large, max-video-preview:-1\" \/>\n<link rel=\"canonical\" href=\"https:\/\/blogs.thesocialmedia.com\/leblogmoto\/2009\/04\/30\/fatales-beautees-japon-top-3\/\" \/>\n<meta name=\"twitter:card\" content=\"summary_large_image\" \/>\n<meta name=\"twitter:title\" content=\"Fatales beaut\u00e9s, Japon - Top 3 - leblogmoto.com\" \/>\n<meta name=\"twitter:description\" content=\"La beaut\u00e9 est culturelle dit-on, mais c\u2019est un peu trop froid \u00e0 mon go\u00fbt, je pr\u00e9f\u00e8re l\u2019\u00e9motion. Le beau g\u00e9n\u00e8re une r\u00e9action \u00e9pidermique, pas comptable, et ce faisant, devient subjectif. Les canons peuvent bien servir de gabarit, l\u2019Orient, l\u2019Occident, l\u2019Asie, n\u2019ont pas les m\u00eames, mais \u00e0 l\u2019int\u00e9rieur de ces param\u00e8tres, il appartient \u00e0 chaque individu [&hellip;]\" \/>\n<meta name=\"twitter:image\" content=\"https:\/\/blogs.thesocialmedia.com\/leblogmoto\/files\/2012\/07\/6a00d83451b18369e20115705f3783970b-500wi.jpg\" \/>\n<meta name=\"twitter:label1\" content=\"\u00c9crit par\" \/>\n\t<meta name=\"twitter:data1\" content=\"jacques lesage\" \/>\n\t<meta name=\"twitter:label2\" content=\"Dur\u00e9e de lecture estim\u00e9e\" \/>\n\t<meta name=\"twitter:data2\" content=\"5 minutes\" \/>\n<script type=\"application\/ld+json\" class=\"yoast-schema-graph\">{\"@context\":\"https:\/\/schema.org\",\"@graph\":[{\"@type\":\"WebPage\",\"@id\":\"https:\/\/blogs.thesocialmedia.com\/leblogmoto\/2009\/04\/30\/fatales-beautees-japon-top-3\/\",\"url\":\"https:\/\/blogs.thesocialmedia.com\/leblogmoto\/2009\/04\/30\/fatales-beautees-japon-top-3\/\",\"name\":\"Fatales beaut\u00e9s, Japon - Top 3 - leblogmoto.com\",\"isPartOf\":{\"@id\":\"https:\/\/blogs.thesocialmedia.com\/leblogmoto\/#website\"},\"primaryImageOfPage\":{\"@id\":\"https:\/\/blogs.thesocialmedia.com\/leblogmoto\/2009\/04\/30\/fatales-beautees-japon-top-3\/#primaryimage\"},\"image\":{\"@id\":\"https:\/\/blogs.thesocialmedia.com\/leblogmoto\/2009\/04\/30\/fatales-beautees-japon-top-3\/#primaryimage\"},\"thumbnailUrl\":\"https:\/\/blogs.thesocialmedia.com\/leblogmoto\/files\/2012\/07\/6a00d83451b18369e20115705f3783970b-500wi.jpg\",\"datePublished\":\"2009-04-30T04:07:47+00:00\",\"dateModified\":\"2012-07-11T17:22:31+00:00\",\"author\":{\"@id\":\"https:\/\/blogs.thesocialmedia.com\/leblogmoto\/#\/schema\/person\/e82a0ca8a9a63d031586097a3ed58526\"},\"breadcrumb\":{\"@id\":\"https:\/\/blogs.thesocialmedia.com\/leblogmoto\/2009\/04\/30\/fatales-beautees-japon-top-3\/#breadcrumb\"},\"inLanguage\":\"fr-FR\",\"potentialAction\":[{\"@type\":\"ReadAction\",\"target\":[\"https:\/\/blogs.thesocialmedia.com\/leblogmoto\/2009\/04\/30\/fatales-beautees-japon-top-3\/\"]}]},{\"@type\":\"ImageObject\",\"inLanguage\":\"fr-FR\",\"@id\":\"https:\/\/blogs.thesocialmedia.com\/leblogmoto\/2009\/04\/30\/fatales-beautees-japon-top-3\/#primaryimage\",\"url\":\"https:\/\/blogs.thesocialmedia.com\/leblogmoto\/files\/2012\/07\/6a00d83451b18369e20115705f3783970b-500wi.jpg\",\"contentUrl\":\"https:\/\/blogs.thesocialmedia.com\/leblogmoto\/files\/2012\/07\/6a00d83451b18369e20115705f3783970b-500wi.jpg\",\"width\":\"470\",\"height\":\"268\"},{\"@type\":\"BreadcrumbList\",\"@id\":\"https:\/\/blogs.thesocialmedia.com\/leblogmoto\/2009\/04\/30\/fatales-beautees-japon-top-3\/#breadcrumb\",\"itemListElement\":[{\"@type\":\"ListItem\",\"position\":1,\"name\":\"Accueil\",\"item\":\"https:\/\/blogs.thesocialmedia.com\/leblogmoto\/\"},{\"@type\":\"ListItem\",\"position\":2,\"name\":\"Fatales beaut\u00e9s, Japon &#8211; Top 3\"}]},{\"@type\":\"WebSite\",\"@id\":\"https:\/\/blogs.thesocialmedia.com\/leblogmoto\/#website\",\"url\":\"https:\/\/blogs.thesocialmedia.com\/leblogmoto\/\",\"name\":\"leblogmoto\",\"description\":\"Toute l&#039;actualit\u00e9 des 2 roues\",\"potentialAction\":[{\"@type\":\"SearchAction\",\"target\":{\"@type\":\"EntryPoint\",\"urlTemplate\":\"https:\/\/blogs.thesocialmedia.com\/leblogmoto\/?s={search_term_string}\"},\"query-input\":{\"@type\":\"PropertyValueSpecification\",\"valueRequired\":true,\"valueName\":\"search_term_string\"}}],\"inLanguage\":\"fr-FR\"},{\"@type\":\"Person\",\"@id\":\"https:\/\/blogs.thesocialmedia.com\/leblogmoto\/#\/schema\/person\/e82a0ca8a9a63d031586097a3ed58526\",\"name\":\"jacques lesage\",\"image\":{\"@type\":\"ImageObject\",\"inLanguage\":\"fr-FR\",\"@id\":\"https:\/\/blogs.thesocialmedia.com\/leblogmoto\/#\/schema\/person\/image\/\",\"url\":\"https:\/\/secure.gravatar.com\/avatar\/?s=96&d=mm&r=g\",\"contentUrl\":\"https:\/\/secure.gravatar.com\/avatar\/?s=96&d=mm&r=g\",\"caption\":\"jacques lesage\"},\"url\":\"https:\/\/blogs.thesocialmedia.com\/leblogmoto\/author\/jacques-lesage\/\"}]}<\/script>\n<!-- \/ Yoast SEO plugin. -->","yoast_head_json":{"title":"Fatales beaut\u00e9s, Japon - Top 3 - leblogmoto.com","robots":{"index":"index","follow":"follow","max-snippet":"max-snippet:-1","max-image-preview":"max-image-preview:large","max-video-preview":"max-video-preview:-1"},"canonical":"https:\/\/blogs.thesocialmedia.com\/leblogmoto\/2009\/04\/30\/fatales-beautees-japon-top-3\/","twitter_card":"summary_large_image","twitter_title":"Fatales beaut\u00e9s, Japon - Top 3 - leblogmoto.com","twitter_description":"La beaut\u00e9 est culturelle dit-on, mais c\u2019est un peu trop froid \u00e0 mon go\u00fbt, je pr\u00e9f\u00e8re l\u2019\u00e9motion. Le beau g\u00e9n\u00e8re une r\u00e9action \u00e9pidermique, pas comptable, et ce faisant, devient subjectif. Les canons peuvent bien servir de gabarit, l\u2019Orient, l\u2019Occident, l\u2019Asie, n\u2019ont pas les m\u00eames, mais \u00e0 l\u2019int\u00e9rieur de ces param\u00e8tres, il appartient \u00e0 chaque individu [&hellip;]","twitter_image":"https:\/\/blogs.thesocialmedia.com\/leblogmoto\/files\/2012\/07\/6a00d83451b18369e20115705f3783970b-500wi.jpg","twitter_misc":{"\u00c9crit par":"jacques lesage","Dur\u00e9e de lecture estim\u00e9e":"5 minutes"},"schema":{"@context":"https:\/\/schema.org","@graph":[{"@type":"WebPage","@id":"https:\/\/blogs.thesocialmedia.com\/leblogmoto\/2009\/04\/30\/fatales-beautees-japon-top-3\/","url":"https:\/\/blogs.thesocialmedia.com\/leblogmoto\/2009\/04\/30\/fatales-beautees-japon-top-3\/","name":"Fatales beaut\u00e9s, Japon - Top 3 - leblogmoto.com","isPartOf":{"@id":"https:\/\/blogs.thesocialmedia.com\/leblogmoto\/#website"},"primaryImageOfPage":{"@id":"https:\/\/blogs.thesocialmedia.com\/leblogmoto\/2009\/04\/30\/fatales-beautees-japon-top-3\/#primaryimage"},"image":{"@id":"https:\/\/blogs.thesocialmedia.com\/leblogmoto\/2009\/04\/30\/fatales-beautees-japon-top-3\/#primaryimage"},"thumbnailUrl":"https:\/\/blogs.thesocialmedia.com\/leblogmoto\/files\/2012\/07\/6a00d83451b18369e20115705f3783970b-500wi.jpg","datePublished":"2009-04-30T04:07:47+00:00","dateModified":"2012-07-11T17:22:31+00:00","author":{"@id":"https:\/\/blogs.thesocialmedia.com\/leblogmoto\/#\/schema\/person\/e82a0ca8a9a63d031586097a3ed58526"},"breadcrumb":{"@id":"https:\/\/blogs.thesocialmedia.com\/leblogmoto\/2009\/04\/30\/fatales-beautees-japon-top-3\/#breadcrumb"},"inLanguage":"fr-FR","potentialAction":[{"@type":"ReadAction","target":["https:\/\/blogs.thesocialmedia.com\/leblogmoto\/2009\/04\/30\/fatales-beautees-japon-top-3\/"]}]},{"@type":"ImageObject","inLanguage":"fr-FR","@id":"https:\/\/blogs.thesocialmedia.com\/leblogmoto\/2009\/04\/30\/fatales-beautees-japon-top-3\/#primaryimage","url":"https:\/\/blogs.thesocialmedia.com\/leblogmoto\/files\/2012\/07\/6a00d83451b18369e20115705f3783970b-500wi.jpg","contentUrl":"https:\/\/blogs.thesocialmedia.com\/leblogmoto\/files\/2012\/07\/6a00d83451b18369e20115705f3783970b-500wi.jpg","width":"470","height":"268"},{"@type":"BreadcrumbList","@id":"https:\/\/blogs.thesocialmedia.com\/leblogmoto\/2009\/04\/30\/fatales-beautees-japon-top-3\/#breadcrumb","itemListElement":[{"@type":"ListItem","position":1,"name":"Accueil","item":"https:\/\/blogs.thesocialmedia.com\/leblogmoto\/"},{"@type":"ListItem","position":2,"name":"Fatales beaut\u00e9s, Japon &#8211; Top 3"}]},{"@type":"WebSite","@id":"https:\/\/blogs.thesocialmedia.com\/leblogmoto\/#website","url":"https:\/\/blogs.thesocialmedia.com\/leblogmoto\/","name":"leblogmoto","description":"Toute l&#039;actualit\u00e9 des 2 roues","potentialAction":[{"@type":"SearchAction","target":{"@type":"EntryPoint","urlTemplate":"https:\/\/blogs.thesocialmedia.com\/leblogmoto\/?s={search_term_string}"},"query-input":{"@type":"PropertyValueSpecification","valueRequired":true,"valueName":"search_term_string"}}],"inLanguage":"fr-FR"},{"@type":"Person","@id":"https:\/\/blogs.thesocialmedia.com\/leblogmoto\/#\/schema\/person\/e82a0ca8a9a63d031586097a3ed58526","name":"jacques lesage","image":{"@type":"ImageObject","inLanguage":"fr-FR","@id":"https:\/\/blogs.thesocialmedia.com\/leblogmoto\/#\/schema\/person\/image\/","url":"https:\/\/secure.gravatar.com\/avatar\/?s=96&d=mm&r=g","contentUrl":"https:\/\/secure.gravatar.com\/avatar\/?s=96&d=mm&r=g","caption":"jacques lesage"},"url":"https:\/\/blogs.thesocialmedia.com\/leblogmoto\/author\/jacques-lesage\/"}]}},"_links":{"self":[{"href":"https:\/\/blogs.thesocialmedia.com\/leblogmoto\/wp-json\/wp\/v2\/posts\/165","targetHints":{"allow":["GET"]}}],"collection":[{"href":"https:\/\/blogs.thesocialmedia.com\/leblogmoto\/wp-json\/wp\/v2\/posts"}],"about":[{"href":"https:\/\/blogs.thesocialmedia.com\/leblogmoto\/wp-json\/wp\/v2\/types\/post"}],"author":[{"embeddable":true,"href":"https:\/\/blogs.thesocialmedia.com\/leblogmoto\/wp-json\/wp\/v2\/users\/325"}],"replies":[{"embeddable":true,"href":"https:\/\/blogs.thesocialmedia.com\/leblogmoto\/wp-json\/wp\/v2\/comments?post=165"}],"version-history":[{"count":2,"href":"https:\/\/blogs.thesocialmedia.com\/leblogmoto\/wp-json\/wp\/v2\/posts\/165\/revisions"}],"predecessor-version":[{"id":13417,"href":"https:\/\/blogs.thesocialmedia.com\/leblogmoto\/wp-json\/wp\/v2\/posts\/165\/revisions\/13417"}],"wp:featuredmedia":[{"embeddable":true,"href":"https:\/\/blogs.thesocialmedia.com\/leblogmoto\/wp-json\/wp\/v2\/media\/13411"}],"wp:attachment":[{"href":"https:\/\/blogs.thesocialmedia.com\/leblogmoto\/wp-json\/wp\/v2\/media?parent=165"}],"wp:term":[{"taxonomy":"category","embeddable":true,"href":"https:\/\/blogs.thesocialmedia.com\/leblogmoto\/wp-json\/wp\/v2\/categories?post=165"},{"taxonomy":"post_tag","embeddable":true,"href":"https:\/\/blogs.thesocialmedia.com\/leblogmoto\/wp-json\/wp\/v2\/tags?post=165"}],"curies":[{"name":"wp","href":"https:\/\/api.w.org\/{rel}","templated":true}]}}